{"id":14158,"date":"2022-11-16T10:17:33","date_gmt":"2022-11-16T08:17:33","guid":{"rendered":"https:\/\/iraurgiberritzen.eus\/un-paso-mas-en-la-colaboracion-del-area-de-emprendimiento-de-iraurgi-berritzen-y-los-diferentes-de-izarraitz-fp\/"},"modified":"2022-11-16T10:17:33","modified_gmt":"2022-11-16T08:17:33","slug":"un-paso-mas-en-la-colaboracion-del-area-de-emprendimiento-de-iraurgi-berritzen-y-los-diferentes-de-izarraitz-fp","status":"publish","type":"post","link":"https:\/\/iraurgiberritzen.eus\/es\/un-paso-mas-en-la-colaboracion-del-area-de-emprendimiento-de-iraurgi-berritzen-y-los-diferentes-de-izarraitz-fp\/","title":{"rendered":"Un paso m\u00e1s en la colaboraci\u00f3n del \u00c1rea de Emprendimiento de Iraurgi Berritzen y los diferentes ciclos de Izarraitz FP"},"content":{"rendered":"<p style=\"text-align: justify;\">Izarraitz Lanbide Heziketa \u2013 Ciclo Administrativo de Grado Superior y el \u00c1rea de Emprendimiento de Iraurgi Berritzen llevan a\u00f1os colaborando y a lo largo del a\u00f1o llevan a cabo acciones de distinta naturaleza, pero en esta ocasi\u00f3n este \u00e1mbito de colaboraci\u00f3n, se ha ampliado a otros ciclos como son el de desarrollo de aplicaciones multiplataforma y el ciclo de integraci\u00f3n social.<\/p>\n<p style=\"text-align: justify;\">En estos ciclos de grado superior trabajan como reto el recorrido de la idea a la empresa y en este \u00e1mbito el personal con ellos nuestro conocimiento en torno a diferentes temas. Este a\u00f1o se ha trabajado en las ayudas a la creaci\u00f3n de nuevas empresas y a la puesta en marcha de la actividad, as\u00ed como en las oportunidades de negocio de las asociaciones del tercer sector. En la sesi\u00f3n de integraci\u00f3n social tambi\u00e9n ha estado presente Maite Etxezarreta, del \u00e1rea de Empleo de Iraurgi Berritzen.<\/p>\n","protected":false},"excerpt":{"rendered":"<p>Izarraitz Lanbide Heziketa \u2013 Ciclo Administrativo de Grado Superior y el \u00c1rea de Emprendimiento de Iraurgi Berritzen llevan a\u00f1os colaborando y a lo largo del a\u00f1o llevan a cabo acciones de distinta naturaleza, pero en esta ocasi\u00f3n este \u00e1mbito de colaboraci\u00f3n, se ha ampliado a otros ciclos como son el de desarrollo de aplicaciones multiplataforma [&hellip;]<\/p>\n","protected":false},"author":1,"featured_media":17312,"comment_status":"","ping_status":"closed","sticky":false,"template":"","format":"standard","meta":{"_acf_changed":false,"footnotes":""},"categories":[4],"tags":[],"class_list":["post-14158","post","type-post","status-publish","format-standard","has-post-thumbnail","hentry","category-noticias"],"acf":[],"yoast_head":"<!-- This site is optimized with the Yoast SEO plugin v27.4 - https:\/\/yoast.com\/product\/yoast-seo-wordpress\/ -->\n<title>Un paso m\u00e1s en la colaboraci\u00f3n del \u00c1rea de Emprendimiento de Iraurgi Berritzen y los diferentes ciclos de Izarraitz FP - Iraurgi Berritzen<\/title>\n<meta name=\"robots\" content=\"index, follow, max-snippet:-1, max-image-preview:large, max-video-preview:-1\" \/>\n<link rel=\"canonical\" href=\"https:\/\/iraurgiberritzen.eus\/es\/un-paso-mas-en-la-colaboracion-del-area-de-emprendimiento-de-iraurgi-berritzen-y-los-diferentes-de-izarraitz-fp\/\" \/>\n<meta property=\"og:locale\" content=\"es_ES\" \/>\n<meta property=\"og:type\" content=\"article\" \/>\n<meta property=\"og:title\" content=\"Un paso m\u00e1s en la colaboraci\u00f3n del \u00c1rea de Emprendimiento de Iraurgi Berritzen y los diferentes ciclos de Izarraitz FP - Iraurgi Berritzen\" \/>\n<meta property=\"og:description\" content=\"Izarraitz Lanbide Heziketa \u2013 Ciclo Administrativo de Grado Superior y el \u00c1rea de Emprendimiento de Iraurgi Berritzen llevan a\u00f1os colaborando y a lo largo del a\u00f1o llevan a cabo acciones de distinta naturaleza, pero en esta ocasi\u00f3n este \u00e1mbito de colaboraci\u00f3n, se ha ampliado a otros ciclos como son el de desarrollo de aplicaciones multiplataforma [&hellip;]\" \/>\n<meta property=\"og:url\" content=\"https:\/\/iraurgiberritzen.eus\/es\/un-paso-mas-en-la-colaboracion-del-area-de-emprendimiento-de-iraurgi-berritzen-y-los-diferentes-de-izarraitz-fp\/\" \/>\n<meta property=\"og:site_name\" content=\"Iraurgi Berritzen\" \/>\n<meta property=\"article:published_time\" content=\"2022-11-16T08:17:33+00:00\" \/>\n<meta name=\"author\" content=\"kudeatzailea\" \/>\n<meta name=\"twitter:card\" content=\"summary_large_image\" \/>\n<meta name=\"twitter:label1\" content=\"Escrito por\" \/>\n\t<meta name=\"twitter:data1\" content=\"kudeatzailea\" \/>\n\t<meta name=\"twitter:label2\" content=\"Tiempo de lectura\" \/>\n\t<meta name=\"twitter:data2\" content=\"1 minuto\" \/>\n<script type=\"application\/ld+json\" class=\"yoast-schema-graph\">{\"@context\":\"https:\\\/\\\/schema.org\",\"@graph\":[{\"@type\":\"Article\",\"@id\":\"https:\\\/\\\/iraurgiberritzen.eus\\\/es\\\/un-paso-mas-en-la-colaboracion-del-area-de-emprendimiento-de-iraurgi-berritzen-y-los-diferentes-de-izarraitz-fp\\\/#article\",\"isPartOf\":{\"@id\":\"https:\\\/\\\/iraurgiberritzen.eus\\\/es\\\/un-paso-mas-en-la-colaboracion-del-area-de-emprendimiento-de-iraurgi-berritzen-y-los-diferentes-de-izarraitz-fp\\\/\"},\"author\":{\"name\":\"kudeatzailea\",\"@id\":\"https:\\\/\\\/iraurgiberritzen.eus\\\/es\\\/#\\\/schema\\\/person\\\/5ab41aaf388a9097177601ebf45738d2\"},\"headline\":\"Un paso m\u00e1s en la colaboraci\u00f3n del \u00c1rea de Emprendimiento de Iraurgi Berritzen y los diferentes ciclos de Izarraitz FP\",\"datePublished\":\"2022-11-16T08:17:33+00:00\",\"mainEntityOfPage\":{\"@id\":\"https:\\\/\\\/iraurgiberritzen.eus\\\/es\\\/un-paso-mas-en-la-colaboracion-del-area-de-emprendimiento-de-iraurgi-berritzen-y-los-diferentes-de-izarraitz-fp\\\/\"},\"wordCount\":179,\"publisher\":{\"@id\":\"https:\\\/\\\/iraurgiberritzen.eus\\\/es\\\/#organization\"},\"image\":{\"@id\":\"https:\\\/\\\/iraurgiberritzen.eus\\\/es\\\/un-paso-mas-en-la-colaboracion-del-area-de-emprendimiento-de-iraurgi-berritzen-y-los-diferentes-de-izarraitz-fp\\\/#primaryimage\"},\"thumbnailUrl\":\"https:\\\/\\\/iraurgiberritzen.eus\\\/wp-content\\\/uploads\\\/2023\\\/09\\\/e3ae2e8b288489c1fc189dc8b5a1fd9d.jpg\",\"articleSection\":[\"Noticias\"],\"inLanguage\":\"es\"},{\"@type\":\"WebPage\",\"@id\":\"https:\\\/\\\/iraurgiberritzen.eus\\\/es\\\/un-paso-mas-en-la-colaboracion-del-area-de-emprendimiento-de-iraurgi-berritzen-y-los-diferentes-de-izarraitz-fp\\\/\",\"url\":\"https:\\\/\\\/iraurgiberritzen.eus\\\/es\\\/un-paso-mas-en-la-colaboracion-del-area-de-emprendimiento-de-iraurgi-berritzen-y-los-diferentes-de-izarraitz-fp\\\/\",\"name\":\"Un paso m\u00e1s en la colaboraci\u00f3n del \u00c1rea de Emprendimiento de Iraurgi Berritzen y los diferentes ciclos de Izarraitz FP - Iraurgi Berritzen\",\"isPartOf\":{\"@id\":\"https:\\\/\\\/iraurgiberritzen.eus\\\/es\\\/#website\"},\"primaryImageOfPage\":{\"@id\":\"https:\\\/\\\/iraurgiberritzen.eus\\\/es\\\/un-paso-mas-en-la-colaboracion-del-area-de-emprendimiento-de-iraurgi-berritzen-y-los-diferentes-de-izarraitz-fp\\\/#primaryimage\"},\"image\":{\"@id\":\"https:\\\/\\\/iraurgiberritzen.eus\\\/es\\\/un-paso-mas-en-la-colaboracion-del-area-de-emprendimiento-de-iraurgi-berritzen-y-los-diferentes-de-izarraitz-fp\\\/#primaryimage\"},\"thumbnailUrl\":\"https:\\\/\\\/iraurgiberritzen.eus\\\/wp-content\\\/uploads\\\/2023\\\/09\\\/e3ae2e8b288489c1fc189dc8b5a1fd9d.jpg\",\"datePublished\":\"2022-11-16T08:17:33+00:00\",\"breadcrumb\":{\"@id\":\"https:\\\/\\\/iraurgiberritzen.eus\\\/es\\\/un-paso-mas-en-la-colaboracion-del-area-de-emprendimiento-de-iraurgi-berritzen-y-los-diferentes-de-izarraitz-fp\\\/#breadcrumb\"},\"inLanguage\":\"es\",\"potentialAction\":[{\"@type\":\"ReadAction\",\"target\":[\"https:\\\/\\\/iraurgiberritzen.eus\\\/es\\\/un-paso-mas-en-la-colaboracion-del-area-de-emprendimiento-de-iraurgi-berritzen-y-los-diferentes-de-izarraitz-fp\\\/\"]}]},{\"@type\":\"ImageObject\",\"inLanguage\":\"es\",\"@id\":\"https:\\\/\\\/iraurgiberritzen.eus\\\/es\\\/un-paso-mas-en-la-colaboracion-del-area-de-emprendimiento-de-iraurgi-berritzen-y-los-diferentes-de-izarraitz-fp\\\/#primaryimage\",\"url\":\"https:\\\/\\\/iraurgiberritzen.eus\\\/wp-content\\\/uploads\\\/2023\\\/09\\\/e3ae2e8b288489c1fc189dc8b5a1fd9d.jpg\",\"contentUrl\":\"https:\\\/\\\/iraurgiberritzen.eus\\\/wp-content\\\/uploads\\\/2023\\\/09\\\/e3ae2e8b288489c1fc189dc8b5a1fd9d.jpg\",\"width\":400,\"height\":257},{\"@type\":\"BreadcrumbList\",\"@id\":\"https:\\\/\\\/iraurgiberritzen.eus\\\/es\\\/un-paso-mas-en-la-colaboracion-del-area-de-emprendimiento-de-iraurgi-berritzen-y-los-diferentes-de-izarraitz-fp\\\/#breadcrumb\",\"itemListElement\":[{\"@type\":\"ListItem\",\"position\":1,\"name\":\"Home\",\"item\":\"https:\\\/\\\/iraurgiberritzen.eus\\\/es\\\/\"},{\"@type\":\"ListItem\",\"position\":2,\"name\":\"Un paso m\u00e1s en la colaboraci\u00f3n del \u00c1rea de Emprendimiento de Iraurgi Berritzen y los diferentes ciclos de Izarraitz FP\"}]},{\"@type\":\"WebSite\",\"@id\":\"https:\\\/\\\/iraurgiberritzen.eus\\\/es\\\/#website\",\"url\":\"https:\\\/\\\/iraurgiberritzen.eus\\\/es\\\/\",\"name\":\"Iraurgi Berritzen\",\"description\":\"Urola Erdiko Garapen Agentzia\",\"publisher\":{\"@id\":\"https:\\\/\\\/iraurgiberritzen.eus\\\/es\\\/#organization\"},\"potentialAction\":[{\"@type\":\"SearchAction\",\"target\":{\"@type\":\"EntryPoint\",\"urlTemplate\":\"https:\\\/\\\/iraurgiberritzen.eus\\\/es\\\/?s={search_term_string}\"},\"query-input\":{\"@type\":\"PropertyValueSpecification\",\"valueRequired\":true,\"valueName\":\"search_term_string\"}}],\"inLanguage\":\"es\"},{\"@type\":\"Organization\",\"@id\":\"https:\\\/\\\/iraurgiberritzen.eus\\\/es\\\/#organization\",\"name\":\"Iraurgi Berritzen\",\"url\":\"https:\\\/\\\/iraurgiberritzen.eus\\\/es\\\/\",\"logo\":{\"@type\":\"ImageObject\",\"inLanguage\":\"es\",\"@id\":\"https:\\\/\\\/iraurgiberritzen.eus\\\/es\\\/#\\\/schema\\\/logo\\\/image\\\/\",\"url\":\"https:\\\/\\\/iraurgiberritzen.eus\\\/wp-content\\\/uploads\\\/2024\\\/02\\\/IRAURGI-BERRITZEN-logotipoa_2.png\",\"contentUrl\":\"https:\\\/\\\/iraurgiberritzen.eus\\\/wp-content\\\/uploads\\\/2024\\\/02\\\/IRAURGI-BERRITZEN-logotipoa_2.png\",\"width\":496,\"height\":190,\"caption\":\"Iraurgi Berritzen\"},\"image\":{\"@id\":\"https:\\\/\\\/iraurgiberritzen.eus\\\/es\\\/#\\\/schema\\\/logo\\\/image\\\/\"}},{\"@type\":\"Person\",\"@id\":\"https:\\\/\\\/iraurgiberritzen.eus\\\/es\\\/#\\\/schema\\\/person\\\/5ab41aaf388a9097177601ebf45738d2\",\"name\":\"kudeatzailea\",\"sameAs\":[\"https:\\\/\\\/iraurgiberritzen.eus\"]}]}<\/script>\n<!-- \/ Yoast SEO plugin. -->","yoast_head_json":{"title":"Un paso m\u00e1s en la colaboraci\u00f3n del \u00c1rea de Emprendimiento de Iraurgi Berritzen y los diferentes ciclos de Izarraitz FP - Iraurgi Berritzen","robots":{"index":"index","follow":"follow","max-snippet":"max-snippet:-1","max-image-preview":"max-image-preview:large","max-video-preview":"max-video-preview:-1"},"canonical":"https:\/\/iraurgiberritzen.eus\/es\/un-paso-mas-en-la-colaboracion-del-area-de-emprendimiento-de-iraurgi-berritzen-y-los-diferentes-de-izarraitz-fp\/","og_locale":"es_ES","og_type":"article","og_title":"Un paso m\u00e1s en la colaboraci\u00f3n del \u00c1rea de Emprendimiento de Iraurgi Berritzen y los diferentes ciclos de Izarraitz FP - Iraurgi Berritzen","og_description":"Izarraitz Lanbide Heziketa \u2013 Ciclo Administrativo de Grado Superior y el \u00c1rea de Emprendimiento de Iraurgi Berritzen llevan a\u00f1os colaborando y a lo largo del a\u00f1o llevan a cabo acciones de distinta naturaleza, pero en esta ocasi\u00f3n este \u00e1mbito de colaboraci\u00f3n, se ha ampliado a otros ciclos como son el de desarrollo de aplicaciones multiplataforma [&hellip;]","og_url":"https:\/\/iraurgiberritzen.eus\/es\/un-paso-mas-en-la-colaboracion-del-area-de-emprendimiento-de-iraurgi-berritzen-y-los-diferentes-de-izarraitz-fp\/","og_site_name":"Iraurgi Berritzen","article_published_time":"2022-11-16T08:17:33+00:00","author":"kudeatzailea","twitter_card":"summary_large_image","twitter_misc":{"Escrito por":"kudeatzailea","Tiempo de lectura":"1 minuto"},"schema":{"@context":"https:\/\/schema.org","@graph":[{"@type":"Article","@id":"https:\/\/iraurgiberritzen.eus\/es\/un-paso-mas-en-la-colaboracion-del-area-de-emprendimiento-de-iraurgi-berritzen-y-los-diferentes-de-izarraitz-fp\/#article","isPartOf":{"@id":"https:\/\/iraurgiberritzen.eus\/es\/un-paso-mas-en-la-colaboracion-del-area-de-emprendimiento-de-iraurgi-berritzen-y-los-diferentes-de-izarraitz-fp\/"},"author":{"name":"kudeatzailea","@id":"https:\/\/iraurgiberritzen.eus\/es\/#\/schema\/person\/5ab41aaf388a9097177601ebf45738d2"},"headline":"Un paso m\u00e1s en la colaboraci\u00f3n del \u00c1rea de Emprendimiento de Iraurgi Berritzen y los diferentes ciclos de Izarraitz FP","datePublished":"2022-11-16T08:17:33+00:00","mainEntityOfPage":{"@id":"https:\/\/iraurgiberritzen.eus\/es\/un-paso-mas-en-la-colaboracion-del-area-de-emprendimiento-de-iraurgi-berritzen-y-los-diferentes-de-izarraitz-fp\/"},"wordCount":179,"publisher":{"@id":"https:\/\/iraurgiberritzen.eus\/es\/#organization"},"image":{"@id":"https:\/\/iraurgiberritzen.eus\/es\/un-paso-mas-en-la-colaboracion-del-area-de-emprendimiento-de-iraurgi-berritzen-y-los-diferentes-de-izarraitz-fp\/#primaryimage"},"thumbnailUrl":"https:\/\/iraurgiberritzen.eus\/wp-content\/uploads\/2023\/09\/e3ae2e8b288489c1fc189dc8b5a1fd9d.jpg","articleSection":["Noticias"],"inLanguage":"es"},{"@type":"WebPage","@id":"https:\/\/iraurgiberritzen.eus\/es\/un-paso-mas-en-la-colaboracion-del-area-de-emprendimiento-de-iraurgi-berritzen-y-los-diferentes-de-izarraitz-fp\/","url":"https:\/\/iraurgiberritzen.eus\/es\/un-paso-mas-en-la-colaboracion-del-area-de-emprendimiento-de-iraurgi-berritzen-y-los-diferentes-de-izarraitz-fp\/","name":"Un paso m\u00e1s en la colaboraci\u00f3n del \u00c1rea de Emprendimiento de Iraurgi Berritzen y los diferentes ciclos de Izarraitz FP - Iraurgi Berritzen","isPartOf":{"@id":"https:\/\/iraurgiberritzen.eus\/es\/#website"},"primaryImageOfPage":{"@id":"https:\/\/iraurgiberritzen.eus\/es\/un-paso-mas-en-la-colaboracion-del-area-de-emprendimiento-de-iraurgi-berritzen-y-los-diferentes-de-izarraitz-fp\/#primaryimage"},"image":{"@id":"https:\/\/iraurgiberritzen.eus\/es\/un-paso-mas-en-la-colaboracion-del-area-de-emprendimiento-de-iraurgi-berritzen-y-los-diferentes-de-izarraitz-fp\/#primaryimage"},"thumbnailUrl":"https:\/\/iraurgiberritzen.eus\/wp-content\/uploads\/2023\/09\/e3ae2e8b288489c1fc189dc8b5a1fd9d.jpg","datePublished":"2022-11-16T08:17:33+00:00","breadcrumb":{"@id":"https:\/\/iraurgiberritzen.eus\/es\/un-paso-mas-en-la-colaboracion-del-area-de-emprendimiento-de-iraurgi-berritzen-y-los-diferentes-de-izarraitz-fp\/#breadcrumb"},"inLanguage":"es","potentialAction":[{"@type":"ReadAction","target":["https:\/\/iraurgiberritzen.eus\/es\/un-paso-mas-en-la-colaboracion-del-area-de-emprendimiento-de-iraurgi-berritzen-y-los-diferentes-de-izarraitz-fp\/"]}]},{"@type":"ImageObject","inLanguage":"es","@id":"https:\/\/iraurgiberritzen.eus\/es\/un-paso-mas-en-la-colaboracion-del-area-de-emprendimiento-de-iraurgi-berritzen-y-los-diferentes-de-izarraitz-fp\/#primaryimage","url":"https:\/\/iraurgiberritzen.eus\/wp-content\/uploads\/2023\/09\/e3ae2e8b288489c1fc189dc8b5a1fd9d.jpg","contentUrl":"https:\/\/iraurgiberritzen.eus\/wp-content\/uploads\/2023\/09\/e3ae2e8b288489c1fc189dc8b5a1fd9d.jpg","width":400,"height":257},{"@type":"BreadcrumbList","@id":"https:\/\/iraurgiberritzen.eus\/es\/un-paso-mas-en-la-colaboracion-del-area-de-emprendimiento-de-iraurgi-berritzen-y-los-diferentes-de-izarraitz-fp\/#breadcrumb","itemListElement":[{"@type":"ListItem","position":1,"name":"Home","item":"https:\/\/iraurgiberritzen.eus\/es\/"},{"@type":"ListItem","position":2,"name":"Un paso m\u00e1s en la colaboraci\u00f3n del \u00c1rea de Emprendimiento de Iraurgi Berritzen y los diferentes ciclos de Izarraitz FP"}]},{"@type":"WebSite","@id":"https:\/\/iraurgiberritzen.eus\/es\/#website","url":"https:\/\/iraurgiberritzen.eus\/es\/","name":"Iraurgi Berritzen","description":"Urola Erdiko Garapen Agentzia","publisher":{"@id":"https:\/\/iraurgiberritzen.eus\/es\/#organization"},"potentialAction":[{"@type":"SearchAction","target":{"@type":"EntryPoint","urlTemplate":"https:\/\/iraurgiberritzen.eus\/es\/?s={search_term_string}"},"query-input":{"@type":"PropertyValueSpecification","valueRequired":true,"valueName":"search_term_string"}}],"inLanguage":"es"},{"@type":"Organization","@id":"https:\/\/iraurgiberritzen.eus\/es\/#organization","name":"Iraurgi Berritzen","url":"https:\/\/iraurgiberritzen.eus\/es\/","logo":{"@type":"ImageObject","inLanguage":"es","@id":"https:\/\/iraurgiberritzen.eus\/es\/#\/schema\/logo\/image\/","url":"https:\/\/iraurgiberritzen.eus\/wp-content\/uploads\/2024\/02\/IRAURGI-BERRITZEN-logotipoa_2.png","contentUrl":"https:\/\/iraurgiberritzen.eus\/wp-content\/uploads\/2024\/02\/IRAURGI-BERRITZEN-logotipoa_2.png","width":496,"height":190,"caption":"Iraurgi Berritzen"},"image":{"@id":"https:\/\/iraurgiberritzen.eus\/es\/#\/schema\/logo\/image\/"}},{"@type":"Person","@id":"https:\/\/iraurgiberritzen.eus\/es\/#\/schema\/person\/5ab41aaf388a9097177601ebf45738d2","name":"kudeatzailea","sameAs":["https:\/\/iraurgiberritzen.eus"]}]}},"_links":{"self":[{"href":"https:\/\/iraurgiberritzen.eus\/es\/wp-json\/wp\/v2\/posts\/14158","targetHints":{"allow":["GET"]}}],"collection":[{"href":"https:\/\/iraurgiberritzen.eus\/es\/wp-json\/wp\/v2\/posts"}],"about":[{"href":"https:\/\/iraurgiberritzen.eus\/es\/wp-json\/wp\/v2\/types\/post"}],"author":[{"embeddable":true,"href":"https:\/\/iraurgiberritzen.eus\/es\/wp-json\/wp\/v2\/users\/1"}],"replies":[{"embeddable":true,"href":"https:\/\/iraurgiberritzen.eus\/es\/wp-json\/wp\/v2\/comments?post=14158"}],"version-history":[{"count":0,"href":"https:\/\/iraurgiberritzen.eus\/es\/wp-json\/wp\/v2\/posts\/14158\/revisions"}],"wp:featuredmedia":[{"embeddable":true,"href":"https:\/\/iraurgiberritzen.eus\/es\/wp-json\/wp\/v2\/media\/17312"}],"wp:attachment":[{"href":"https:\/\/iraurgiberritzen.eus\/es\/wp-json\/wp\/v2\/media?parent=14158"}],"wp:term":[{"taxonomy":"category","embeddable":true,"href":"https:\/\/iraurgiberritzen.eus\/es\/wp-json\/wp\/v2\/categories?post=14158"},{"taxonomy":"post_tag","embeddable":true,"href":"https:\/\/iraurgiberritzen.eus\/es\/wp-json\/wp\/v2\/tags?post=14158"}],"curies":[{"name":"wp","href":"https:\/\/api.w.org\/{rel}","templated":true}]}}