{"id":14161,"date":"2022-11-16T12:06:28","date_gmt":"2022-11-16T10:06:28","guid":{"rendered":"https:\/\/iraurgiberritzen.eus\/jornadas-turisticas-del-camino-ignacioano-en-manresa\/"},"modified":"2022-11-16T12:06:28","modified_gmt":"2022-11-16T10:06:28","slug":"jornadas-turisticas-del-camino-ignacioano-en-manresa","status":"publish","type":"post","link":"https:\/\/iraurgiberritzen.eus\/es\/jornadas-turisticas-del-camino-ignacioano-en-manresa\/","title":{"rendered":"Jornadas tur\u00edsticas del Camino Ignacioano en Manresa"},"content":{"rendered":"<p style=\"text-align: justify;\">El coordinador del \u00e1rea de Turismo de Iraurgi Berritzen, Jes\u00fas Mujika, ha participado en las Jornadas de Turismo celebradas el 15 de noviembre en Manresa.<\/p>\n<p style=\"text-align: justify;\">En concreto, ha participado junto con otros agentes de Catalu\u00f1a y Euskadi en la mesa redonda celebrada en torno al desarrollo tur\u00edstico del Camino Ignaciano. En ella ha expuesto, entre otras cuestones, la visi\u00f3n del Camino Ignaciano desde el punto de vista de nuestra comarca.<\/p>\n","protected":false},"excerpt":{"rendered":"<p>El coordinador del \u00e1rea de Turismo de Iraurgi Berritzen, Jes\u00fas Mujika, ha participado en las Jornadas de Turismo celebradas el 15 de noviembre en Manresa. En concreto, ha participado junto con otros agentes de Catalu\u00f1a y Euskadi en la mesa redonda celebrada en torno al desarrollo tur\u00edstico del Camino Ignaciano. En ella ha expuesto, entre [&hellip;]<\/p>\n","protected":false},"author":1,"featured_media":17313,"comment_status":"","ping_status":"closed","sticky":false,"template":"","format":"standard","meta":{"_acf_changed":false,"footnotes":""},"categories":[4],"tags":[],"class_list":["post-14161","post","type-post","status-publish","format-standard","has-post-thumbnail","hentry","category-noticias"],"acf":[],"yoast_head":"<!-- This site is optimized with the Yoast SEO plugin v27.4 - https:\/\/yoast.com\/product\/yoast-seo-wordpress\/ -->\n<title>Jornadas tur\u00edsticas del Camino Ignacioano en Manresa - Iraurgi Berritzen<\/title>\n<meta name=\"robots\" content=\"index, follow, max-snippet:-1, max-image-preview:large, max-video-preview:-1\" \/>\n<link rel=\"canonical\" href=\"https:\/\/iraurgiberritzen.eus\/es\/jornadas-turisticas-del-camino-ignacioano-en-manresa\/\" \/>\n<meta property=\"og:locale\" content=\"es_ES\" \/>\n<meta property=\"og:type\" content=\"article\" \/>\n<meta property=\"og:title\" content=\"Jornadas tur\u00edsticas del Camino Ignacioano en Manresa - Iraurgi Berritzen\" \/>\n<meta property=\"og:description\" content=\"El coordinador del \u00e1rea de Turismo de Iraurgi Berritzen, Jes\u00fas Mujika, ha participado en las Jornadas de Turismo celebradas el 15 de noviembre en Manresa. En concreto, ha participado junto con otros agentes de Catalu\u00f1a y Euskadi en la mesa redonda celebrada en torno al desarrollo tur\u00edstico del Camino Ignaciano. En ella ha expuesto, entre [&hellip;]\" \/>\n<meta property=\"og:url\" content=\"https:\/\/iraurgiberritzen.eus\/es\/jornadas-turisticas-del-camino-ignacioano-en-manresa\/\" \/>\n<meta property=\"og:site_name\" content=\"Iraurgi Berritzen\" \/>\n<meta property=\"article:published_time\" content=\"2022-11-16T10:06:28+00:00\" \/>\n<meta name=\"author\" content=\"kudeatzailea\" \/>\n<meta name=\"twitter:card\" content=\"summary_large_image\" \/>\n<meta name=\"twitter:label1\" content=\"Escrito por\" \/>\n\t<meta name=\"twitter:data1\" content=\"kudeatzailea\" \/>\n<script type=\"application\/ld+json\" class=\"yoast-schema-graph\">{\"@context\":\"https:\\\/\\\/schema.org\",\"@graph\":[{\"@type\":\"Article\",\"@id\":\"https:\\\/\\\/iraurgiberritzen.eus\\\/es\\\/jornadas-turisticas-del-camino-ignacioano-en-manresa\\\/#article\",\"isPartOf\":{\"@id\":\"https:\\\/\\\/iraurgiberritzen.eus\\\/es\\\/jornadas-turisticas-del-camino-ignacioano-en-manresa\\\/\"},\"author\":{\"name\":\"kudeatzailea\",\"@id\":\"https:\\\/\\\/iraurgiberritzen.eus\\\/es\\\/#\\\/schema\\\/person\\\/5ab41aaf388a9097177601ebf45738d2\"},\"headline\":\"Jornadas tur\u00edsticas del Camino Ignacioano en Manresa\",\"datePublished\":\"2022-11-16T10:06:28+00:00\",\"mainEntityOfPage\":{\"@id\":\"https:\\\/\\\/iraurgiberritzen.eus\\\/es\\\/jornadas-turisticas-del-camino-ignacioano-en-manresa\\\/\"},\"wordCount\":81,\"publisher\":{\"@id\":\"https:\\\/\\\/iraurgiberritzen.eus\\\/es\\\/#organization\"},\"image\":{\"@id\":\"https:\\\/\\\/iraurgiberritzen.eus\\\/es\\\/jornadas-turisticas-del-camino-ignacioano-en-manresa\\\/#primaryimage\"},\"thumbnailUrl\":\"https:\\\/\\\/iraurgiberritzen.eus\\\/wp-content\\\/uploads\\\/2023\\\/09\\\/9605ffdc190be4afe69ab1386e9adcb5.jpg\",\"articleSection\":[\"Noticias\"],\"inLanguage\":\"es\"},{\"@type\":\"WebPage\",\"@id\":\"https:\\\/\\\/iraurgiberritzen.eus\\\/es\\\/jornadas-turisticas-del-camino-ignacioano-en-manresa\\\/\",\"url\":\"https:\\\/\\\/iraurgiberritzen.eus\\\/es\\\/jornadas-turisticas-del-camino-ignacioano-en-manresa\\\/\",\"name\":\"Jornadas tur\u00edsticas del Camino Ignacioano en Manresa - Iraurgi Berritzen\",\"isPartOf\":{\"@id\":\"https:\\\/\\\/iraurgiberritzen.eus\\\/es\\\/#website\"},\"primaryImageOfPage\":{\"@id\":\"https:\\\/\\\/iraurgiberritzen.eus\\\/es\\\/jornadas-turisticas-del-camino-ignacioano-en-manresa\\\/#primaryimage\"},\"image\":{\"@id\":\"https:\\\/\\\/iraurgiberritzen.eus\\\/es\\\/jornadas-turisticas-del-camino-ignacioano-en-manresa\\\/#primaryimage\"},\"thumbnailUrl\":\"https:\\\/\\\/iraurgiberritzen.eus\\\/wp-content\\\/uploads\\\/2023\\\/09\\\/9605ffdc190be4afe69ab1386e9adcb5.jpg\",\"datePublished\":\"2022-11-16T10:06:28+00:00\",\"breadcrumb\":{\"@id\":\"https:\\\/\\\/iraurgiberritzen.eus\\\/es\\\/jornadas-turisticas-del-camino-ignacioano-en-manresa\\\/#breadcrumb\"},\"inLanguage\":\"es\",\"potentialAction\":[{\"@type\":\"ReadAction\",\"target\":[\"https:\\\/\\\/iraurgiberritzen.eus\\\/es\\\/jornadas-turisticas-del-camino-ignacioano-en-manresa\\\/\"]}]},{\"@type\":\"ImageObject\",\"inLanguage\":\"es\",\"@id\":\"https:\\\/\\\/iraurgiberritzen.eus\\\/es\\\/jornadas-turisticas-del-camino-ignacioano-en-manresa\\\/#primaryimage\",\"url\":\"https:\\\/\\\/iraurgiberritzen.eus\\\/wp-content\\\/uploads\\\/2023\\\/09\\\/9605ffdc190be4afe69ab1386e9adcb5.jpg\",\"contentUrl\":\"https:\\\/\\\/iraurgiberritzen.eus\\\/wp-content\\\/uploads\\\/2023\\\/09\\\/9605ffdc190be4afe69ab1386e9adcb5.jpg\",\"width\":400,\"height\":257},{\"@type\":\"BreadcrumbList\",\"@id\":\"https:\\\/\\\/iraurgiberritzen.eus\\\/es\\\/jornadas-turisticas-del-camino-ignacioano-en-manresa\\\/#breadcrumb\",\"itemListElement\":[{\"@type\":\"ListItem\",\"position\":1,\"name\":\"Home\",\"item\":\"https:\\\/\\\/iraurgiberritzen.eus\\\/es\\\/\"},{\"@type\":\"ListItem\",\"position\":2,\"name\":\"Jornadas tur\u00edsticas del Camino Ignacioano en Manresa\"}]},{\"@type\":\"WebSite\",\"@id\":\"https:\\\/\\\/iraurgiberritzen.eus\\\/es\\\/#website\",\"url\":\"https:\\\/\\\/iraurgiberritzen.eus\\\/es\\\/\",\"name\":\"Iraurgi Berritzen\",\"description\":\"Urola Erdiko Garapen Agentzia\",\"publisher\":{\"@id\":\"https:\\\/\\\/iraurgiberritzen.eus\\\/es\\\/#organization\"},\"potentialAction\":[{\"@type\":\"SearchAction\",\"target\":{\"@type\":\"EntryPoint\",\"urlTemplate\":\"https:\\\/\\\/iraurgiberritzen.eus\\\/es\\\/?s={search_term_string}\"},\"query-input\":{\"@type\":\"PropertyValueSpecification\",\"valueRequired\":true,\"valueName\":\"search_term_string\"}}],\"inLanguage\":\"es\"},{\"@type\":\"Organization\",\"@id\":\"https:\\\/\\\/iraurgiberritzen.eus\\\/es\\\/#organization\",\"name\":\"Iraurgi Berritzen\",\"url\":\"https:\\\/\\\/iraurgiberritzen.eus\\\/es\\\/\",\"logo\":{\"@type\":\"ImageObject\",\"inLanguage\":\"es\",\"@id\":\"https:\\\/\\\/iraurgiberritzen.eus\\\/es\\\/#\\\/schema\\\/logo\\\/image\\\/\",\"url\":\"https:\\\/\\\/iraurgiberritzen.eus\\\/wp-content\\\/uploads\\\/2024\\\/02\\\/IRAURGI-BERRITZEN-logotipoa_2.png\",\"contentUrl\":\"https:\\\/\\\/iraurgiberritzen.eus\\\/wp-content\\\/uploads\\\/2024\\\/02\\\/IRAURGI-BERRITZEN-logotipoa_2.png\",\"width\":496,\"height\":190,\"caption\":\"Iraurgi Berritzen\"},\"image\":{\"@id\":\"https:\\\/\\\/iraurgiberritzen.eus\\\/es\\\/#\\\/schema\\\/logo\\\/image\\\/\"}},{\"@type\":\"Person\",\"@id\":\"https:\\\/\\\/iraurgiberritzen.eus\\\/es\\\/#\\\/schema\\\/person\\\/5ab41aaf388a9097177601ebf45738d2\",\"name\":\"kudeatzailea\",\"sameAs\":[\"https:\\\/\\\/iraurgiberritzen.eus\"]}]}<\/script>\n<!-- \/ Yoast SEO plugin. -->","yoast_head_json":{"title":"Jornadas tur\u00edsticas del Camino Ignacioano en Manresa - Iraurgi Berritzen","robots":{"index":"index","follow":"follow","max-snippet":"max-snippet:-1","max-image-preview":"max-image-preview:large","max-video-preview":"max-video-preview:-1"},"canonical":"https:\/\/iraurgiberritzen.eus\/es\/jornadas-turisticas-del-camino-ignacioano-en-manresa\/","og_locale":"es_ES","og_type":"article","og_title":"Jornadas tur\u00edsticas del Camino Ignacioano en Manresa - Iraurgi Berritzen","og_description":"El coordinador del \u00e1rea de Turismo de Iraurgi Berritzen, Jes\u00fas Mujika, ha participado en las Jornadas de Turismo celebradas el 15 de noviembre en Manresa. En concreto, ha participado junto con otros agentes de Catalu\u00f1a y Euskadi en la mesa redonda celebrada en torno al desarrollo tur\u00edstico del Camino Ignaciano. En ella ha expuesto, entre [&hellip;]","og_url":"https:\/\/iraurgiberritzen.eus\/es\/jornadas-turisticas-del-camino-ignacioano-en-manresa\/","og_site_name":"Iraurgi Berritzen","article_published_time":"2022-11-16T10:06:28+00:00","author":"kudeatzailea","twitter_card":"summary_large_image","twitter_misc":{"Escrito por":"kudeatzailea"},"schema":{"@context":"https:\/\/schema.org","@graph":[{"@type":"Article","@id":"https:\/\/iraurgiberritzen.eus\/es\/jornadas-turisticas-del-camino-ignacioano-en-manresa\/#article","isPartOf":{"@id":"https:\/\/iraurgiberritzen.eus\/es\/jornadas-turisticas-del-camino-ignacioano-en-manresa\/"},"author":{"name":"kudeatzailea","@id":"https:\/\/iraurgiberritzen.eus\/es\/#\/schema\/person\/5ab41aaf388a9097177601ebf45738d2"},"headline":"Jornadas tur\u00edsticas del Camino Ignacioano en Manresa","datePublished":"2022-11-16T10:06:28+00:00","mainEntityOfPage":{"@id":"https:\/\/iraurgiberritzen.eus\/es\/jornadas-turisticas-del-camino-ignacioano-en-manresa\/"},"wordCount":81,"publisher":{"@id":"https:\/\/iraurgiberritzen.eus\/es\/#organization"},"image":{"@id":"https:\/\/iraurgiberritzen.eus\/es\/jornadas-turisticas-del-camino-ignacioano-en-manresa\/#primaryimage"},"thumbnailUrl":"https:\/\/iraurgiberritzen.eus\/wp-content\/uploads\/2023\/09\/9605ffdc190be4afe69ab1386e9adcb5.jpg","articleSection":["Noticias"],"inLanguage":"es"},{"@type":"WebPage","@id":"https:\/\/iraurgiberritzen.eus\/es\/jornadas-turisticas-del-camino-ignacioano-en-manresa\/","url":"https:\/\/iraurgiberritzen.eus\/es\/jornadas-turisticas-del-camino-ignacioano-en-manresa\/","name":"Jornadas tur\u00edsticas del Camino Ignacioano en Manresa - Iraurgi Berritzen","isPartOf":{"@id":"https:\/\/iraurgiberritzen.eus\/es\/#website"},"primaryImageOfPage":{"@id":"https:\/\/iraurgiberritzen.eus\/es\/jornadas-turisticas-del-camino-ignacioano-en-manresa\/#primaryimage"},"image":{"@id":"https:\/\/iraurgiberritzen.eus\/es\/jornadas-turisticas-del-camino-ignacioano-en-manresa\/#primaryimage"},"thumbnailUrl":"https:\/\/iraurgiberritzen.eus\/wp-content\/uploads\/2023\/09\/9605ffdc190be4afe69ab1386e9adcb5.jpg","datePublished":"2022-11-16T10:06:28+00:00","breadcrumb":{"@id":"https:\/\/iraurgiberritzen.eus\/es\/jornadas-turisticas-del-camino-ignacioano-en-manresa\/#breadcrumb"},"inLanguage":"es","potentialAction":[{"@type":"ReadAction","target":["https:\/\/iraurgiberritzen.eus\/es\/jornadas-turisticas-del-camino-ignacioano-en-manresa\/"]}]},{"@type":"ImageObject","inLanguage":"es","@id":"https:\/\/iraurgiberritzen.eus\/es\/jornadas-turisticas-del-camino-ignacioano-en-manresa\/#primaryimage","url":"https:\/\/iraurgiberritzen.eus\/wp-content\/uploads\/2023\/09\/9605ffdc190be4afe69ab1386e9adcb5.jpg","contentUrl":"https:\/\/iraurgiberritzen.eus\/wp-content\/uploads\/2023\/09\/9605ffdc190be4afe69ab1386e9adcb5.jpg","width":400,"height":257},{"@type":"BreadcrumbList","@id":"https:\/\/iraurgiberritzen.eus\/es\/jornadas-turisticas-del-camino-ignacioano-en-manresa\/#breadcrumb","itemListElement":[{"@type":"ListItem","position":1,"name":"Home","item":"https:\/\/iraurgiberritzen.eus\/es\/"},{"@type":"ListItem","position":2,"name":"Jornadas tur\u00edsticas del Camino Ignacioano en Manresa"}]},{"@type":"WebSite","@id":"https:\/\/iraurgiberritzen.eus\/es\/#website","url":"https:\/\/iraurgiberritzen.eus\/es\/","name":"Iraurgi Berritzen","description":"Urola Erdiko Garapen Agentzia","publisher":{"@id":"https:\/\/iraurgiberritzen.eus\/es\/#organization"},"potentialAction":[{"@type":"SearchAction","target":{"@type":"EntryPoint","urlTemplate":"https:\/\/iraurgiberritzen.eus\/es\/?s={search_term_string}"},"query-input":{"@type":"PropertyValueSpecification","valueRequired":true,"valueName":"search_term_string"}}],"inLanguage":"es"},{"@type":"Organization","@id":"https:\/\/iraurgiberritzen.eus\/es\/#organization","name":"Iraurgi Berritzen","url":"https:\/\/iraurgiberritzen.eus\/es\/","logo":{"@type":"ImageObject","inLanguage":"es","@id":"https:\/\/iraurgiberritzen.eus\/es\/#\/schema\/logo\/image\/","url":"https:\/\/iraurgiberritzen.eus\/wp-content\/uploads\/2024\/02\/IRAURGI-BERRITZEN-logotipoa_2.png","contentUrl":"https:\/\/iraurgiberritzen.eus\/wp-content\/uploads\/2024\/02\/IRAURGI-BERRITZEN-logotipoa_2.png","width":496,"height":190,"caption":"Iraurgi Berritzen"},"image":{"@id":"https:\/\/iraurgiberritzen.eus\/es\/#\/schema\/logo\/image\/"}},{"@type":"Person","@id":"https:\/\/iraurgiberritzen.eus\/es\/#\/schema\/person\/5ab41aaf388a9097177601ebf45738d2","name":"kudeatzailea","sameAs":["https:\/\/iraurgiberritzen.eus"]}]}},"_links":{"self":[{"href":"https:\/\/iraurgiberritzen.eus\/es\/wp-json\/wp\/v2\/posts\/14161","targetHints":{"allow":["GET"]}}],"collection":[{"href":"https:\/\/iraurgiberritzen.eus\/es\/wp-json\/wp\/v2\/posts"}],"about":[{"href":"https:\/\/iraurgiberritzen.eus\/es\/wp-json\/wp\/v2\/types\/post"}],"author":[{"embeddable":true,"href":"https:\/\/iraurgiberritzen.eus\/es\/wp-json\/wp\/v2\/users\/1"}],"replies":[{"embeddable":true,"href":"https:\/\/iraurgiberritzen.eus\/es\/wp-json\/wp\/v2\/comments?post=14161"}],"version-history":[{"count":0,"href":"https:\/\/iraurgiberritzen.eus\/es\/wp-json\/wp\/v2\/posts\/14161\/revisions"}],"wp:featuredmedia":[{"embeddable":true,"href":"https:\/\/iraurgiberritzen.eus\/es\/wp-json\/wp\/v2\/media\/17313"}],"wp:attachment":[{"href":"https:\/\/iraurgiberritzen.eus\/es\/wp-json\/wp\/v2\/media?parent=14161"}],"wp:term":[{"taxonomy":"category","embeddable":true,"href":"https:\/\/iraurgiberritzen.eus\/es\/wp-json\/wp\/v2\/categories?post=14161"},{"taxonomy":"post_tag","embeddable":true,"href":"https:\/\/iraurgiberritzen.eus\/es\/wp-json\/wp\/v2\/tags?post=14161"}],"curies":[{"name":"wp","href":"https:\/\/api.w.org\/{rel}","templated":true}]}}