{"id":14164,"date":"2022-11-17T13:31:28","date_gmt":"2022-11-17T11:31:28","guid":{"rendered":"https:\/\/iraurgiberritzen.eus\/empresas-de-la-comarca-conociendo-diferentes-aspectos-relacionados-con-la-contratacion-energetica\/"},"modified":"2022-11-17T13:31:28","modified_gmt":"2022-11-17T11:31:28","slug":"empresas-de-la-comarca-conociendo-diferentes-aspectos-relacionados-con-la-contratacion-energetica","status":"publish","type":"post","link":"https:\/\/iraurgiberritzen.eus\/es\/empresas-de-la-comarca-conociendo-diferentes-aspectos-relacionados-con-la-contratacion-energetica\/","title":{"rendered":"Empresas de la comarca conociendo diferentes aspectos relacionados con la contrataci\u00f3n energ\u00e9tica"},"content":{"rendered":"<p style=\"text-align: justify;\">Dentro del proyecto UrolEner que Iraurgi Berritzen, en colaboraci\u00f3n con Txekalde Aholkularitza, puso en marcha el pasado mes de junio, hoy jueves, 17 de noviembre, se ha celebrado en el palacio Basazabal de Azpeitia la segunda jornada que se enmarca dentro de la planificaci\u00f3n.<\/p>\n<p style=\"text-align: justify;\">En la sesi\u00f3n de hoy, representantes de las empresas participantes en el proyecto han tenido la oportunidad de analizar la segunda de las cuestiones que se prev\u00e9n abordar en el \u00e1mbito energ\u00e9tico a lo largo del proyecto, la <strong>contrataci\u00f3n energ\u00e9tica<\/strong>. <\/p>\n<p>Los aspectos tratados han sido, entre otros:<\/p>\n<p style=\"text-align: justify;\">Modificaci\u00f3n del sistema el\u00e9ctrico en junio de 2021 \u2013 implicaciones en contratos y sistema de facturaci\u00f3n.<\/p>\n<ul style=\"text-align: justify;\">\n<li style=\"text-align: justify;\">Conceptos:\n<ul>\n<li>T\u00e9rmino fijo y t\u00e9rmino variable.<\/li>\n<li>Potencias contratadas vs potencias registradas vs potencias facturadas.<\/li>\n<li>Energ\u00eda reactiva<\/li>\n<\/ul>\n<\/li>\n<li style=\"text-align: justify;\">H\u00e1bitos de consumo. Consumo por periodos.<\/li>\n<li>Herramientas de seguimiento y control.<\/li>\n<\/ul>\n<p style=\"text-align: justify;\">Adem\u00e1s, han tenido la oportunidad de debatir y analizar entre todos las dudas o consultas sobre este tema.<\/p>\n<p style=\"text-align: justify;\">Este proyecto se&nbsp;<span class=\"TextRun SCXW99596322 BCX0\" lang=\"EU-ES\" data-contrast=\"none\"><span class=\"SpellingError SCXW99596322 BCX0\">est\u00e1<\/span><span class=\"NormalTextRun SCXW99596322 BCX0\"> <\/span><span class=\"SpellingError SCXW99596322 BCX0\">desarrollando<\/span><span class=\"NormalTextRun SCXW99596322 BCX0\"> <\/span><\/span><span class=\"TextRun SCXW99596322 BCX0\" lang=\"EU-ES\" data-contrast=\"auto\"><span class=\"SpellingError SCXW99596322 BCX0\">gracias<\/span><span class=\"NormalTextRun SCXW99596322 BCX0\"> a la <\/span><span class=\"SpellingError SCXW99596322 BCX0\">financiaci\u00f3n<\/span><span class=\"NormalTextRun SCXW99596322 BCX0\"> <\/span><span class=\"SpellingError SCXW99596322 BCX0\">recibida<\/span><span class=\"NormalTextRun SCXW99596322 BCX0\"> <\/span><span class=\"SpellingError SCXW99596322 BCX0\">por<\/span><span class=\"NormalTextRun SCXW99596322 BCX0\"> la <\/span><span class=\"SpellingError SCXW99596322 BCX0\">Mesa<\/span><span class=\"NormalTextRun SCXW99596322 BCX0\"> <\/span><span class=\"SpellingError SCXW99596322 BCX0\">Comarcal<\/span><span class=\"NormalTextRun SCXW99596322 BCX0\"> de <\/span><span class=\"SpellingError SCXW99596322 BCX0\">Energ\u00eda<\/span><span class=\"NormalTextRun SCXW99596322 BCX0\"> <\/span><span class=\"SpellingError SCXW99596322 BCX0\">por<\/span><span class=\"NormalTextRun SCXW99596322 BCX0\"> parte del <\/span><span class=\"SpellingError SCXW99596322 BCX0\">Departamento<\/span><span class=\"NormalTextRun SCXW99596322 BCX0\"> de Medio <\/span><span class=\"SpellingError SCXW99596322 BCX0\">Ambiente<\/span><span class=\"NormalTextRun SCXW99596322 BCX0\"> y <\/span><span class=\"SpellingError SCXW99596322 BCX0\">Obras<\/span><span class=\"NormalTextRun SCXW99596322 BCX0\"> <\/span><span class=\"SpellingError SCXW99596322 BCX0\">Hidr\u00e1ulicas<\/span><span class=\"NormalTextRun SCXW99596322 BCX0\"> de la <\/span><span class=\"SpellingError SCXW99596322 BCX0\">Diputaci\u00f3n<\/span><span class=\"NormalTextRun SCXW99596322 BCX0\"> Foral de Gipuzkoa.<\/span><\/span><span class=\"EOP SCXW99596322 BCX0\" data-ccp-props=\"{&quot;201341983&quot;:0,&quot;335551550&quot;:6,&quot;335551620&quot;:6,&quot;335559739&quot;:160,&quot;335559740&quot;:259}\"><\/span><\/p>\n","protected":false},"excerpt":{"rendered":"<p>Dentro del proyecto UrolEner que Iraurgi Berritzen, en colaboraci\u00f3n con Txekalde Aholkularitza, puso en marcha el pasado mes de junio, hoy jueves, 17 de noviembre, se ha celebrado en el palacio Basazabal de Azpeitia la segunda jornada que se enmarca dentro de la planificaci\u00f3n. En la sesi\u00f3n de hoy, representantes de las empresas participantes en [&hellip;]<\/p>\n","protected":false},"author":1,"featured_media":17314,"comment_status":"","ping_status":"closed","sticky":false,"template":"","format":"standard","meta":{"_acf_changed":false,"footnotes":""},"categories":[4],"tags":[],"class_list":["post-14164","post","type-post","status-publish","format-standard","has-post-thumbnail","hentry","category-noticias"],"acf":[],"yoast_head":"<!-- This site is optimized with the Yoast SEO plugin v27.4 - https:\/\/yoast.com\/product\/yoast-seo-wordpress\/ -->\n<title>Empresas de la comarca conociendo diferentes aspectos relacionados con la contrataci\u00f3n energ\u00e9tica - Iraurgi Berritzen<\/title>\n<meta name=\"robots\" content=\"index, follow, max-snippet:-1, max-image-preview:large, max-video-preview:-1\" \/>\n<link rel=\"canonical\" href=\"https:\/\/iraurgiberritzen.eus\/es\/empresas-de-la-comarca-conociendo-diferentes-aspectos-relacionados-con-la-contratacion-energetica\/\" \/>\n<meta property=\"og:locale\" content=\"es_ES\" \/>\n<meta property=\"og:type\" content=\"article\" \/>\n<meta property=\"og:title\" content=\"Empresas de la comarca conociendo diferentes aspectos relacionados con la contrataci\u00f3n energ\u00e9tica - Iraurgi Berritzen\" \/>\n<meta property=\"og:description\" content=\"Dentro del proyecto UrolEner que Iraurgi Berritzen, en colaboraci\u00f3n con Txekalde Aholkularitza, puso en marcha el pasado mes de junio, hoy jueves, 17 de noviembre, se ha celebrado en el palacio Basazabal de Azpeitia la segunda jornada que se enmarca dentro de la planificaci\u00f3n. En la sesi\u00f3n de hoy, representantes de las empresas participantes en [&hellip;]\" \/>\n<meta property=\"og:url\" content=\"https:\/\/iraurgiberritzen.eus\/es\/empresas-de-la-comarca-conociendo-diferentes-aspectos-relacionados-con-la-contratacion-energetica\/\" \/>\n<meta property=\"og:site_name\" content=\"Iraurgi Berritzen\" \/>\n<meta property=\"article:published_time\" content=\"2022-11-17T11:31:28+00:00\" \/>\n<meta name=\"author\" content=\"kudeatzailea\" \/>\n<meta name=\"twitter:card\" content=\"summary_large_image\" \/>\n<meta name=\"twitter:label1\" content=\"Escrito por\" \/>\n\t<meta name=\"twitter:data1\" content=\"kudeatzailea\" \/>\n\t<meta name=\"twitter:label2\" content=\"Tiempo de lectura\" \/>\n\t<meta name=\"twitter:data2\" content=\"1 minuto\" \/>\n<script type=\"application\/ld+json\" class=\"yoast-schema-graph\">{\"@context\":\"https:\\\/\\\/schema.org\",\"@graph\":[{\"@type\":\"Article\",\"@id\":\"https:\\\/\\\/iraurgiberritzen.eus\\\/es\\\/empresas-de-la-comarca-conociendo-diferentes-aspectos-relacionados-con-la-contratacion-energetica\\\/#article\",\"isPartOf\":{\"@id\":\"https:\\\/\\\/iraurgiberritzen.eus\\\/es\\\/empresas-de-la-comarca-conociendo-diferentes-aspectos-relacionados-con-la-contratacion-energetica\\\/\"},\"author\":{\"name\":\"kudeatzailea\",\"@id\":\"https:\\\/\\\/iraurgiberritzen.eus\\\/es\\\/#\\\/schema\\\/person\\\/5ab41aaf388a9097177601ebf45738d2\"},\"headline\":\"Empresas de la comarca conociendo diferentes aspectos relacionados con la contrataci\u00f3n energ\u00e9tica\",\"datePublished\":\"2022-11-17T11:31:28+00:00\",\"mainEntityOfPage\":{\"@id\":\"https:\\\/\\\/iraurgiberritzen.eus\\\/es\\\/empresas-de-la-comarca-conociendo-diferentes-aspectos-relacionados-con-la-contratacion-energetica\\\/\"},\"wordCount\":215,\"publisher\":{\"@id\":\"https:\\\/\\\/iraurgiberritzen.eus\\\/es\\\/#organization\"},\"image\":{\"@id\":\"https:\\\/\\\/iraurgiberritzen.eus\\\/es\\\/empresas-de-la-comarca-conociendo-diferentes-aspectos-relacionados-con-la-contratacion-energetica\\\/#primaryimage\"},\"thumbnailUrl\":\"https:\\\/\\\/iraurgiberritzen.eus\\\/wp-content\\\/uploads\\\/2023\\\/09\\\/f41d8f5923ce888fc2fa592666a21fad.jpg\",\"articleSection\":[\"Noticias\"],\"inLanguage\":\"es\"},{\"@type\":\"WebPage\",\"@id\":\"https:\\\/\\\/iraurgiberritzen.eus\\\/es\\\/empresas-de-la-comarca-conociendo-diferentes-aspectos-relacionados-con-la-contratacion-energetica\\\/\",\"url\":\"https:\\\/\\\/iraurgiberritzen.eus\\\/es\\\/empresas-de-la-comarca-conociendo-diferentes-aspectos-relacionados-con-la-contratacion-energetica\\\/\",\"name\":\"Empresas de la comarca conociendo diferentes aspectos relacionados con la contrataci\u00f3n energ\u00e9tica - Iraurgi Berritzen\",\"isPartOf\":{\"@id\":\"https:\\\/\\\/iraurgiberritzen.eus\\\/es\\\/#website\"},\"primaryImageOfPage\":{\"@id\":\"https:\\\/\\\/iraurgiberritzen.eus\\\/es\\\/empresas-de-la-comarca-conociendo-diferentes-aspectos-relacionados-con-la-contratacion-energetica\\\/#primaryimage\"},\"image\":{\"@id\":\"https:\\\/\\\/iraurgiberritzen.eus\\\/es\\\/empresas-de-la-comarca-conociendo-diferentes-aspectos-relacionados-con-la-contratacion-energetica\\\/#primaryimage\"},\"thumbnailUrl\":\"https:\\\/\\\/iraurgiberritzen.eus\\\/wp-content\\\/uploads\\\/2023\\\/09\\\/f41d8f5923ce888fc2fa592666a21fad.jpg\",\"datePublished\":\"2022-11-17T11:31:28+00:00\",\"breadcrumb\":{\"@id\":\"https:\\\/\\\/iraurgiberritzen.eus\\\/es\\\/empresas-de-la-comarca-conociendo-diferentes-aspectos-relacionados-con-la-contratacion-energetica\\\/#breadcrumb\"},\"inLanguage\":\"es\",\"potentialAction\":[{\"@type\":\"ReadAction\",\"target\":[\"https:\\\/\\\/iraurgiberritzen.eus\\\/es\\\/empresas-de-la-comarca-conociendo-diferentes-aspectos-relacionados-con-la-contratacion-energetica\\\/\"]}]},{\"@type\":\"ImageObject\",\"inLanguage\":\"es\",\"@id\":\"https:\\\/\\\/iraurgiberritzen.eus\\\/es\\\/empresas-de-la-comarca-conociendo-diferentes-aspectos-relacionados-con-la-contratacion-energetica\\\/#primaryimage\",\"url\":\"https:\\\/\\\/iraurgiberritzen.eus\\\/wp-content\\\/uploads\\\/2023\\\/09\\\/f41d8f5923ce888fc2fa592666a21fad.jpg\",\"contentUrl\":\"https:\\\/\\\/iraurgiberritzen.eus\\\/wp-content\\\/uploads\\\/2023\\\/09\\\/f41d8f5923ce888fc2fa592666a21fad.jpg\",\"width\":400,\"height\":257},{\"@type\":\"BreadcrumbList\",\"@id\":\"https:\\\/\\\/iraurgiberritzen.eus\\\/es\\\/empresas-de-la-comarca-conociendo-diferentes-aspectos-relacionados-con-la-contratacion-energetica\\\/#breadcrumb\",\"itemListElement\":[{\"@type\":\"ListItem\",\"position\":1,\"name\":\"Home\",\"item\":\"https:\\\/\\\/iraurgiberritzen.eus\\\/es\\\/\"},{\"@type\":\"ListItem\",\"position\":2,\"name\":\"Empresas de la comarca conociendo diferentes aspectos relacionados con la contrataci\u00f3n energ\u00e9tica\"}]},{\"@type\":\"WebSite\",\"@id\":\"https:\\\/\\\/iraurgiberritzen.eus\\\/es\\\/#website\",\"url\":\"https:\\\/\\\/iraurgiberritzen.eus\\\/es\\\/\",\"name\":\"Iraurgi Berritzen\",\"description\":\"Urola Erdiko Garapen Agentzia\",\"publisher\":{\"@id\":\"https:\\\/\\\/iraurgiberritzen.eus\\\/es\\\/#organization\"},\"potentialAction\":[{\"@type\":\"SearchAction\",\"target\":{\"@type\":\"EntryPoint\",\"urlTemplate\":\"https:\\\/\\\/iraurgiberritzen.eus\\\/es\\\/?s={search_term_string}\"},\"query-input\":{\"@type\":\"PropertyValueSpecification\",\"valueRequired\":true,\"valueName\":\"search_term_string\"}}],\"inLanguage\":\"es\"},{\"@type\":\"Organization\",\"@id\":\"https:\\\/\\\/iraurgiberritzen.eus\\\/es\\\/#organization\",\"name\":\"Iraurgi Berritzen\",\"url\":\"https:\\\/\\\/iraurgiberritzen.eus\\\/es\\\/\",\"logo\":{\"@type\":\"ImageObject\",\"inLanguage\":\"es\",\"@id\":\"https:\\\/\\\/iraurgiberritzen.eus\\\/es\\\/#\\\/schema\\\/logo\\\/image\\\/\",\"url\":\"https:\\\/\\\/iraurgiberritzen.eus\\\/wp-content\\\/uploads\\\/2024\\\/02\\\/IRAURGI-BERRITZEN-logotipoa_2.png\",\"contentUrl\":\"https:\\\/\\\/iraurgiberritzen.eus\\\/wp-content\\\/uploads\\\/2024\\\/02\\\/IRAURGI-BERRITZEN-logotipoa_2.png\",\"width\":496,\"height\":190,\"caption\":\"Iraurgi Berritzen\"},\"image\":{\"@id\":\"https:\\\/\\\/iraurgiberritzen.eus\\\/es\\\/#\\\/schema\\\/logo\\\/image\\\/\"}},{\"@type\":\"Person\",\"@id\":\"https:\\\/\\\/iraurgiberritzen.eus\\\/es\\\/#\\\/schema\\\/person\\\/5ab41aaf388a9097177601ebf45738d2\",\"name\":\"kudeatzailea\",\"sameAs\":[\"https:\\\/\\\/iraurgiberritzen.eus\"]}]}<\/script>\n<!-- \/ Yoast SEO plugin. -->","yoast_head_json":{"title":"Empresas de la comarca conociendo diferentes aspectos relacionados con la contrataci\u00f3n energ\u00e9tica - Iraurgi Berritzen","robots":{"index":"index","follow":"follow","max-snippet":"max-snippet:-1","max-image-preview":"max-image-preview:large","max-video-preview":"max-video-preview:-1"},"canonical":"https:\/\/iraurgiberritzen.eus\/es\/empresas-de-la-comarca-conociendo-diferentes-aspectos-relacionados-con-la-contratacion-energetica\/","og_locale":"es_ES","og_type":"article","og_title":"Empresas de la comarca conociendo diferentes aspectos relacionados con la contrataci\u00f3n energ\u00e9tica - Iraurgi Berritzen","og_description":"Dentro del proyecto UrolEner que Iraurgi Berritzen, en colaboraci\u00f3n con Txekalde Aholkularitza, puso en marcha el pasado mes de junio, hoy jueves, 17 de noviembre, se ha celebrado en el palacio Basazabal de Azpeitia la segunda jornada que se enmarca dentro de la planificaci\u00f3n. En la sesi\u00f3n de hoy, representantes de las empresas participantes en [&hellip;]","og_url":"https:\/\/iraurgiberritzen.eus\/es\/empresas-de-la-comarca-conociendo-diferentes-aspectos-relacionados-con-la-contratacion-energetica\/","og_site_name":"Iraurgi Berritzen","article_published_time":"2022-11-17T11:31:28+00:00","author":"kudeatzailea","twitter_card":"summary_large_image","twitter_misc":{"Escrito por":"kudeatzailea","Tiempo de lectura":"1 minuto"},"schema":{"@context":"https:\/\/schema.org","@graph":[{"@type":"Article","@id":"https:\/\/iraurgiberritzen.eus\/es\/empresas-de-la-comarca-conociendo-diferentes-aspectos-relacionados-con-la-contratacion-energetica\/#article","isPartOf":{"@id":"https:\/\/iraurgiberritzen.eus\/es\/empresas-de-la-comarca-conociendo-diferentes-aspectos-relacionados-con-la-contratacion-energetica\/"},"author":{"name":"kudeatzailea","@id":"https:\/\/iraurgiberritzen.eus\/es\/#\/schema\/person\/5ab41aaf388a9097177601ebf45738d2"},"headline":"Empresas de la comarca conociendo diferentes aspectos relacionados con la contrataci\u00f3n energ\u00e9tica","datePublished":"2022-11-17T11:31:28+00:00","mainEntityOfPage":{"@id":"https:\/\/iraurgiberritzen.eus\/es\/empresas-de-la-comarca-conociendo-diferentes-aspectos-relacionados-con-la-contratacion-energetica\/"},"wordCount":215,"publisher":{"@id":"https:\/\/iraurgiberritzen.eus\/es\/#organization"},"image":{"@id":"https:\/\/iraurgiberritzen.eus\/es\/empresas-de-la-comarca-conociendo-diferentes-aspectos-relacionados-con-la-contratacion-energetica\/#primaryimage"},"thumbnailUrl":"https:\/\/iraurgiberritzen.eus\/wp-content\/uploads\/2023\/09\/f41d8f5923ce888fc2fa592666a21fad.jpg","articleSection":["Noticias"],"inLanguage":"es"},{"@type":"WebPage","@id":"https:\/\/iraurgiberritzen.eus\/es\/empresas-de-la-comarca-conociendo-diferentes-aspectos-relacionados-con-la-contratacion-energetica\/","url":"https:\/\/iraurgiberritzen.eus\/es\/empresas-de-la-comarca-conociendo-diferentes-aspectos-relacionados-con-la-contratacion-energetica\/","name":"Empresas de la comarca conociendo diferentes aspectos relacionados con la contrataci\u00f3n energ\u00e9tica - Iraurgi Berritzen","isPartOf":{"@id":"https:\/\/iraurgiberritzen.eus\/es\/#website"},"primaryImageOfPage":{"@id":"https:\/\/iraurgiberritzen.eus\/es\/empresas-de-la-comarca-conociendo-diferentes-aspectos-relacionados-con-la-contratacion-energetica\/#primaryimage"},"image":{"@id":"https:\/\/iraurgiberritzen.eus\/es\/empresas-de-la-comarca-conociendo-diferentes-aspectos-relacionados-con-la-contratacion-energetica\/#primaryimage"},"thumbnailUrl":"https:\/\/iraurgiberritzen.eus\/wp-content\/uploads\/2023\/09\/f41d8f5923ce888fc2fa592666a21fad.jpg","datePublished":"2022-11-17T11:31:28+00:00","breadcrumb":{"@id":"https:\/\/iraurgiberritzen.eus\/es\/empresas-de-la-comarca-conociendo-diferentes-aspectos-relacionados-con-la-contratacion-energetica\/#breadcrumb"},"inLanguage":"es","potentialAction":[{"@type":"ReadAction","target":["https:\/\/iraurgiberritzen.eus\/es\/empresas-de-la-comarca-conociendo-diferentes-aspectos-relacionados-con-la-contratacion-energetica\/"]}]},{"@type":"ImageObject","inLanguage":"es","@id":"https:\/\/iraurgiberritzen.eus\/es\/empresas-de-la-comarca-conociendo-diferentes-aspectos-relacionados-con-la-contratacion-energetica\/#primaryimage","url":"https:\/\/iraurgiberritzen.eus\/wp-content\/uploads\/2023\/09\/f41d8f5923ce888fc2fa592666a21fad.jpg","contentUrl":"https:\/\/iraurgiberritzen.eus\/wp-content\/uploads\/2023\/09\/f41d8f5923ce888fc2fa592666a21fad.jpg","width":400,"height":257},{"@type":"BreadcrumbList","@id":"https:\/\/iraurgiberritzen.eus\/es\/empresas-de-la-comarca-conociendo-diferentes-aspectos-relacionados-con-la-contratacion-energetica\/#breadcrumb","itemListElement":[{"@type":"ListItem","position":1,"name":"Home","item":"https:\/\/iraurgiberritzen.eus\/es\/"},{"@type":"ListItem","position":2,"name":"Empresas de la comarca conociendo diferentes aspectos relacionados con la contrataci\u00f3n energ\u00e9tica"}]},{"@type":"WebSite","@id":"https:\/\/iraurgiberritzen.eus\/es\/#website","url":"https:\/\/iraurgiberritzen.eus\/es\/","name":"Iraurgi Berritzen","description":"Urola Erdiko Garapen Agentzia","publisher":{"@id":"https:\/\/iraurgiberritzen.eus\/es\/#organization"},"potentialAction":[{"@type":"SearchAction","target":{"@type":"EntryPoint","urlTemplate":"https:\/\/iraurgiberritzen.eus\/es\/?s={search_term_string}"},"query-input":{"@type":"PropertyValueSpecification","valueRequired":true,"valueName":"search_term_string"}}],"inLanguage":"es"},{"@type":"Organization","@id":"https:\/\/iraurgiberritzen.eus\/es\/#organization","name":"Iraurgi Berritzen","url":"https:\/\/iraurgiberritzen.eus\/es\/","logo":{"@type":"ImageObject","inLanguage":"es","@id":"https:\/\/iraurgiberritzen.eus\/es\/#\/schema\/logo\/image\/","url":"https:\/\/iraurgiberritzen.eus\/wp-content\/uploads\/2024\/02\/IRAURGI-BERRITZEN-logotipoa_2.png","contentUrl":"https:\/\/iraurgiberritzen.eus\/wp-content\/uploads\/2024\/02\/IRAURGI-BERRITZEN-logotipoa_2.png","width":496,"height":190,"caption":"Iraurgi Berritzen"},"image":{"@id":"https:\/\/iraurgiberritzen.eus\/es\/#\/schema\/logo\/image\/"}},{"@type":"Person","@id":"https:\/\/iraurgiberritzen.eus\/es\/#\/schema\/person\/5ab41aaf388a9097177601ebf45738d2","name":"kudeatzailea","sameAs":["https:\/\/iraurgiberritzen.eus"]}]}},"_links":{"self":[{"href":"https:\/\/iraurgiberritzen.eus\/es\/wp-json\/wp\/v2\/posts\/14164","targetHints":{"allow":["GET"]}}],"collection":[{"href":"https:\/\/iraurgiberritzen.eus\/es\/wp-json\/wp\/v2\/posts"}],"about":[{"href":"https:\/\/iraurgiberritzen.eus\/es\/wp-json\/wp\/v2\/types\/post"}],"author":[{"embeddable":true,"href":"https:\/\/iraurgiberritzen.eus\/es\/wp-json\/wp\/v2\/users\/1"}],"replies":[{"embeddable":true,"href":"https:\/\/iraurgiberritzen.eus\/es\/wp-json\/wp\/v2\/comments?post=14164"}],"version-history":[{"count":0,"href":"https:\/\/iraurgiberritzen.eus\/es\/wp-json\/wp\/v2\/posts\/14164\/revisions"}],"wp:featuredmedia":[{"embeddable":true,"href":"https:\/\/iraurgiberritzen.eus\/es\/wp-json\/wp\/v2\/media\/17314"}],"wp:attachment":[{"href":"https:\/\/iraurgiberritzen.eus\/es\/wp-json\/wp\/v2\/media?parent=14164"}],"wp:term":[{"taxonomy":"category","embeddable":true,"href":"https:\/\/iraurgiberritzen.eus\/es\/wp-json\/wp\/v2\/categories?post=14164"},{"taxonomy":"post_tag","embeddable":true,"href":"https:\/\/iraurgiberritzen.eus\/es\/wp-json\/wp\/v2\/tags?post=14164"}],"curies":[{"name":"wp","href":"https:\/\/api.w.org\/{rel}","templated":true}]}}