{"id":14182,"date":"2022-11-24T13:03:18","date_gmt":"2022-11-24T11:03:18","guid":{"rendered":"https:\/\/iraurgiberritzen.eus\/la-reflexion-estrategica-de-urola-medio-como-eje-central-de-los-xx-topaketak-de-ib-sarea\/"},"modified":"2022-11-24T13:03:18","modified_gmt":"2022-11-24T11:03:18","slug":"la-reflexion-estrategica-de-urola-medio-como-eje-central-de-los-xx-topaketak-de-ib-sarea","status":"publish","type":"post","link":"https:\/\/iraurgiberritzen.eus\/es\/la-reflexion-estrategica-de-urola-medio-como-eje-central-de-los-xx-topaketak-de-ib-sarea\/","title":{"rendered":"La reflexi\u00f3n estrat\u00e9gica de Urola Medio como eje central de los XX. Topaketak de IB Sarea"},"content":{"rendered":"<p style=\"text-align: justify;\">En base a la Gobernanza Colaborativa, el proceso de reflexi\u00f3n <em>Elkarrekin Urola Erdia Eraldatzen 2022-2027&nbsp;<\/em>ha reunido en los \u00faltimos meses a agentes de diferentes sectores.<\/p>\n<p style=\"text-align: justify;\">Hoy, 24 de noviembre, se ha celebrado las <strong>\u201cXX. Topaketak de IB Sarea\u201d&nbsp;<\/strong>en la casa de espiritualidad \u201cGogartetxea\u201d de Loiola (Azpeitia). En ella han participado, impulsados por la Agencia de Desarrollo e Innovaci\u00f3n Iraurgi Berritzen, los protagonistas de la reflexi\u00f3n estrat\u00e9gica que se ha trabajado en los \u00faltimos meses con el objetivo de hacer atractiva la comarca, han sido, diferentes agentes socioecon\u00f3micos de la comarca: representantes de empresas, emprendedores, colegios, asociaciones de comerciantes, agentes de empleo, turismo y ayuntamientos. En cuanto a los ayuntamientos, hoy han acudido al acto los alcaldes de Azpeitia, Azkoitia, Zestoa, Errezil, Beizama y Aizarnazabal.<\/p>\n<p style=\"text-align: justify;\">Fruto de este trabajo colectivo ha sido el <strong>plan estrat\u00e9gico Elkarrekin Urola Erdia Eraldatzen 2022-2027<\/strong>. El objetivo de las \u201cXX. Topaketak de IB Sarea\u201d de este a\u00f1o es presentar el propio plan estrat\u00e9gico y la propuesta de despliegue.<\/p>\n<p style=\"text-align: justify;\">En total, 117 personas y 76 agentes han participado en el proceso. A trav\u00e9s de diferentes din\u00e1micas de trabajo y para los pr\u00f3ximos 5 a\u00f1os, se han agrupado en 19 l\u00edneas de trabajo y en 6 objetivos estrat\u00e9gicos todas las acciones para conseguirlos. Ver el informe completo en el siguiente <a href=\"images\/iraurgiberritzen\/berriak\/2022\/Hausnarketa_Estrategikoko_Prozesuaren_txostena_ES.pdf\" target=\"_blank\" rel=\"noopener\">link<\/a>.<\/p>\n<p style=\"text-align: justify;\">Los 6 objetivos estrat\u00e9gicos establecidos para los a\u00f1os 2022-2027 son:<\/p>\n<ol>\n<li style=\"text-align: justify;\">Trabajar el car\u00e1cter estructural de la comarca y reforzar la cooperaci\u00f3n entre agentes.<\/li>\n<li style=\"text-align: justify;\">Reforzar el sistema de infraestructuras.<\/li>\n<li style=\"text-align: justify;\">Protecci\u00f3n, creaci\u00f3n y adecuaci\u00f3n de la actividad econ\u00f3mica.<\/li>\n<li style=\"text-align: justify;\">Reforzar el sistema de formaci\u00f3n educativo comarcal.<\/li>\n<li style=\"text-align: justify;\">Impulsar la transici\u00f3n ecol\u00f3gica.<\/li>\n<li style=\"text-align: justify;\">Seguir fortaleciendo las bases de un empleo digno y de calidad.<\/li>\n<\/ol>\n<p>Las 19 l\u00edneas de trabajo que responder\u00e1n a estos objetivos estrat\u00e9gicos se resumen de la siguiente manera:<\/p>\n<p><strong>CAR\u00c1CTER COMARCAL Y POSICIONAMIENTO<\/strong><\/p>\n<p>Se pretende trabajar la cohesi\u00f3n entre los diferentes municipios de Urola Medio. Se pretende crear un car\u00e1cter comarcal que tenga una visi\u00f3n com\u00fan en el desarrollo socioecon\u00f3mico de la comarca y que est\u00e9 bien posicionada para atraer inversiones tanto a nivel de Gipuzkoa como de la Comunidad Aut\u00f3noma del Pa\u00eds Vasco.<\/p>\n<p><strong>RED DE COOPERACI\u00d3N<\/strong><\/p>\n<p>Se pretende reforzar la din\u00e1mica de colaboraci\u00f3n entre los diferentes agentes socioecon\u00f3micos, lo que servir\u00e1, entre otras cosas, para impulsar un contexto de innovaci\u00f3n.<\/p>\n<p><strong>MOVILIDAD<\/strong><\/p>\n<p>Por otro lado, a lo largo de la elaboraci\u00f3n del Plan Estrat\u00e9gico se ha mencionado en numerosas ocasiones la necesidad de mejorar tanto la red de carreteras como el transporte p\u00fablico. Para ello, desde las necesidades de la comarca, se propone la constituci\u00f3n de una comisi\u00f3n para analizar las mejoras que requiere la red de carreteras. Asimismo, se estudiar\u00e1 c\u00f3mo se puede mejorar la movilidad entre municipios a trav\u00e9s del transporte p\u00fablico y tambi\u00e9n se quieren trabajar las posibilidades para promover una movilidad m\u00e1s sostenible<\/p>\n<p><strong>SERVICIOS SANITARIO<\/strong><\/p>\n<p>En las sesiones de trabajo, los ciudadanos tambi\u00e9n mostraron su dependencia de los centros de salud ubicados fuera de la comarca, en parte motivados por problemas de movilidad. As\u00ed, en el \u00e1mbito sanitario, se pretende profundizar en las necesidades de la ciudadan\u00eda en relaci\u00f3n con los servicios, con el fin de mejorar el servicio de atenci\u00f3n primaria que se ofrece actualmente.<\/p>\n<p><strong>INDUSTRIA: INFRAESTRUCTURAS Y COMPETITIVIDAD<\/strong><\/p>\n<p>En el \u00e1mbito industrial se han definido dos l\u00edneas de trabajo. La primera gira en torno a las infraestructuras. Se valorar\u00e1 la necesidad de crear, reformar y adaptar nuevas infraestructuras para dar respuesta a las necesidades futuras de la industria, dise\u00f1ando acciones concretas para ello.<\/p>\n<p>La segunda, en cambio, gira en torno a la competitividad de la industria del Urola Medio. Se llevar\u00e1n a cabo proyectos de innovaci\u00f3n en cooperaci\u00f3n entre diferentes agentes que puedan afectar a la competitividad de la actividad industrial de la comarca. Talento, cultura emprendedora o la propuesta de crear un centro de estudio de las nuevas tecnolog\u00edas.<\/p>\n<p><strong>TURISMO<\/strong><\/p>\n<p>En el \u00e1mbito tur\u00edstico, teniendo en cuenta los recursos naturales y el patrimonio de que dispone Urola Erdia, se considera que se puede articular una oferta tur\u00edstica potente. El primer paso ser\u00e1 la creaci\u00f3n del Gune de turismo, al igual que en otras \u00e1reas de la agencia de desarrollo Iraurgi Berritzen. De esta forma, se intentar\u00e1 organizar y reforzar la oferta garantizando en todo momento, la presencia del euskera. De igual manera, se abordar\u00e1n posibles posibilidades de colaboraci\u00f3n entre agentes industriales y tur\u00edsticos, as\u00ed como la posibilidad de ofrecer formaci\u00f3n continua.<\/p>\n<p><strong>CONSUMO LOCAL Y PRODUCCI\u00d3N ALIMENTARIA<\/strong><\/p>\n<p>En la comarca se pretende potenciar tanto la producci\u00f3n local como el consumo local y profundizar en la profesionalizaci\u00f3n del sector. Por un lado, se trabajar\u00e1n las posibilidades de reforma de los mercados municipales y se canalizar\u00e1n acciones de promoci\u00f3n de dichos mercados, entre ellas la sensibilizaci\u00f3n del consumidor. Por otro lado, en colaboraci\u00f3n con la cadena alimentaria de Urola Medio, se dise\u00f1ar\u00e1n acciones para potenciar la producci\u00f3n de alimentos locales. En hosteler\u00eda, por ejemplo, habr\u00e1 acciones encaminadas a utilizar productos de productores locales.<\/p>\n<p style=\"text-align: justify;\"><strong>COMERCIO Y HOSTELER\u00cdA<\/strong><\/p>\n<p style=\"text-align: justify;\">En cuanto a la econom\u00eda local o urbana, cada vez son m\u00e1s los establecimientos comerciales, gremios de la construcci\u00f3n o explotaciones del sector primario que cierran por falta de relevo. Adem\u00e1s, si se a\u00f1ade el cambio en los h\u00e1bitos de compra de los consumidores, el resultado es la reducci\u00f3n de la oferta comercial local y la p\u00e9rdida de empleo.<br \/>El plan estrat\u00e9gico contempla diferentes acciones para hacer frente a esta situaci\u00f3n. En el caso del comercio y la hosteler\u00eda, el plan estrat\u00e9gico incluye acciones para seguir trabajando hacia la digitalizaci\u00f3n y en el dise\u00f1o de la oferta formativa.<\/p>\n<p style=\"text-align: justify;\"><strong>EMPRENDIMIENTO<\/strong><\/p>\n<p style=\"text-align: justify;\">En cuanto al emprendimiento, se pretende fomentar y visibilizar la cultura emprendedora. Se promover\u00e1n procesos de relevo de negocios que son rentables, se analizar\u00e1n oportunidades de fomento del emprendimiento tecnol\u00f3gico o se crear\u00e1n nuevos espacios para fomentar el emprendimiento.<\/p>\n<p style=\"text-align: justify;\"><strong>EDUCACION<\/strong><\/p>\n<p style=\"text-align: justify;\">En educaci\u00f3n se han abordado diferentes l\u00edneas de trabajo, todas ellas dirigidas a reforzar el sistema de formaci\u00f3n educativo de la comarca. Para educar al alumnado que sepa responder adecuadamente a los retos de la sociedad en el futuro, se ha elaborado una l\u00ednea de trabajo que impulsara la adaptaci\u00f3n continua de la educaci\u00f3n.<\/p>\n<p style=\"text-align: justify;\">En la misma l\u00ednea, se ha priorizado ofrecer una formaci\u00f3n adaptada a las necesidades reales del tejido socioecon\u00f3mico de la comarca, teniendo en cuenta la creaci\u00f3n de nueva oferta. Tambi\u00e9n se ha acordado fomentar la colaboraci\u00f3n con las universidades del entorno para analizar las posibilidades de ampliar su oferta a la comarca.<\/p>\n<p style=\"text-align: justify;\">Por \u00faltimo, se acuerda realizar un trabajo en torno a la gesti\u00f3n del talento. En el diagn\u00f3stico del plan estrat\u00e9gico se ha identificado que el tejido econ\u00f3mico y la industria de la comarca, en particular, tiene dificultades para gestionar el talento. Para afrontarlo se pretende identificar y trabajar las capacidades, conocimientos y necesidades que en la actualidad y en el futuro necesitar\u00e1 el tejido socioecon\u00f3mico de la comarca para sembrar, mantener y atraer talento.<\/p>\n<p style=\"text-align: justify;\"><strong>TRANSICION ECOLOGICA<\/strong><\/p>\n<p style=\"text-align: justify;\">Otro de los objetivos principales del plan estrat\u00e9gico, como comarca, es impulsar la transici\u00f3n ecol\u00f3gica. El primer paso es sensibilizar a las industrias y negocios de la comarca sobre la necesidad de una transici\u00f3n ecol\u00f3gica. Para ello se crear\u00e1n espacios de sensibilizaci\u00f3n. Asimismo, se reflexionar\u00e1 con expertos sobre diferentes modelos de negocio y se analizar\u00e1n las posibilidades de aplicaci\u00f3n. Y, por \u00faltimo, se abordar\u00e1n diferentes programas para fomentar la eficiencia energ\u00e9tica y el uso de energ\u00edas renovables.<\/p>\n<p style=\"text-align: justify;\"><strong>EMPLEO Y DEMOGRAF\u00cdA<\/strong><\/p>\n<p style=\"text-align: justify;\">El principal objetivo final del plan estrat\u00e9gico es seguir consolidando las bases de un empleo digno y de calidad para los pr\u00f3ximos cinco a\u00f1os. Para cumplir el objetivo se han definido tres l\u00edneas de trabajo.<\/p>\n<ol>\n<li>Con el fin de dar una respuesta adecuada a los retos demogr\u00e1ficos del futuro, se ha acordado elaborar un plan espec\u00edfico para trabajar el impulso de las pol\u00edticas de conciliaci\u00f3n necesarias.<\/li>\n<li>Se promover\u00e1 un desarrollo socioecon\u00f3mico basado en el empleo de calidad y se dise\u00f1ar\u00e1n acciones que garanticen una inserci\u00f3n laboral equitativa de ambos g\u00e9neros.<\/li>\n<li>Se ofrecer\u00e1n actividades y recursos que faciliten la integraci\u00f3n de las personas en situaci\u00f3n de exclusi\u00f3n y una inserci\u00f3n laboral digna.<\/li>\n<\/ol>\n<p style=\"text-align: justify;\">La apertura del acto de hoy ha corrido a cargo de la alcaldesa de Azpeitia, Nagore Alkorta, Presidenta de Iraurgi Berritzen.<\/p>\n<p style=\"text-align: justify;\">A continuaci\u00f3n, han presentado los retos socioecon\u00f3micos y el modelo de gobernanza colaborativa a nivel de la CAV y Gipuzkoa, Mari Jose Aranguren, directora general de Orkestra, y Miren Larrea, investigadora senior de Orkestra.<\/p>\n<p style=\"text-align: justify;\">Seguidamente, Bego\u00f1a Beobide, directora de la agencia, da cuenta de los resultados del proceso de reflexi\u00f3n de Urola Erdia, subrayando que est\u00e1n alineados con los retos existentes a nivel de Gipuzkoa y de la CAV.<br \/>A continuaci\u00f3n, la Directora de Iraurgi Berritzen ha presentado el modelo de gesti\u00f3n previsto para garantizar la difusi\u00f3n y ejecuci\u00f3n de este plan, destacando la importancia que tendr\u00e1 la colaboraci\u00f3n entre los diferentes agentes a la hora de ponerlo en marcha.<\/p>\n<p style=\"text-align: justify;\">De hecho, ser\u00e1 responsabilidad de la Red IB el despliegue de los resultados de este Plan Estrat\u00e9gico, activando los grupos de trabajo encargados del desarrollo de las l\u00edneas de trabajo y acciones. Como hasta ahora, el desarrollo del plan estrat\u00e9gico se basar\u00e1 en la gobernanza colaborativa.<\/p>\n<p style=\"text-align: justify;\">En cambio, el seguimiento del plan correr\u00e1 a cargo del Consejo Gestor de IB Sarea. Asimismo, Ana Azkoitia y Leire Goenaga, concejales de Azkoitia y Azpeitia y miembros del Consejo Gestor de IB, han informado de la reorganizaci\u00f3n que tendr\u00e1 el \u00f3rgano, a\u00f1adiendo que a partir de ahora, se completar\u00e1 con representantes de todas las \u00e1reas que lo integran.<\/p>\n<p style=\"text-align: justify;\">Javier Zubizarreta, alcalde de Azkoitia y Vicepresidente de Iraurgi Berritzen, ha sido el encargado de cerrar el acto.<\/p>\n<p>&nbsp;<\/p>\n<div style=\"padding: 56.25% 0 0 0; position: relative;\"><iframe loading=\"lazy\" src=\"https:\/\/player.vimeo.com\/video\/774282412?h=f2a53c5791&amp;badge=0&amp;autopause=0&amp;player_id=0&amp;app_id=58479\" width=\"560\" height=\"315\" style=\"position: absolute; top: 0; left: 0; width: 100%; height: 100%;\" title=\"Elkarrekin Urola Erdia Eraldatzen 2022-2027: Emaitzak\" allowfullscreen=\"allowfullscreen\" allow=\"autoplay; fullscreen; picture-in-picture\"><\/iframe><\/div>\n<div>&nbsp;<\/div>\n<div>\n<div style=\"text-align: center;\"><img loading=\"lazy\" decoding=\"async\" src=\"images\/1.png\" alt=\"1.png\" width=\"600\" height=\"386\" style=\"display: block; margin-left: auto; margin-right: auto;\" \/><\/div>\n<div style=\"text-align: center;\">&nbsp;<\/div>\n<div style=\"text-align: center;\">&nbsp;<\/div>\n<div style=\"text-align: center;\"><img loading=\"lazy\" decoding=\"async\" src=\"images\/2.png\" alt=\"2.png\" width=\"600\" height=\"386\" \/><\/div>\n<div style=\"text-align: center;\">&nbsp;<\/div>\n<div style=\"text-align: center;\">&nbsp;<\/div>\n<div style=\"text-align: center;\"><img loading=\"lazy\" decoding=\"async\" src=\"images\/3.png\" alt=\"3.png\" width=\"600\" height=\"386\" \/><\/div>\n<div style=\"text-align: center;\">&nbsp;<\/div>\n<div style=\"text-align: center;\"><img loading=\"lazy\" decoding=\"async\" src=\"images\/4.png\" alt=\"4.png\" width=\"600\" height=\"386\" \/><\/div>\n<div style=\"text-align: center;\">&nbsp;<\/div>\n<div style=\"text-align: center;\"><img loading=\"lazy\" decoding=\"async\" src=\"images\/5.png\" alt=\"5.png\" width=\"600\" height=\"386\" \/><\/div>\n<div style=\"text-align: center;\">&nbsp;<\/div>\n<div style=\"text-align: center;\"><img loading=\"lazy\" decoding=\"async\" src=\"images\/6.png\" alt=\"6.png\" width=\"600\" height=\"386\" \/><\/div>\n<div style=\"text-align: center;\">&nbsp;<\/div>\n<div style=\"text-align: center;\"><img loading=\"lazy\" decoding=\"async\" src=\"images\/PORTADA_WEB_67.png\" alt=\"PORTADA_WEB_67.png\" width=\"600\" height=\"386\" \/><\/div>\n<div style=\"text-align: center;\">&nbsp;<\/div>\n<div><img loading=\"lazy\" decoding=\"async\" src=\"images\/7.png\" alt=\"7.png\" width=\"600\" height=\"386\" style=\"display: block; margin-left: auto; margin-right: auto;\" \/><\/div>\n<\/div>\n<p><script src=\"https:\/\/player.vimeo.com\/api\/player.js\" type=\"text\/javascript\"><\/script><\/p>\n","protected":false},"excerpt":{"rendered":"<p>En base a la Gobernanza Colaborativa, el proceso de reflexi\u00f3n Elkarrekin Urola Erdia Eraldatzen 2022-2027&nbsp;ha reunido en los \u00faltimos meses a agentes de diferentes sectores. Hoy, 24 de noviembre, se ha celebrado las \u201cXX. Topaketak de IB Sarea\u201d&nbsp;en la casa de espiritualidad \u201cGogartetxea\u201d de Loiola (Azpeitia). En ella han participado, impulsados por la Agencia de [&hellip;]<\/p>\n","protected":false},"author":1,"featured_media":17320,"comment_status":"","ping_status":"closed","sticky":false,"template":"","format":"standard","meta":{"_acf_changed":false,"footnotes":""},"categories":[4],"tags":[],"class_list":["post-14182","post","type-post","status-publish","format-standard","has-post-thumbnail","hentry","category-noticias"],"acf":[],"yoast_head":"<!-- This site is optimized with the Yoast SEO plugin v27.4 - https:\/\/yoast.com\/product\/yoast-seo-wordpress\/ -->\n<title>La reflexi\u00f3n estrat\u00e9gica de Urola Medio como eje central de los XX. Topaketak de IB Sarea - Iraurgi Berritzen<\/title>\n<meta name=\"robots\" content=\"index, follow, max-snippet:-1, max-image-preview:large, max-video-preview:-1\" \/>\n<link rel=\"canonical\" href=\"https:\/\/iraurgiberritzen.eus\/es\/la-reflexion-estrategica-de-urola-medio-como-eje-central-de-los-xx-topaketak-de-ib-sarea\/\" \/>\n<meta property=\"og:locale\" content=\"es_ES\" \/>\n<meta property=\"og:type\" content=\"article\" \/>\n<meta property=\"og:title\" content=\"La reflexi\u00f3n estrat\u00e9gica de Urola Medio como eje central de los XX. Topaketak de IB Sarea - Iraurgi Berritzen\" \/>\n<meta property=\"og:description\" content=\"En base a la Gobernanza Colaborativa, el proceso de reflexi\u00f3n Elkarrekin Urola Erdia Eraldatzen 2022-2027&nbsp;ha reunido en los \u00faltimos meses a agentes de diferentes sectores. Hoy, 24 de noviembre, se ha celebrado las \u201cXX. Topaketak de IB Sarea\u201d&nbsp;en la casa de espiritualidad \u201cGogartetxea\u201d de Loiola (Azpeitia). En ella han participado, impulsados por la Agencia de [&hellip;]\" \/>\n<meta property=\"og:url\" content=\"https:\/\/iraurgiberritzen.eus\/es\/la-reflexion-estrategica-de-urola-medio-como-eje-central-de-los-xx-topaketak-de-ib-sarea\/\" \/>\n<meta property=\"og:site_name\" content=\"Iraurgi Berritzen\" \/>\n<meta property=\"article:published_time\" content=\"2022-11-24T11:03:18+00:00\" \/>\n<meta name=\"author\" content=\"kudeatzailea\" \/>\n<meta name=\"twitter:card\" content=\"summary_large_image\" \/>\n<meta name=\"twitter:label1\" content=\"Escrito por\" \/>\n\t<meta name=\"twitter:data1\" content=\"kudeatzailea\" \/>\n\t<meta name=\"twitter:label2\" content=\"Tiempo de lectura\" \/>\n\t<meta name=\"twitter:data2\" content=\"9 minutos\" \/>\n<script type=\"application\/ld+json\" class=\"yoast-schema-graph\">{\"@context\":\"https:\\\/\\\/schema.org\",\"@graph\":[{\"@type\":\"Article\",\"@id\":\"https:\\\/\\\/iraurgiberritzen.eus\\\/es\\\/la-reflexion-estrategica-de-urola-medio-como-eje-central-de-los-xx-topaketak-de-ib-sarea\\\/#article\",\"isPartOf\":{\"@id\":\"https:\\\/\\\/iraurgiberritzen.eus\\\/es\\\/la-reflexion-estrategica-de-urola-medio-como-eje-central-de-los-xx-topaketak-de-ib-sarea\\\/\"},\"author\":{\"name\":\"kudeatzailea\",\"@id\":\"https:\\\/\\\/iraurgiberritzen.eus\\\/es\\\/#\\\/schema\\\/person\\\/5ab41aaf388a9097177601ebf45738d2\"},\"headline\":\"La reflexi\u00f3n estrat\u00e9gica de Urola Medio como eje central de los XX. Topaketak de IB Sarea\",\"datePublished\":\"2022-11-24T11:03:18+00:00\",\"mainEntityOfPage\":{\"@id\":\"https:\\\/\\\/iraurgiberritzen.eus\\\/es\\\/la-reflexion-estrategica-de-urola-medio-como-eje-central-de-los-xx-topaketak-de-ib-sarea\\\/\"},\"wordCount\":1762,\"publisher\":{\"@id\":\"https:\\\/\\\/iraurgiberritzen.eus\\\/es\\\/#organization\"},\"image\":{\"@id\":\"https:\\\/\\\/iraurgiberritzen.eus\\\/es\\\/la-reflexion-estrategica-de-urola-medio-como-eje-central-de-los-xx-topaketak-de-ib-sarea\\\/#primaryimage\"},\"thumbnailUrl\":\"https:\\\/\\\/iraurgiberritzen.eus\\\/wp-content\\\/uploads\\\/2023\\\/09\\\/74cb8ada7a7c2004573daaf7e046bcf6.jpg\",\"articleSection\":[\"Noticias\"],\"inLanguage\":\"es\"},{\"@type\":\"WebPage\",\"@id\":\"https:\\\/\\\/iraurgiberritzen.eus\\\/es\\\/la-reflexion-estrategica-de-urola-medio-como-eje-central-de-los-xx-topaketak-de-ib-sarea\\\/\",\"url\":\"https:\\\/\\\/iraurgiberritzen.eus\\\/es\\\/la-reflexion-estrategica-de-urola-medio-como-eje-central-de-los-xx-topaketak-de-ib-sarea\\\/\",\"name\":\"La reflexi\u00f3n estrat\u00e9gica de Urola Medio como eje central de los XX. Topaketak de IB Sarea - Iraurgi Berritzen\",\"isPartOf\":{\"@id\":\"https:\\\/\\\/iraurgiberritzen.eus\\\/es\\\/#website\"},\"primaryImageOfPage\":{\"@id\":\"https:\\\/\\\/iraurgiberritzen.eus\\\/es\\\/la-reflexion-estrategica-de-urola-medio-como-eje-central-de-los-xx-topaketak-de-ib-sarea\\\/#primaryimage\"},\"image\":{\"@id\":\"https:\\\/\\\/iraurgiberritzen.eus\\\/es\\\/la-reflexion-estrategica-de-urola-medio-como-eje-central-de-los-xx-topaketak-de-ib-sarea\\\/#primaryimage\"},\"thumbnailUrl\":\"https:\\\/\\\/iraurgiberritzen.eus\\\/wp-content\\\/uploads\\\/2023\\\/09\\\/74cb8ada7a7c2004573daaf7e046bcf6.jpg\",\"datePublished\":\"2022-11-24T11:03:18+00:00\",\"breadcrumb\":{\"@id\":\"https:\\\/\\\/iraurgiberritzen.eus\\\/es\\\/la-reflexion-estrategica-de-urola-medio-como-eje-central-de-los-xx-topaketak-de-ib-sarea\\\/#breadcrumb\"},\"inLanguage\":\"es\",\"potentialAction\":[{\"@type\":\"ReadAction\",\"target\":[\"https:\\\/\\\/iraurgiberritzen.eus\\\/es\\\/la-reflexion-estrategica-de-urola-medio-como-eje-central-de-los-xx-topaketak-de-ib-sarea\\\/\"]}]},{\"@type\":\"ImageObject\",\"inLanguage\":\"es\",\"@id\":\"https:\\\/\\\/iraurgiberritzen.eus\\\/es\\\/la-reflexion-estrategica-de-urola-medio-como-eje-central-de-los-xx-topaketak-de-ib-sarea\\\/#primaryimage\",\"url\":\"https:\\\/\\\/iraurgiberritzen.eus\\\/wp-content\\\/uploads\\\/2023\\\/09\\\/74cb8ada7a7c2004573daaf7e046bcf6.jpg\",\"contentUrl\":\"https:\\\/\\\/iraurgiberritzen.eus\\\/wp-content\\\/uploads\\\/2023\\\/09\\\/74cb8ada7a7c2004573daaf7e046bcf6.jpg\",\"width\":400,\"height\":257},{\"@type\":\"BreadcrumbList\",\"@id\":\"https:\\\/\\\/iraurgiberritzen.eus\\\/es\\\/la-reflexion-estrategica-de-urola-medio-como-eje-central-de-los-xx-topaketak-de-ib-sarea\\\/#breadcrumb\",\"itemListElement\":[{\"@type\":\"ListItem\",\"position\":1,\"name\":\"Home\",\"item\":\"https:\\\/\\\/iraurgiberritzen.eus\\\/es\\\/\"},{\"@type\":\"ListItem\",\"position\":2,\"name\":\"La reflexi\u00f3n estrat\u00e9gica de Urola Medio como eje central de los XX. Topaketak de IB Sarea\"}]},{\"@type\":\"WebSite\",\"@id\":\"https:\\\/\\\/iraurgiberritzen.eus\\\/es\\\/#website\",\"url\":\"https:\\\/\\\/iraurgiberritzen.eus\\\/es\\\/\",\"name\":\"Iraurgi Berritzen\",\"description\":\"Urola Erdiko Garapen Agentzia\",\"publisher\":{\"@id\":\"https:\\\/\\\/iraurgiberritzen.eus\\\/es\\\/#organization\"},\"potentialAction\":[{\"@type\":\"SearchAction\",\"target\":{\"@type\":\"EntryPoint\",\"urlTemplate\":\"https:\\\/\\\/iraurgiberritzen.eus\\\/es\\\/?s={search_term_string}\"},\"query-input\":{\"@type\":\"PropertyValueSpecification\",\"valueRequired\":true,\"valueName\":\"search_term_string\"}}],\"inLanguage\":\"es\"},{\"@type\":\"Organization\",\"@id\":\"https:\\\/\\\/iraurgiberritzen.eus\\\/es\\\/#organization\",\"name\":\"Iraurgi Berritzen\",\"url\":\"https:\\\/\\\/iraurgiberritzen.eus\\\/es\\\/\",\"logo\":{\"@type\":\"ImageObject\",\"inLanguage\":\"es\",\"@id\":\"https:\\\/\\\/iraurgiberritzen.eus\\\/es\\\/#\\\/schema\\\/logo\\\/image\\\/\",\"url\":\"https:\\\/\\\/iraurgiberritzen.eus\\\/wp-content\\\/uploads\\\/2024\\\/02\\\/IRAURGI-BERRITZEN-logotipoa_2.png\",\"contentUrl\":\"https:\\\/\\\/iraurgiberritzen.eus\\\/wp-content\\\/uploads\\\/2024\\\/02\\\/IRAURGI-BERRITZEN-logotipoa_2.png\",\"width\":496,\"height\":190,\"caption\":\"Iraurgi Berritzen\"},\"image\":{\"@id\":\"https:\\\/\\\/iraurgiberritzen.eus\\\/es\\\/#\\\/schema\\\/logo\\\/image\\\/\"}},{\"@type\":\"Person\",\"@id\":\"https:\\\/\\\/iraurgiberritzen.eus\\\/es\\\/#\\\/schema\\\/person\\\/5ab41aaf388a9097177601ebf45738d2\",\"name\":\"kudeatzailea\",\"sameAs\":[\"https:\\\/\\\/iraurgiberritzen.eus\"]}]}<\/script>\n<!-- \/ Yoast SEO plugin. -->","yoast_head_json":{"title":"La reflexi\u00f3n estrat\u00e9gica de Urola Medio como eje central de los XX. Topaketak de IB Sarea - Iraurgi Berritzen","robots":{"index":"index","follow":"follow","max-snippet":"max-snippet:-1","max-image-preview":"max-image-preview:large","max-video-preview":"max-video-preview:-1"},"canonical":"https:\/\/iraurgiberritzen.eus\/es\/la-reflexion-estrategica-de-urola-medio-como-eje-central-de-los-xx-topaketak-de-ib-sarea\/","og_locale":"es_ES","og_type":"article","og_title":"La reflexi\u00f3n estrat\u00e9gica de Urola Medio como eje central de los XX. Topaketak de IB Sarea - Iraurgi Berritzen","og_description":"En base a la Gobernanza Colaborativa, el proceso de reflexi\u00f3n Elkarrekin Urola Erdia Eraldatzen 2022-2027&nbsp;ha reunido en los \u00faltimos meses a agentes de diferentes sectores. Hoy, 24 de noviembre, se ha celebrado las \u201cXX. Topaketak de IB Sarea\u201d&nbsp;en la casa de espiritualidad \u201cGogartetxea\u201d de Loiola (Azpeitia). En ella han participado, impulsados por la Agencia de [&hellip;]","og_url":"https:\/\/iraurgiberritzen.eus\/es\/la-reflexion-estrategica-de-urola-medio-como-eje-central-de-los-xx-topaketak-de-ib-sarea\/","og_site_name":"Iraurgi Berritzen","article_published_time":"2022-11-24T11:03:18+00:00","author":"kudeatzailea","twitter_card":"summary_large_image","twitter_misc":{"Escrito por":"kudeatzailea","Tiempo de lectura":"9 minutos"},"schema":{"@context":"https:\/\/schema.org","@graph":[{"@type":"Article","@id":"https:\/\/iraurgiberritzen.eus\/es\/la-reflexion-estrategica-de-urola-medio-como-eje-central-de-los-xx-topaketak-de-ib-sarea\/#article","isPartOf":{"@id":"https:\/\/iraurgiberritzen.eus\/es\/la-reflexion-estrategica-de-urola-medio-como-eje-central-de-los-xx-topaketak-de-ib-sarea\/"},"author":{"name":"kudeatzailea","@id":"https:\/\/iraurgiberritzen.eus\/es\/#\/schema\/person\/5ab41aaf388a9097177601ebf45738d2"},"headline":"La reflexi\u00f3n estrat\u00e9gica de Urola Medio como eje central de los XX. Topaketak de IB Sarea","datePublished":"2022-11-24T11:03:18+00:00","mainEntityOfPage":{"@id":"https:\/\/iraurgiberritzen.eus\/es\/la-reflexion-estrategica-de-urola-medio-como-eje-central-de-los-xx-topaketak-de-ib-sarea\/"},"wordCount":1762,"publisher":{"@id":"https:\/\/iraurgiberritzen.eus\/es\/#organization"},"image":{"@id":"https:\/\/iraurgiberritzen.eus\/es\/la-reflexion-estrategica-de-urola-medio-como-eje-central-de-los-xx-topaketak-de-ib-sarea\/#primaryimage"},"thumbnailUrl":"https:\/\/iraurgiberritzen.eus\/wp-content\/uploads\/2023\/09\/74cb8ada7a7c2004573daaf7e046bcf6.jpg","articleSection":["Noticias"],"inLanguage":"es"},{"@type":"WebPage","@id":"https:\/\/iraurgiberritzen.eus\/es\/la-reflexion-estrategica-de-urola-medio-como-eje-central-de-los-xx-topaketak-de-ib-sarea\/","url":"https:\/\/iraurgiberritzen.eus\/es\/la-reflexion-estrategica-de-urola-medio-como-eje-central-de-los-xx-topaketak-de-ib-sarea\/","name":"La reflexi\u00f3n estrat\u00e9gica de Urola Medio como eje central de los XX. Topaketak de IB Sarea - Iraurgi Berritzen","isPartOf":{"@id":"https:\/\/iraurgiberritzen.eus\/es\/#website"},"primaryImageOfPage":{"@id":"https:\/\/iraurgiberritzen.eus\/es\/la-reflexion-estrategica-de-urola-medio-como-eje-central-de-los-xx-topaketak-de-ib-sarea\/#primaryimage"},"image":{"@id":"https:\/\/iraurgiberritzen.eus\/es\/la-reflexion-estrategica-de-urola-medio-como-eje-central-de-los-xx-topaketak-de-ib-sarea\/#primaryimage"},"thumbnailUrl":"https:\/\/iraurgiberritzen.eus\/wp-content\/uploads\/2023\/09\/74cb8ada7a7c2004573daaf7e046bcf6.jpg","datePublished":"2022-11-24T11:03:18+00:00","breadcrumb":{"@id":"https:\/\/iraurgiberritzen.eus\/es\/la-reflexion-estrategica-de-urola-medio-como-eje-central-de-los-xx-topaketak-de-ib-sarea\/#breadcrumb"},"inLanguage":"es","potentialAction":[{"@type":"ReadAction","target":["https:\/\/iraurgiberritzen.eus\/es\/la-reflexion-estrategica-de-urola-medio-como-eje-central-de-los-xx-topaketak-de-ib-sarea\/"]}]},{"@type":"ImageObject","inLanguage":"es","@id":"https:\/\/iraurgiberritzen.eus\/es\/la-reflexion-estrategica-de-urola-medio-como-eje-central-de-los-xx-topaketak-de-ib-sarea\/#primaryimage","url":"https:\/\/iraurgiberritzen.eus\/wp-content\/uploads\/2023\/09\/74cb8ada7a7c2004573daaf7e046bcf6.jpg","contentUrl":"https:\/\/iraurgiberritzen.eus\/wp-content\/uploads\/2023\/09\/74cb8ada7a7c2004573daaf7e046bcf6.jpg","width":400,"height":257},{"@type":"BreadcrumbList","@id":"https:\/\/iraurgiberritzen.eus\/es\/la-reflexion-estrategica-de-urola-medio-como-eje-central-de-los-xx-topaketak-de-ib-sarea\/#breadcrumb","itemListElement":[{"@type":"ListItem","position":1,"name":"Home","item":"https:\/\/iraurgiberritzen.eus\/es\/"},{"@type":"ListItem","position":2,"name":"La reflexi\u00f3n estrat\u00e9gica de Urola Medio como eje central de los XX. Topaketak de IB Sarea"}]},{"@type":"WebSite","@id":"https:\/\/iraurgiberritzen.eus\/es\/#website","url":"https:\/\/iraurgiberritzen.eus\/es\/","name":"Iraurgi Berritzen","description":"Urola Erdiko Garapen Agentzia","publisher":{"@id":"https:\/\/iraurgiberritzen.eus\/es\/#organization"},"potentialAction":[{"@type":"SearchAction","target":{"@type":"EntryPoint","urlTemplate":"https:\/\/iraurgiberritzen.eus\/es\/?s={search_term_string}"},"query-input":{"@type":"PropertyValueSpecification","valueRequired":true,"valueName":"search_term_string"}}],"inLanguage":"es"},{"@type":"Organization","@id":"https:\/\/iraurgiberritzen.eus\/es\/#organization","name":"Iraurgi Berritzen","url":"https:\/\/iraurgiberritzen.eus\/es\/","logo":{"@type":"ImageObject","inLanguage":"es","@id":"https:\/\/iraurgiberritzen.eus\/es\/#\/schema\/logo\/image\/","url":"https:\/\/iraurgiberritzen.eus\/wp-content\/uploads\/2024\/02\/IRAURGI-BERRITZEN-logotipoa_2.png","contentUrl":"https:\/\/iraurgiberritzen.eus\/wp-content\/uploads\/2024\/02\/IRAURGI-BERRITZEN-logotipoa_2.png","width":496,"height":190,"caption":"Iraurgi Berritzen"},"image":{"@id":"https:\/\/iraurgiberritzen.eus\/es\/#\/schema\/logo\/image\/"}},{"@type":"Person","@id":"https:\/\/iraurgiberritzen.eus\/es\/#\/schema\/person\/5ab41aaf388a9097177601ebf45738d2","name":"kudeatzailea","sameAs":["https:\/\/iraurgiberritzen.eus"]}]}},"_links":{"self":[{"href":"https:\/\/iraurgiberritzen.eus\/es\/wp-json\/wp\/v2\/posts\/14182","targetHints":{"allow":["GET"]}}],"collection":[{"href":"https:\/\/iraurgiberritzen.eus\/es\/wp-json\/wp\/v2\/posts"}],"about":[{"href":"https:\/\/iraurgiberritzen.eus\/es\/wp-json\/wp\/v2\/types\/post"}],"author":[{"embeddable":true,"href":"https:\/\/iraurgiberritzen.eus\/es\/wp-json\/wp\/v2\/users\/1"}],"replies":[{"embeddable":true,"href":"https:\/\/iraurgiberritzen.eus\/es\/wp-json\/wp\/v2\/comments?post=14182"}],"version-history":[{"count":0,"href":"https:\/\/iraurgiberritzen.eus\/es\/wp-json\/wp\/v2\/posts\/14182\/revisions"}],"wp:featuredmedia":[{"embeddable":true,"href":"https:\/\/iraurgiberritzen.eus\/es\/wp-json\/wp\/v2\/media\/17320"}],"wp:attachment":[{"href":"https:\/\/iraurgiberritzen.eus\/es\/wp-json\/wp\/v2\/media?parent=14182"}],"wp:term":[{"taxonomy":"category","embeddable":true,"href":"https:\/\/iraurgiberritzen.eus\/es\/wp-json\/wp\/v2\/categories?post=14182"},{"taxonomy":"post_tag","embeddable":true,"href":"https:\/\/iraurgiberritzen.eus\/es\/wp-json\/wp\/v2\/tags?post=14182"}],"curies":[{"name":"wp","href":"https:\/\/api.w.org\/{rel}","templated":true}]}}