{"id":14191,"date":"2022-11-28T11:18:04","date_gmt":"2022-11-28T09:18:04","guid":{"rendered":"https:\/\/iraurgiberritzen.eus\/klink-gune-los-as-emprendedores-as-de-la-comarca-han-mantenido-un-coloquio-sobre-como-gestionar-nuestro-tiempo-cuando-emprendemos\/"},"modified":"2022-11-28T11:18:04","modified_gmt":"2022-11-28T09:18:04","slug":"klink-gune-los-as-emprendedores-as-de-la-comarca-han-mantenido-un-coloquio-sobre-como-gestionar-nuestro-tiempo-cuando-emprendemos","status":"publish","type":"post","link":"https:\/\/iraurgiberritzen.eus\/es\/klink-gune-los-as-emprendedores-as-de-la-comarca-han-mantenido-un-coloquio-sobre-como-gestionar-nuestro-tiempo-cuando-emprendemos\/","title":{"rendered":"KLINK GUNE: Los\/as emprendedores\/as de la comarca han mantenido un coloquio sobre \u201cC\u00f3mo gestionar el tiempo cuando se emprende\u201d"},"content":{"rendered":"<p style=\"text-align: justify;\">El pasado mi\u00e9rcoles, d\u00eda 23, los\/as emprendedores\/as de la comarca se reunieron en torno a un caf\u00e9 para conversar sobre la <strong>gesti\u00f3n del tiempo<\/strong>.<\/p>\n<p style=\"text-align: justify;\">Cuando uno emprende en solitario gestionar el tiempo se convierte en misi\u00f3n imposible, su proyecto emprendedor, la conciliaci\u00f3n familiar, el estr\u00e9s, tareas que no terminan nunca&#8230;<\/p>\n<p style=\"text-align: justify;\">En el caf\u00e9 tertulia, la coach Mar\u00eda Diez mostr\u00f3 claves y herramientas para que pudieran gestionar mejor el tiempo y los\/as emprendedores\/as compartieron las dificultades con las que se encontraban a la hora de gestionar su tiempo.<\/p>\n<p style=\"text-align: justify;\">La sesi\u00f3n se enmarca dentro de KLINK GUNE y tiene como objetivo crear espacios para que las personas emprendedoras de la comarca compartan sus reflexiones e inquietudes en torno a diferentes tem\u00e1ticas.<\/p>\n","protected":false},"excerpt":{"rendered":"<p>El pasado mi\u00e9rcoles, d\u00eda 23, los\/as emprendedores\/as de la comarca se reunieron en torno a un caf\u00e9 para conversar sobre la gesti\u00f3n del tiempo. Cuando uno emprende en solitario gestionar el tiempo se convierte en misi\u00f3n imposible, su proyecto emprendedor, la conciliaci\u00f3n familiar, el estr\u00e9s, tareas que no terminan nunca&#8230; En el caf\u00e9 tertulia, la [&hellip;]<\/p>\n","protected":false},"author":1,"featured_media":17303,"comment_status":"","ping_status":"closed","sticky":false,"template":"","format":"standard","meta":{"_acf_changed":false,"footnotes":""},"categories":[4],"tags":[],"class_list":["post-14191","post","type-post","status-publish","format-standard","has-post-thumbnail","hentry","category-noticias"],"acf":[],"yoast_head":"<!-- This site is optimized with the Yoast SEO plugin v27.4 - https:\/\/yoast.com\/product\/yoast-seo-wordpress\/ -->\n<title>KLINK GUNE: Los\/as emprendedores\/as de la comarca han mantenido un coloquio sobre \u201cC\u00f3mo gestionar el tiempo cuando se emprende\u201d - Iraurgi Berritzen<\/title>\n<meta name=\"robots\" content=\"index, follow, max-snippet:-1, max-image-preview:large, max-video-preview:-1\" \/>\n<link rel=\"canonical\" href=\"https:\/\/iraurgiberritzen.eus\/es\/klink-gune-los-as-emprendedores-as-de-la-comarca-han-mantenido-un-coloquio-sobre-como-gestionar-nuestro-tiempo-cuando-emprendemos\/\" \/>\n<meta property=\"og:locale\" content=\"es_ES\" \/>\n<meta property=\"og:type\" content=\"article\" \/>\n<meta property=\"og:title\" content=\"KLINK GUNE: Los\/as emprendedores\/as de la comarca han mantenido un coloquio sobre \u201cC\u00f3mo gestionar el tiempo cuando se emprende\u201d - Iraurgi Berritzen\" \/>\n<meta property=\"og:description\" content=\"El pasado mi\u00e9rcoles, d\u00eda 23, los\/as emprendedores\/as de la comarca se reunieron en torno a un caf\u00e9 para conversar sobre la gesti\u00f3n del tiempo. Cuando uno emprende en solitario gestionar el tiempo se convierte en misi\u00f3n imposible, su proyecto emprendedor, la conciliaci\u00f3n familiar, el estr\u00e9s, tareas que no terminan nunca&#8230; En el caf\u00e9 tertulia, la [&hellip;]\" \/>\n<meta property=\"og:url\" content=\"https:\/\/iraurgiberritzen.eus\/es\/klink-gune-los-as-emprendedores-as-de-la-comarca-han-mantenido-un-coloquio-sobre-como-gestionar-nuestro-tiempo-cuando-emprendemos\/\" \/>\n<meta property=\"og:site_name\" content=\"Iraurgi Berritzen\" \/>\n<meta property=\"article:published_time\" content=\"2022-11-28T09:18:04+00:00\" \/>\n<meta name=\"author\" content=\"kudeatzailea\" \/>\n<meta name=\"twitter:card\" content=\"summary_large_image\" \/>\n<meta name=\"twitter:label1\" content=\"Escrito por\" \/>\n\t<meta name=\"twitter:data1\" content=\"kudeatzailea\" \/>\n\t<meta name=\"twitter:label2\" content=\"Tiempo de lectura\" \/>\n\t<meta name=\"twitter:data2\" content=\"1 minuto\" \/>\n<script type=\"application\/ld+json\" class=\"yoast-schema-graph\">{\"@context\":\"https:\\\/\\\/schema.org\",\"@graph\":[{\"@type\":\"Article\",\"@id\":\"https:\\\/\\\/iraurgiberritzen.eus\\\/es\\\/klink-gune-los-as-emprendedores-as-de-la-comarca-han-mantenido-un-coloquio-sobre-como-gestionar-nuestro-tiempo-cuando-emprendemos\\\/#article\",\"isPartOf\":{\"@id\":\"https:\\\/\\\/iraurgiberritzen.eus\\\/es\\\/klink-gune-los-as-emprendedores-as-de-la-comarca-han-mantenido-un-coloquio-sobre-como-gestionar-nuestro-tiempo-cuando-emprendemos\\\/\"},\"author\":{\"name\":\"kudeatzailea\",\"@id\":\"https:\\\/\\\/iraurgiberritzen.eus\\\/es\\\/#\\\/schema\\\/person\\\/5ab41aaf388a9097177601ebf45738d2\"},\"headline\":\"KLINK GUNE: Los\\\/as emprendedores\\\/as de la comarca han mantenido un coloquio sobre \u201cC\u00f3mo gestionar el tiempo cuando se emprende\u201d\",\"datePublished\":\"2022-11-28T09:18:04+00:00\",\"mainEntityOfPage\":{\"@id\":\"https:\\\/\\\/iraurgiberritzen.eus\\\/es\\\/klink-gune-los-as-emprendedores-as-de-la-comarca-han-mantenido-un-coloquio-sobre-como-gestionar-nuestro-tiempo-cuando-emprendemos\\\/\"},\"wordCount\":153,\"publisher\":{\"@id\":\"https:\\\/\\\/iraurgiberritzen.eus\\\/es\\\/#organization\"},\"image\":{\"@id\":\"https:\\\/\\\/iraurgiberritzen.eus\\\/es\\\/klink-gune-los-as-emprendedores-as-de-la-comarca-han-mantenido-un-coloquio-sobre-como-gestionar-nuestro-tiempo-cuando-emprendemos\\\/#primaryimage\"},\"thumbnailUrl\":\"https:\\\/\\\/iraurgiberritzen.eus\\\/wp-content\\\/uploads\\\/2023\\\/09\\\/c79437b55c5c9951dea9dd78facc22a7.jpg\",\"articleSection\":[\"Noticias\"],\"inLanguage\":\"es\"},{\"@type\":\"WebPage\",\"@id\":\"https:\\\/\\\/iraurgiberritzen.eus\\\/es\\\/klink-gune-los-as-emprendedores-as-de-la-comarca-han-mantenido-un-coloquio-sobre-como-gestionar-nuestro-tiempo-cuando-emprendemos\\\/\",\"url\":\"https:\\\/\\\/iraurgiberritzen.eus\\\/es\\\/klink-gune-los-as-emprendedores-as-de-la-comarca-han-mantenido-un-coloquio-sobre-como-gestionar-nuestro-tiempo-cuando-emprendemos\\\/\",\"name\":\"KLINK GUNE: Los\\\/as emprendedores\\\/as de la comarca han mantenido un coloquio sobre \u201cC\u00f3mo gestionar el tiempo cuando se emprende\u201d - Iraurgi Berritzen\",\"isPartOf\":{\"@id\":\"https:\\\/\\\/iraurgiberritzen.eus\\\/es\\\/#website\"},\"primaryImageOfPage\":{\"@id\":\"https:\\\/\\\/iraurgiberritzen.eus\\\/es\\\/klink-gune-los-as-emprendedores-as-de-la-comarca-han-mantenido-un-coloquio-sobre-como-gestionar-nuestro-tiempo-cuando-emprendemos\\\/#primaryimage\"},\"image\":{\"@id\":\"https:\\\/\\\/iraurgiberritzen.eus\\\/es\\\/klink-gune-los-as-emprendedores-as-de-la-comarca-han-mantenido-un-coloquio-sobre-como-gestionar-nuestro-tiempo-cuando-emprendemos\\\/#primaryimage\"},\"thumbnailUrl\":\"https:\\\/\\\/iraurgiberritzen.eus\\\/wp-content\\\/uploads\\\/2023\\\/09\\\/c79437b55c5c9951dea9dd78facc22a7.jpg\",\"datePublished\":\"2022-11-28T09:18:04+00:00\",\"breadcrumb\":{\"@id\":\"https:\\\/\\\/iraurgiberritzen.eus\\\/es\\\/klink-gune-los-as-emprendedores-as-de-la-comarca-han-mantenido-un-coloquio-sobre-como-gestionar-nuestro-tiempo-cuando-emprendemos\\\/#breadcrumb\"},\"inLanguage\":\"es\",\"potentialAction\":[{\"@type\":\"ReadAction\",\"target\":[\"https:\\\/\\\/iraurgiberritzen.eus\\\/es\\\/klink-gune-los-as-emprendedores-as-de-la-comarca-han-mantenido-un-coloquio-sobre-como-gestionar-nuestro-tiempo-cuando-emprendemos\\\/\"]}]},{\"@type\":\"ImageObject\",\"inLanguage\":\"es\",\"@id\":\"https:\\\/\\\/iraurgiberritzen.eus\\\/es\\\/klink-gune-los-as-emprendedores-as-de-la-comarca-han-mantenido-un-coloquio-sobre-como-gestionar-nuestro-tiempo-cuando-emprendemos\\\/#primaryimage\",\"url\":\"https:\\\/\\\/iraurgiberritzen.eus\\\/wp-content\\\/uploads\\\/2023\\\/09\\\/c79437b55c5c9951dea9dd78facc22a7.jpg\",\"contentUrl\":\"https:\\\/\\\/iraurgiberritzen.eus\\\/wp-content\\\/uploads\\\/2023\\\/09\\\/c79437b55c5c9951dea9dd78facc22a7.jpg\",\"width\":400,\"height\":257},{\"@type\":\"BreadcrumbList\",\"@id\":\"https:\\\/\\\/iraurgiberritzen.eus\\\/es\\\/klink-gune-los-as-emprendedores-as-de-la-comarca-han-mantenido-un-coloquio-sobre-como-gestionar-nuestro-tiempo-cuando-emprendemos\\\/#breadcrumb\",\"itemListElement\":[{\"@type\":\"ListItem\",\"position\":1,\"name\":\"Home\",\"item\":\"https:\\\/\\\/iraurgiberritzen.eus\\\/es\\\/\"},{\"@type\":\"ListItem\",\"position\":2,\"name\":\"KLINK GUNE: Los\\\/as emprendedores\\\/as de la comarca han mantenido un coloquio sobre \u201cC\u00f3mo gestionar el tiempo cuando se emprende\u201d\"}]},{\"@type\":\"WebSite\",\"@id\":\"https:\\\/\\\/iraurgiberritzen.eus\\\/es\\\/#website\",\"url\":\"https:\\\/\\\/iraurgiberritzen.eus\\\/es\\\/\",\"name\":\"Iraurgi Berritzen\",\"description\":\"Urola Erdiko Garapen Agentzia\",\"publisher\":{\"@id\":\"https:\\\/\\\/iraurgiberritzen.eus\\\/es\\\/#organization\"},\"potentialAction\":[{\"@type\":\"SearchAction\",\"target\":{\"@type\":\"EntryPoint\",\"urlTemplate\":\"https:\\\/\\\/iraurgiberritzen.eus\\\/es\\\/?s={search_term_string}\"},\"query-input\":{\"@type\":\"PropertyValueSpecification\",\"valueRequired\":true,\"valueName\":\"search_term_string\"}}],\"inLanguage\":\"es\"},{\"@type\":\"Organization\",\"@id\":\"https:\\\/\\\/iraurgiberritzen.eus\\\/es\\\/#organization\",\"name\":\"Iraurgi Berritzen\",\"url\":\"https:\\\/\\\/iraurgiberritzen.eus\\\/es\\\/\",\"logo\":{\"@type\":\"ImageObject\",\"inLanguage\":\"es\",\"@id\":\"https:\\\/\\\/iraurgiberritzen.eus\\\/es\\\/#\\\/schema\\\/logo\\\/image\\\/\",\"url\":\"https:\\\/\\\/iraurgiberritzen.eus\\\/wp-content\\\/uploads\\\/2024\\\/02\\\/IRAURGI-BERRITZEN-logotipoa_2.png\",\"contentUrl\":\"https:\\\/\\\/iraurgiberritzen.eus\\\/wp-content\\\/uploads\\\/2024\\\/02\\\/IRAURGI-BERRITZEN-logotipoa_2.png\",\"width\":496,\"height\":190,\"caption\":\"Iraurgi Berritzen\"},\"image\":{\"@id\":\"https:\\\/\\\/iraurgiberritzen.eus\\\/es\\\/#\\\/schema\\\/logo\\\/image\\\/\"}},{\"@type\":\"Person\",\"@id\":\"https:\\\/\\\/iraurgiberritzen.eus\\\/es\\\/#\\\/schema\\\/person\\\/5ab41aaf388a9097177601ebf45738d2\",\"name\":\"kudeatzailea\",\"sameAs\":[\"https:\\\/\\\/iraurgiberritzen.eus\"]}]}<\/script>\n<!-- \/ Yoast SEO plugin. -->","yoast_head_json":{"title":"KLINK GUNE: Los\/as emprendedores\/as de la comarca han mantenido un coloquio sobre \u201cC\u00f3mo gestionar el tiempo cuando se emprende\u201d - Iraurgi Berritzen","robots":{"index":"index","follow":"follow","max-snippet":"max-snippet:-1","max-image-preview":"max-image-preview:large","max-video-preview":"max-video-preview:-1"},"canonical":"https:\/\/iraurgiberritzen.eus\/es\/klink-gune-los-as-emprendedores-as-de-la-comarca-han-mantenido-un-coloquio-sobre-como-gestionar-nuestro-tiempo-cuando-emprendemos\/","og_locale":"es_ES","og_type":"article","og_title":"KLINK GUNE: Los\/as emprendedores\/as de la comarca han mantenido un coloquio sobre \u201cC\u00f3mo gestionar el tiempo cuando se emprende\u201d - Iraurgi Berritzen","og_description":"El pasado mi\u00e9rcoles, d\u00eda 23, los\/as emprendedores\/as de la comarca se reunieron en torno a un caf\u00e9 para conversar sobre la gesti\u00f3n del tiempo. Cuando uno emprende en solitario gestionar el tiempo se convierte en misi\u00f3n imposible, su proyecto emprendedor, la conciliaci\u00f3n familiar, el estr\u00e9s, tareas que no terminan nunca&#8230; En el caf\u00e9 tertulia, la [&hellip;]","og_url":"https:\/\/iraurgiberritzen.eus\/es\/klink-gune-los-as-emprendedores-as-de-la-comarca-han-mantenido-un-coloquio-sobre-como-gestionar-nuestro-tiempo-cuando-emprendemos\/","og_site_name":"Iraurgi Berritzen","article_published_time":"2022-11-28T09:18:04+00:00","author":"kudeatzailea","twitter_card":"summary_large_image","twitter_misc":{"Escrito por":"kudeatzailea","Tiempo de lectura":"1 minuto"},"schema":{"@context":"https:\/\/schema.org","@graph":[{"@type":"Article","@id":"https:\/\/iraurgiberritzen.eus\/es\/klink-gune-los-as-emprendedores-as-de-la-comarca-han-mantenido-un-coloquio-sobre-como-gestionar-nuestro-tiempo-cuando-emprendemos\/#article","isPartOf":{"@id":"https:\/\/iraurgiberritzen.eus\/es\/klink-gune-los-as-emprendedores-as-de-la-comarca-han-mantenido-un-coloquio-sobre-como-gestionar-nuestro-tiempo-cuando-emprendemos\/"},"author":{"name":"kudeatzailea","@id":"https:\/\/iraurgiberritzen.eus\/es\/#\/schema\/person\/5ab41aaf388a9097177601ebf45738d2"},"headline":"KLINK GUNE: Los\/as emprendedores\/as de la comarca han mantenido un coloquio sobre \u201cC\u00f3mo gestionar el tiempo cuando se emprende\u201d","datePublished":"2022-11-28T09:18:04+00:00","mainEntityOfPage":{"@id":"https:\/\/iraurgiberritzen.eus\/es\/klink-gune-los-as-emprendedores-as-de-la-comarca-han-mantenido-un-coloquio-sobre-como-gestionar-nuestro-tiempo-cuando-emprendemos\/"},"wordCount":153,"publisher":{"@id":"https:\/\/iraurgiberritzen.eus\/es\/#organization"},"image":{"@id":"https:\/\/iraurgiberritzen.eus\/es\/klink-gune-los-as-emprendedores-as-de-la-comarca-han-mantenido-un-coloquio-sobre-como-gestionar-nuestro-tiempo-cuando-emprendemos\/#primaryimage"},"thumbnailUrl":"https:\/\/iraurgiberritzen.eus\/wp-content\/uploads\/2023\/09\/c79437b55c5c9951dea9dd78facc22a7.jpg","articleSection":["Noticias"],"inLanguage":"es"},{"@type":"WebPage","@id":"https:\/\/iraurgiberritzen.eus\/es\/klink-gune-los-as-emprendedores-as-de-la-comarca-han-mantenido-un-coloquio-sobre-como-gestionar-nuestro-tiempo-cuando-emprendemos\/","url":"https:\/\/iraurgiberritzen.eus\/es\/klink-gune-los-as-emprendedores-as-de-la-comarca-han-mantenido-un-coloquio-sobre-como-gestionar-nuestro-tiempo-cuando-emprendemos\/","name":"KLINK GUNE: Los\/as emprendedores\/as de la comarca han mantenido un coloquio sobre \u201cC\u00f3mo gestionar el tiempo cuando se emprende\u201d - Iraurgi Berritzen","isPartOf":{"@id":"https:\/\/iraurgiberritzen.eus\/es\/#website"},"primaryImageOfPage":{"@id":"https:\/\/iraurgiberritzen.eus\/es\/klink-gune-los-as-emprendedores-as-de-la-comarca-han-mantenido-un-coloquio-sobre-como-gestionar-nuestro-tiempo-cuando-emprendemos\/#primaryimage"},"image":{"@id":"https:\/\/iraurgiberritzen.eus\/es\/klink-gune-los-as-emprendedores-as-de-la-comarca-han-mantenido-un-coloquio-sobre-como-gestionar-nuestro-tiempo-cuando-emprendemos\/#primaryimage"},"thumbnailUrl":"https:\/\/iraurgiberritzen.eus\/wp-content\/uploads\/2023\/09\/c79437b55c5c9951dea9dd78facc22a7.jpg","datePublished":"2022-11-28T09:18:04+00:00","breadcrumb":{"@id":"https:\/\/iraurgiberritzen.eus\/es\/klink-gune-los-as-emprendedores-as-de-la-comarca-han-mantenido-un-coloquio-sobre-como-gestionar-nuestro-tiempo-cuando-emprendemos\/#breadcrumb"},"inLanguage":"es","potentialAction":[{"@type":"ReadAction","target":["https:\/\/iraurgiberritzen.eus\/es\/klink-gune-los-as-emprendedores-as-de-la-comarca-han-mantenido-un-coloquio-sobre-como-gestionar-nuestro-tiempo-cuando-emprendemos\/"]}]},{"@type":"ImageObject","inLanguage":"es","@id":"https:\/\/iraurgiberritzen.eus\/es\/klink-gune-los-as-emprendedores-as-de-la-comarca-han-mantenido-un-coloquio-sobre-como-gestionar-nuestro-tiempo-cuando-emprendemos\/#primaryimage","url":"https:\/\/iraurgiberritzen.eus\/wp-content\/uploads\/2023\/09\/c79437b55c5c9951dea9dd78facc22a7.jpg","contentUrl":"https:\/\/iraurgiberritzen.eus\/wp-content\/uploads\/2023\/09\/c79437b55c5c9951dea9dd78facc22a7.jpg","width":400,"height":257},{"@type":"BreadcrumbList","@id":"https:\/\/iraurgiberritzen.eus\/es\/klink-gune-los-as-emprendedores-as-de-la-comarca-han-mantenido-un-coloquio-sobre-como-gestionar-nuestro-tiempo-cuando-emprendemos\/#breadcrumb","itemListElement":[{"@type":"ListItem","position":1,"name":"Home","item":"https:\/\/iraurgiberritzen.eus\/es\/"},{"@type":"ListItem","position":2,"name":"KLINK GUNE: Los\/as emprendedores\/as de la comarca han mantenido un coloquio sobre \u201cC\u00f3mo gestionar el tiempo cuando se emprende\u201d"}]},{"@type":"WebSite","@id":"https:\/\/iraurgiberritzen.eus\/es\/#website","url":"https:\/\/iraurgiberritzen.eus\/es\/","name":"Iraurgi Berritzen","description":"Urola Erdiko Garapen Agentzia","publisher":{"@id":"https:\/\/iraurgiberritzen.eus\/es\/#organization"},"potentialAction":[{"@type":"SearchAction","target":{"@type":"EntryPoint","urlTemplate":"https:\/\/iraurgiberritzen.eus\/es\/?s={search_term_string}"},"query-input":{"@type":"PropertyValueSpecification","valueRequired":true,"valueName":"search_term_string"}}],"inLanguage":"es"},{"@type":"Organization","@id":"https:\/\/iraurgiberritzen.eus\/es\/#organization","name":"Iraurgi Berritzen","url":"https:\/\/iraurgiberritzen.eus\/es\/","logo":{"@type":"ImageObject","inLanguage":"es","@id":"https:\/\/iraurgiberritzen.eus\/es\/#\/schema\/logo\/image\/","url":"https:\/\/iraurgiberritzen.eus\/wp-content\/uploads\/2024\/02\/IRAURGI-BERRITZEN-logotipoa_2.png","contentUrl":"https:\/\/iraurgiberritzen.eus\/wp-content\/uploads\/2024\/02\/IRAURGI-BERRITZEN-logotipoa_2.png","width":496,"height":190,"caption":"Iraurgi Berritzen"},"image":{"@id":"https:\/\/iraurgiberritzen.eus\/es\/#\/schema\/logo\/image\/"}},{"@type":"Person","@id":"https:\/\/iraurgiberritzen.eus\/es\/#\/schema\/person\/5ab41aaf388a9097177601ebf45738d2","name":"kudeatzailea","sameAs":["https:\/\/iraurgiberritzen.eus"]}]}},"_links":{"self":[{"href":"https:\/\/iraurgiberritzen.eus\/es\/wp-json\/wp\/v2\/posts\/14191","targetHints":{"allow":["GET"]}}],"collection":[{"href":"https:\/\/iraurgiberritzen.eus\/es\/wp-json\/wp\/v2\/posts"}],"about":[{"href":"https:\/\/iraurgiberritzen.eus\/es\/wp-json\/wp\/v2\/types\/post"}],"author":[{"embeddable":true,"href":"https:\/\/iraurgiberritzen.eus\/es\/wp-json\/wp\/v2\/users\/1"}],"replies":[{"embeddable":true,"href":"https:\/\/iraurgiberritzen.eus\/es\/wp-json\/wp\/v2\/comments?post=14191"}],"version-history":[{"count":0,"href":"https:\/\/iraurgiberritzen.eus\/es\/wp-json\/wp\/v2\/posts\/14191\/revisions"}],"wp:featuredmedia":[{"embeddable":true,"href":"https:\/\/iraurgiberritzen.eus\/es\/wp-json\/wp\/v2\/media\/17303"}],"wp:attachment":[{"href":"https:\/\/iraurgiberritzen.eus\/es\/wp-json\/wp\/v2\/media?parent=14191"}],"wp:term":[{"taxonomy":"category","embeddable":true,"href":"https:\/\/iraurgiberritzen.eus\/es\/wp-json\/wp\/v2\/categories?post=14191"},{"taxonomy":"post_tag","embeddable":true,"href":"https:\/\/iraurgiberritzen.eus\/es\/wp-json\/wp\/v2\/tags?post=14191"}],"curies":[{"name":"wp","href":"https:\/\/api.w.org\/{rel}","templated":true}]}}