{"id":14194,"date":"2022-11-28T12:57:43","date_gmt":"2022-11-28T10:57:43","guid":{"rendered":"https:\/\/iraurgiberritzen.eus\/comienza-el-taller-de-construccion-dirigido-a-personas-desempleadas\/"},"modified":"2022-11-28T12:57:43","modified_gmt":"2022-11-28T10:57:43","slug":"comienza-el-taller-de-construccion-dirigido-a-personas-desempleadas","status":"publish","type":"post","link":"https:\/\/iraurgiberritzen.eus\/es\/comienza-el-taller-de-construccion-dirigido-a-personas-desempleadas\/","title":{"rendered":"Dentro del proyecto estrat\u00e9gico de inserci\u00f3n sociolaboral de personas en riesgo o situaci\u00f3n de exclusi\u00f3n  en Urola Erdia, Elkar-Ekin Lanean, se pone en marcha el taller te\u00f3rico-pr\u00e1ctico de construcci\u00f3n para la inserci\u00f3n sociolaboral"},"content":{"rendered":"<p>Hoy, 28 de Noviembre se ha dado inicio al Taller de <strong>Formaci\u00f3n para la Inserci\u00f3n Laboral \u2013 Construcci\u00f3n<\/strong> dirigido a personas desempleadas de la comarca.<\/p>\n<p style=\"text-align: justify;\">13 personas desempleadas participar\u00e1n, desde hoy y hasta mayo de 2023, en una <strong>formaci\u00f3n te\u00f3rico-pr\u00e1ctica<\/strong> que tendr\u00e1 una duraci\u00f3n total de <strong>500 horas<\/strong>.<\/p>\n<p style=\"text-align: justify;\">Esta formaci\u00f3n se enmarca dentro del proyecto <strong>\u201cUrola Erdian ElkarEkin Eraginez III &#8211; UE3\u201d <\/strong>que se est\u00e1 desarrollando desde el \u00c1rea de Empleo y Formaci\u00f3n de Iraurgi Berritzen.&nbsp;<\/p>\n<p style=\"text-align: justify;\">Su principal objetivo es ofrecer a las personas desempleadas de la comarca itinerarios eficientes de inserci\u00f3n social y laboral adaptados a estos perfiles, integrando los servicios de la comarca. A trav\u00e9s de este proyecto se ofrecer\u00e1 una oportunidad en el conocimiento y pr\u00e1ctica en competencias profesionales\u202f <strong>(ALBA\u00d1ILER\u00cdA \/ FONTANER\u00cdA \/ ELECTRICIDAD)\u202f<\/strong>y sociolaborales que les permita mejorar su situaci\u00f3n social y laboral, completando sus procesos formativos y laborales.<\/p>\n","protected":false},"excerpt":{"rendered":"<p>Hoy, 28 de Noviembre se ha dado inicio al Taller de Formaci\u00f3n para la Inserci\u00f3n Laboral \u2013 Construcci\u00f3n dirigido a personas desempleadas de la comarca. 13 personas desempleadas participar\u00e1n, desde hoy y hasta mayo de 2023, en una formaci\u00f3n te\u00f3rico-pr\u00e1ctica que tendr\u00e1 una duraci\u00f3n total de 500 horas. Esta formaci\u00f3n se enmarca dentro del proyecto [&hellip;]<\/p>\n","protected":false},"author":1,"featured_media":17304,"comment_status":"","ping_status":"closed","sticky":false,"template":"","format":"standard","meta":{"_acf_changed":false,"footnotes":""},"categories":[4],"tags":[],"class_list":["post-14194","post","type-post","status-publish","format-standard","has-post-thumbnail","hentry","category-noticias"],"acf":[],"yoast_head":"<!-- This site is optimized with the Yoast SEO plugin v27.4 - https:\/\/yoast.com\/product\/yoast-seo-wordpress\/ -->\n<title>Dentro del proyecto estrat\u00e9gico de inserci\u00f3n sociolaboral de personas en riesgo o situaci\u00f3n de exclusi\u00f3n en Urola Erdia, Elkar-Ekin Lanean, se pone en marcha el taller te\u00f3rico-pr\u00e1ctico de construcci\u00f3n para la inserci\u00f3n sociolaboral - Iraurgi Berritzen<\/title>\n<meta name=\"robots\" content=\"index, follow, max-snippet:-1, max-image-preview:large, max-video-preview:-1\" \/>\n<link rel=\"canonical\" href=\"https:\/\/iraurgiberritzen.eus\/es\/comienza-el-taller-de-construccion-dirigido-a-personas-desempleadas\/\" \/>\n<meta property=\"og:locale\" content=\"es_ES\" \/>\n<meta property=\"og:type\" content=\"article\" \/>\n<meta property=\"og:title\" content=\"Dentro del proyecto estrat\u00e9gico de inserci\u00f3n sociolaboral de personas en riesgo o situaci\u00f3n de exclusi\u00f3n en Urola Erdia, Elkar-Ekin Lanean, se pone en marcha el taller te\u00f3rico-pr\u00e1ctico de construcci\u00f3n para la inserci\u00f3n sociolaboral - Iraurgi Berritzen\" \/>\n<meta property=\"og:description\" content=\"Hoy, 28 de Noviembre se ha dado inicio al Taller de Formaci\u00f3n para la Inserci\u00f3n Laboral \u2013 Construcci\u00f3n dirigido a personas desempleadas de la comarca. 13 personas desempleadas participar\u00e1n, desde hoy y hasta mayo de 2023, en una formaci\u00f3n te\u00f3rico-pr\u00e1ctica que tendr\u00e1 una duraci\u00f3n total de 500 horas. Esta formaci\u00f3n se enmarca dentro del proyecto [&hellip;]\" \/>\n<meta property=\"og:url\" content=\"https:\/\/iraurgiberritzen.eus\/es\/comienza-el-taller-de-construccion-dirigido-a-personas-desempleadas\/\" \/>\n<meta property=\"og:site_name\" content=\"Iraurgi Berritzen\" \/>\n<meta property=\"article:published_time\" content=\"2022-11-28T10:57:43+00:00\" \/>\n<meta name=\"author\" content=\"kudeatzailea\" \/>\n<meta name=\"twitter:card\" content=\"summary_large_image\" \/>\n<meta name=\"twitter:label1\" content=\"Escrito por\" \/>\n\t<meta name=\"twitter:data1\" content=\"kudeatzailea\" \/>\n\t<meta name=\"twitter:label2\" content=\"Tiempo de lectura\" \/>\n\t<meta name=\"twitter:data2\" content=\"1 minuto\" \/>\n<script type=\"application\/ld+json\" class=\"yoast-schema-graph\">{\"@context\":\"https:\\\/\\\/schema.org\",\"@graph\":[{\"@type\":\"Article\",\"@id\":\"https:\\\/\\\/iraurgiberritzen.eus\\\/es\\\/comienza-el-taller-de-construccion-dirigido-a-personas-desempleadas\\\/#article\",\"isPartOf\":{\"@id\":\"https:\\\/\\\/iraurgiberritzen.eus\\\/es\\\/comienza-el-taller-de-construccion-dirigido-a-personas-desempleadas\\\/\"},\"author\":{\"name\":\"kudeatzailea\",\"@id\":\"https:\\\/\\\/iraurgiberritzen.eus\\\/es\\\/#\\\/schema\\\/person\\\/5ab41aaf388a9097177601ebf45738d2\"},\"headline\":\"Dentro del proyecto estrat\u00e9gico de inserci\u00f3n sociolaboral de personas en riesgo o situaci\u00f3n de exclusi\u00f3n en Urola Erdia, Elkar-Ekin Lanean, se pone en marcha el taller te\u00f3rico-pr\u00e1ctico de construcci\u00f3n para la inserci\u00f3n sociolaboral\",\"datePublished\":\"2022-11-28T10:57:43+00:00\",\"mainEntityOfPage\":{\"@id\":\"https:\\\/\\\/iraurgiberritzen.eus\\\/es\\\/comienza-el-taller-de-construccion-dirigido-a-personas-desempleadas\\\/\"},\"wordCount\":196,\"publisher\":{\"@id\":\"https:\\\/\\\/iraurgiberritzen.eus\\\/es\\\/#organization\"},\"image\":{\"@id\":\"https:\\\/\\\/iraurgiberritzen.eus\\\/es\\\/comienza-el-taller-de-construccion-dirigido-a-personas-desempleadas\\\/#primaryimage\"},\"thumbnailUrl\":\"https:\\\/\\\/iraurgiberritzen.eus\\\/wp-content\\\/uploads\\\/2023\\\/09\\\/f32ff9eefb43b2acec245bea9b41330e.jpg\",\"articleSection\":[\"Noticias\"],\"inLanguage\":\"es\"},{\"@type\":\"WebPage\",\"@id\":\"https:\\\/\\\/iraurgiberritzen.eus\\\/es\\\/comienza-el-taller-de-construccion-dirigido-a-personas-desempleadas\\\/\",\"url\":\"https:\\\/\\\/iraurgiberritzen.eus\\\/es\\\/comienza-el-taller-de-construccion-dirigido-a-personas-desempleadas\\\/\",\"name\":\"Dentro del proyecto estrat\u00e9gico de inserci\u00f3n sociolaboral de personas en riesgo o situaci\u00f3n de exclusi\u00f3n en Urola Erdia, Elkar-Ekin Lanean, se pone en marcha el taller te\u00f3rico-pr\u00e1ctico de construcci\u00f3n para la inserci\u00f3n sociolaboral - Iraurgi Berritzen\",\"isPartOf\":{\"@id\":\"https:\\\/\\\/iraurgiberritzen.eus\\\/es\\\/#website\"},\"primaryImageOfPage\":{\"@id\":\"https:\\\/\\\/iraurgiberritzen.eus\\\/es\\\/comienza-el-taller-de-construccion-dirigido-a-personas-desempleadas\\\/#primaryimage\"},\"image\":{\"@id\":\"https:\\\/\\\/iraurgiberritzen.eus\\\/es\\\/comienza-el-taller-de-construccion-dirigido-a-personas-desempleadas\\\/#primaryimage\"},\"thumbnailUrl\":\"https:\\\/\\\/iraurgiberritzen.eus\\\/wp-content\\\/uploads\\\/2023\\\/09\\\/f32ff9eefb43b2acec245bea9b41330e.jpg\",\"datePublished\":\"2022-11-28T10:57:43+00:00\",\"breadcrumb\":{\"@id\":\"https:\\\/\\\/iraurgiberritzen.eus\\\/es\\\/comienza-el-taller-de-construccion-dirigido-a-personas-desempleadas\\\/#breadcrumb\"},\"inLanguage\":\"es\",\"potentialAction\":[{\"@type\":\"ReadAction\",\"target\":[\"https:\\\/\\\/iraurgiberritzen.eus\\\/es\\\/comienza-el-taller-de-construccion-dirigido-a-personas-desempleadas\\\/\"]}]},{\"@type\":\"ImageObject\",\"inLanguage\":\"es\",\"@id\":\"https:\\\/\\\/iraurgiberritzen.eus\\\/es\\\/comienza-el-taller-de-construccion-dirigido-a-personas-desempleadas\\\/#primaryimage\",\"url\":\"https:\\\/\\\/iraurgiberritzen.eus\\\/wp-content\\\/uploads\\\/2023\\\/09\\\/f32ff9eefb43b2acec245bea9b41330e.jpg\",\"contentUrl\":\"https:\\\/\\\/iraurgiberritzen.eus\\\/wp-content\\\/uploads\\\/2023\\\/09\\\/f32ff9eefb43b2acec245bea9b41330e.jpg\",\"width\":400,\"height\":257},{\"@type\":\"BreadcrumbList\",\"@id\":\"https:\\\/\\\/iraurgiberritzen.eus\\\/es\\\/comienza-el-taller-de-construccion-dirigido-a-personas-desempleadas\\\/#breadcrumb\",\"itemListElement\":[{\"@type\":\"ListItem\",\"position\":1,\"name\":\"Home\",\"item\":\"https:\\\/\\\/iraurgiberritzen.eus\\\/es\\\/\"},{\"@type\":\"ListItem\",\"position\":2,\"name\":\"Dentro del proyecto estrat\u00e9gico de inserci\u00f3n sociolaboral de personas en riesgo o situaci\u00f3n de exclusi\u00f3n en Urola Erdia, Elkar-Ekin Lanean, se pone en marcha el taller te\u00f3rico-pr\u00e1ctico de construcci\u00f3n para la inserci\u00f3n sociolaboral\"}]},{\"@type\":\"WebSite\",\"@id\":\"https:\\\/\\\/iraurgiberritzen.eus\\\/es\\\/#website\",\"url\":\"https:\\\/\\\/iraurgiberritzen.eus\\\/es\\\/\",\"name\":\"Iraurgi Berritzen\",\"description\":\"Urola Erdiko Garapen Agentzia\",\"publisher\":{\"@id\":\"https:\\\/\\\/iraurgiberritzen.eus\\\/es\\\/#organization\"},\"potentialAction\":[{\"@type\":\"SearchAction\",\"target\":{\"@type\":\"EntryPoint\",\"urlTemplate\":\"https:\\\/\\\/iraurgiberritzen.eus\\\/es\\\/?s={search_term_string}\"},\"query-input\":{\"@type\":\"PropertyValueSpecification\",\"valueRequired\":true,\"valueName\":\"search_term_string\"}}],\"inLanguage\":\"es\"},{\"@type\":\"Organization\",\"@id\":\"https:\\\/\\\/iraurgiberritzen.eus\\\/es\\\/#organization\",\"name\":\"Iraurgi Berritzen\",\"url\":\"https:\\\/\\\/iraurgiberritzen.eus\\\/es\\\/\",\"logo\":{\"@type\":\"ImageObject\",\"inLanguage\":\"es\",\"@id\":\"https:\\\/\\\/iraurgiberritzen.eus\\\/es\\\/#\\\/schema\\\/logo\\\/image\\\/\",\"url\":\"https:\\\/\\\/iraurgiberritzen.eus\\\/wp-content\\\/uploads\\\/2024\\\/02\\\/IRAURGI-BERRITZEN-logotipoa_2.png\",\"contentUrl\":\"https:\\\/\\\/iraurgiberritzen.eus\\\/wp-content\\\/uploads\\\/2024\\\/02\\\/IRAURGI-BERRITZEN-logotipoa_2.png\",\"width\":496,\"height\":190,\"caption\":\"Iraurgi Berritzen\"},\"image\":{\"@id\":\"https:\\\/\\\/iraurgiberritzen.eus\\\/es\\\/#\\\/schema\\\/logo\\\/image\\\/\"}},{\"@type\":\"Person\",\"@id\":\"https:\\\/\\\/iraurgiberritzen.eus\\\/es\\\/#\\\/schema\\\/person\\\/5ab41aaf388a9097177601ebf45738d2\",\"name\":\"kudeatzailea\",\"sameAs\":[\"https:\\\/\\\/iraurgiberritzen.eus\"]}]}<\/script>\n<!-- \/ Yoast SEO plugin. -->","yoast_head_json":{"title":"Dentro del proyecto estrat\u00e9gico de inserci\u00f3n sociolaboral de personas en riesgo o situaci\u00f3n de exclusi\u00f3n en Urola Erdia, Elkar-Ekin Lanean, se pone en marcha el taller te\u00f3rico-pr\u00e1ctico de construcci\u00f3n para la inserci\u00f3n sociolaboral - Iraurgi Berritzen","robots":{"index":"index","follow":"follow","max-snippet":"max-snippet:-1","max-image-preview":"max-image-preview:large","max-video-preview":"max-video-preview:-1"},"canonical":"https:\/\/iraurgiberritzen.eus\/es\/comienza-el-taller-de-construccion-dirigido-a-personas-desempleadas\/","og_locale":"es_ES","og_type":"article","og_title":"Dentro del proyecto estrat\u00e9gico de inserci\u00f3n sociolaboral de personas en riesgo o situaci\u00f3n de exclusi\u00f3n en Urola Erdia, Elkar-Ekin Lanean, se pone en marcha el taller te\u00f3rico-pr\u00e1ctico de construcci\u00f3n para la inserci\u00f3n sociolaboral - Iraurgi Berritzen","og_description":"Hoy, 28 de Noviembre se ha dado inicio al Taller de Formaci\u00f3n para la Inserci\u00f3n Laboral \u2013 Construcci\u00f3n dirigido a personas desempleadas de la comarca. 13 personas desempleadas participar\u00e1n, desde hoy y hasta mayo de 2023, en una formaci\u00f3n te\u00f3rico-pr\u00e1ctica que tendr\u00e1 una duraci\u00f3n total de 500 horas. Esta formaci\u00f3n se enmarca dentro del proyecto [&hellip;]","og_url":"https:\/\/iraurgiberritzen.eus\/es\/comienza-el-taller-de-construccion-dirigido-a-personas-desempleadas\/","og_site_name":"Iraurgi Berritzen","article_published_time":"2022-11-28T10:57:43+00:00","author":"kudeatzailea","twitter_card":"summary_large_image","twitter_misc":{"Escrito por":"kudeatzailea","Tiempo de lectura":"1 minuto"},"schema":{"@context":"https:\/\/schema.org","@graph":[{"@type":"Article","@id":"https:\/\/iraurgiberritzen.eus\/es\/comienza-el-taller-de-construccion-dirigido-a-personas-desempleadas\/#article","isPartOf":{"@id":"https:\/\/iraurgiberritzen.eus\/es\/comienza-el-taller-de-construccion-dirigido-a-personas-desempleadas\/"},"author":{"name":"kudeatzailea","@id":"https:\/\/iraurgiberritzen.eus\/es\/#\/schema\/person\/5ab41aaf388a9097177601ebf45738d2"},"headline":"Dentro del proyecto estrat\u00e9gico de inserci\u00f3n sociolaboral de personas en riesgo o situaci\u00f3n de exclusi\u00f3n en Urola Erdia, Elkar-Ekin Lanean, se pone en marcha el taller te\u00f3rico-pr\u00e1ctico de construcci\u00f3n para la inserci\u00f3n sociolaboral","datePublished":"2022-11-28T10:57:43+00:00","mainEntityOfPage":{"@id":"https:\/\/iraurgiberritzen.eus\/es\/comienza-el-taller-de-construccion-dirigido-a-personas-desempleadas\/"},"wordCount":196,"publisher":{"@id":"https:\/\/iraurgiberritzen.eus\/es\/#organization"},"image":{"@id":"https:\/\/iraurgiberritzen.eus\/es\/comienza-el-taller-de-construccion-dirigido-a-personas-desempleadas\/#primaryimage"},"thumbnailUrl":"https:\/\/iraurgiberritzen.eus\/wp-content\/uploads\/2023\/09\/f32ff9eefb43b2acec245bea9b41330e.jpg","articleSection":["Noticias"],"inLanguage":"es"},{"@type":"WebPage","@id":"https:\/\/iraurgiberritzen.eus\/es\/comienza-el-taller-de-construccion-dirigido-a-personas-desempleadas\/","url":"https:\/\/iraurgiberritzen.eus\/es\/comienza-el-taller-de-construccion-dirigido-a-personas-desempleadas\/","name":"Dentro del proyecto estrat\u00e9gico de inserci\u00f3n sociolaboral de personas en riesgo o situaci\u00f3n de exclusi\u00f3n en Urola Erdia, Elkar-Ekin Lanean, se pone en marcha el taller te\u00f3rico-pr\u00e1ctico de construcci\u00f3n para la inserci\u00f3n sociolaboral - Iraurgi Berritzen","isPartOf":{"@id":"https:\/\/iraurgiberritzen.eus\/es\/#website"},"primaryImageOfPage":{"@id":"https:\/\/iraurgiberritzen.eus\/es\/comienza-el-taller-de-construccion-dirigido-a-personas-desempleadas\/#primaryimage"},"image":{"@id":"https:\/\/iraurgiberritzen.eus\/es\/comienza-el-taller-de-construccion-dirigido-a-personas-desempleadas\/#primaryimage"},"thumbnailUrl":"https:\/\/iraurgiberritzen.eus\/wp-content\/uploads\/2023\/09\/f32ff9eefb43b2acec245bea9b41330e.jpg","datePublished":"2022-11-28T10:57:43+00:00","breadcrumb":{"@id":"https:\/\/iraurgiberritzen.eus\/es\/comienza-el-taller-de-construccion-dirigido-a-personas-desempleadas\/#breadcrumb"},"inLanguage":"es","potentialAction":[{"@type":"ReadAction","target":["https:\/\/iraurgiberritzen.eus\/es\/comienza-el-taller-de-construccion-dirigido-a-personas-desempleadas\/"]}]},{"@type":"ImageObject","inLanguage":"es","@id":"https:\/\/iraurgiberritzen.eus\/es\/comienza-el-taller-de-construccion-dirigido-a-personas-desempleadas\/#primaryimage","url":"https:\/\/iraurgiberritzen.eus\/wp-content\/uploads\/2023\/09\/f32ff9eefb43b2acec245bea9b41330e.jpg","contentUrl":"https:\/\/iraurgiberritzen.eus\/wp-content\/uploads\/2023\/09\/f32ff9eefb43b2acec245bea9b41330e.jpg","width":400,"height":257},{"@type":"BreadcrumbList","@id":"https:\/\/iraurgiberritzen.eus\/es\/comienza-el-taller-de-construccion-dirigido-a-personas-desempleadas\/#breadcrumb","itemListElement":[{"@type":"ListItem","position":1,"name":"Home","item":"https:\/\/iraurgiberritzen.eus\/es\/"},{"@type":"ListItem","position":2,"name":"Dentro del proyecto estrat\u00e9gico de inserci\u00f3n sociolaboral de personas en riesgo o situaci\u00f3n de exclusi\u00f3n en Urola Erdia, Elkar-Ekin Lanean, se pone en marcha el taller te\u00f3rico-pr\u00e1ctico de construcci\u00f3n para la inserci\u00f3n sociolaboral"}]},{"@type":"WebSite","@id":"https:\/\/iraurgiberritzen.eus\/es\/#website","url":"https:\/\/iraurgiberritzen.eus\/es\/","name":"Iraurgi Berritzen","description":"Urola Erdiko Garapen Agentzia","publisher":{"@id":"https:\/\/iraurgiberritzen.eus\/es\/#organization"},"potentialAction":[{"@type":"SearchAction","target":{"@type":"EntryPoint","urlTemplate":"https:\/\/iraurgiberritzen.eus\/es\/?s={search_term_string}"},"query-input":{"@type":"PropertyValueSpecification","valueRequired":true,"valueName":"search_term_string"}}],"inLanguage":"es"},{"@type":"Organization","@id":"https:\/\/iraurgiberritzen.eus\/es\/#organization","name":"Iraurgi Berritzen","url":"https:\/\/iraurgiberritzen.eus\/es\/","logo":{"@type":"ImageObject","inLanguage":"es","@id":"https:\/\/iraurgiberritzen.eus\/es\/#\/schema\/logo\/image\/","url":"https:\/\/iraurgiberritzen.eus\/wp-content\/uploads\/2024\/02\/IRAURGI-BERRITZEN-logotipoa_2.png","contentUrl":"https:\/\/iraurgiberritzen.eus\/wp-content\/uploads\/2024\/02\/IRAURGI-BERRITZEN-logotipoa_2.png","width":496,"height":190,"caption":"Iraurgi Berritzen"},"image":{"@id":"https:\/\/iraurgiberritzen.eus\/es\/#\/schema\/logo\/image\/"}},{"@type":"Person","@id":"https:\/\/iraurgiberritzen.eus\/es\/#\/schema\/person\/5ab41aaf388a9097177601ebf45738d2","name":"kudeatzailea","sameAs":["https:\/\/iraurgiberritzen.eus"]}]}},"_links":{"self":[{"href":"https:\/\/iraurgiberritzen.eus\/es\/wp-json\/wp\/v2\/posts\/14194","targetHints":{"allow":["GET"]}}],"collection":[{"href":"https:\/\/iraurgiberritzen.eus\/es\/wp-json\/wp\/v2\/posts"}],"about":[{"href":"https:\/\/iraurgiberritzen.eus\/es\/wp-json\/wp\/v2\/types\/post"}],"author":[{"embeddable":true,"href":"https:\/\/iraurgiberritzen.eus\/es\/wp-json\/wp\/v2\/users\/1"}],"replies":[{"embeddable":true,"href":"https:\/\/iraurgiberritzen.eus\/es\/wp-json\/wp\/v2\/comments?post=14194"}],"version-history":[{"count":0,"href":"https:\/\/iraurgiberritzen.eus\/es\/wp-json\/wp\/v2\/posts\/14194\/revisions"}],"wp:featuredmedia":[{"embeddable":true,"href":"https:\/\/iraurgiberritzen.eus\/es\/wp-json\/wp\/v2\/media\/17304"}],"wp:attachment":[{"href":"https:\/\/iraurgiberritzen.eus\/es\/wp-json\/wp\/v2\/media?parent=14194"}],"wp:term":[{"taxonomy":"category","embeddable":true,"href":"https:\/\/iraurgiberritzen.eus\/es\/wp-json\/wp\/v2\/categories?post=14194"},{"taxonomy":"post_tag","embeddable":true,"href":"https:\/\/iraurgiberritzen.eus\/es\/wp-json\/wp\/v2\/tags?post=14194"}],"curies":[{"name":"wp","href":"https:\/\/api.w.org\/{rel}","templated":true}]}}