{"id":14197,"date":"2022-12-01T12:39:17","date_gmt":"2022-12-01T10:39:17","guid":{"rendered":"https:\/\/iraurgiberritzen.eus\/eraikilan-mirando-a-las-empresas-de-construccion\/"},"modified":"2022-12-01T12:39:17","modified_gmt":"2022-12-01T10:39:17","slug":"eraikilan-mirando-a-las-empresas-de-construccion","status":"publish","type":"post","link":"https:\/\/iraurgiberritzen.eus\/es\/eraikilan-mirando-a-las-empresas-de-construccion\/","title":{"rendered":"Eraikilan: mirando a las empresas de construcci\u00f3n"},"content":{"rendered":"<p style=\"text-align: justify;\">El pasado 15 de noviembre se celebr\u00f3 una jornada cuyo eje central era el tema de la transmisi\u00f3n empresarial, dirigida a empresas del sector de la construcci\u00f3n en la que participaron varias empresas.<\/p>\n<p style=\"text-align: justify;\">En la jornada, se cont\u00f3 con la presencia de PKF Attest que, entre los mensajes que dio, insisti\u00f3 en la necesidad de planificar a tiempo el proceso de la transmisi\u00f3n.<\/p>\n<p style=\"text-align: justify;\">Tambi\u00e9n estuvieron presentes las asociaciones representantes del sector Arotzgi (Asociaci\u00f3n de carpinteros de Gipuzkoa ) e Instagi (Asociaci\u00f3n de instaladores y mantenedores de Gipuzkoa), que tambi\u00e9n corroboraron la escasez de personal existente en el sector y la falta de relevo en negocios rentables.<\/p>\n<p style=\"text-align: justify;\">Esta jornada ha sido el punto de partida para Iraurgi Berritzen para acercarse al sector. De cara al 2023, y con el objetivo de conocer la situaci\u00f3n, carencias y necesidades del sector, el equipo t\u00e9cnico se acercar\u00e1 a ellos a trav\u00e9s de un cuestionario.<\/p>\n<p style=\"text-align: justify;\">&nbsp;<\/p>\n<p>&nbsp;<\/p>\n<p>&nbsp;<\/p>\n","protected":false},"excerpt":{"rendered":"<p>El pasado 15 de noviembre se celebr\u00f3 una jornada cuyo eje central era el tema de la transmisi\u00f3n empresarial, dirigida a empresas del sector de la construcci\u00f3n en la que participaron varias empresas. En la jornada, se cont\u00f3 con la presencia de PKF Attest que, entre los mensajes que dio, insisti\u00f3 en la necesidad de [&hellip;]<\/p>\n","protected":false},"author":1,"featured_media":17305,"comment_status":"","ping_status":"closed","sticky":false,"template":"","format":"standard","meta":{"_acf_changed":false,"footnotes":""},"categories":[4],"tags":[],"class_list":["post-14197","post","type-post","status-publish","format-standard","has-post-thumbnail","hentry","category-noticias"],"acf":[],"yoast_head":"<!-- This site is optimized with the Yoast SEO plugin v27.4 - https:\/\/yoast.com\/product\/yoast-seo-wordpress\/ -->\n<title>Eraikilan: mirando a las empresas de construcci\u00f3n - Iraurgi Berritzen<\/title>\n<meta name=\"robots\" content=\"index, follow, max-snippet:-1, max-image-preview:large, max-video-preview:-1\" \/>\n<link rel=\"canonical\" href=\"https:\/\/iraurgiberritzen.eus\/es\/eraikilan-mirando-a-las-empresas-de-construccion\/\" \/>\n<meta property=\"og:locale\" content=\"es_ES\" \/>\n<meta property=\"og:type\" content=\"article\" \/>\n<meta property=\"og:title\" content=\"Eraikilan: mirando a las empresas de construcci\u00f3n - Iraurgi Berritzen\" \/>\n<meta property=\"og:description\" content=\"El pasado 15 de noviembre se celebr\u00f3 una jornada cuyo eje central era el tema de la transmisi\u00f3n empresarial, dirigida a empresas del sector de la construcci\u00f3n en la que participaron varias empresas. En la jornada, se cont\u00f3 con la presencia de PKF Attest que, entre los mensajes que dio, insisti\u00f3 en la necesidad de [&hellip;]\" \/>\n<meta property=\"og:url\" content=\"https:\/\/iraurgiberritzen.eus\/es\/eraikilan-mirando-a-las-empresas-de-construccion\/\" \/>\n<meta property=\"og:site_name\" content=\"Iraurgi Berritzen\" \/>\n<meta property=\"article:published_time\" content=\"2022-12-01T10:39:17+00:00\" \/>\n<meta name=\"author\" content=\"kudeatzailea\" \/>\n<meta name=\"twitter:card\" content=\"summary_large_image\" \/>\n<meta name=\"twitter:label1\" content=\"Escrito por\" \/>\n\t<meta name=\"twitter:data1\" content=\"kudeatzailea\" \/>\n\t<meta name=\"twitter:label2\" content=\"Tiempo de lectura\" \/>\n\t<meta name=\"twitter:data2\" content=\"1 minuto\" \/>\n<script type=\"application\/ld+json\" class=\"yoast-schema-graph\">{\"@context\":\"https:\\\/\\\/schema.org\",\"@graph\":[{\"@type\":\"Article\",\"@id\":\"https:\\\/\\\/iraurgiberritzen.eus\\\/es\\\/eraikilan-mirando-a-las-empresas-de-construccion\\\/#article\",\"isPartOf\":{\"@id\":\"https:\\\/\\\/iraurgiberritzen.eus\\\/es\\\/eraikilan-mirando-a-las-empresas-de-construccion\\\/\"},\"author\":{\"name\":\"kudeatzailea\",\"@id\":\"https:\\\/\\\/iraurgiberritzen.eus\\\/es\\\/#\\\/schema\\\/person\\\/5ab41aaf388a9097177601ebf45738d2\"},\"headline\":\"Eraikilan: mirando a las empresas de construcci\u00f3n\",\"datePublished\":\"2022-12-01T10:39:17+00:00\",\"mainEntityOfPage\":{\"@id\":\"https:\\\/\\\/iraurgiberritzen.eus\\\/es\\\/eraikilan-mirando-a-las-empresas-de-construccion\\\/\"},\"wordCount\":168,\"publisher\":{\"@id\":\"https:\\\/\\\/iraurgiberritzen.eus\\\/es\\\/#organization\"},\"image\":{\"@id\":\"https:\\\/\\\/iraurgiberritzen.eus\\\/es\\\/eraikilan-mirando-a-las-empresas-de-construccion\\\/#primaryimage\"},\"thumbnailUrl\":\"https:\\\/\\\/iraurgiberritzen.eus\\\/wp-content\\\/uploads\\\/2023\\\/09\\\/5467774f5535dc0e0bd116e89a59b7ab.jpg\",\"articleSection\":[\"Noticias\"],\"inLanguage\":\"es\"},{\"@type\":\"WebPage\",\"@id\":\"https:\\\/\\\/iraurgiberritzen.eus\\\/es\\\/eraikilan-mirando-a-las-empresas-de-construccion\\\/\",\"url\":\"https:\\\/\\\/iraurgiberritzen.eus\\\/es\\\/eraikilan-mirando-a-las-empresas-de-construccion\\\/\",\"name\":\"Eraikilan: mirando a las empresas de construcci\u00f3n - Iraurgi Berritzen\",\"isPartOf\":{\"@id\":\"https:\\\/\\\/iraurgiberritzen.eus\\\/es\\\/#website\"},\"primaryImageOfPage\":{\"@id\":\"https:\\\/\\\/iraurgiberritzen.eus\\\/es\\\/eraikilan-mirando-a-las-empresas-de-construccion\\\/#primaryimage\"},\"image\":{\"@id\":\"https:\\\/\\\/iraurgiberritzen.eus\\\/es\\\/eraikilan-mirando-a-las-empresas-de-construccion\\\/#primaryimage\"},\"thumbnailUrl\":\"https:\\\/\\\/iraurgiberritzen.eus\\\/wp-content\\\/uploads\\\/2023\\\/09\\\/5467774f5535dc0e0bd116e89a59b7ab.jpg\",\"datePublished\":\"2022-12-01T10:39:17+00:00\",\"breadcrumb\":{\"@id\":\"https:\\\/\\\/iraurgiberritzen.eus\\\/es\\\/eraikilan-mirando-a-las-empresas-de-construccion\\\/#breadcrumb\"},\"inLanguage\":\"es\",\"potentialAction\":[{\"@type\":\"ReadAction\",\"target\":[\"https:\\\/\\\/iraurgiberritzen.eus\\\/es\\\/eraikilan-mirando-a-las-empresas-de-construccion\\\/\"]}]},{\"@type\":\"ImageObject\",\"inLanguage\":\"es\",\"@id\":\"https:\\\/\\\/iraurgiberritzen.eus\\\/es\\\/eraikilan-mirando-a-las-empresas-de-construccion\\\/#primaryimage\",\"url\":\"https:\\\/\\\/iraurgiberritzen.eus\\\/wp-content\\\/uploads\\\/2023\\\/09\\\/5467774f5535dc0e0bd116e89a59b7ab.jpg\",\"contentUrl\":\"https:\\\/\\\/iraurgiberritzen.eus\\\/wp-content\\\/uploads\\\/2023\\\/09\\\/5467774f5535dc0e0bd116e89a59b7ab.jpg\",\"width\":400,\"height\":257},{\"@type\":\"BreadcrumbList\",\"@id\":\"https:\\\/\\\/iraurgiberritzen.eus\\\/es\\\/eraikilan-mirando-a-las-empresas-de-construccion\\\/#breadcrumb\",\"itemListElement\":[{\"@type\":\"ListItem\",\"position\":1,\"name\":\"Home\",\"item\":\"https:\\\/\\\/iraurgiberritzen.eus\\\/es\\\/\"},{\"@type\":\"ListItem\",\"position\":2,\"name\":\"Eraikilan: mirando a las empresas de construcci\u00f3n\"}]},{\"@type\":\"WebSite\",\"@id\":\"https:\\\/\\\/iraurgiberritzen.eus\\\/es\\\/#website\",\"url\":\"https:\\\/\\\/iraurgiberritzen.eus\\\/es\\\/\",\"name\":\"Iraurgi Berritzen\",\"description\":\"Urola Erdiko Garapen Agentzia\",\"publisher\":{\"@id\":\"https:\\\/\\\/iraurgiberritzen.eus\\\/es\\\/#organization\"},\"potentialAction\":[{\"@type\":\"SearchAction\",\"target\":{\"@type\":\"EntryPoint\",\"urlTemplate\":\"https:\\\/\\\/iraurgiberritzen.eus\\\/es\\\/?s={search_term_string}\"},\"query-input\":{\"@type\":\"PropertyValueSpecification\",\"valueRequired\":true,\"valueName\":\"search_term_string\"}}],\"inLanguage\":\"es\"},{\"@type\":\"Organization\",\"@id\":\"https:\\\/\\\/iraurgiberritzen.eus\\\/es\\\/#organization\",\"name\":\"Iraurgi Berritzen\",\"url\":\"https:\\\/\\\/iraurgiberritzen.eus\\\/es\\\/\",\"logo\":{\"@type\":\"ImageObject\",\"inLanguage\":\"es\",\"@id\":\"https:\\\/\\\/iraurgiberritzen.eus\\\/es\\\/#\\\/schema\\\/logo\\\/image\\\/\",\"url\":\"https:\\\/\\\/iraurgiberritzen.eus\\\/wp-content\\\/uploads\\\/2024\\\/02\\\/IRAURGI-BERRITZEN-logotipoa_2.png\",\"contentUrl\":\"https:\\\/\\\/iraurgiberritzen.eus\\\/wp-content\\\/uploads\\\/2024\\\/02\\\/IRAURGI-BERRITZEN-logotipoa_2.png\",\"width\":496,\"height\":190,\"caption\":\"Iraurgi Berritzen\"},\"image\":{\"@id\":\"https:\\\/\\\/iraurgiberritzen.eus\\\/es\\\/#\\\/schema\\\/logo\\\/image\\\/\"}},{\"@type\":\"Person\",\"@id\":\"https:\\\/\\\/iraurgiberritzen.eus\\\/es\\\/#\\\/schema\\\/person\\\/5ab41aaf388a9097177601ebf45738d2\",\"name\":\"kudeatzailea\",\"sameAs\":[\"https:\\\/\\\/iraurgiberritzen.eus\"]}]}<\/script>\n<!-- \/ Yoast SEO plugin. -->","yoast_head_json":{"title":"Eraikilan: mirando a las empresas de construcci\u00f3n - Iraurgi Berritzen","robots":{"index":"index","follow":"follow","max-snippet":"max-snippet:-1","max-image-preview":"max-image-preview:large","max-video-preview":"max-video-preview:-1"},"canonical":"https:\/\/iraurgiberritzen.eus\/es\/eraikilan-mirando-a-las-empresas-de-construccion\/","og_locale":"es_ES","og_type":"article","og_title":"Eraikilan: mirando a las empresas de construcci\u00f3n - Iraurgi Berritzen","og_description":"El pasado 15 de noviembre se celebr\u00f3 una jornada cuyo eje central era el tema de la transmisi\u00f3n empresarial, dirigida a empresas del sector de la construcci\u00f3n en la que participaron varias empresas. En la jornada, se cont\u00f3 con la presencia de PKF Attest que, entre los mensajes que dio, insisti\u00f3 en la necesidad de [&hellip;]","og_url":"https:\/\/iraurgiberritzen.eus\/es\/eraikilan-mirando-a-las-empresas-de-construccion\/","og_site_name":"Iraurgi Berritzen","article_published_time":"2022-12-01T10:39:17+00:00","author":"kudeatzailea","twitter_card":"summary_large_image","twitter_misc":{"Escrito por":"kudeatzailea","Tiempo de lectura":"1 minuto"},"schema":{"@context":"https:\/\/schema.org","@graph":[{"@type":"Article","@id":"https:\/\/iraurgiberritzen.eus\/es\/eraikilan-mirando-a-las-empresas-de-construccion\/#article","isPartOf":{"@id":"https:\/\/iraurgiberritzen.eus\/es\/eraikilan-mirando-a-las-empresas-de-construccion\/"},"author":{"name":"kudeatzailea","@id":"https:\/\/iraurgiberritzen.eus\/es\/#\/schema\/person\/5ab41aaf388a9097177601ebf45738d2"},"headline":"Eraikilan: mirando a las empresas de construcci\u00f3n","datePublished":"2022-12-01T10:39:17+00:00","mainEntityOfPage":{"@id":"https:\/\/iraurgiberritzen.eus\/es\/eraikilan-mirando-a-las-empresas-de-construccion\/"},"wordCount":168,"publisher":{"@id":"https:\/\/iraurgiberritzen.eus\/es\/#organization"},"image":{"@id":"https:\/\/iraurgiberritzen.eus\/es\/eraikilan-mirando-a-las-empresas-de-construccion\/#primaryimage"},"thumbnailUrl":"https:\/\/iraurgiberritzen.eus\/wp-content\/uploads\/2023\/09\/5467774f5535dc0e0bd116e89a59b7ab.jpg","articleSection":["Noticias"],"inLanguage":"es"},{"@type":"WebPage","@id":"https:\/\/iraurgiberritzen.eus\/es\/eraikilan-mirando-a-las-empresas-de-construccion\/","url":"https:\/\/iraurgiberritzen.eus\/es\/eraikilan-mirando-a-las-empresas-de-construccion\/","name":"Eraikilan: mirando a las empresas de construcci\u00f3n - Iraurgi Berritzen","isPartOf":{"@id":"https:\/\/iraurgiberritzen.eus\/es\/#website"},"primaryImageOfPage":{"@id":"https:\/\/iraurgiberritzen.eus\/es\/eraikilan-mirando-a-las-empresas-de-construccion\/#primaryimage"},"image":{"@id":"https:\/\/iraurgiberritzen.eus\/es\/eraikilan-mirando-a-las-empresas-de-construccion\/#primaryimage"},"thumbnailUrl":"https:\/\/iraurgiberritzen.eus\/wp-content\/uploads\/2023\/09\/5467774f5535dc0e0bd116e89a59b7ab.jpg","datePublished":"2022-12-01T10:39:17+00:00","breadcrumb":{"@id":"https:\/\/iraurgiberritzen.eus\/es\/eraikilan-mirando-a-las-empresas-de-construccion\/#breadcrumb"},"inLanguage":"es","potentialAction":[{"@type":"ReadAction","target":["https:\/\/iraurgiberritzen.eus\/es\/eraikilan-mirando-a-las-empresas-de-construccion\/"]}]},{"@type":"ImageObject","inLanguage":"es","@id":"https:\/\/iraurgiberritzen.eus\/es\/eraikilan-mirando-a-las-empresas-de-construccion\/#primaryimage","url":"https:\/\/iraurgiberritzen.eus\/wp-content\/uploads\/2023\/09\/5467774f5535dc0e0bd116e89a59b7ab.jpg","contentUrl":"https:\/\/iraurgiberritzen.eus\/wp-content\/uploads\/2023\/09\/5467774f5535dc0e0bd116e89a59b7ab.jpg","width":400,"height":257},{"@type":"BreadcrumbList","@id":"https:\/\/iraurgiberritzen.eus\/es\/eraikilan-mirando-a-las-empresas-de-construccion\/#breadcrumb","itemListElement":[{"@type":"ListItem","position":1,"name":"Home","item":"https:\/\/iraurgiberritzen.eus\/es\/"},{"@type":"ListItem","position":2,"name":"Eraikilan: mirando a las empresas de construcci\u00f3n"}]},{"@type":"WebSite","@id":"https:\/\/iraurgiberritzen.eus\/es\/#website","url":"https:\/\/iraurgiberritzen.eus\/es\/","name":"Iraurgi Berritzen","description":"Urola Erdiko Garapen Agentzia","publisher":{"@id":"https:\/\/iraurgiberritzen.eus\/es\/#organization"},"potentialAction":[{"@type":"SearchAction","target":{"@type":"EntryPoint","urlTemplate":"https:\/\/iraurgiberritzen.eus\/es\/?s={search_term_string}"},"query-input":{"@type":"PropertyValueSpecification","valueRequired":true,"valueName":"search_term_string"}}],"inLanguage":"es"},{"@type":"Organization","@id":"https:\/\/iraurgiberritzen.eus\/es\/#organization","name":"Iraurgi Berritzen","url":"https:\/\/iraurgiberritzen.eus\/es\/","logo":{"@type":"ImageObject","inLanguage":"es","@id":"https:\/\/iraurgiberritzen.eus\/es\/#\/schema\/logo\/image\/","url":"https:\/\/iraurgiberritzen.eus\/wp-content\/uploads\/2024\/02\/IRAURGI-BERRITZEN-logotipoa_2.png","contentUrl":"https:\/\/iraurgiberritzen.eus\/wp-content\/uploads\/2024\/02\/IRAURGI-BERRITZEN-logotipoa_2.png","width":496,"height":190,"caption":"Iraurgi Berritzen"},"image":{"@id":"https:\/\/iraurgiberritzen.eus\/es\/#\/schema\/logo\/image\/"}},{"@type":"Person","@id":"https:\/\/iraurgiberritzen.eus\/es\/#\/schema\/person\/5ab41aaf388a9097177601ebf45738d2","name":"kudeatzailea","sameAs":["https:\/\/iraurgiberritzen.eus"]}]}},"_links":{"self":[{"href":"https:\/\/iraurgiberritzen.eus\/es\/wp-json\/wp\/v2\/posts\/14197","targetHints":{"allow":["GET"]}}],"collection":[{"href":"https:\/\/iraurgiberritzen.eus\/es\/wp-json\/wp\/v2\/posts"}],"about":[{"href":"https:\/\/iraurgiberritzen.eus\/es\/wp-json\/wp\/v2\/types\/post"}],"author":[{"embeddable":true,"href":"https:\/\/iraurgiberritzen.eus\/es\/wp-json\/wp\/v2\/users\/1"}],"replies":[{"embeddable":true,"href":"https:\/\/iraurgiberritzen.eus\/es\/wp-json\/wp\/v2\/comments?post=14197"}],"version-history":[{"count":0,"href":"https:\/\/iraurgiberritzen.eus\/es\/wp-json\/wp\/v2\/posts\/14197\/revisions"}],"wp:featuredmedia":[{"embeddable":true,"href":"https:\/\/iraurgiberritzen.eus\/es\/wp-json\/wp\/v2\/media\/17305"}],"wp:attachment":[{"href":"https:\/\/iraurgiberritzen.eus\/es\/wp-json\/wp\/v2\/media?parent=14197"}],"wp:term":[{"taxonomy":"category","embeddable":true,"href":"https:\/\/iraurgiberritzen.eus\/es\/wp-json\/wp\/v2\/categories?post=14197"},{"taxonomy":"post_tag","embeddable":true,"href":"https:\/\/iraurgiberritzen.eus\/es\/wp-json\/wp\/v2\/tags?post=14197"}],"curies":[{"name":"wp","href":"https:\/\/api.w.org\/{rel}","templated":true}]}}