{"id":14200,"date":"2022-12-01T17:21:22","date_gmt":"2022-12-01T15:21:22","guid":{"rendered":"https:\/\/iraurgiberritzen.eus\/empresas-de-la-comarca-comparten-aprendizajes-y-resultados-obtenidos-del-proyecto-trabajado-en-el-ambito-de-la-economia-circular\/"},"modified":"2022-12-01T17:21:22","modified_gmt":"2022-12-01T15:21:22","slug":"empresas-de-la-comarca-comparten-aprendizajes-y-resultados-obtenidos-del-proyecto-trabajado-en-el-ambito-de-la-economia-circular","status":"publish","type":"post","link":"https:\/\/iraurgiberritzen.eus\/es\/empresas-de-la-comarca-comparten-aprendizajes-y-resultados-obtenidos-del-proyecto-trabajado-en-el-ambito-de-la-economia-circular\/","title":{"rendered":"Empresas de la comarca comparten aprendizajes y resultados obtenidos del proyecto trabajado en el \u00e1mbito de la Econom\u00eda Circular"},"content":{"rendered":"<p style=\"text-align: justify;\">Hoy, 2 de diciembre, se ha celebrado en el Palacio Basazabal de Azpeitia una sesi\u00f3n colectiva donde han participado, las 6 empresas de la comarca que han desarrollado el proyecto <strong>\u201cImpulsando la Econom\u00eda Circular en las pymes del Urola Medio\u201d<\/strong>.<\/p>\n<p style=\"text-align: justify;\">A su vez, han estado presentes los expertos de B+I Strategy quienes han apoyado en el desarrollo de los proyectos, as\u00ed como representantes de Ihobe, la cual ha financiado el proyecto.<\/p>\n<p style=\"text-align: justify;\">Este proyecto se inici\u00f3 a trav\u00e9s de la sesi\u00f3n de trabajo celebrada el 23 de marzo. Se ha dirigido a las PYMEs del sector de maquinaria y equipo de la comarca e Iraurgi Berritzen lo ha puesto en marcha con el objetivo de ayudar en la transformaci\u00f3n ecol\u00f3gica y\/o en los primeros pasos en Econom\u00eda Circular. El objetivo principal ha sido la identificaci\u00f3n, valoraci\u00f3n y priorizaci\u00f3n de nuevas oportunidades y nichos de mercado vinculados a la Econom\u00eda Circular, as\u00ed como la creaci\u00f3n de planes de acci\u00f3n empresariales individuales para impulsar dichas oportunidades.<\/p>\n<p style=\"text-align: justify;\">En la sesi\u00f3n de trabajo de hoy, tras realizar una evaluaci\u00f3n global del proceso, se han centrado en lo que ha aprendido cada empresa: c\u00f3mo se ha trabajado el proceso, la metodolog\u00eda utilizada, qu\u00e9 han aprendido, la participaci\u00f3n de los equipos internos, d\u00f3nde se han encontrado las principales barreras, \u2026 y han realizado una valoraci\u00f3n de las oportunidades prioritarias detectadas. Por \u00faltimo, han podido conocer de la mano de IHOBE las herramientas y apoyos que ofrece la entidad para llevar adelante la hoja de ruta definida por cada empresa. Adem\u00e1s, han contado con un espacio para el debate y el di\u00e1logo.<\/p>\n","protected":false},"excerpt":{"rendered":"<p>Hoy, 2 de diciembre, se ha celebrado en el Palacio Basazabal de Azpeitia una sesi\u00f3n colectiva donde han participado, las 6 empresas de la comarca que han desarrollado el proyecto \u201cImpulsando la Econom\u00eda Circular en las pymes del Urola Medio\u201d. A su vez, han estado presentes los expertos de B+I Strategy quienes han apoyado en [&hellip;]<\/p>\n","protected":false},"author":1,"featured_media":17306,"comment_status":"","ping_status":"closed","sticky":false,"template":"","format":"standard","meta":{"_acf_changed":false,"footnotes":""},"categories":[4],"tags":[],"class_list":["post-14200","post","type-post","status-publish","format-standard","has-post-thumbnail","hentry","category-noticias"],"acf":[],"yoast_head":"<!-- This site is optimized with the Yoast SEO plugin v27.4 - https:\/\/yoast.com\/product\/yoast-seo-wordpress\/ -->\n<title>Empresas de la comarca comparten aprendizajes y resultados obtenidos del proyecto trabajado en el \u00e1mbito de la Econom\u00eda Circular - Iraurgi Berritzen<\/title>\n<meta name=\"robots\" content=\"index, follow, max-snippet:-1, max-image-preview:large, max-video-preview:-1\" \/>\n<link rel=\"canonical\" href=\"https:\/\/iraurgiberritzen.eus\/es\/empresas-de-la-comarca-comparten-aprendizajes-y-resultados-obtenidos-del-proyecto-trabajado-en-el-ambito-de-la-economia-circular\/\" \/>\n<meta property=\"og:locale\" content=\"es_ES\" \/>\n<meta property=\"og:type\" content=\"article\" \/>\n<meta property=\"og:title\" content=\"Empresas de la comarca comparten aprendizajes y resultados obtenidos del proyecto trabajado en el \u00e1mbito de la Econom\u00eda Circular - Iraurgi Berritzen\" \/>\n<meta property=\"og:description\" content=\"Hoy, 2 de diciembre, se ha celebrado en el Palacio Basazabal de Azpeitia una sesi\u00f3n colectiva donde han participado, las 6 empresas de la comarca que han desarrollado el proyecto \u201cImpulsando la Econom\u00eda Circular en las pymes del Urola Medio\u201d. A su vez, han estado presentes los expertos de B+I Strategy quienes han apoyado en [&hellip;]\" \/>\n<meta property=\"og:url\" content=\"https:\/\/iraurgiberritzen.eus\/es\/empresas-de-la-comarca-comparten-aprendizajes-y-resultados-obtenidos-del-proyecto-trabajado-en-el-ambito-de-la-economia-circular\/\" \/>\n<meta property=\"og:site_name\" content=\"Iraurgi Berritzen\" \/>\n<meta property=\"article:published_time\" content=\"2022-12-01T15:21:22+00:00\" \/>\n<meta name=\"author\" content=\"kudeatzailea\" \/>\n<meta name=\"twitter:card\" content=\"summary_large_image\" \/>\n<meta name=\"twitter:label1\" content=\"Escrito por\" \/>\n\t<meta name=\"twitter:data1\" content=\"kudeatzailea\" \/>\n\t<meta name=\"twitter:label2\" content=\"Tiempo de lectura\" \/>\n\t<meta name=\"twitter:data2\" content=\"1 minuto\" \/>\n<script type=\"application\/ld+json\" class=\"yoast-schema-graph\">{\"@context\":\"https:\\\/\\\/schema.org\",\"@graph\":[{\"@type\":\"Article\",\"@id\":\"https:\\\/\\\/iraurgiberritzen.eus\\\/es\\\/empresas-de-la-comarca-comparten-aprendizajes-y-resultados-obtenidos-del-proyecto-trabajado-en-el-ambito-de-la-economia-circular\\\/#article\",\"isPartOf\":{\"@id\":\"https:\\\/\\\/iraurgiberritzen.eus\\\/es\\\/empresas-de-la-comarca-comparten-aprendizajes-y-resultados-obtenidos-del-proyecto-trabajado-en-el-ambito-de-la-economia-circular\\\/\"},\"author\":{\"name\":\"kudeatzailea\",\"@id\":\"https:\\\/\\\/iraurgiberritzen.eus\\\/es\\\/#\\\/schema\\\/person\\\/5ab41aaf388a9097177601ebf45738d2\"},\"headline\":\"Empresas de la comarca comparten aprendizajes y resultados obtenidos del proyecto trabajado en el \u00e1mbito de la Econom\u00eda Circular\",\"datePublished\":\"2022-12-01T15:21:22+00:00\",\"mainEntityOfPage\":{\"@id\":\"https:\\\/\\\/iraurgiberritzen.eus\\\/es\\\/empresas-de-la-comarca-comparten-aprendizajes-y-resultados-obtenidos-del-proyecto-trabajado-en-el-ambito-de-la-economia-circular\\\/\"},\"wordCount\":304,\"publisher\":{\"@id\":\"https:\\\/\\\/iraurgiberritzen.eus\\\/es\\\/#organization\"},\"image\":{\"@id\":\"https:\\\/\\\/iraurgiberritzen.eus\\\/es\\\/empresas-de-la-comarca-comparten-aprendizajes-y-resultados-obtenidos-del-proyecto-trabajado-en-el-ambito-de-la-economia-circular\\\/#primaryimage\"},\"thumbnailUrl\":\"https:\\\/\\\/iraurgiberritzen.eus\\\/wp-content\\\/uploads\\\/2023\\\/09\\\/db37724a1e79e40f446eb56812b3313c.jpg\",\"articleSection\":[\"Noticias\"],\"inLanguage\":\"es\"},{\"@type\":\"WebPage\",\"@id\":\"https:\\\/\\\/iraurgiberritzen.eus\\\/es\\\/empresas-de-la-comarca-comparten-aprendizajes-y-resultados-obtenidos-del-proyecto-trabajado-en-el-ambito-de-la-economia-circular\\\/\",\"url\":\"https:\\\/\\\/iraurgiberritzen.eus\\\/es\\\/empresas-de-la-comarca-comparten-aprendizajes-y-resultados-obtenidos-del-proyecto-trabajado-en-el-ambito-de-la-economia-circular\\\/\",\"name\":\"Empresas de la comarca comparten aprendizajes y resultados obtenidos del proyecto trabajado en el \u00e1mbito de la Econom\u00eda Circular - Iraurgi Berritzen\",\"isPartOf\":{\"@id\":\"https:\\\/\\\/iraurgiberritzen.eus\\\/es\\\/#website\"},\"primaryImageOfPage\":{\"@id\":\"https:\\\/\\\/iraurgiberritzen.eus\\\/es\\\/empresas-de-la-comarca-comparten-aprendizajes-y-resultados-obtenidos-del-proyecto-trabajado-en-el-ambito-de-la-economia-circular\\\/#primaryimage\"},\"image\":{\"@id\":\"https:\\\/\\\/iraurgiberritzen.eus\\\/es\\\/empresas-de-la-comarca-comparten-aprendizajes-y-resultados-obtenidos-del-proyecto-trabajado-en-el-ambito-de-la-economia-circular\\\/#primaryimage\"},\"thumbnailUrl\":\"https:\\\/\\\/iraurgiberritzen.eus\\\/wp-content\\\/uploads\\\/2023\\\/09\\\/db37724a1e79e40f446eb56812b3313c.jpg\",\"datePublished\":\"2022-12-01T15:21:22+00:00\",\"breadcrumb\":{\"@id\":\"https:\\\/\\\/iraurgiberritzen.eus\\\/es\\\/empresas-de-la-comarca-comparten-aprendizajes-y-resultados-obtenidos-del-proyecto-trabajado-en-el-ambito-de-la-economia-circular\\\/#breadcrumb\"},\"inLanguage\":\"es\",\"potentialAction\":[{\"@type\":\"ReadAction\",\"target\":[\"https:\\\/\\\/iraurgiberritzen.eus\\\/es\\\/empresas-de-la-comarca-comparten-aprendizajes-y-resultados-obtenidos-del-proyecto-trabajado-en-el-ambito-de-la-economia-circular\\\/\"]}]},{\"@type\":\"ImageObject\",\"inLanguage\":\"es\",\"@id\":\"https:\\\/\\\/iraurgiberritzen.eus\\\/es\\\/empresas-de-la-comarca-comparten-aprendizajes-y-resultados-obtenidos-del-proyecto-trabajado-en-el-ambito-de-la-economia-circular\\\/#primaryimage\",\"url\":\"https:\\\/\\\/iraurgiberritzen.eus\\\/wp-content\\\/uploads\\\/2023\\\/09\\\/db37724a1e79e40f446eb56812b3313c.jpg\",\"contentUrl\":\"https:\\\/\\\/iraurgiberritzen.eus\\\/wp-content\\\/uploads\\\/2023\\\/09\\\/db37724a1e79e40f446eb56812b3313c.jpg\",\"width\":400,\"height\":257},{\"@type\":\"BreadcrumbList\",\"@id\":\"https:\\\/\\\/iraurgiberritzen.eus\\\/es\\\/empresas-de-la-comarca-comparten-aprendizajes-y-resultados-obtenidos-del-proyecto-trabajado-en-el-ambito-de-la-economia-circular\\\/#breadcrumb\",\"itemListElement\":[{\"@type\":\"ListItem\",\"position\":1,\"name\":\"Home\",\"item\":\"https:\\\/\\\/iraurgiberritzen.eus\\\/es\\\/\"},{\"@type\":\"ListItem\",\"position\":2,\"name\":\"Empresas de la comarca comparten aprendizajes y resultados obtenidos del proyecto trabajado en el \u00e1mbito de la Econom\u00eda Circular\"}]},{\"@type\":\"WebSite\",\"@id\":\"https:\\\/\\\/iraurgiberritzen.eus\\\/es\\\/#website\",\"url\":\"https:\\\/\\\/iraurgiberritzen.eus\\\/es\\\/\",\"name\":\"Iraurgi Berritzen\",\"description\":\"Urola Erdiko Garapen Agentzia\",\"publisher\":{\"@id\":\"https:\\\/\\\/iraurgiberritzen.eus\\\/es\\\/#organization\"},\"potentialAction\":[{\"@type\":\"SearchAction\",\"target\":{\"@type\":\"EntryPoint\",\"urlTemplate\":\"https:\\\/\\\/iraurgiberritzen.eus\\\/es\\\/?s={search_term_string}\"},\"query-input\":{\"@type\":\"PropertyValueSpecification\",\"valueRequired\":true,\"valueName\":\"search_term_string\"}}],\"inLanguage\":\"es\"},{\"@type\":\"Organization\",\"@id\":\"https:\\\/\\\/iraurgiberritzen.eus\\\/es\\\/#organization\",\"name\":\"Iraurgi Berritzen\",\"url\":\"https:\\\/\\\/iraurgiberritzen.eus\\\/es\\\/\",\"logo\":{\"@type\":\"ImageObject\",\"inLanguage\":\"es\",\"@id\":\"https:\\\/\\\/iraurgiberritzen.eus\\\/es\\\/#\\\/schema\\\/logo\\\/image\\\/\",\"url\":\"https:\\\/\\\/iraurgiberritzen.eus\\\/wp-content\\\/uploads\\\/2024\\\/02\\\/IRAURGI-BERRITZEN-logotipoa_2.png\",\"contentUrl\":\"https:\\\/\\\/iraurgiberritzen.eus\\\/wp-content\\\/uploads\\\/2024\\\/02\\\/IRAURGI-BERRITZEN-logotipoa_2.png\",\"width\":496,\"height\":190,\"caption\":\"Iraurgi Berritzen\"},\"image\":{\"@id\":\"https:\\\/\\\/iraurgiberritzen.eus\\\/es\\\/#\\\/schema\\\/logo\\\/image\\\/\"}},{\"@type\":\"Person\",\"@id\":\"https:\\\/\\\/iraurgiberritzen.eus\\\/es\\\/#\\\/schema\\\/person\\\/5ab41aaf388a9097177601ebf45738d2\",\"name\":\"kudeatzailea\",\"sameAs\":[\"https:\\\/\\\/iraurgiberritzen.eus\"]}]}<\/script>\n<!-- \/ Yoast SEO plugin. -->","yoast_head_json":{"title":"Empresas de la comarca comparten aprendizajes y resultados obtenidos del proyecto trabajado en el \u00e1mbito de la Econom\u00eda Circular - Iraurgi Berritzen","robots":{"index":"index","follow":"follow","max-snippet":"max-snippet:-1","max-image-preview":"max-image-preview:large","max-video-preview":"max-video-preview:-1"},"canonical":"https:\/\/iraurgiberritzen.eus\/es\/empresas-de-la-comarca-comparten-aprendizajes-y-resultados-obtenidos-del-proyecto-trabajado-en-el-ambito-de-la-economia-circular\/","og_locale":"es_ES","og_type":"article","og_title":"Empresas de la comarca comparten aprendizajes y resultados obtenidos del proyecto trabajado en el \u00e1mbito de la Econom\u00eda Circular - Iraurgi Berritzen","og_description":"Hoy, 2 de diciembre, se ha celebrado en el Palacio Basazabal de Azpeitia una sesi\u00f3n colectiva donde han participado, las 6 empresas de la comarca que han desarrollado el proyecto \u201cImpulsando la Econom\u00eda Circular en las pymes del Urola Medio\u201d. A su vez, han estado presentes los expertos de B+I Strategy quienes han apoyado en [&hellip;]","og_url":"https:\/\/iraurgiberritzen.eus\/es\/empresas-de-la-comarca-comparten-aprendizajes-y-resultados-obtenidos-del-proyecto-trabajado-en-el-ambito-de-la-economia-circular\/","og_site_name":"Iraurgi Berritzen","article_published_time":"2022-12-01T15:21:22+00:00","author":"kudeatzailea","twitter_card":"summary_large_image","twitter_misc":{"Escrito por":"kudeatzailea","Tiempo de lectura":"1 minuto"},"schema":{"@context":"https:\/\/schema.org","@graph":[{"@type":"Article","@id":"https:\/\/iraurgiberritzen.eus\/es\/empresas-de-la-comarca-comparten-aprendizajes-y-resultados-obtenidos-del-proyecto-trabajado-en-el-ambito-de-la-economia-circular\/#article","isPartOf":{"@id":"https:\/\/iraurgiberritzen.eus\/es\/empresas-de-la-comarca-comparten-aprendizajes-y-resultados-obtenidos-del-proyecto-trabajado-en-el-ambito-de-la-economia-circular\/"},"author":{"name":"kudeatzailea","@id":"https:\/\/iraurgiberritzen.eus\/es\/#\/schema\/person\/5ab41aaf388a9097177601ebf45738d2"},"headline":"Empresas de la comarca comparten aprendizajes y resultados obtenidos del proyecto trabajado en el \u00e1mbito de la Econom\u00eda Circular","datePublished":"2022-12-01T15:21:22+00:00","mainEntityOfPage":{"@id":"https:\/\/iraurgiberritzen.eus\/es\/empresas-de-la-comarca-comparten-aprendizajes-y-resultados-obtenidos-del-proyecto-trabajado-en-el-ambito-de-la-economia-circular\/"},"wordCount":304,"publisher":{"@id":"https:\/\/iraurgiberritzen.eus\/es\/#organization"},"image":{"@id":"https:\/\/iraurgiberritzen.eus\/es\/empresas-de-la-comarca-comparten-aprendizajes-y-resultados-obtenidos-del-proyecto-trabajado-en-el-ambito-de-la-economia-circular\/#primaryimage"},"thumbnailUrl":"https:\/\/iraurgiberritzen.eus\/wp-content\/uploads\/2023\/09\/db37724a1e79e40f446eb56812b3313c.jpg","articleSection":["Noticias"],"inLanguage":"es"},{"@type":"WebPage","@id":"https:\/\/iraurgiberritzen.eus\/es\/empresas-de-la-comarca-comparten-aprendizajes-y-resultados-obtenidos-del-proyecto-trabajado-en-el-ambito-de-la-economia-circular\/","url":"https:\/\/iraurgiberritzen.eus\/es\/empresas-de-la-comarca-comparten-aprendizajes-y-resultados-obtenidos-del-proyecto-trabajado-en-el-ambito-de-la-economia-circular\/","name":"Empresas de la comarca comparten aprendizajes y resultados obtenidos del proyecto trabajado en el \u00e1mbito de la Econom\u00eda Circular - Iraurgi Berritzen","isPartOf":{"@id":"https:\/\/iraurgiberritzen.eus\/es\/#website"},"primaryImageOfPage":{"@id":"https:\/\/iraurgiberritzen.eus\/es\/empresas-de-la-comarca-comparten-aprendizajes-y-resultados-obtenidos-del-proyecto-trabajado-en-el-ambito-de-la-economia-circular\/#primaryimage"},"image":{"@id":"https:\/\/iraurgiberritzen.eus\/es\/empresas-de-la-comarca-comparten-aprendizajes-y-resultados-obtenidos-del-proyecto-trabajado-en-el-ambito-de-la-economia-circular\/#primaryimage"},"thumbnailUrl":"https:\/\/iraurgiberritzen.eus\/wp-content\/uploads\/2023\/09\/db37724a1e79e40f446eb56812b3313c.jpg","datePublished":"2022-12-01T15:21:22+00:00","breadcrumb":{"@id":"https:\/\/iraurgiberritzen.eus\/es\/empresas-de-la-comarca-comparten-aprendizajes-y-resultados-obtenidos-del-proyecto-trabajado-en-el-ambito-de-la-economia-circular\/#breadcrumb"},"inLanguage":"es","potentialAction":[{"@type":"ReadAction","target":["https:\/\/iraurgiberritzen.eus\/es\/empresas-de-la-comarca-comparten-aprendizajes-y-resultados-obtenidos-del-proyecto-trabajado-en-el-ambito-de-la-economia-circular\/"]}]},{"@type":"ImageObject","inLanguage":"es","@id":"https:\/\/iraurgiberritzen.eus\/es\/empresas-de-la-comarca-comparten-aprendizajes-y-resultados-obtenidos-del-proyecto-trabajado-en-el-ambito-de-la-economia-circular\/#primaryimage","url":"https:\/\/iraurgiberritzen.eus\/wp-content\/uploads\/2023\/09\/db37724a1e79e40f446eb56812b3313c.jpg","contentUrl":"https:\/\/iraurgiberritzen.eus\/wp-content\/uploads\/2023\/09\/db37724a1e79e40f446eb56812b3313c.jpg","width":400,"height":257},{"@type":"BreadcrumbList","@id":"https:\/\/iraurgiberritzen.eus\/es\/empresas-de-la-comarca-comparten-aprendizajes-y-resultados-obtenidos-del-proyecto-trabajado-en-el-ambito-de-la-economia-circular\/#breadcrumb","itemListElement":[{"@type":"ListItem","position":1,"name":"Home","item":"https:\/\/iraurgiberritzen.eus\/es\/"},{"@type":"ListItem","position":2,"name":"Empresas de la comarca comparten aprendizajes y resultados obtenidos del proyecto trabajado en el \u00e1mbito de la Econom\u00eda Circular"}]},{"@type":"WebSite","@id":"https:\/\/iraurgiberritzen.eus\/es\/#website","url":"https:\/\/iraurgiberritzen.eus\/es\/","name":"Iraurgi Berritzen","description":"Urola Erdiko Garapen Agentzia","publisher":{"@id":"https:\/\/iraurgiberritzen.eus\/es\/#organization"},"potentialAction":[{"@type":"SearchAction","target":{"@type":"EntryPoint","urlTemplate":"https:\/\/iraurgiberritzen.eus\/es\/?s={search_term_string}"},"query-input":{"@type":"PropertyValueSpecification","valueRequired":true,"valueName":"search_term_string"}}],"inLanguage":"es"},{"@type":"Organization","@id":"https:\/\/iraurgiberritzen.eus\/es\/#organization","name":"Iraurgi Berritzen","url":"https:\/\/iraurgiberritzen.eus\/es\/","logo":{"@type":"ImageObject","inLanguage":"es","@id":"https:\/\/iraurgiberritzen.eus\/es\/#\/schema\/logo\/image\/","url":"https:\/\/iraurgiberritzen.eus\/wp-content\/uploads\/2024\/02\/IRAURGI-BERRITZEN-logotipoa_2.png","contentUrl":"https:\/\/iraurgiberritzen.eus\/wp-content\/uploads\/2024\/02\/IRAURGI-BERRITZEN-logotipoa_2.png","width":496,"height":190,"caption":"Iraurgi Berritzen"},"image":{"@id":"https:\/\/iraurgiberritzen.eus\/es\/#\/schema\/logo\/image\/"}},{"@type":"Person","@id":"https:\/\/iraurgiberritzen.eus\/es\/#\/schema\/person\/5ab41aaf388a9097177601ebf45738d2","name":"kudeatzailea","sameAs":["https:\/\/iraurgiberritzen.eus"]}]}},"_links":{"self":[{"href":"https:\/\/iraurgiberritzen.eus\/es\/wp-json\/wp\/v2\/posts\/14200","targetHints":{"allow":["GET"]}}],"collection":[{"href":"https:\/\/iraurgiberritzen.eus\/es\/wp-json\/wp\/v2\/posts"}],"about":[{"href":"https:\/\/iraurgiberritzen.eus\/es\/wp-json\/wp\/v2\/types\/post"}],"author":[{"embeddable":true,"href":"https:\/\/iraurgiberritzen.eus\/es\/wp-json\/wp\/v2\/users\/1"}],"replies":[{"embeddable":true,"href":"https:\/\/iraurgiberritzen.eus\/es\/wp-json\/wp\/v2\/comments?post=14200"}],"version-history":[{"count":0,"href":"https:\/\/iraurgiberritzen.eus\/es\/wp-json\/wp\/v2\/posts\/14200\/revisions"}],"wp:featuredmedia":[{"embeddable":true,"href":"https:\/\/iraurgiberritzen.eus\/es\/wp-json\/wp\/v2\/media\/17306"}],"wp:attachment":[{"href":"https:\/\/iraurgiberritzen.eus\/es\/wp-json\/wp\/v2\/media?parent=14200"}],"wp:term":[{"taxonomy":"category","embeddable":true,"href":"https:\/\/iraurgiberritzen.eus\/es\/wp-json\/wp\/v2\/categories?post=14200"},{"taxonomy":"post_tag","embeddable":true,"href":"https:\/\/iraurgiberritzen.eus\/es\/wp-json\/wp\/v2\/tags?post=14200"}],"curies":[{"name":"wp","href":"https:\/\/api.w.org\/{rel}","templated":true}]}}