{"id":14203,"date":"2022-11-15T17:58:14","date_gmt":"2022-11-15T15:58:14","guid":{"rendered":"https:\/\/iraurgiberritzen.eus\/iraurgi-berritzen-participa-en-los-actos-del-xxx-aniversario-de-la-asociacion-vasca-de-agencias-de-desarrollo-garapen\/"},"modified":"2022-11-15T17:58:14","modified_gmt":"2022-11-15T15:58:14","slug":"iraurgi-berritzen-participa-en-los-actos-del-xxx-aniversario-de-la-asociacion-vasca-de-agencias-de-desarrollo-garapen","status":"publish","type":"post","link":"https:\/\/iraurgiberritzen.eus\/es\/iraurgi-berritzen-participa-en-los-actos-del-xxx-aniversario-de-la-asociacion-vasca-de-agencias-de-desarrollo-garapen\/","title":{"rendered":"Iraurgi Berritzen participa en los actos del XXX Aniversario de la Asociaci\u00f3n Vasca de Agencias de Desarrollo, Garapen"},"content":{"rendered":"<p style=\"text-align: justify;\">El lunes 21 de noviembre en el Coliseo de Eibar, <strong>GARAPEN celebr\u00f3 su XXX Aniversario<\/strong> con un acto conmemorativo al que asistieron m\u00e1s de 100 responsables pol\u00edticos y pol\u00edticas y personal t\u00e9cnico de las agencias e instituciones y entidades colaboradoras, entre las cuales se encontraba la directora de la Agencia de Desarrollo e Innovaci\u00f3n de Urola Erdia, Iraurgi Berritzen.<\/p>\n<p style=\"text-align: justify;\">La apertura del acto fue realizada por el alcalde de Eibar, Jon Iraola y en la celebraci\u00f3n el presidente de la Asociaci\u00f3n, Fernando Nebreda, hizo un repaso hist\u00f3rico de los 30 a\u00f1os de vida de GARAPEN y la evoluci\u00f3n que ha tenido la red en estos a\u00f1os.<\/p>\n<p style=\"text-align: justify;\">Miren Larrea, investigadora senior de Orkestra, en su mirada estrat\u00e9gica del desarrollo local plante\u00f3 la necesidad de imaginar c\u00f3mo ser\u00e1 nuestro territorio dentro de 30 a\u00f1os y tomar conciencia de que la forma de funcionar que hemos tenido hasta ahora no nos sirve para solucionar los problemas que tenemos por delante. Las agencias de desarrollo local son un muy buen espacio para empezar a plantearnos ese futuro, visualizar alternativas y ayudar en la toma de decisiones.<\/p>\n<p style=\"text-align: justify;\">La mesa redonda sobre Liderazgo compartido del desarrollo local moderada por Oriol Estela, Coordinador del Plan Estrat\u00e9gico Metropolitano de Barcelona, cont\u00f3 con la participaci\u00f3n de Alfonso Gurpegui, Viceconsejero de empleo e inclusi\u00f3n de Gobierno Vasco; Cristina Calvar, Diputada Foral de Fomento del Empleo, Comercio y Turismo y de Administraci\u00f3n Foral de Diputaci\u00f3n Foral de \u00c1lava; Ainara Basurko, Diputada Foral de Promoci\u00f3n Econ\u00f3mica de Diputaci\u00f3n Foral de Bizkaia; \u00c1ngela Eguia, Alcaldesa de Gordexola y miembro de la comisi\u00f3n ejecutiva de EUDEL y Gilen Garcia, Alcalde de Deba y presidente de Debegesa.<\/p>\n<p style=\"text-align: justify;\">La mesa subray\u00f3 la necesidad de una gobernanza compartida para hacer frente a los retos de futuro: cambio clim\u00e1tico, reto demogr\u00e1fico, talento&#8230; Destac\u00f3 tambi\u00e9n el papel de las agencias de desarrollo subrayando su cercan\u00eda y capilaridad. \u00abSois los agentes que est\u00e1is a pie de calle, que sab\u00e9is qu\u00e9 les pasa a cada una de las empresas de la comarca y sois los que conoc\u00e9is el territorio\u00bb subray\u00f3 Basurko.<\/p>\n<p style=\"text-align: justify;\">El Diputado General de Gipuzkoa Markel Olano cerr\u00f3 el acto. \u00abHace unos a\u00f1os cuando hablaba de gobernanza nadie me entend\u00eda, ahora es un t\u00e9rmino que se ha generalizado. Las agencias de desarrollo hab\u00e9is sido y segu\u00eds siendo un agente clave en este proceso\u00bb.<\/p>\n<p style=\"text-align: justify;\"><strong>La Asociaci\u00f3n Vasca de Agencias de Desarrollo<\/strong><\/p>\n<p style=\"text-align: justify;\">GARAPEN nace en el a\u00f1o 1992 a iniciativa de un n\u00famero reducido de agencias que sienten la necesidad de asociarse para buscar de manera conjunta soluciones a los problemas a los que se enfrentan desde sus municipios y comarcas. Hoy GARAPEN est\u00e1 formada por 34 agencias de desarrollo distribuidas entre los 3 territorios hist\u00f3ricos de la Comunidad Aut\u00f3noma del Pa\u00eds Vasco. Las agencias que componen GARAPEN ofrecen sus servicios a un total de 189 municipios, cuya poblaci\u00f3n asciende a 2.011.232 habitantes, el 91% de la poblaci\u00f3n total de Euskadi.<\/p>\n<p style=\"text-align: justify;\">En cuanto a resultados de actividad del 2021, desde las 34 agencias de desarrollo se ha orientado a 12.344 personas desempleadas y se han gestionado 3.887 ofertas de empleo. Desde el \u00e1rea de emprendimiento se han apoyado 2.819 proyectos de los cuales se han creado 1.285 empresas que han generado empleo a 2.095 personas y 8.580 empresas han sido atendidas por las agencias de las cuales 1.197 han participado en acciones de digitalizaci\u00f3n.<\/p>\n<p style=\"text-align: justify;\"><strong>GARAPEN tiene dos objetivos estrat\u00e9gicos<\/strong><\/p>\n<p style=\"text-align: justify;\">Por un lado, poner en valor y que se reconozca el papel de los ayuntamientos en materia de empleo y promoci\u00f3n econ\u00f3mica con el fin \u00faltimo de ampliar nuestra capacidad de acci\u00f3n y lograr un marco de financiaci\u00f3n estable y una gesti\u00f3n m\u00e1s eficiente de los recursos. Para ello GARAPEN participa activamente en la construcci\u00f3n de un nuevo modelo de gobernanza colaborativa multinivel con las Instituciones y agentes del territorio. En los \u00faltimos a\u00f1os se ha avanzado mucho junto con las Diputaciones Forales, EUDEL y Gobierno Vasco.<\/p>\n<p style=\"text-align: justify;\">Por otro lado, desde GARAPEN se prestan servicios a las agencias asociadas que se van adaptando a las necesidades que van surgiendo en cada momento. Por eso, ofrece y seguir\u00e1 ofreciendo informaci\u00f3n, formaci\u00f3n y asesoramiento en relaci\u00f3n a los \u00e1mbitos de actuaci\u00f3n de las agencias, empleo, emprendimiento, empresa, comercio, turismo o energ\u00eda, entre otros.<\/p>\n","protected":false},"excerpt":{"rendered":"<p>El lunes 21 de noviembre en el Coliseo de Eibar, GARAPEN celebr\u00f3 su XXX Aniversario con un acto conmemorativo al que asistieron m\u00e1s de 100 responsables pol\u00edticos y pol\u00edticas y personal t\u00e9cnico de las agencias e instituciones y entidades colaboradoras, entre las cuales se encontraba la directora de la Agencia de Desarrollo e Innovaci\u00f3n de [&hellip;]<\/p>\n","protected":false},"author":1,"featured_media":17307,"comment_status":"","ping_status":"closed","sticky":false,"template":"","format":"standard","meta":{"_acf_changed":false,"footnotes":""},"categories":[4],"tags":[],"class_list":["post-14203","post","type-post","status-publish","format-standard","has-post-thumbnail","hentry","category-noticias"],"acf":[],"yoast_head":"<!-- This site is optimized with the Yoast SEO plugin v27.4 - https:\/\/yoast.com\/product\/yoast-seo-wordpress\/ -->\n<title>Iraurgi Berritzen participa en los actos del XXX Aniversario de la Asociaci\u00f3n Vasca de Agencias de Desarrollo, Garapen - Iraurgi Berritzen<\/title>\n<meta name=\"robots\" content=\"index, follow, max-snippet:-1, max-image-preview:large, max-video-preview:-1\" \/>\n<link rel=\"canonical\" href=\"https:\/\/iraurgiberritzen.eus\/es\/iraurgi-berritzen-participa-en-los-actos-del-xxx-aniversario-de-la-asociacion-vasca-de-agencias-de-desarrollo-garapen\/\" \/>\n<meta property=\"og:locale\" content=\"es_ES\" \/>\n<meta property=\"og:type\" content=\"article\" \/>\n<meta property=\"og:title\" content=\"Iraurgi Berritzen participa en los actos del XXX Aniversario de la Asociaci\u00f3n Vasca de Agencias de Desarrollo, Garapen - Iraurgi Berritzen\" \/>\n<meta property=\"og:description\" content=\"El lunes 21 de noviembre en el Coliseo de Eibar, GARAPEN celebr\u00f3 su XXX Aniversario con un acto conmemorativo al que asistieron m\u00e1s de 100 responsables pol\u00edticos y pol\u00edticas y personal t\u00e9cnico de las agencias e instituciones y entidades colaboradoras, entre las cuales se encontraba la directora de la Agencia de Desarrollo e Innovaci\u00f3n de [&hellip;]\" \/>\n<meta property=\"og:url\" content=\"https:\/\/iraurgiberritzen.eus\/es\/iraurgi-berritzen-participa-en-los-actos-del-xxx-aniversario-de-la-asociacion-vasca-de-agencias-de-desarrollo-garapen\/\" \/>\n<meta property=\"og:site_name\" content=\"Iraurgi Berritzen\" \/>\n<meta property=\"article:published_time\" content=\"2022-11-15T15:58:14+00:00\" \/>\n<meta name=\"author\" content=\"kudeatzailea\" \/>\n<meta name=\"twitter:card\" content=\"summary_large_image\" \/>\n<meta name=\"twitter:label1\" content=\"Escrito por\" \/>\n\t<meta name=\"twitter:data1\" content=\"kudeatzailea\" \/>\n\t<meta name=\"twitter:label2\" content=\"Tiempo de lectura\" \/>\n\t<meta name=\"twitter:data2\" content=\"4 minutos\" \/>\n<script type=\"application\/ld+json\" class=\"yoast-schema-graph\">{\"@context\":\"https:\\\/\\\/schema.org\",\"@graph\":[{\"@type\":\"Article\",\"@id\":\"https:\\\/\\\/iraurgiberritzen.eus\\\/es\\\/iraurgi-berritzen-participa-en-los-actos-del-xxx-aniversario-de-la-asociacion-vasca-de-agencias-de-desarrollo-garapen\\\/#article\",\"isPartOf\":{\"@id\":\"https:\\\/\\\/iraurgiberritzen.eus\\\/es\\\/iraurgi-berritzen-participa-en-los-actos-del-xxx-aniversario-de-la-asociacion-vasca-de-agencias-de-desarrollo-garapen\\\/\"},\"author\":{\"name\":\"kudeatzailea\",\"@id\":\"https:\\\/\\\/iraurgiberritzen.eus\\\/es\\\/#\\\/schema\\\/person\\\/5ab41aaf388a9097177601ebf45738d2\"},\"headline\":\"Iraurgi Berritzen participa en los actos del XXX Aniversario de la Asociaci\u00f3n Vasca de Agencias de Desarrollo, Garapen\",\"datePublished\":\"2022-11-15T15:58:14+00:00\",\"mainEntityOfPage\":{\"@id\":\"https:\\\/\\\/iraurgiberritzen.eus\\\/es\\\/iraurgi-berritzen-participa-en-los-actos-del-xxx-aniversario-de-la-asociacion-vasca-de-agencias-de-desarrollo-garapen\\\/\"},\"wordCount\":756,\"publisher\":{\"@id\":\"https:\\\/\\\/iraurgiberritzen.eus\\\/es\\\/#organization\"},\"image\":{\"@id\":\"https:\\\/\\\/iraurgiberritzen.eus\\\/es\\\/iraurgi-berritzen-participa-en-los-actos-del-xxx-aniversario-de-la-asociacion-vasca-de-agencias-de-desarrollo-garapen\\\/#primaryimage\"},\"thumbnailUrl\":\"https:\\\/\\\/iraurgiberritzen.eus\\\/wp-content\\\/uploads\\\/2023\\\/09\\\/70c99554fe01d69e873e19002bcde1ec.jpg\",\"articleSection\":[\"Noticias\"],\"inLanguage\":\"es\"},{\"@type\":\"WebPage\",\"@id\":\"https:\\\/\\\/iraurgiberritzen.eus\\\/es\\\/iraurgi-berritzen-participa-en-los-actos-del-xxx-aniversario-de-la-asociacion-vasca-de-agencias-de-desarrollo-garapen\\\/\",\"url\":\"https:\\\/\\\/iraurgiberritzen.eus\\\/es\\\/iraurgi-berritzen-participa-en-los-actos-del-xxx-aniversario-de-la-asociacion-vasca-de-agencias-de-desarrollo-garapen\\\/\",\"name\":\"Iraurgi Berritzen participa en los actos del XXX Aniversario de la Asociaci\u00f3n Vasca de Agencias de Desarrollo, Garapen - Iraurgi Berritzen\",\"isPartOf\":{\"@id\":\"https:\\\/\\\/iraurgiberritzen.eus\\\/es\\\/#website\"},\"primaryImageOfPage\":{\"@id\":\"https:\\\/\\\/iraurgiberritzen.eus\\\/es\\\/iraurgi-berritzen-participa-en-los-actos-del-xxx-aniversario-de-la-asociacion-vasca-de-agencias-de-desarrollo-garapen\\\/#primaryimage\"},\"image\":{\"@id\":\"https:\\\/\\\/iraurgiberritzen.eus\\\/es\\\/iraurgi-berritzen-participa-en-los-actos-del-xxx-aniversario-de-la-asociacion-vasca-de-agencias-de-desarrollo-garapen\\\/#primaryimage\"},\"thumbnailUrl\":\"https:\\\/\\\/iraurgiberritzen.eus\\\/wp-content\\\/uploads\\\/2023\\\/09\\\/70c99554fe01d69e873e19002bcde1ec.jpg\",\"datePublished\":\"2022-11-15T15:58:14+00:00\",\"breadcrumb\":{\"@id\":\"https:\\\/\\\/iraurgiberritzen.eus\\\/es\\\/iraurgi-berritzen-participa-en-los-actos-del-xxx-aniversario-de-la-asociacion-vasca-de-agencias-de-desarrollo-garapen\\\/#breadcrumb\"},\"inLanguage\":\"es\",\"potentialAction\":[{\"@type\":\"ReadAction\",\"target\":[\"https:\\\/\\\/iraurgiberritzen.eus\\\/es\\\/iraurgi-berritzen-participa-en-los-actos-del-xxx-aniversario-de-la-asociacion-vasca-de-agencias-de-desarrollo-garapen\\\/\"]}]},{\"@type\":\"ImageObject\",\"inLanguage\":\"es\",\"@id\":\"https:\\\/\\\/iraurgiberritzen.eus\\\/es\\\/iraurgi-berritzen-participa-en-los-actos-del-xxx-aniversario-de-la-asociacion-vasca-de-agencias-de-desarrollo-garapen\\\/#primaryimage\",\"url\":\"https:\\\/\\\/iraurgiberritzen.eus\\\/wp-content\\\/uploads\\\/2023\\\/09\\\/70c99554fe01d69e873e19002bcde1ec.jpg\",\"contentUrl\":\"https:\\\/\\\/iraurgiberritzen.eus\\\/wp-content\\\/uploads\\\/2023\\\/09\\\/70c99554fe01d69e873e19002bcde1ec.jpg\",\"width\":400,\"height\":255},{\"@type\":\"BreadcrumbList\",\"@id\":\"https:\\\/\\\/iraurgiberritzen.eus\\\/es\\\/iraurgi-berritzen-participa-en-los-actos-del-xxx-aniversario-de-la-asociacion-vasca-de-agencias-de-desarrollo-garapen\\\/#breadcrumb\",\"itemListElement\":[{\"@type\":\"ListItem\",\"position\":1,\"name\":\"Home\",\"item\":\"https:\\\/\\\/iraurgiberritzen.eus\\\/es\\\/\"},{\"@type\":\"ListItem\",\"position\":2,\"name\":\"Iraurgi Berritzen participa en los actos del XXX Aniversario de la Asociaci\u00f3n Vasca de Agencias de Desarrollo, Garapen\"}]},{\"@type\":\"WebSite\",\"@id\":\"https:\\\/\\\/iraurgiberritzen.eus\\\/es\\\/#website\",\"url\":\"https:\\\/\\\/iraurgiberritzen.eus\\\/es\\\/\",\"name\":\"Iraurgi Berritzen\",\"description\":\"Urola Erdiko Garapen Agentzia\",\"publisher\":{\"@id\":\"https:\\\/\\\/iraurgiberritzen.eus\\\/es\\\/#organization\"},\"potentialAction\":[{\"@type\":\"SearchAction\",\"target\":{\"@type\":\"EntryPoint\",\"urlTemplate\":\"https:\\\/\\\/iraurgiberritzen.eus\\\/es\\\/?s={search_term_string}\"},\"query-input\":{\"@type\":\"PropertyValueSpecification\",\"valueRequired\":true,\"valueName\":\"search_term_string\"}}],\"inLanguage\":\"es\"},{\"@type\":\"Organization\",\"@id\":\"https:\\\/\\\/iraurgiberritzen.eus\\\/es\\\/#organization\",\"name\":\"Iraurgi Berritzen\",\"url\":\"https:\\\/\\\/iraurgiberritzen.eus\\\/es\\\/\",\"logo\":{\"@type\":\"ImageObject\",\"inLanguage\":\"es\",\"@id\":\"https:\\\/\\\/iraurgiberritzen.eus\\\/es\\\/#\\\/schema\\\/logo\\\/image\\\/\",\"url\":\"https:\\\/\\\/iraurgiberritzen.eus\\\/wp-content\\\/uploads\\\/2024\\\/02\\\/IRAURGI-BERRITZEN-logotipoa_2.png\",\"contentUrl\":\"https:\\\/\\\/iraurgiberritzen.eus\\\/wp-content\\\/uploads\\\/2024\\\/02\\\/IRAURGI-BERRITZEN-logotipoa_2.png\",\"width\":496,\"height\":190,\"caption\":\"Iraurgi Berritzen\"},\"image\":{\"@id\":\"https:\\\/\\\/iraurgiberritzen.eus\\\/es\\\/#\\\/schema\\\/logo\\\/image\\\/\"}},{\"@type\":\"Person\",\"@id\":\"https:\\\/\\\/iraurgiberritzen.eus\\\/es\\\/#\\\/schema\\\/person\\\/5ab41aaf388a9097177601ebf45738d2\",\"name\":\"kudeatzailea\",\"sameAs\":[\"https:\\\/\\\/iraurgiberritzen.eus\"]}]}<\/script>\n<!-- \/ Yoast SEO plugin. -->","yoast_head_json":{"title":"Iraurgi Berritzen participa en los actos del XXX Aniversario de la Asociaci\u00f3n Vasca de Agencias de Desarrollo, Garapen - Iraurgi Berritzen","robots":{"index":"index","follow":"follow","max-snippet":"max-snippet:-1","max-image-preview":"max-image-preview:large","max-video-preview":"max-video-preview:-1"},"canonical":"https:\/\/iraurgiberritzen.eus\/es\/iraurgi-berritzen-participa-en-los-actos-del-xxx-aniversario-de-la-asociacion-vasca-de-agencias-de-desarrollo-garapen\/","og_locale":"es_ES","og_type":"article","og_title":"Iraurgi Berritzen participa en los actos del XXX Aniversario de la Asociaci\u00f3n Vasca de Agencias de Desarrollo, Garapen - Iraurgi Berritzen","og_description":"El lunes 21 de noviembre en el Coliseo de Eibar, GARAPEN celebr\u00f3 su XXX Aniversario con un acto conmemorativo al que asistieron m\u00e1s de 100 responsables pol\u00edticos y pol\u00edticas y personal t\u00e9cnico de las agencias e instituciones y entidades colaboradoras, entre las cuales se encontraba la directora de la Agencia de Desarrollo e Innovaci\u00f3n de [&hellip;]","og_url":"https:\/\/iraurgiberritzen.eus\/es\/iraurgi-berritzen-participa-en-los-actos-del-xxx-aniversario-de-la-asociacion-vasca-de-agencias-de-desarrollo-garapen\/","og_site_name":"Iraurgi Berritzen","article_published_time":"2022-11-15T15:58:14+00:00","author":"kudeatzailea","twitter_card":"summary_large_image","twitter_misc":{"Escrito por":"kudeatzailea","Tiempo de lectura":"4 minutos"},"schema":{"@context":"https:\/\/schema.org","@graph":[{"@type":"Article","@id":"https:\/\/iraurgiberritzen.eus\/es\/iraurgi-berritzen-participa-en-los-actos-del-xxx-aniversario-de-la-asociacion-vasca-de-agencias-de-desarrollo-garapen\/#article","isPartOf":{"@id":"https:\/\/iraurgiberritzen.eus\/es\/iraurgi-berritzen-participa-en-los-actos-del-xxx-aniversario-de-la-asociacion-vasca-de-agencias-de-desarrollo-garapen\/"},"author":{"name":"kudeatzailea","@id":"https:\/\/iraurgiberritzen.eus\/es\/#\/schema\/person\/5ab41aaf388a9097177601ebf45738d2"},"headline":"Iraurgi Berritzen participa en los actos del XXX Aniversario de la Asociaci\u00f3n Vasca de Agencias de Desarrollo, Garapen","datePublished":"2022-11-15T15:58:14+00:00","mainEntityOfPage":{"@id":"https:\/\/iraurgiberritzen.eus\/es\/iraurgi-berritzen-participa-en-los-actos-del-xxx-aniversario-de-la-asociacion-vasca-de-agencias-de-desarrollo-garapen\/"},"wordCount":756,"publisher":{"@id":"https:\/\/iraurgiberritzen.eus\/es\/#organization"},"image":{"@id":"https:\/\/iraurgiberritzen.eus\/es\/iraurgi-berritzen-participa-en-los-actos-del-xxx-aniversario-de-la-asociacion-vasca-de-agencias-de-desarrollo-garapen\/#primaryimage"},"thumbnailUrl":"https:\/\/iraurgiberritzen.eus\/wp-content\/uploads\/2023\/09\/70c99554fe01d69e873e19002bcde1ec.jpg","articleSection":["Noticias"],"inLanguage":"es"},{"@type":"WebPage","@id":"https:\/\/iraurgiberritzen.eus\/es\/iraurgi-berritzen-participa-en-los-actos-del-xxx-aniversario-de-la-asociacion-vasca-de-agencias-de-desarrollo-garapen\/","url":"https:\/\/iraurgiberritzen.eus\/es\/iraurgi-berritzen-participa-en-los-actos-del-xxx-aniversario-de-la-asociacion-vasca-de-agencias-de-desarrollo-garapen\/","name":"Iraurgi Berritzen participa en los actos del XXX Aniversario de la Asociaci\u00f3n Vasca de Agencias de Desarrollo, Garapen - Iraurgi Berritzen","isPartOf":{"@id":"https:\/\/iraurgiberritzen.eus\/es\/#website"},"primaryImageOfPage":{"@id":"https:\/\/iraurgiberritzen.eus\/es\/iraurgi-berritzen-participa-en-los-actos-del-xxx-aniversario-de-la-asociacion-vasca-de-agencias-de-desarrollo-garapen\/#primaryimage"},"image":{"@id":"https:\/\/iraurgiberritzen.eus\/es\/iraurgi-berritzen-participa-en-los-actos-del-xxx-aniversario-de-la-asociacion-vasca-de-agencias-de-desarrollo-garapen\/#primaryimage"},"thumbnailUrl":"https:\/\/iraurgiberritzen.eus\/wp-content\/uploads\/2023\/09\/70c99554fe01d69e873e19002bcde1ec.jpg","datePublished":"2022-11-15T15:58:14+00:00","breadcrumb":{"@id":"https:\/\/iraurgiberritzen.eus\/es\/iraurgi-berritzen-participa-en-los-actos-del-xxx-aniversario-de-la-asociacion-vasca-de-agencias-de-desarrollo-garapen\/#breadcrumb"},"inLanguage":"es","potentialAction":[{"@type":"ReadAction","target":["https:\/\/iraurgiberritzen.eus\/es\/iraurgi-berritzen-participa-en-los-actos-del-xxx-aniversario-de-la-asociacion-vasca-de-agencias-de-desarrollo-garapen\/"]}]},{"@type":"ImageObject","inLanguage":"es","@id":"https:\/\/iraurgiberritzen.eus\/es\/iraurgi-berritzen-participa-en-los-actos-del-xxx-aniversario-de-la-asociacion-vasca-de-agencias-de-desarrollo-garapen\/#primaryimage","url":"https:\/\/iraurgiberritzen.eus\/wp-content\/uploads\/2023\/09\/70c99554fe01d69e873e19002bcde1ec.jpg","contentUrl":"https:\/\/iraurgiberritzen.eus\/wp-content\/uploads\/2023\/09\/70c99554fe01d69e873e19002bcde1ec.jpg","width":400,"height":255},{"@type":"BreadcrumbList","@id":"https:\/\/iraurgiberritzen.eus\/es\/iraurgi-berritzen-participa-en-los-actos-del-xxx-aniversario-de-la-asociacion-vasca-de-agencias-de-desarrollo-garapen\/#breadcrumb","itemListElement":[{"@type":"ListItem","position":1,"name":"Home","item":"https:\/\/iraurgiberritzen.eus\/es\/"},{"@type":"ListItem","position":2,"name":"Iraurgi Berritzen participa en los actos del XXX Aniversario de la Asociaci\u00f3n Vasca de Agencias de Desarrollo, Garapen"}]},{"@type":"WebSite","@id":"https:\/\/iraurgiberritzen.eus\/es\/#website","url":"https:\/\/iraurgiberritzen.eus\/es\/","name":"Iraurgi Berritzen","description":"Urola Erdiko Garapen Agentzia","publisher":{"@id":"https:\/\/iraurgiberritzen.eus\/es\/#organization"},"potentialAction":[{"@type":"SearchAction","target":{"@type":"EntryPoint","urlTemplate":"https:\/\/iraurgiberritzen.eus\/es\/?s={search_term_string}"},"query-input":{"@type":"PropertyValueSpecification","valueRequired":true,"valueName":"search_term_string"}}],"inLanguage":"es"},{"@type":"Organization","@id":"https:\/\/iraurgiberritzen.eus\/es\/#organization","name":"Iraurgi Berritzen","url":"https:\/\/iraurgiberritzen.eus\/es\/","logo":{"@type":"ImageObject","inLanguage":"es","@id":"https:\/\/iraurgiberritzen.eus\/es\/#\/schema\/logo\/image\/","url":"https:\/\/iraurgiberritzen.eus\/wp-content\/uploads\/2024\/02\/IRAURGI-BERRITZEN-logotipoa_2.png","contentUrl":"https:\/\/iraurgiberritzen.eus\/wp-content\/uploads\/2024\/02\/IRAURGI-BERRITZEN-logotipoa_2.png","width":496,"height":190,"caption":"Iraurgi Berritzen"},"image":{"@id":"https:\/\/iraurgiberritzen.eus\/es\/#\/schema\/logo\/image\/"}},{"@type":"Person","@id":"https:\/\/iraurgiberritzen.eus\/es\/#\/schema\/person\/5ab41aaf388a9097177601ebf45738d2","name":"kudeatzailea","sameAs":["https:\/\/iraurgiberritzen.eus"]}]}},"_links":{"self":[{"href":"https:\/\/iraurgiberritzen.eus\/es\/wp-json\/wp\/v2\/posts\/14203","targetHints":{"allow":["GET"]}}],"collection":[{"href":"https:\/\/iraurgiberritzen.eus\/es\/wp-json\/wp\/v2\/posts"}],"about":[{"href":"https:\/\/iraurgiberritzen.eus\/es\/wp-json\/wp\/v2\/types\/post"}],"author":[{"embeddable":true,"href":"https:\/\/iraurgiberritzen.eus\/es\/wp-json\/wp\/v2\/users\/1"}],"replies":[{"embeddable":true,"href":"https:\/\/iraurgiberritzen.eus\/es\/wp-json\/wp\/v2\/comments?post=14203"}],"version-history":[{"count":0,"href":"https:\/\/iraurgiberritzen.eus\/es\/wp-json\/wp\/v2\/posts\/14203\/revisions"}],"wp:featuredmedia":[{"embeddable":true,"href":"https:\/\/iraurgiberritzen.eus\/es\/wp-json\/wp\/v2\/media\/17307"}],"wp:attachment":[{"href":"https:\/\/iraurgiberritzen.eus\/es\/wp-json\/wp\/v2\/media?parent=14203"}],"wp:term":[{"taxonomy":"category","embeddable":true,"href":"https:\/\/iraurgiberritzen.eus\/es\/wp-json\/wp\/v2\/categories?post=14203"},{"taxonomy":"post_tag","embeddable":true,"href":"https:\/\/iraurgiberritzen.eus\/es\/wp-json\/wp\/v2\/tags?post=14203"}],"curies":[{"name":"wp","href":"https:\/\/api.w.org\/{rel}","templated":true}]}}