{"id":14206,"date":"2022-11-23T11:53:52","date_gmt":"2022-11-23T09:53:52","guid":{"rendered":"https:\/\/iraurgiberritzen.eus\/los-centros-escolares-de-la-comarca-consensuan-las-lineas-de-trabajo-para-fomentar-en-el-alumnado-competencias-y-vivencias-en-el-ambito-de-la-ciencia-y-tecnologia\/"},"modified":"2022-11-23T11:53:52","modified_gmt":"2022-11-23T09:53:52","slug":"los-centros-escolares-de-la-comarca-consensuan-las-lineas-de-trabajo-para-fomentar-en-el-alumnado-competencias-y-vivencias-en-el-ambito-de-la-ciencia-y-tecnologia","status":"publish","type":"post","link":"https:\/\/iraurgiberritzen.eus\/es\/los-centros-escolares-de-la-comarca-consensuan-las-lineas-de-trabajo-para-fomentar-en-el-alumnado-competencias-y-vivencias-en-el-ambito-de-la-ciencia-y-tecnologia\/","title":{"rendered":"Los centros escolares de la comarca consensuan las l\u00edneas de trabajo para fomentar en el alumnado competencias y vivencias en el \u00e1mbito de la Ciencia y Tecnolog\u00eda"},"content":{"rendered":"<p style=\"text-align: justify;\">El mi\u00e9rcoles 23 de noviembre, profesores de 5 centros escolares de la comarca se han reunido para planificar el proyecto \u201cZIMAT Urola Erdian\u201d (Zientzia, Ingenieritza, Matematika, Artea eta Teknologia) y consensuar mejoras.<\/p>\n<p style=\"text-align: justify;\">El proyecto se dirige al alumnado de ESO y Bachiller de la comarca y tiene como objetivo fomentar las competencias y vivencias en el \u00e1mbito de la Ciencia y Tecnolog\u00eda a trav\u00e9s del desarrollo de diferentes proyectos. Asimismo, se pretende apoyar al profesorado de la comarca en la aplicaci\u00f3n y desarrollo de otras metodolog\u00edas de ense\u00f1anza.<\/p>\n<p style=\"text-align: justify;\">De cara al curso 2022-23 se han acordado varios hitos en el grupo de trabajo. Entre otros, destacan la formaci\u00f3n en la gesti\u00f3n de proyectos, relaciones con profesionales del \u00e1mbito cient\u00edfico-tecnol\u00f3gico o la organizaci\u00f3n de la \u201cUrola Erdiko Zientzia eta Teknologia Azoka\u201d para socializar proyectos trabajados a lo largo del curso.<\/p>\n","protected":false},"excerpt":{"rendered":"<p>El mi\u00e9rcoles 23 de noviembre, profesores de 5 centros escolares de la comarca se han reunido para planificar el proyecto \u201cZIMAT Urola Erdian\u201d (Zientzia, Ingenieritza, Matematika, Artea eta Teknologia) y consensuar mejoras. El proyecto se dirige al alumnado de ESO y Bachiller de la comarca y tiene como objetivo fomentar las competencias y vivencias en [&hellip;]<\/p>\n","protected":false},"author":1,"featured_media":17308,"comment_status":"","ping_status":"closed","sticky":false,"template":"","format":"standard","meta":{"_acf_changed":false,"footnotes":""},"categories":[4],"tags":[],"class_list":["post-14206","post","type-post","status-publish","format-standard","has-post-thumbnail","hentry","category-noticias"],"acf":[],"yoast_head":"<!-- This site is optimized with the Yoast SEO plugin v27.4 - https:\/\/yoast.com\/product\/yoast-seo-wordpress\/ -->\n<title>Los centros escolares de la comarca consensuan las l\u00edneas de trabajo para fomentar en el alumnado competencias y vivencias en el \u00e1mbito de la Ciencia y Tecnolog\u00eda - Iraurgi Berritzen<\/title>\n<meta name=\"robots\" content=\"index, follow, max-snippet:-1, max-image-preview:large, max-video-preview:-1\" \/>\n<link rel=\"canonical\" href=\"https:\/\/iraurgiberritzen.eus\/es\/los-centros-escolares-de-la-comarca-consensuan-las-lineas-de-trabajo-para-fomentar-en-el-alumnado-competencias-y-vivencias-en-el-ambito-de-la-ciencia-y-tecnologia\/\" \/>\n<meta property=\"og:locale\" content=\"es_ES\" \/>\n<meta property=\"og:type\" content=\"article\" \/>\n<meta property=\"og:title\" content=\"Los centros escolares de la comarca consensuan las l\u00edneas de trabajo para fomentar en el alumnado competencias y vivencias en el \u00e1mbito de la Ciencia y Tecnolog\u00eda - Iraurgi Berritzen\" \/>\n<meta property=\"og:description\" content=\"El mi\u00e9rcoles 23 de noviembre, profesores de 5 centros escolares de la comarca se han reunido para planificar el proyecto \u201cZIMAT Urola Erdian\u201d (Zientzia, Ingenieritza, Matematika, Artea eta Teknologia) y consensuar mejoras. El proyecto se dirige al alumnado de ESO y Bachiller de la comarca y tiene como objetivo fomentar las competencias y vivencias en [&hellip;]\" \/>\n<meta property=\"og:url\" content=\"https:\/\/iraurgiberritzen.eus\/es\/los-centros-escolares-de-la-comarca-consensuan-las-lineas-de-trabajo-para-fomentar-en-el-alumnado-competencias-y-vivencias-en-el-ambito-de-la-ciencia-y-tecnologia\/\" \/>\n<meta property=\"og:site_name\" content=\"Iraurgi Berritzen\" \/>\n<meta property=\"article:published_time\" content=\"2022-11-23T09:53:52+00:00\" \/>\n<meta name=\"author\" content=\"kudeatzailea\" \/>\n<meta name=\"twitter:card\" content=\"summary_large_image\" \/>\n<meta name=\"twitter:label1\" content=\"Escrito por\" \/>\n\t<meta name=\"twitter:data1\" content=\"kudeatzailea\" \/>\n\t<meta name=\"twitter:label2\" content=\"Tiempo de lectura\" \/>\n\t<meta name=\"twitter:data2\" content=\"1 minuto\" \/>\n<script type=\"application\/ld+json\" class=\"yoast-schema-graph\">{\"@context\":\"https:\\\/\\\/schema.org\",\"@graph\":[{\"@type\":\"Article\",\"@id\":\"https:\\\/\\\/iraurgiberritzen.eus\\\/es\\\/los-centros-escolares-de-la-comarca-consensuan-las-lineas-de-trabajo-para-fomentar-en-el-alumnado-competencias-y-vivencias-en-el-ambito-de-la-ciencia-y-tecnologia\\\/#article\",\"isPartOf\":{\"@id\":\"https:\\\/\\\/iraurgiberritzen.eus\\\/es\\\/los-centros-escolares-de-la-comarca-consensuan-las-lineas-de-trabajo-para-fomentar-en-el-alumnado-competencias-y-vivencias-en-el-ambito-de-la-ciencia-y-tecnologia\\\/\"},\"author\":{\"name\":\"kudeatzailea\",\"@id\":\"https:\\\/\\\/iraurgiberritzen.eus\\\/es\\\/#\\\/schema\\\/person\\\/5ab41aaf388a9097177601ebf45738d2\"},\"headline\":\"Los centros escolares de la comarca consensuan las l\u00edneas de trabajo para fomentar en el alumnado competencias y vivencias en el \u00e1mbito de la Ciencia y Tecnolog\u00eda\",\"datePublished\":\"2022-11-23T09:53:52+00:00\",\"mainEntityOfPage\":{\"@id\":\"https:\\\/\\\/iraurgiberritzen.eus\\\/es\\\/los-centros-escolares-de-la-comarca-consensuan-las-lineas-de-trabajo-para-fomentar-en-el-alumnado-competencias-y-vivencias-en-el-ambito-de-la-ciencia-y-tecnologia\\\/\"},\"wordCount\":177,\"publisher\":{\"@id\":\"https:\\\/\\\/iraurgiberritzen.eus\\\/es\\\/#organization\"},\"image\":{\"@id\":\"https:\\\/\\\/iraurgiberritzen.eus\\\/es\\\/los-centros-escolares-de-la-comarca-consensuan-las-lineas-de-trabajo-para-fomentar-en-el-alumnado-competencias-y-vivencias-en-el-ambito-de-la-ciencia-y-tecnologia\\\/#primaryimage\"},\"thumbnailUrl\":\"https:\\\/\\\/iraurgiberritzen.eus\\\/wp-content\\\/uploads\\\/2023\\\/09\\\/60b645bc79a85e908e08f0f169fd8ecf.jpg\",\"articleSection\":[\"Noticias\"],\"inLanguage\":\"es\"},{\"@type\":\"WebPage\",\"@id\":\"https:\\\/\\\/iraurgiberritzen.eus\\\/es\\\/los-centros-escolares-de-la-comarca-consensuan-las-lineas-de-trabajo-para-fomentar-en-el-alumnado-competencias-y-vivencias-en-el-ambito-de-la-ciencia-y-tecnologia\\\/\",\"url\":\"https:\\\/\\\/iraurgiberritzen.eus\\\/es\\\/los-centros-escolares-de-la-comarca-consensuan-las-lineas-de-trabajo-para-fomentar-en-el-alumnado-competencias-y-vivencias-en-el-ambito-de-la-ciencia-y-tecnologia\\\/\",\"name\":\"Los centros escolares de la comarca consensuan las l\u00edneas de trabajo para fomentar en el alumnado competencias y vivencias en el \u00e1mbito de la Ciencia y Tecnolog\u00eda - Iraurgi Berritzen\",\"isPartOf\":{\"@id\":\"https:\\\/\\\/iraurgiberritzen.eus\\\/es\\\/#website\"},\"primaryImageOfPage\":{\"@id\":\"https:\\\/\\\/iraurgiberritzen.eus\\\/es\\\/los-centros-escolares-de-la-comarca-consensuan-las-lineas-de-trabajo-para-fomentar-en-el-alumnado-competencias-y-vivencias-en-el-ambito-de-la-ciencia-y-tecnologia\\\/#primaryimage\"},\"image\":{\"@id\":\"https:\\\/\\\/iraurgiberritzen.eus\\\/es\\\/los-centros-escolares-de-la-comarca-consensuan-las-lineas-de-trabajo-para-fomentar-en-el-alumnado-competencias-y-vivencias-en-el-ambito-de-la-ciencia-y-tecnologia\\\/#primaryimage\"},\"thumbnailUrl\":\"https:\\\/\\\/iraurgiberritzen.eus\\\/wp-content\\\/uploads\\\/2023\\\/09\\\/60b645bc79a85e908e08f0f169fd8ecf.jpg\",\"datePublished\":\"2022-11-23T09:53:52+00:00\",\"breadcrumb\":{\"@id\":\"https:\\\/\\\/iraurgiberritzen.eus\\\/es\\\/los-centros-escolares-de-la-comarca-consensuan-las-lineas-de-trabajo-para-fomentar-en-el-alumnado-competencias-y-vivencias-en-el-ambito-de-la-ciencia-y-tecnologia\\\/#breadcrumb\"},\"inLanguage\":\"es\",\"potentialAction\":[{\"@type\":\"ReadAction\",\"target\":[\"https:\\\/\\\/iraurgiberritzen.eus\\\/es\\\/los-centros-escolares-de-la-comarca-consensuan-las-lineas-de-trabajo-para-fomentar-en-el-alumnado-competencias-y-vivencias-en-el-ambito-de-la-ciencia-y-tecnologia\\\/\"]}]},{\"@type\":\"ImageObject\",\"inLanguage\":\"es\",\"@id\":\"https:\\\/\\\/iraurgiberritzen.eus\\\/es\\\/los-centros-escolares-de-la-comarca-consensuan-las-lineas-de-trabajo-para-fomentar-en-el-alumnado-competencias-y-vivencias-en-el-ambito-de-la-ciencia-y-tecnologia\\\/#primaryimage\",\"url\":\"https:\\\/\\\/iraurgiberritzen.eus\\\/wp-content\\\/uploads\\\/2023\\\/09\\\/60b645bc79a85e908e08f0f169fd8ecf.jpg\",\"contentUrl\":\"https:\\\/\\\/iraurgiberritzen.eus\\\/wp-content\\\/uploads\\\/2023\\\/09\\\/60b645bc79a85e908e08f0f169fd8ecf.jpg\",\"width\":400,\"height\":257},{\"@type\":\"BreadcrumbList\",\"@id\":\"https:\\\/\\\/iraurgiberritzen.eus\\\/es\\\/los-centros-escolares-de-la-comarca-consensuan-las-lineas-de-trabajo-para-fomentar-en-el-alumnado-competencias-y-vivencias-en-el-ambito-de-la-ciencia-y-tecnologia\\\/#breadcrumb\",\"itemListElement\":[{\"@type\":\"ListItem\",\"position\":1,\"name\":\"Home\",\"item\":\"https:\\\/\\\/iraurgiberritzen.eus\\\/es\\\/\"},{\"@type\":\"ListItem\",\"position\":2,\"name\":\"Los centros escolares de la comarca consensuan las l\u00edneas de trabajo para fomentar en el alumnado competencias y vivencias en el \u00e1mbito de la Ciencia y Tecnolog\u00eda\"}]},{\"@type\":\"WebSite\",\"@id\":\"https:\\\/\\\/iraurgiberritzen.eus\\\/es\\\/#website\",\"url\":\"https:\\\/\\\/iraurgiberritzen.eus\\\/es\\\/\",\"name\":\"Iraurgi Berritzen\",\"description\":\"Urola Erdiko Garapen Agentzia\",\"publisher\":{\"@id\":\"https:\\\/\\\/iraurgiberritzen.eus\\\/es\\\/#organization\"},\"potentialAction\":[{\"@type\":\"SearchAction\",\"target\":{\"@type\":\"EntryPoint\",\"urlTemplate\":\"https:\\\/\\\/iraurgiberritzen.eus\\\/es\\\/?s={search_term_string}\"},\"query-input\":{\"@type\":\"PropertyValueSpecification\",\"valueRequired\":true,\"valueName\":\"search_term_string\"}}],\"inLanguage\":\"es\"},{\"@type\":\"Organization\",\"@id\":\"https:\\\/\\\/iraurgiberritzen.eus\\\/es\\\/#organization\",\"name\":\"Iraurgi Berritzen\",\"url\":\"https:\\\/\\\/iraurgiberritzen.eus\\\/es\\\/\",\"logo\":{\"@type\":\"ImageObject\",\"inLanguage\":\"es\",\"@id\":\"https:\\\/\\\/iraurgiberritzen.eus\\\/es\\\/#\\\/schema\\\/logo\\\/image\\\/\",\"url\":\"https:\\\/\\\/iraurgiberritzen.eus\\\/wp-content\\\/uploads\\\/2024\\\/02\\\/IRAURGI-BERRITZEN-logotipoa_2.png\",\"contentUrl\":\"https:\\\/\\\/iraurgiberritzen.eus\\\/wp-content\\\/uploads\\\/2024\\\/02\\\/IRAURGI-BERRITZEN-logotipoa_2.png\",\"width\":496,\"height\":190,\"caption\":\"Iraurgi Berritzen\"},\"image\":{\"@id\":\"https:\\\/\\\/iraurgiberritzen.eus\\\/es\\\/#\\\/schema\\\/logo\\\/image\\\/\"}},{\"@type\":\"Person\",\"@id\":\"https:\\\/\\\/iraurgiberritzen.eus\\\/es\\\/#\\\/schema\\\/person\\\/5ab41aaf388a9097177601ebf45738d2\",\"name\":\"kudeatzailea\",\"sameAs\":[\"https:\\\/\\\/iraurgiberritzen.eus\"]}]}<\/script>\n<!-- \/ Yoast SEO plugin. -->","yoast_head_json":{"title":"Los centros escolares de la comarca consensuan las l\u00edneas de trabajo para fomentar en el alumnado competencias y vivencias en el \u00e1mbito de la Ciencia y Tecnolog\u00eda - Iraurgi Berritzen","robots":{"index":"index","follow":"follow","max-snippet":"max-snippet:-1","max-image-preview":"max-image-preview:large","max-video-preview":"max-video-preview:-1"},"canonical":"https:\/\/iraurgiberritzen.eus\/es\/los-centros-escolares-de-la-comarca-consensuan-las-lineas-de-trabajo-para-fomentar-en-el-alumnado-competencias-y-vivencias-en-el-ambito-de-la-ciencia-y-tecnologia\/","og_locale":"es_ES","og_type":"article","og_title":"Los centros escolares de la comarca consensuan las l\u00edneas de trabajo para fomentar en el alumnado competencias y vivencias en el \u00e1mbito de la Ciencia y Tecnolog\u00eda - Iraurgi Berritzen","og_description":"El mi\u00e9rcoles 23 de noviembre, profesores de 5 centros escolares de la comarca se han reunido para planificar el proyecto \u201cZIMAT Urola Erdian\u201d (Zientzia, Ingenieritza, Matematika, Artea eta Teknologia) y consensuar mejoras. El proyecto se dirige al alumnado de ESO y Bachiller de la comarca y tiene como objetivo fomentar las competencias y vivencias en [&hellip;]","og_url":"https:\/\/iraurgiberritzen.eus\/es\/los-centros-escolares-de-la-comarca-consensuan-las-lineas-de-trabajo-para-fomentar-en-el-alumnado-competencias-y-vivencias-en-el-ambito-de-la-ciencia-y-tecnologia\/","og_site_name":"Iraurgi Berritzen","article_published_time":"2022-11-23T09:53:52+00:00","author":"kudeatzailea","twitter_card":"summary_large_image","twitter_misc":{"Escrito por":"kudeatzailea","Tiempo de lectura":"1 minuto"},"schema":{"@context":"https:\/\/schema.org","@graph":[{"@type":"Article","@id":"https:\/\/iraurgiberritzen.eus\/es\/los-centros-escolares-de-la-comarca-consensuan-las-lineas-de-trabajo-para-fomentar-en-el-alumnado-competencias-y-vivencias-en-el-ambito-de-la-ciencia-y-tecnologia\/#article","isPartOf":{"@id":"https:\/\/iraurgiberritzen.eus\/es\/los-centros-escolares-de-la-comarca-consensuan-las-lineas-de-trabajo-para-fomentar-en-el-alumnado-competencias-y-vivencias-en-el-ambito-de-la-ciencia-y-tecnologia\/"},"author":{"name":"kudeatzailea","@id":"https:\/\/iraurgiberritzen.eus\/es\/#\/schema\/person\/5ab41aaf388a9097177601ebf45738d2"},"headline":"Los centros escolares de la comarca consensuan las l\u00edneas de trabajo para fomentar en el alumnado competencias y vivencias en el \u00e1mbito de la Ciencia y Tecnolog\u00eda","datePublished":"2022-11-23T09:53:52+00:00","mainEntityOfPage":{"@id":"https:\/\/iraurgiberritzen.eus\/es\/los-centros-escolares-de-la-comarca-consensuan-las-lineas-de-trabajo-para-fomentar-en-el-alumnado-competencias-y-vivencias-en-el-ambito-de-la-ciencia-y-tecnologia\/"},"wordCount":177,"publisher":{"@id":"https:\/\/iraurgiberritzen.eus\/es\/#organization"},"image":{"@id":"https:\/\/iraurgiberritzen.eus\/es\/los-centros-escolares-de-la-comarca-consensuan-las-lineas-de-trabajo-para-fomentar-en-el-alumnado-competencias-y-vivencias-en-el-ambito-de-la-ciencia-y-tecnologia\/#primaryimage"},"thumbnailUrl":"https:\/\/iraurgiberritzen.eus\/wp-content\/uploads\/2023\/09\/60b645bc79a85e908e08f0f169fd8ecf.jpg","articleSection":["Noticias"],"inLanguage":"es"},{"@type":"WebPage","@id":"https:\/\/iraurgiberritzen.eus\/es\/los-centros-escolares-de-la-comarca-consensuan-las-lineas-de-trabajo-para-fomentar-en-el-alumnado-competencias-y-vivencias-en-el-ambito-de-la-ciencia-y-tecnologia\/","url":"https:\/\/iraurgiberritzen.eus\/es\/los-centros-escolares-de-la-comarca-consensuan-las-lineas-de-trabajo-para-fomentar-en-el-alumnado-competencias-y-vivencias-en-el-ambito-de-la-ciencia-y-tecnologia\/","name":"Los centros escolares de la comarca consensuan las l\u00edneas de trabajo para fomentar en el alumnado competencias y vivencias en el \u00e1mbito de la Ciencia y Tecnolog\u00eda - Iraurgi Berritzen","isPartOf":{"@id":"https:\/\/iraurgiberritzen.eus\/es\/#website"},"primaryImageOfPage":{"@id":"https:\/\/iraurgiberritzen.eus\/es\/los-centros-escolares-de-la-comarca-consensuan-las-lineas-de-trabajo-para-fomentar-en-el-alumnado-competencias-y-vivencias-en-el-ambito-de-la-ciencia-y-tecnologia\/#primaryimage"},"image":{"@id":"https:\/\/iraurgiberritzen.eus\/es\/los-centros-escolares-de-la-comarca-consensuan-las-lineas-de-trabajo-para-fomentar-en-el-alumnado-competencias-y-vivencias-en-el-ambito-de-la-ciencia-y-tecnologia\/#primaryimage"},"thumbnailUrl":"https:\/\/iraurgiberritzen.eus\/wp-content\/uploads\/2023\/09\/60b645bc79a85e908e08f0f169fd8ecf.jpg","datePublished":"2022-11-23T09:53:52+00:00","breadcrumb":{"@id":"https:\/\/iraurgiberritzen.eus\/es\/los-centros-escolares-de-la-comarca-consensuan-las-lineas-de-trabajo-para-fomentar-en-el-alumnado-competencias-y-vivencias-en-el-ambito-de-la-ciencia-y-tecnologia\/#breadcrumb"},"inLanguage":"es","potentialAction":[{"@type":"ReadAction","target":["https:\/\/iraurgiberritzen.eus\/es\/los-centros-escolares-de-la-comarca-consensuan-las-lineas-de-trabajo-para-fomentar-en-el-alumnado-competencias-y-vivencias-en-el-ambito-de-la-ciencia-y-tecnologia\/"]}]},{"@type":"ImageObject","inLanguage":"es","@id":"https:\/\/iraurgiberritzen.eus\/es\/los-centros-escolares-de-la-comarca-consensuan-las-lineas-de-trabajo-para-fomentar-en-el-alumnado-competencias-y-vivencias-en-el-ambito-de-la-ciencia-y-tecnologia\/#primaryimage","url":"https:\/\/iraurgiberritzen.eus\/wp-content\/uploads\/2023\/09\/60b645bc79a85e908e08f0f169fd8ecf.jpg","contentUrl":"https:\/\/iraurgiberritzen.eus\/wp-content\/uploads\/2023\/09\/60b645bc79a85e908e08f0f169fd8ecf.jpg","width":400,"height":257},{"@type":"BreadcrumbList","@id":"https:\/\/iraurgiberritzen.eus\/es\/los-centros-escolares-de-la-comarca-consensuan-las-lineas-de-trabajo-para-fomentar-en-el-alumnado-competencias-y-vivencias-en-el-ambito-de-la-ciencia-y-tecnologia\/#breadcrumb","itemListElement":[{"@type":"ListItem","position":1,"name":"Home","item":"https:\/\/iraurgiberritzen.eus\/es\/"},{"@type":"ListItem","position":2,"name":"Los centros escolares de la comarca consensuan las l\u00edneas de trabajo para fomentar en el alumnado competencias y vivencias en el \u00e1mbito de la Ciencia y Tecnolog\u00eda"}]},{"@type":"WebSite","@id":"https:\/\/iraurgiberritzen.eus\/es\/#website","url":"https:\/\/iraurgiberritzen.eus\/es\/","name":"Iraurgi Berritzen","description":"Urola Erdiko Garapen Agentzia","publisher":{"@id":"https:\/\/iraurgiberritzen.eus\/es\/#organization"},"potentialAction":[{"@type":"SearchAction","target":{"@type":"EntryPoint","urlTemplate":"https:\/\/iraurgiberritzen.eus\/es\/?s={search_term_string}"},"query-input":{"@type":"PropertyValueSpecification","valueRequired":true,"valueName":"search_term_string"}}],"inLanguage":"es"},{"@type":"Organization","@id":"https:\/\/iraurgiberritzen.eus\/es\/#organization","name":"Iraurgi Berritzen","url":"https:\/\/iraurgiberritzen.eus\/es\/","logo":{"@type":"ImageObject","inLanguage":"es","@id":"https:\/\/iraurgiberritzen.eus\/es\/#\/schema\/logo\/image\/","url":"https:\/\/iraurgiberritzen.eus\/wp-content\/uploads\/2024\/02\/IRAURGI-BERRITZEN-logotipoa_2.png","contentUrl":"https:\/\/iraurgiberritzen.eus\/wp-content\/uploads\/2024\/02\/IRAURGI-BERRITZEN-logotipoa_2.png","width":496,"height":190,"caption":"Iraurgi Berritzen"},"image":{"@id":"https:\/\/iraurgiberritzen.eus\/es\/#\/schema\/logo\/image\/"}},{"@type":"Person","@id":"https:\/\/iraurgiberritzen.eus\/es\/#\/schema\/person\/5ab41aaf388a9097177601ebf45738d2","name":"kudeatzailea","sameAs":["https:\/\/iraurgiberritzen.eus"]}]}},"_links":{"self":[{"href":"https:\/\/iraurgiberritzen.eus\/es\/wp-json\/wp\/v2\/posts\/14206","targetHints":{"allow":["GET"]}}],"collection":[{"href":"https:\/\/iraurgiberritzen.eus\/es\/wp-json\/wp\/v2\/posts"}],"about":[{"href":"https:\/\/iraurgiberritzen.eus\/es\/wp-json\/wp\/v2\/types\/post"}],"author":[{"embeddable":true,"href":"https:\/\/iraurgiberritzen.eus\/es\/wp-json\/wp\/v2\/users\/1"}],"replies":[{"embeddable":true,"href":"https:\/\/iraurgiberritzen.eus\/es\/wp-json\/wp\/v2\/comments?post=14206"}],"version-history":[{"count":0,"href":"https:\/\/iraurgiberritzen.eus\/es\/wp-json\/wp\/v2\/posts\/14206\/revisions"}],"wp:featuredmedia":[{"embeddable":true,"href":"https:\/\/iraurgiberritzen.eus\/es\/wp-json\/wp\/v2\/media\/17308"}],"wp:attachment":[{"href":"https:\/\/iraurgiberritzen.eus\/es\/wp-json\/wp\/v2\/media?parent=14206"}],"wp:term":[{"taxonomy":"category","embeddable":true,"href":"https:\/\/iraurgiberritzen.eus\/es\/wp-json\/wp\/v2\/categories?post=14206"},{"taxonomy":"post_tag","embeddable":true,"href":"https:\/\/iraurgiberritzen.eus\/es\/wp-json\/wp\/v2\/tags?post=14206"}],"curies":[{"name":"wp","href":"https:\/\/api.w.org\/{rel}","templated":true}]}}