{"id":14218,"date":"2022-12-14T08:23:58","date_gmt":"2022-12-14T06:23:58","guid":{"rendered":"https:\/\/iraurgiberritzen.eus\/la-obtencion-de-la-subvencion-por-parte-del-ayuntamiento-de-azkoitia-para-la-reforma-de-la-plaza-del-mercado-y-la-revitalizacion-comercial-es-una-de-las-consecuencias-del-trabajo-en-colaboracion-de-lo\/"},"modified":"2022-12-14T08:23:58","modified_gmt":"2022-12-14T06:23:58","slug":"la-obtencion-de-la-subvencion-por-parte-del-ayuntamiento-de-azkoitia-para-la-reforma-de-la-plaza-del-mercado-y-la-revitalizacion-comercial-es-una-de-las-consecuencias-del-trabajo-en-colaboracion-de-lo","status":"publish","type":"post","link":"https:\/\/iraurgiberritzen.eus\/es\/la-obtencion-de-la-subvencion-por-parte-del-ayuntamiento-de-azkoitia-para-la-reforma-de-la-plaza-del-mercado-y-la-revitalizacion-comercial-es-una-de-las-consecuencias-del-trabajo-en-colaboracion-de-lo\/","title":{"rendered":"La obtenci\u00f3n de la subvenci\u00f3n por parte del Ayuntamiento de Azkoitia para la reforma de la Plaza del Mercado y la revitalizaci\u00f3n comercial, es una de las consecuencias del trabajo en colaboraci\u00f3n de los distintos agentes del \u00abgune\u00bb de comercio"},"content":{"rendered":"<p style=\"text-align: justify;\">El Ayuntamiento de Azkoitia ha conseguido una ayuda europea de los fondos Next Generation EU de 1.362.949,60 euros para la revitalizaci\u00f3n del mercado y del comercio.<\/p>\n<p style=\"text-align: justify;\">La propuesta de resoluci\u00f3n notificada al Ayuntamiento es provisional y se abre un plazo de diez d\u00edas para la presentaci\u00f3n de alegaciones. Tras ser examinadas, se dar\u00e1 a conocer la resoluci\u00f3n definitiva.<\/p>\n<p style=\"text-align: justify;\">El Ayuntamiento, que cont\u00f3 con la colaboraci\u00f3n de Iraurgi Berritzen, Dendartean, Herrixen y Urkome para presentarse a la convocatoria de ayudas, present\u00f3 una propuesta de proyecto por un importe total de 1.703.688,55 euros. Entre las principales actuaciones que se contemplan est\u00e1n la revitalizaci\u00f3n del mercado para mejorar las instalaciones, la accesibilidad (instalaci\u00f3n del segundo ascensor de Floreaga), los equipamientos y la adecuaci\u00f3n de las diversas zonas del recinto, as\u00ed como la puesta en marcha de puntos de recogida inteligentes y la optimizaci\u00f3n de la distribuci\u00f3n comercial, entrega y devoluci\u00f3n del producto, la digitalizaci\u00f3n del sector y mejoras en el proceso de venta mediante la incorporaci\u00f3n de nuevas tecnolog\u00edas.<\/p>\n<p style=\"text-align: justify;\">Impulsar la competitividad, la innovaci\u00f3n y la modernizaci\u00f3n de los canales de la distribuci\u00f3n apostando por la digitalizaci\u00f3n, incrementar el n\u00famero de consumidores en los comercios y en el mercado, y fomentar la sensibilizaci\u00f3n y acercamiento de la oferta comercial y del producto local son algunos de los objetivos que se persiguen dando una respuesta a la crisis estructural que sufre el comercio local desde hace unos a\u00f1os.&nbsp;<\/p>\n<p style=\"text-align: justify;\">La ayuda otorgada proviene de los fondos Next Generation EU, un fondo de recuperaci\u00f3n acordado por el Consejo Europeo como medida de emergencia tras la crisis de la Covid, para ayudar a los estados miembros.<\/p>\n","protected":false},"excerpt":{"rendered":"<p>El Ayuntamiento de Azkoitia ha conseguido una ayuda europea de los fondos Next Generation EU de 1.362.949,60 euros para la revitalizaci\u00f3n del mercado y del comercio. La propuesta de resoluci\u00f3n notificada al Ayuntamiento es provisional y se abre un plazo de diez d\u00edas para la presentaci\u00f3n de alegaciones. Tras ser examinadas, se dar\u00e1 a conocer [&hellip;]<\/p>\n","protected":false},"author":1,"featured_media":17293,"comment_status":"","ping_status":"closed","sticky":false,"template":"","format":"standard","meta":{"_acf_changed":false,"footnotes":""},"categories":[4],"tags":[],"class_list":["post-14218","post","type-post","status-publish","format-standard","has-post-thumbnail","hentry","category-noticias"],"acf":[],"yoast_head":"<!-- This site is optimized with the Yoast SEO plugin v27.4 - https:\/\/yoast.com\/product\/yoast-seo-wordpress\/ -->\n<title>La obtenci\u00f3n de la subvenci\u00f3n por parte del Ayuntamiento de Azkoitia para la reforma de la Plaza del Mercado y la revitalizaci\u00f3n comercial, es una de las consecuencias del trabajo en colaboraci\u00f3n de los distintos agentes del &quot;gune&quot; de comercio - Iraurgi Berritzen<\/title>\n<meta name=\"robots\" content=\"index, follow, max-snippet:-1, max-image-preview:large, max-video-preview:-1\" \/>\n<link rel=\"canonical\" href=\"https:\/\/iraurgiberritzen.eus\/es\/la-obtencion-de-la-subvencion-por-parte-del-ayuntamiento-de-azkoitia-para-la-reforma-de-la-plaza-del-mercado-y-la-revitalizacion-comercial-es-una-de-las-consecuencias-del-trabajo-en-colaboracion-de-lo\/\" \/>\n<meta property=\"og:locale\" content=\"es_ES\" \/>\n<meta property=\"og:type\" content=\"article\" \/>\n<meta property=\"og:title\" content=\"La obtenci\u00f3n de la subvenci\u00f3n por parte del Ayuntamiento de Azkoitia para la reforma de la Plaza del Mercado y la revitalizaci\u00f3n comercial, es una de las consecuencias del trabajo en colaboraci\u00f3n de los distintos agentes del &quot;gune&quot; de comercio - Iraurgi Berritzen\" \/>\n<meta property=\"og:description\" content=\"El Ayuntamiento de Azkoitia ha conseguido una ayuda europea de los fondos Next Generation EU de 1.362.949,60 euros para la revitalizaci\u00f3n del mercado y del comercio. La propuesta de resoluci\u00f3n notificada al Ayuntamiento es provisional y se abre un plazo de diez d\u00edas para la presentaci\u00f3n de alegaciones. Tras ser examinadas, se dar\u00e1 a conocer [&hellip;]\" \/>\n<meta property=\"og:url\" content=\"https:\/\/iraurgiberritzen.eus\/es\/la-obtencion-de-la-subvencion-por-parte-del-ayuntamiento-de-azkoitia-para-la-reforma-de-la-plaza-del-mercado-y-la-revitalizacion-comercial-es-una-de-las-consecuencias-del-trabajo-en-colaboracion-de-lo\/\" \/>\n<meta property=\"og:site_name\" content=\"Iraurgi Berritzen\" \/>\n<meta property=\"article:published_time\" content=\"2022-12-14T06:23:58+00:00\" \/>\n<meta name=\"author\" content=\"kudeatzailea\" \/>\n<meta name=\"twitter:card\" content=\"summary_large_image\" \/>\n<meta name=\"twitter:label1\" content=\"Escrito por\" \/>\n\t<meta name=\"twitter:data1\" content=\"kudeatzailea\" \/>\n\t<meta name=\"twitter:label2\" content=\"Tiempo de lectura\" \/>\n\t<meta name=\"twitter:data2\" content=\"1 minuto\" \/>\n<script type=\"application\/ld+json\" class=\"yoast-schema-graph\">{\"@context\":\"https:\\\/\\\/schema.org\",\"@graph\":[{\"@type\":\"Article\",\"@id\":\"https:\\\/\\\/iraurgiberritzen.eus\\\/es\\\/la-obtencion-de-la-subvencion-por-parte-del-ayuntamiento-de-azkoitia-para-la-reforma-de-la-plaza-del-mercado-y-la-revitalizacion-comercial-es-una-de-las-consecuencias-del-trabajo-en-colaboracion-de-lo\\\/#article\",\"isPartOf\":{\"@id\":\"https:\\\/\\\/iraurgiberritzen.eus\\\/es\\\/la-obtencion-de-la-subvencion-por-parte-del-ayuntamiento-de-azkoitia-para-la-reforma-de-la-plaza-del-mercado-y-la-revitalizacion-comercial-es-una-de-las-consecuencias-del-trabajo-en-colaboracion-de-lo\\\/\"},\"author\":{\"name\":\"kudeatzailea\",\"@id\":\"https:\\\/\\\/iraurgiberritzen.eus\\\/es\\\/#\\\/schema\\\/person\\\/5ab41aaf388a9097177601ebf45738d2\"},\"headline\":\"La obtenci\u00f3n de la subvenci\u00f3n por parte del Ayuntamiento de Azkoitia para la reforma de la Plaza del Mercado y la revitalizaci\u00f3n comercial, es una de las consecuencias del trabajo en colaboraci\u00f3n de los distintos agentes del \u00abgune\u00bb de comercio\",\"datePublished\":\"2022-12-14T06:23:58+00:00\",\"mainEntityOfPage\":{\"@id\":\"https:\\\/\\\/iraurgiberritzen.eus\\\/es\\\/la-obtencion-de-la-subvencion-por-parte-del-ayuntamiento-de-azkoitia-para-la-reforma-de-la-plaza-del-mercado-y-la-revitalizacion-comercial-es-una-de-las-consecuencias-del-trabajo-en-colaboracion-de-lo\\\/\"},\"wordCount\":336,\"publisher\":{\"@id\":\"https:\\\/\\\/iraurgiberritzen.eus\\\/es\\\/#organization\"},\"image\":{\"@id\":\"https:\\\/\\\/iraurgiberritzen.eus\\\/es\\\/la-obtencion-de-la-subvencion-por-parte-del-ayuntamiento-de-azkoitia-para-la-reforma-de-la-plaza-del-mercado-y-la-revitalizacion-comercial-es-una-de-las-consecuencias-del-trabajo-en-colaboracion-de-lo\\\/#primaryimage\"},\"thumbnailUrl\":\"https:\\\/\\\/iraurgiberritzen.eus\\\/wp-content\\\/uploads\\\/2023\\\/09\\\/b639fbae8945f8d0376a8e5b71d22158.jpg\",\"articleSection\":[\"Noticias\"],\"inLanguage\":\"es\"},{\"@type\":\"WebPage\",\"@id\":\"https:\\\/\\\/iraurgiberritzen.eus\\\/es\\\/la-obtencion-de-la-subvencion-por-parte-del-ayuntamiento-de-azkoitia-para-la-reforma-de-la-plaza-del-mercado-y-la-revitalizacion-comercial-es-una-de-las-consecuencias-del-trabajo-en-colaboracion-de-lo\\\/\",\"url\":\"https:\\\/\\\/iraurgiberritzen.eus\\\/es\\\/la-obtencion-de-la-subvencion-por-parte-del-ayuntamiento-de-azkoitia-para-la-reforma-de-la-plaza-del-mercado-y-la-revitalizacion-comercial-es-una-de-las-consecuencias-del-trabajo-en-colaboracion-de-lo\\\/\",\"name\":\"La obtenci\u00f3n de la subvenci\u00f3n por parte del Ayuntamiento de Azkoitia para la reforma de la Plaza del Mercado y la revitalizaci\u00f3n comercial, es una de las consecuencias del trabajo en colaboraci\u00f3n de los distintos agentes del \\\"gune\\\" de comercio - Iraurgi Berritzen\",\"isPartOf\":{\"@id\":\"https:\\\/\\\/iraurgiberritzen.eus\\\/es\\\/#website\"},\"primaryImageOfPage\":{\"@id\":\"https:\\\/\\\/iraurgiberritzen.eus\\\/es\\\/la-obtencion-de-la-subvencion-por-parte-del-ayuntamiento-de-azkoitia-para-la-reforma-de-la-plaza-del-mercado-y-la-revitalizacion-comercial-es-una-de-las-consecuencias-del-trabajo-en-colaboracion-de-lo\\\/#primaryimage\"},\"image\":{\"@id\":\"https:\\\/\\\/iraurgiberritzen.eus\\\/es\\\/la-obtencion-de-la-subvencion-por-parte-del-ayuntamiento-de-azkoitia-para-la-reforma-de-la-plaza-del-mercado-y-la-revitalizacion-comercial-es-una-de-las-consecuencias-del-trabajo-en-colaboracion-de-lo\\\/#primaryimage\"},\"thumbnailUrl\":\"https:\\\/\\\/iraurgiberritzen.eus\\\/wp-content\\\/uploads\\\/2023\\\/09\\\/b639fbae8945f8d0376a8e5b71d22158.jpg\",\"datePublished\":\"2022-12-14T06:23:58+00:00\",\"breadcrumb\":{\"@id\":\"https:\\\/\\\/iraurgiberritzen.eus\\\/es\\\/la-obtencion-de-la-subvencion-por-parte-del-ayuntamiento-de-azkoitia-para-la-reforma-de-la-plaza-del-mercado-y-la-revitalizacion-comercial-es-una-de-las-consecuencias-del-trabajo-en-colaboracion-de-lo\\\/#breadcrumb\"},\"inLanguage\":\"es\",\"potentialAction\":[{\"@type\":\"ReadAction\",\"target\":[\"https:\\\/\\\/iraurgiberritzen.eus\\\/es\\\/la-obtencion-de-la-subvencion-por-parte-del-ayuntamiento-de-azkoitia-para-la-reforma-de-la-plaza-del-mercado-y-la-revitalizacion-comercial-es-una-de-las-consecuencias-del-trabajo-en-colaboracion-de-lo\\\/\"]}]},{\"@type\":\"ImageObject\",\"inLanguage\":\"es\",\"@id\":\"https:\\\/\\\/iraurgiberritzen.eus\\\/es\\\/la-obtencion-de-la-subvencion-por-parte-del-ayuntamiento-de-azkoitia-para-la-reforma-de-la-plaza-del-mercado-y-la-revitalizacion-comercial-es-una-de-las-consecuencias-del-trabajo-en-colaboracion-de-lo\\\/#primaryimage\",\"url\":\"https:\\\/\\\/iraurgiberritzen.eus\\\/wp-content\\\/uploads\\\/2023\\\/09\\\/b639fbae8945f8d0376a8e5b71d22158.jpg\",\"contentUrl\":\"https:\\\/\\\/iraurgiberritzen.eus\\\/wp-content\\\/uploads\\\/2023\\\/09\\\/b639fbae8945f8d0376a8e5b71d22158.jpg\",\"width\":400,\"height\":257},{\"@type\":\"BreadcrumbList\",\"@id\":\"https:\\\/\\\/iraurgiberritzen.eus\\\/es\\\/la-obtencion-de-la-subvencion-por-parte-del-ayuntamiento-de-azkoitia-para-la-reforma-de-la-plaza-del-mercado-y-la-revitalizacion-comercial-es-una-de-las-consecuencias-del-trabajo-en-colaboracion-de-lo\\\/#breadcrumb\",\"itemListElement\":[{\"@type\":\"ListItem\",\"position\":1,\"name\":\"Home\",\"item\":\"https:\\\/\\\/iraurgiberritzen.eus\\\/es\\\/\"},{\"@type\":\"ListItem\",\"position\":2,\"name\":\"La obtenci\u00f3n de la subvenci\u00f3n por parte del Ayuntamiento de Azkoitia para la reforma de la Plaza del Mercado y la revitalizaci\u00f3n comercial, es una de las consecuencias del trabajo en colaboraci\u00f3n de los distintos agentes del &#8220;gune&#8221; de comercio\"}]},{\"@type\":\"WebSite\",\"@id\":\"https:\\\/\\\/iraurgiberritzen.eus\\\/es\\\/#website\",\"url\":\"https:\\\/\\\/iraurgiberritzen.eus\\\/es\\\/\",\"name\":\"Iraurgi Berritzen\",\"description\":\"Urola Erdiko Garapen Agentzia\",\"publisher\":{\"@id\":\"https:\\\/\\\/iraurgiberritzen.eus\\\/es\\\/#organization\"},\"potentialAction\":[{\"@type\":\"SearchAction\",\"target\":{\"@type\":\"EntryPoint\",\"urlTemplate\":\"https:\\\/\\\/iraurgiberritzen.eus\\\/es\\\/?s={search_term_string}\"},\"query-input\":{\"@type\":\"PropertyValueSpecification\",\"valueRequired\":true,\"valueName\":\"search_term_string\"}}],\"inLanguage\":\"es\"},{\"@type\":\"Organization\",\"@id\":\"https:\\\/\\\/iraurgiberritzen.eus\\\/es\\\/#organization\",\"name\":\"Iraurgi Berritzen\",\"url\":\"https:\\\/\\\/iraurgiberritzen.eus\\\/es\\\/\",\"logo\":{\"@type\":\"ImageObject\",\"inLanguage\":\"es\",\"@id\":\"https:\\\/\\\/iraurgiberritzen.eus\\\/es\\\/#\\\/schema\\\/logo\\\/image\\\/\",\"url\":\"https:\\\/\\\/iraurgiberritzen.eus\\\/wp-content\\\/uploads\\\/2024\\\/02\\\/IRAURGI-BERRITZEN-logotipoa_2.png\",\"contentUrl\":\"https:\\\/\\\/iraurgiberritzen.eus\\\/wp-content\\\/uploads\\\/2024\\\/02\\\/IRAURGI-BERRITZEN-logotipoa_2.png\",\"width\":496,\"height\":190,\"caption\":\"Iraurgi Berritzen\"},\"image\":{\"@id\":\"https:\\\/\\\/iraurgiberritzen.eus\\\/es\\\/#\\\/schema\\\/logo\\\/image\\\/\"}},{\"@type\":\"Person\",\"@id\":\"https:\\\/\\\/iraurgiberritzen.eus\\\/es\\\/#\\\/schema\\\/person\\\/5ab41aaf388a9097177601ebf45738d2\",\"name\":\"kudeatzailea\",\"sameAs\":[\"https:\\\/\\\/iraurgiberritzen.eus\"]}]}<\/script>\n<!-- \/ Yoast SEO plugin. -->","yoast_head_json":{"title":"La obtenci\u00f3n de la subvenci\u00f3n por parte del Ayuntamiento de Azkoitia para la reforma de la Plaza del Mercado y la revitalizaci\u00f3n comercial, es una de las consecuencias del trabajo en colaboraci\u00f3n de los distintos agentes del \"gune\" de comercio - Iraurgi Berritzen","robots":{"index":"index","follow":"follow","max-snippet":"max-snippet:-1","max-image-preview":"max-image-preview:large","max-video-preview":"max-video-preview:-1"},"canonical":"https:\/\/iraurgiberritzen.eus\/es\/la-obtencion-de-la-subvencion-por-parte-del-ayuntamiento-de-azkoitia-para-la-reforma-de-la-plaza-del-mercado-y-la-revitalizacion-comercial-es-una-de-las-consecuencias-del-trabajo-en-colaboracion-de-lo\/","og_locale":"es_ES","og_type":"article","og_title":"La obtenci\u00f3n de la subvenci\u00f3n por parte del Ayuntamiento de Azkoitia para la reforma de la Plaza del Mercado y la revitalizaci\u00f3n comercial, es una de las consecuencias del trabajo en colaboraci\u00f3n de los distintos agentes del \"gune\" de comercio - Iraurgi Berritzen","og_description":"El Ayuntamiento de Azkoitia ha conseguido una ayuda europea de los fondos Next Generation EU de 1.362.949,60 euros para la revitalizaci\u00f3n del mercado y del comercio. La propuesta de resoluci\u00f3n notificada al Ayuntamiento es provisional y se abre un plazo de diez d\u00edas para la presentaci\u00f3n de alegaciones. Tras ser examinadas, se dar\u00e1 a conocer [&hellip;]","og_url":"https:\/\/iraurgiberritzen.eus\/es\/la-obtencion-de-la-subvencion-por-parte-del-ayuntamiento-de-azkoitia-para-la-reforma-de-la-plaza-del-mercado-y-la-revitalizacion-comercial-es-una-de-las-consecuencias-del-trabajo-en-colaboracion-de-lo\/","og_site_name":"Iraurgi Berritzen","article_published_time":"2022-12-14T06:23:58+00:00","author":"kudeatzailea","twitter_card":"summary_large_image","twitter_misc":{"Escrito por":"kudeatzailea","Tiempo de lectura":"1 minuto"},"schema":{"@context":"https:\/\/schema.org","@graph":[{"@type":"Article","@id":"https:\/\/iraurgiberritzen.eus\/es\/la-obtencion-de-la-subvencion-por-parte-del-ayuntamiento-de-azkoitia-para-la-reforma-de-la-plaza-del-mercado-y-la-revitalizacion-comercial-es-una-de-las-consecuencias-del-trabajo-en-colaboracion-de-lo\/#article","isPartOf":{"@id":"https:\/\/iraurgiberritzen.eus\/es\/la-obtencion-de-la-subvencion-por-parte-del-ayuntamiento-de-azkoitia-para-la-reforma-de-la-plaza-del-mercado-y-la-revitalizacion-comercial-es-una-de-las-consecuencias-del-trabajo-en-colaboracion-de-lo\/"},"author":{"name":"kudeatzailea","@id":"https:\/\/iraurgiberritzen.eus\/es\/#\/schema\/person\/5ab41aaf388a9097177601ebf45738d2"},"headline":"La obtenci\u00f3n de la subvenci\u00f3n por parte del Ayuntamiento de Azkoitia para la reforma de la Plaza del Mercado y la revitalizaci\u00f3n comercial, es una de las consecuencias del trabajo en colaboraci\u00f3n de los distintos agentes del \u00abgune\u00bb de comercio","datePublished":"2022-12-14T06:23:58+00:00","mainEntityOfPage":{"@id":"https:\/\/iraurgiberritzen.eus\/es\/la-obtencion-de-la-subvencion-por-parte-del-ayuntamiento-de-azkoitia-para-la-reforma-de-la-plaza-del-mercado-y-la-revitalizacion-comercial-es-una-de-las-consecuencias-del-trabajo-en-colaboracion-de-lo\/"},"wordCount":336,"publisher":{"@id":"https:\/\/iraurgiberritzen.eus\/es\/#organization"},"image":{"@id":"https:\/\/iraurgiberritzen.eus\/es\/la-obtencion-de-la-subvencion-por-parte-del-ayuntamiento-de-azkoitia-para-la-reforma-de-la-plaza-del-mercado-y-la-revitalizacion-comercial-es-una-de-las-consecuencias-del-trabajo-en-colaboracion-de-lo\/#primaryimage"},"thumbnailUrl":"https:\/\/iraurgiberritzen.eus\/wp-content\/uploads\/2023\/09\/b639fbae8945f8d0376a8e5b71d22158.jpg","articleSection":["Noticias"],"inLanguage":"es"},{"@type":"WebPage","@id":"https:\/\/iraurgiberritzen.eus\/es\/la-obtencion-de-la-subvencion-por-parte-del-ayuntamiento-de-azkoitia-para-la-reforma-de-la-plaza-del-mercado-y-la-revitalizacion-comercial-es-una-de-las-consecuencias-del-trabajo-en-colaboracion-de-lo\/","url":"https:\/\/iraurgiberritzen.eus\/es\/la-obtencion-de-la-subvencion-por-parte-del-ayuntamiento-de-azkoitia-para-la-reforma-de-la-plaza-del-mercado-y-la-revitalizacion-comercial-es-una-de-las-consecuencias-del-trabajo-en-colaboracion-de-lo\/","name":"La obtenci\u00f3n de la subvenci\u00f3n por parte del Ayuntamiento de Azkoitia para la reforma de la Plaza del Mercado y la revitalizaci\u00f3n comercial, es una de las consecuencias del trabajo en colaboraci\u00f3n de los distintos agentes del \"gune\" de comercio - Iraurgi Berritzen","isPartOf":{"@id":"https:\/\/iraurgiberritzen.eus\/es\/#website"},"primaryImageOfPage":{"@id":"https:\/\/iraurgiberritzen.eus\/es\/la-obtencion-de-la-subvencion-por-parte-del-ayuntamiento-de-azkoitia-para-la-reforma-de-la-plaza-del-mercado-y-la-revitalizacion-comercial-es-una-de-las-consecuencias-del-trabajo-en-colaboracion-de-lo\/#primaryimage"},"image":{"@id":"https:\/\/iraurgiberritzen.eus\/es\/la-obtencion-de-la-subvencion-por-parte-del-ayuntamiento-de-azkoitia-para-la-reforma-de-la-plaza-del-mercado-y-la-revitalizacion-comercial-es-una-de-las-consecuencias-del-trabajo-en-colaboracion-de-lo\/#primaryimage"},"thumbnailUrl":"https:\/\/iraurgiberritzen.eus\/wp-content\/uploads\/2023\/09\/b639fbae8945f8d0376a8e5b71d22158.jpg","datePublished":"2022-12-14T06:23:58+00:00","breadcrumb":{"@id":"https:\/\/iraurgiberritzen.eus\/es\/la-obtencion-de-la-subvencion-por-parte-del-ayuntamiento-de-azkoitia-para-la-reforma-de-la-plaza-del-mercado-y-la-revitalizacion-comercial-es-una-de-las-consecuencias-del-trabajo-en-colaboracion-de-lo\/#breadcrumb"},"inLanguage":"es","potentialAction":[{"@type":"ReadAction","target":["https:\/\/iraurgiberritzen.eus\/es\/la-obtencion-de-la-subvencion-por-parte-del-ayuntamiento-de-azkoitia-para-la-reforma-de-la-plaza-del-mercado-y-la-revitalizacion-comercial-es-una-de-las-consecuencias-del-trabajo-en-colaboracion-de-lo\/"]}]},{"@type":"ImageObject","inLanguage":"es","@id":"https:\/\/iraurgiberritzen.eus\/es\/la-obtencion-de-la-subvencion-por-parte-del-ayuntamiento-de-azkoitia-para-la-reforma-de-la-plaza-del-mercado-y-la-revitalizacion-comercial-es-una-de-las-consecuencias-del-trabajo-en-colaboracion-de-lo\/#primaryimage","url":"https:\/\/iraurgiberritzen.eus\/wp-content\/uploads\/2023\/09\/b639fbae8945f8d0376a8e5b71d22158.jpg","contentUrl":"https:\/\/iraurgiberritzen.eus\/wp-content\/uploads\/2023\/09\/b639fbae8945f8d0376a8e5b71d22158.jpg","width":400,"height":257},{"@type":"BreadcrumbList","@id":"https:\/\/iraurgiberritzen.eus\/es\/la-obtencion-de-la-subvencion-por-parte-del-ayuntamiento-de-azkoitia-para-la-reforma-de-la-plaza-del-mercado-y-la-revitalizacion-comercial-es-una-de-las-consecuencias-del-trabajo-en-colaboracion-de-lo\/#breadcrumb","itemListElement":[{"@type":"ListItem","position":1,"name":"Home","item":"https:\/\/iraurgiberritzen.eus\/es\/"},{"@type":"ListItem","position":2,"name":"La obtenci\u00f3n de la subvenci\u00f3n por parte del Ayuntamiento de Azkoitia para la reforma de la Plaza del Mercado y la revitalizaci\u00f3n comercial, es una de las consecuencias del trabajo en colaboraci\u00f3n de los distintos agentes del &#8220;gune&#8221; de comercio"}]},{"@type":"WebSite","@id":"https:\/\/iraurgiberritzen.eus\/es\/#website","url":"https:\/\/iraurgiberritzen.eus\/es\/","name":"Iraurgi Berritzen","description":"Urola Erdiko Garapen Agentzia","publisher":{"@id":"https:\/\/iraurgiberritzen.eus\/es\/#organization"},"potentialAction":[{"@type":"SearchAction","target":{"@type":"EntryPoint","urlTemplate":"https:\/\/iraurgiberritzen.eus\/es\/?s={search_term_string}"},"query-input":{"@type":"PropertyValueSpecification","valueRequired":true,"valueName":"search_term_string"}}],"inLanguage":"es"},{"@type":"Organization","@id":"https:\/\/iraurgiberritzen.eus\/es\/#organization","name":"Iraurgi Berritzen","url":"https:\/\/iraurgiberritzen.eus\/es\/","logo":{"@type":"ImageObject","inLanguage":"es","@id":"https:\/\/iraurgiberritzen.eus\/es\/#\/schema\/logo\/image\/","url":"https:\/\/iraurgiberritzen.eus\/wp-content\/uploads\/2024\/02\/IRAURGI-BERRITZEN-logotipoa_2.png","contentUrl":"https:\/\/iraurgiberritzen.eus\/wp-content\/uploads\/2024\/02\/IRAURGI-BERRITZEN-logotipoa_2.png","width":496,"height":190,"caption":"Iraurgi Berritzen"},"image":{"@id":"https:\/\/iraurgiberritzen.eus\/es\/#\/schema\/logo\/image\/"}},{"@type":"Person","@id":"https:\/\/iraurgiberritzen.eus\/es\/#\/schema\/person\/5ab41aaf388a9097177601ebf45738d2","name":"kudeatzailea","sameAs":["https:\/\/iraurgiberritzen.eus"]}]}},"_links":{"self":[{"href":"https:\/\/iraurgiberritzen.eus\/es\/wp-json\/wp\/v2\/posts\/14218","targetHints":{"allow":["GET"]}}],"collection":[{"href":"https:\/\/iraurgiberritzen.eus\/es\/wp-json\/wp\/v2\/posts"}],"about":[{"href":"https:\/\/iraurgiberritzen.eus\/es\/wp-json\/wp\/v2\/types\/post"}],"author":[{"embeddable":true,"href":"https:\/\/iraurgiberritzen.eus\/es\/wp-json\/wp\/v2\/users\/1"}],"replies":[{"embeddable":true,"href":"https:\/\/iraurgiberritzen.eus\/es\/wp-json\/wp\/v2\/comments?post=14218"}],"version-history":[{"count":0,"href":"https:\/\/iraurgiberritzen.eus\/es\/wp-json\/wp\/v2\/posts\/14218\/revisions"}],"wp:featuredmedia":[{"embeddable":true,"href":"https:\/\/iraurgiberritzen.eus\/es\/wp-json\/wp\/v2\/media\/17293"}],"wp:attachment":[{"href":"https:\/\/iraurgiberritzen.eus\/es\/wp-json\/wp\/v2\/media?parent=14218"}],"wp:term":[{"taxonomy":"category","embeddable":true,"href":"https:\/\/iraurgiberritzen.eus\/es\/wp-json\/wp\/v2\/categories?post=14218"},{"taxonomy":"post_tag","embeddable":true,"href":"https:\/\/iraurgiberritzen.eus\/es\/wp-json\/wp\/v2\/tags?post=14218"}],"curies":[{"name":"wp","href":"https:\/\/api.w.org\/{rel}","templated":true}]}}