{"id":14221,"date":"2022-12-15T22:50:35","date_gmt":"2022-12-15T20:50:35","guid":{"rendered":"https:\/\/iraurgiberritzen.eus\/el-alumnado-de-segundo-de-bachillerato-de-azkoitia-bhi-e-ikasberri-protagonista-en-el-proceso-de-reflexion-sobre-su-futuro-personal-y-profesional\/"},"modified":"2022-12-15T22:50:35","modified_gmt":"2022-12-15T20:50:35","slug":"el-alumnado-de-segundo-de-bachillerato-de-azkoitia-bhi-e-ikasberri-protagonista-en-el-proceso-de-reflexion-sobre-su-futuro-personal-y-profesional","status":"publish","type":"post","link":"https:\/\/iraurgiberritzen.eus\/es\/el-alumnado-de-segundo-de-bachillerato-de-azkoitia-bhi-e-ikasberri-protagonista-en-el-proceso-de-reflexion-sobre-su-futuro-personal-y-profesional\/","title":{"rendered":"Los j\u00f3venes de segundo de bachillerato de Azkoitia BHI e Ikasberri protagonistas en el proceso de reflexi\u00f3n sobre su futuro personal y profesional"},"content":{"rendered":"<p style=\"text-align: justify;\">Dentro del proyecto Gerolan, durante el mes de diciembre se han celebrado diferentes sesiones de trabajo en el IES Azkoitia e Ikasberri.\u202fEn estas sesiones han participado en total\u202fm\u00e1s de100 alumnos\u202fde segundo de bachillerato.<\/p>\n<p style=\"text-align: justify;\">A trav\u00e9s de estas sesiones, partiendo de las preguntas \u00bfY ahora, d\u00f3nde y c\u00f3mo voy a dar continuidad a mis estudios? o \u00bfD\u00f3nde me veo dentro de cinco a\u00f1os?, se ha querido sensibilizar al alumno sobre la importancia de reflexionar sobre su futuro profesional y personal empleando distintas din\u00e1micas. Adem\u00e1s, se ha continuado con el proceso de reflexi\u00f3n del alumnado, y trabajado sus preguntas concretas, exponi\u00e9ndose a su vez la realidad socioecon\u00f3mica de la comarca.<\/p>\n<p style=\"text-align: justify;\">El proyecto Gerolan busca reforzar el plan de orientaci\u00f3n de los centros y se desarrolla en colaboraci\u00f3n con los orientadores de los cinco centros de la comarca.<\/p>\n","protected":false},"excerpt":{"rendered":"<p>Dentro del proyecto Gerolan, durante el mes de diciembre se han celebrado diferentes sesiones de trabajo en el IES Azkoitia e Ikasberri.\u202fEn estas sesiones han participado en total\u202fm\u00e1s de100 alumnos\u202fde segundo de bachillerato. A trav\u00e9s de estas sesiones, partiendo de las preguntas \u00bfY ahora, d\u00f3nde y c\u00f3mo voy a dar continuidad a mis estudios? o [&hellip;]<\/p>\n","protected":false},"author":1,"featured_media":17294,"comment_status":"","ping_status":"closed","sticky":false,"template":"","format":"standard","meta":{"_acf_changed":false,"footnotes":""},"categories":[4],"tags":[],"class_list":["post-14221","post","type-post","status-publish","format-standard","has-post-thumbnail","hentry","category-noticias"],"acf":[],"yoast_head":"<!-- This site is optimized with the Yoast SEO plugin v27.4 - https:\/\/yoast.com\/product\/yoast-seo-wordpress\/ -->\n<title>Los j\u00f3venes de segundo de bachillerato de Azkoitia BHI e Ikasberri protagonistas en el proceso de reflexi\u00f3n sobre su futuro personal y profesional - Iraurgi Berritzen<\/title>\n<meta name=\"robots\" content=\"index, follow, max-snippet:-1, max-image-preview:large, max-video-preview:-1\" \/>\n<link rel=\"canonical\" href=\"https:\/\/iraurgiberritzen.eus\/es\/el-alumnado-de-segundo-de-bachillerato-de-azkoitia-bhi-e-ikasberri-protagonista-en-el-proceso-de-reflexion-sobre-su-futuro-personal-y-profesional\/\" \/>\n<meta property=\"og:locale\" content=\"es_ES\" \/>\n<meta property=\"og:type\" content=\"article\" \/>\n<meta property=\"og:title\" content=\"Los j\u00f3venes de segundo de bachillerato de Azkoitia BHI e Ikasberri protagonistas en el proceso de reflexi\u00f3n sobre su futuro personal y profesional - Iraurgi Berritzen\" \/>\n<meta property=\"og:description\" content=\"Dentro del proyecto Gerolan, durante el mes de diciembre se han celebrado diferentes sesiones de trabajo en el IES Azkoitia e Ikasberri.\u202fEn estas sesiones han participado en total\u202fm\u00e1s de100 alumnos\u202fde segundo de bachillerato. A trav\u00e9s de estas sesiones, partiendo de las preguntas \u00bfY ahora, d\u00f3nde y c\u00f3mo voy a dar continuidad a mis estudios? o [&hellip;]\" \/>\n<meta property=\"og:url\" content=\"https:\/\/iraurgiberritzen.eus\/es\/el-alumnado-de-segundo-de-bachillerato-de-azkoitia-bhi-e-ikasberri-protagonista-en-el-proceso-de-reflexion-sobre-su-futuro-personal-y-profesional\/\" \/>\n<meta property=\"og:site_name\" content=\"Iraurgi Berritzen\" \/>\n<meta property=\"article:published_time\" content=\"2022-12-15T20:50:35+00:00\" \/>\n<meta name=\"author\" content=\"kudeatzailea\" \/>\n<meta name=\"twitter:card\" content=\"summary_large_image\" \/>\n<meta name=\"twitter:label1\" content=\"Escrito por\" \/>\n\t<meta name=\"twitter:data1\" content=\"kudeatzailea\" \/>\n\t<meta name=\"twitter:label2\" content=\"Tiempo de lectura\" \/>\n\t<meta name=\"twitter:data2\" content=\"1 minuto\" \/>\n<script type=\"application\/ld+json\" class=\"yoast-schema-graph\">{\"@context\":\"https:\\\/\\\/schema.org\",\"@graph\":[{\"@type\":\"Article\",\"@id\":\"https:\\\/\\\/iraurgiberritzen.eus\\\/es\\\/el-alumnado-de-segundo-de-bachillerato-de-azkoitia-bhi-e-ikasberri-protagonista-en-el-proceso-de-reflexion-sobre-su-futuro-personal-y-profesional\\\/#article\",\"isPartOf\":{\"@id\":\"https:\\\/\\\/iraurgiberritzen.eus\\\/es\\\/el-alumnado-de-segundo-de-bachillerato-de-azkoitia-bhi-e-ikasberri-protagonista-en-el-proceso-de-reflexion-sobre-su-futuro-personal-y-profesional\\\/\"},\"author\":{\"name\":\"kudeatzailea\",\"@id\":\"https:\\\/\\\/iraurgiberritzen.eus\\\/es\\\/#\\\/schema\\\/person\\\/5ab41aaf388a9097177601ebf45738d2\"},\"headline\":\"Los j\u00f3venes de segundo de bachillerato de Azkoitia BHI e Ikasberri protagonistas en el proceso de reflexi\u00f3n sobre su futuro personal y profesional\",\"datePublished\":\"2022-12-15T20:50:35+00:00\",\"mainEntityOfPage\":{\"@id\":\"https:\\\/\\\/iraurgiberritzen.eus\\\/es\\\/el-alumnado-de-segundo-de-bachillerato-de-azkoitia-bhi-e-ikasberri-protagonista-en-el-proceso-de-reflexion-sobre-su-futuro-personal-y-profesional\\\/\"},\"wordCount\":176,\"publisher\":{\"@id\":\"https:\\\/\\\/iraurgiberritzen.eus\\\/es\\\/#organization\"},\"image\":{\"@id\":\"https:\\\/\\\/iraurgiberritzen.eus\\\/es\\\/el-alumnado-de-segundo-de-bachillerato-de-azkoitia-bhi-e-ikasberri-protagonista-en-el-proceso-de-reflexion-sobre-su-futuro-personal-y-profesional\\\/#primaryimage\"},\"thumbnailUrl\":\"https:\\\/\\\/iraurgiberritzen.eus\\\/wp-content\\\/uploads\\\/2023\\\/09\\\/2c593ca5084271e3271767ea5d67e498.jpg\",\"articleSection\":[\"Noticias\"],\"inLanguage\":\"es\"},{\"@type\":\"WebPage\",\"@id\":\"https:\\\/\\\/iraurgiberritzen.eus\\\/es\\\/el-alumnado-de-segundo-de-bachillerato-de-azkoitia-bhi-e-ikasberri-protagonista-en-el-proceso-de-reflexion-sobre-su-futuro-personal-y-profesional\\\/\",\"url\":\"https:\\\/\\\/iraurgiberritzen.eus\\\/es\\\/el-alumnado-de-segundo-de-bachillerato-de-azkoitia-bhi-e-ikasberri-protagonista-en-el-proceso-de-reflexion-sobre-su-futuro-personal-y-profesional\\\/\",\"name\":\"Los j\u00f3venes de segundo de bachillerato de Azkoitia BHI e Ikasberri protagonistas en el proceso de reflexi\u00f3n sobre su futuro personal y profesional - Iraurgi Berritzen\",\"isPartOf\":{\"@id\":\"https:\\\/\\\/iraurgiberritzen.eus\\\/es\\\/#website\"},\"primaryImageOfPage\":{\"@id\":\"https:\\\/\\\/iraurgiberritzen.eus\\\/es\\\/el-alumnado-de-segundo-de-bachillerato-de-azkoitia-bhi-e-ikasberri-protagonista-en-el-proceso-de-reflexion-sobre-su-futuro-personal-y-profesional\\\/#primaryimage\"},\"image\":{\"@id\":\"https:\\\/\\\/iraurgiberritzen.eus\\\/es\\\/el-alumnado-de-segundo-de-bachillerato-de-azkoitia-bhi-e-ikasberri-protagonista-en-el-proceso-de-reflexion-sobre-su-futuro-personal-y-profesional\\\/#primaryimage\"},\"thumbnailUrl\":\"https:\\\/\\\/iraurgiberritzen.eus\\\/wp-content\\\/uploads\\\/2023\\\/09\\\/2c593ca5084271e3271767ea5d67e498.jpg\",\"datePublished\":\"2022-12-15T20:50:35+00:00\",\"breadcrumb\":{\"@id\":\"https:\\\/\\\/iraurgiberritzen.eus\\\/es\\\/el-alumnado-de-segundo-de-bachillerato-de-azkoitia-bhi-e-ikasberri-protagonista-en-el-proceso-de-reflexion-sobre-su-futuro-personal-y-profesional\\\/#breadcrumb\"},\"inLanguage\":\"es\",\"potentialAction\":[{\"@type\":\"ReadAction\",\"target\":[\"https:\\\/\\\/iraurgiberritzen.eus\\\/es\\\/el-alumnado-de-segundo-de-bachillerato-de-azkoitia-bhi-e-ikasberri-protagonista-en-el-proceso-de-reflexion-sobre-su-futuro-personal-y-profesional\\\/\"]}]},{\"@type\":\"ImageObject\",\"inLanguage\":\"es\",\"@id\":\"https:\\\/\\\/iraurgiberritzen.eus\\\/es\\\/el-alumnado-de-segundo-de-bachillerato-de-azkoitia-bhi-e-ikasberri-protagonista-en-el-proceso-de-reflexion-sobre-su-futuro-personal-y-profesional\\\/#primaryimage\",\"url\":\"https:\\\/\\\/iraurgiberritzen.eus\\\/wp-content\\\/uploads\\\/2023\\\/09\\\/2c593ca5084271e3271767ea5d67e498.jpg\",\"contentUrl\":\"https:\\\/\\\/iraurgiberritzen.eus\\\/wp-content\\\/uploads\\\/2023\\\/09\\\/2c593ca5084271e3271767ea5d67e498.jpg\",\"width\":400,\"height\":257},{\"@type\":\"BreadcrumbList\",\"@id\":\"https:\\\/\\\/iraurgiberritzen.eus\\\/es\\\/el-alumnado-de-segundo-de-bachillerato-de-azkoitia-bhi-e-ikasberri-protagonista-en-el-proceso-de-reflexion-sobre-su-futuro-personal-y-profesional\\\/#breadcrumb\",\"itemListElement\":[{\"@type\":\"ListItem\",\"position\":1,\"name\":\"Home\",\"item\":\"https:\\\/\\\/iraurgiberritzen.eus\\\/es\\\/\"},{\"@type\":\"ListItem\",\"position\":2,\"name\":\"Los j\u00f3venes de segundo de bachillerato de Azkoitia BHI e Ikasberri protagonistas en el proceso de reflexi\u00f3n sobre su futuro personal y profesional\"}]},{\"@type\":\"WebSite\",\"@id\":\"https:\\\/\\\/iraurgiberritzen.eus\\\/es\\\/#website\",\"url\":\"https:\\\/\\\/iraurgiberritzen.eus\\\/es\\\/\",\"name\":\"Iraurgi Berritzen\",\"description\":\"Urola Erdiko Garapen Agentzia\",\"publisher\":{\"@id\":\"https:\\\/\\\/iraurgiberritzen.eus\\\/es\\\/#organization\"},\"potentialAction\":[{\"@type\":\"SearchAction\",\"target\":{\"@type\":\"EntryPoint\",\"urlTemplate\":\"https:\\\/\\\/iraurgiberritzen.eus\\\/es\\\/?s={search_term_string}\"},\"query-input\":{\"@type\":\"PropertyValueSpecification\",\"valueRequired\":true,\"valueName\":\"search_term_string\"}}],\"inLanguage\":\"es\"},{\"@type\":\"Organization\",\"@id\":\"https:\\\/\\\/iraurgiberritzen.eus\\\/es\\\/#organization\",\"name\":\"Iraurgi Berritzen\",\"url\":\"https:\\\/\\\/iraurgiberritzen.eus\\\/es\\\/\",\"logo\":{\"@type\":\"ImageObject\",\"inLanguage\":\"es\",\"@id\":\"https:\\\/\\\/iraurgiberritzen.eus\\\/es\\\/#\\\/schema\\\/logo\\\/image\\\/\",\"url\":\"https:\\\/\\\/iraurgiberritzen.eus\\\/wp-content\\\/uploads\\\/2024\\\/02\\\/IRAURGI-BERRITZEN-logotipoa_2.png\",\"contentUrl\":\"https:\\\/\\\/iraurgiberritzen.eus\\\/wp-content\\\/uploads\\\/2024\\\/02\\\/IRAURGI-BERRITZEN-logotipoa_2.png\",\"width\":496,\"height\":190,\"caption\":\"Iraurgi Berritzen\"},\"image\":{\"@id\":\"https:\\\/\\\/iraurgiberritzen.eus\\\/es\\\/#\\\/schema\\\/logo\\\/image\\\/\"}},{\"@type\":\"Person\",\"@id\":\"https:\\\/\\\/iraurgiberritzen.eus\\\/es\\\/#\\\/schema\\\/person\\\/5ab41aaf388a9097177601ebf45738d2\",\"name\":\"kudeatzailea\",\"sameAs\":[\"https:\\\/\\\/iraurgiberritzen.eus\"]}]}<\/script>\n<!-- \/ Yoast SEO plugin. -->","yoast_head_json":{"title":"Los j\u00f3venes de segundo de bachillerato de Azkoitia BHI e Ikasberri protagonistas en el proceso de reflexi\u00f3n sobre su futuro personal y profesional - Iraurgi Berritzen","robots":{"index":"index","follow":"follow","max-snippet":"max-snippet:-1","max-image-preview":"max-image-preview:large","max-video-preview":"max-video-preview:-1"},"canonical":"https:\/\/iraurgiberritzen.eus\/es\/el-alumnado-de-segundo-de-bachillerato-de-azkoitia-bhi-e-ikasberri-protagonista-en-el-proceso-de-reflexion-sobre-su-futuro-personal-y-profesional\/","og_locale":"es_ES","og_type":"article","og_title":"Los j\u00f3venes de segundo de bachillerato de Azkoitia BHI e Ikasberri protagonistas en el proceso de reflexi\u00f3n sobre su futuro personal y profesional - Iraurgi Berritzen","og_description":"Dentro del proyecto Gerolan, durante el mes de diciembre se han celebrado diferentes sesiones de trabajo en el IES Azkoitia e Ikasberri.\u202fEn estas sesiones han participado en total\u202fm\u00e1s de100 alumnos\u202fde segundo de bachillerato. A trav\u00e9s de estas sesiones, partiendo de las preguntas \u00bfY ahora, d\u00f3nde y c\u00f3mo voy a dar continuidad a mis estudios? o [&hellip;]","og_url":"https:\/\/iraurgiberritzen.eus\/es\/el-alumnado-de-segundo-de-bachillerato-de-azkoitia-bhi-e-ikasberri-protagonista-en-el-proceso-de-reflexion-sobre-su-futuro-personal-y-profesional\/","og_site_name":"Iraurgi Berritzen","article_published_time":"2022-12-15T20:50:35+00:00","author":"kudeatzailea","twitter_card":"summary_large_image","twitter_misc":{"Escrito por":"kudeatzailea","Tiempo de lectura":"1 minuto"},"schema":{"@context":"https:\/\/schema.org","@graph":[{"@type":"Article","@id":"https:\/\/iraurgiberritzen.eus\/es\/el-alumnado-de-segundo-de-bachillerato-de-azkoitia-bhi-e-ikasberri-protagonista-en-el-proceso-de-reflexion-sobre-su-futuro-personal-y-profesional\/#article","isPartOf":{"@id":"https:\/\/iraurgiberritzen.eus\/es\/el-alumnado-de-segundo-de-bachillerato-de-azkoitia-bhi-e-ikasberri-protagonista-en-el-proceso-de-reflexion-sobre-su-futuro-personal-y-profesional\/"},"author":{"name":"kudeatzailea","@id":"https:\/\/iraurgiberritzen.eus\/es\/#\/schema\/person\/5ab41aaf388a9097177601ebf45738d2"},"headline":"Los j\u00f3venes de segundo de bachillerato de Azkoitia BHI e Ikasberri protagonistas en el proceso de reflexi\u00f3n sobre su futuro personal y profesional","datePublished":"2022-12-15T20:50:35+00:00","mainEntityOfPage":{"@id":"https:\/\/iraurgiberritzen.eus\/es\/el-alumnado-de-segundo-de-bachillerato-de-azkoitia-bhi-e-ikasberri-protagonista-en-el-proceso-de-reflexion-sobre-su-futuro-personal-y-profesional\/"},"wordCount":176,"publisher":{"@id":"https:\/\/iraurgiberritzen.eus\/es\/#organization"},"image":{"@id":"https:\/\/iraurgiberritzen.eus\/es\/el-alumnado-de-segundo-de-bachillerato-de-azkoitia-bhi-e-ikasberri-protagonista-en-el-proceso-de-reflexion-sobre-su-futuro-personal-y-profesional\/#primaryimage"},"thumbnailUrl":"https:\/\/iraurgiberritzen.eus\/wp-content\/uploads\/2023\/09\/2c593ca5084271e3271767ea5d67e498.jpg","articleSection":["Noticias"],"inLanguage":"es"},{"@type":"WebPage","@id":"https:\/\/iraurgiberritzen.eus\/es\/el-alumnado-de-segundo-de-bachillerato-de-azkoitia-bhi-e-ikasberri-protagonista-en-el-proceso-de-reflexion-sobre-su-futuro-personal-y-profesional\/","url":"https:\/\/iraurgiberritzen.eus\/es\/el-alumnado-de-segundo-de-bachillerato-de-azkoitia-bhi-e-ikasberri-protagonista-en-el-proceso-de-reflexion-sobre-su-futuro-personal-y-profesional\/","name":"Los j\u00f3venes de segundo de bachillerato de Azkoitia BHI e Ikasberri protagonistas en el proceso de reflexi\u00f3n sobre su futuro personal y profesional - Iraurgi Berritzen","isPartOf":{"@id":"https:\/\/iraurgiberritzen.eus\/es\/#website"},"primaryImageOfPage":{"@id":"https:\/\/iraurgiberritzen.eus\/es\/el-alumnado-de-segundo-de-bachillerato-de-azkoitia-bhi-e-ikasberri-protagonista-en-el-proceso-de-reflexion-sobre-su-futuro-personal-y-profesional\/#primaryimage"},"image":{"@id":"https:\/\/iraurgiberritzen.eus\/es\/el-alumnado-de-segundo-de-bachillerato-de-azkoitia-bhi-e-ikasberri-protagonista-en-el-proceso-de-reflexion-sobre-su-futuro-personal-y-profesional\/#primaryimage"},"thumbnailUrl":"https:\/\/iraurgiberritzen.eus\/wp-content\/uploads\/2023\/09\/2c593ca5084271e3271767ea5d67e498.jpg","datePublished":"2022-12-15T20:50:35+00:00","breadcrumb":{"@id":"https:\/\/iraurgiberritzen.eus\/es\/el-alumnado-de-segundo-de-bachillerato-de-azkoitia-bhi-e-ikasberri-protagonista-en-el-proceso-de-reflexion-sobre-su-futuro-personal-y-profesional\/#breadcrumb"},"inLanguage":"es","potentialAction":[{"@type":"ReadAction","target":["https:\/\/iraurgiberritzen.eus\/es\/el-alumnado-de-segundo-de-bachillerato-de-azkoitia-bhi-e-ikasberri-protagonista-en-el-proceso-de-reflexion-sobre-su-futuro-personal-y-profesional\/"]}]},{"@type":"ImageObject","inLanguage":"es","@id":"https:\/\/iraurgiberritzen.eus\/es\/el-alumnado-de-segundo-de-bachillerato-de-azkoitia-bhi-e-ikasberri-protagonista-en-el-proceso-de-reflexion-sobre-su-futuro-personal-y-profesional\/#primaryimage","url":"https:\/\/iraurgiberritzen.eus\/wp-content\/uploads\/2023\/09\/2c593ca5084271e3271767ea5d67e498.jpg","contentUrl":"https:\/\/iraurgiberritzen.eus\/wp-content\/uploads\/2023\/09\/2c593ca5084271e3271767ea5d67e498.jpg","width":400,"height":257},{"@type":"BreadcrumbList","@id":"https:\/\/iraurgiberritzen.eus\/es\/el-alumnado-de-segundo-de-bachillerato-de-azkoitia-bhi-e-ikasberri-protagonista-en-el-proceso-de-reflexion-sobre-su-futuro-personal-y-profesional\/#breadcrumb","itemListElement":[{"@type":"ListItem","position":1,"name":"Home","item":"https:\/\/iraurgiberritzen.eus\/es\/"},{"@type":"ListItem","position":2,"name":"Los j\u00f3venes de segundo de bachillerato de Azkoitia BHI e Ikasberri protagonistas en el proceso de reflexi\u00f3n sobre su futuro personal y profesional"}]},{"@type":"WebSite","@id":"https:\/\/iraurgiberritzen.eus\/es\/#website","url":"https:\/\/iraurgiberritzen.eus\/es\/","name":"Iraurgi Berritzen","description":"Urola Erdiko Garapen Agentzia","publisher":{"@id":"https:\/\/iraurgiberritzen.eus\/es\/#organization"},"potentialAction":[{"@type":"SearchAction","target":{"@type":"EntryPoint","urlTemplate":"https:\/\/iraurgiberritzen.eus\/es\/?s={search_term_string}"},"query-input":{"@type":"PropertyValueSpecification","valueRequired":true,"valueName":"search_term_string"}}],"inLanguage":"es"},{"@type":"Organization","@id":"https:\/\/iraurgiberritzen.eus\/es\/#organization","name":"Iraurgi Berritzen","url":"https:\/\/iraurgiberritzen.eus\/es\/","logo":{"@type":"ImageObject","inLanguage":"es","@id":"https:\/\/iraurgiberritzen.eus\/es\/#\/schema\/logo\/image\/","url":"https:\/\/iraurgiberritzen.eus\/wp-content\/uploads\/2024\/02\/IRAURGI-BERRITZEN-logotipoa_2.png","contentUrl":"https:\/\/iraurgiberritzen.eus\/wp-content\/uploads\/2024\/02\/IRAURGI-BERRITZEN-logotipoa_2.png","width":496,"height":190,"caption":"Iraurgi Berritzen"},"image":{"@id":"https:\/\/iraurgiberritzen.eus\/es\/#\/schema\/logo\/image\/"}},{"@type":"Person","@id":"https:\/\/iraurgiberritzen.eus\/es\/#\/schema\/person\/5ab41aaf388a9097177601ebf45738d2","name":"kudeatzailea","sameAs":["https:\/\/iraurgiberritzen.eus"]}]}},"_links":{"self":[{"href":"https:\/\/iraurgiberritzen.eus\/es\/wp-json\/wp\/v2\/posts\/14221","targetHints":{"allow":["GET"]}}],"collection":[{"href":"https:\/\/iraurgiberritzen.eus\/es\/wp-json\/wp\/v2\/posts"}],"about":[{"href":"https:\/\/iraurgiberritzen.eus\/es\/wp-json\/wp\/v2\/types\/post"}],"author":[{"embeddable":true,"href":"https:\/\/iraurgiberritzen.eus\/es\/wp-json\/wp\/v2\/users\/1"}],"replies":[{"embeddable":true,"href":"https:\/\/iraurgiberritzen.eus\/es\/wp-json\/wp\/v2\/comments?post=14221"}],"version-history":[{"count":0,"href":"https:\/\/iraurgiberritzen.eus\/es\/wp-json\/wp\/v2\/posts\/14221\/revisions"}],"wp:featuredmedia":[{"embeddable":true,"href":"https:\/\/iraurgiberritzen.eus\/es\/wp-json\/wp\/v2\/media\/17294"}],"wp:attachment":[{"href":"https:\/\/iraurgiberritzen.eus\/es\/wp-json\/wp\/v2\/media?parent=14221"}],"wp:term":[{"taxonomy":"category","embeddable":true,"href":"https:\/\/iraurgiberritzen.eus\/es\/wp-json\/wp\/v2\/categories?post=14221"},{"taxonomy":"post_tag","embeddable":true,"href":"https:\/\/iraurgiberritzen.eus\/es\/wp-json\/wp\/v2\/tags?post=14221"}],"curies":[{"name":"wp","href":"https:\/\/api.w.org\/{rel}","templated":true}]}}