{"id":14224,"date":"2022-12-15T23:01:55","date_gmt":"2022-12-15T21:01:55","guid":{"rendered":"https:\/\/iraurgiberritzen.eus\/iraurgi-berritzen-participara-en-el-acto-de-presentacion-del-observatorio-laboral-de-gipuzkoa\/"},"modified":"2022-12-15T23:01:55","modified_gmt":"2022-12-15T21:01:55","slug":"iraurgi-berritzen-participara-en-el-acto-de-presentacion-del-observatorio-laboral-de-gipuzkoa","status":"publish","type":"post","link":"https:\/\/iraurgiberritzen.eus\/es\/iraurgi-berritzen-participara-en-el-acto-de-presentacion-del-observatorio-laboral-de-gipuzkoa\/","title":{"rendered":"Iraurgi Berritzen participar\u00e1 en el acto de presentaci\u00f3n del Observatorio Laboral de Gipuzkoa"},"content":{"rendered":"<p style=\"text-align: justify;\">El pr\u00f3ximo mi\u00e9rcoles 21 de diciembre se ha celebrar\u00e1 en la sala Gunea de la Diputaci\u00f3n Foral de Gipuzkoa el acto de presentaci\u00f3n del Observatorio Laboral de Gipuzkoa.,\u202fdesarrollado por la Fundaci\u00f3n ISEAK, centro de investigaci\u00f3n y transferencia en el \u00e1mbito de la econom\u00eda,\u202fen colaboraci\u00f3n con la Diputaci\u00f3n Foral de Gipuzkoa.<\/p>\n<p style=\"text-align: justify;\">Adem\u00e1s del observatorio, se presentar\u00e1n una serie de estudios realizados por la Fundaci\u00f3n ISEAK, en los que\u202fse analiza la desigualdad de ingresos existentes en Gipuzkoa, desde distintas perspectivas.<\/p>\n<p style=\"text-align: justify;\"><a href=\"https:\/\/www.gipuzkoa.eus\/es\/web\/ekonomia\/observatorio-laboral\" target=\"_blank\" rel=\"noopener\">El\u202fObservatorio Laboral de Gipuzko<\/a>a\u202fes una herramienta de visualizaci\u00f3n interactiva que\u202fpermite<strong> obtener, de manera intuitiva y accesible, informaci\u00f3n detallada sobre el mercado laboral de Gipuzkoa<\/strong>, como, por ejemplo, el n\u00famero de personas desempleadas registradas en Lanbide durante el \u00faltimo mes, el n\u00famero de afiliaciones o contrataciones realizadas por comarca o las ocupaciones m\u00e1s demandadas. El observatorio, que tiene una frecuencia de actualizaci\u00f3n mensual,\u202fse basa en la <strong>explotaci\u00f3n de grandes bases de datos abiertos (OpenData Euskadi),<\/strong> concretamente datos relativos a la Seguridad Social y a Lanbide. De esta manera, el observatorio contribuye a facilitar a la sociedad el acceso a informaci\u00f3n precisa y actualizada sobre la coyuntura laboral, y refuerza el compromiso de la Fundaci\u00f3n ISEAK y la Diputaci\u00f3n Foral de Gipuzkoa con la transparencia y la divulgaci\u00f3n de conocimiento. Como complemento a esta labor, la Fundaci\u00f3n ISEAK presentar\u00e1 unos boletines trimestrales que contextualizan los datos disponibles en la herramienta con la coyuntura del mercado laboral de Gipuzkoa y que permiten analizar la evoluci\u00f3n del empleo durante este a\u00f1o.<\/p>\n<p style=\"text-align: justify;\">Por otra parte, la Fundaci\u00f3n ISEAK ha llevado a cabo una serie de estudios en los que se analiza la desigualdad de ingresos en Gipuzkoa desde perspectivas diferentes.\u202fEl primero de ellos analiza la desigualdad de ingresos en Gipuzkoa\u202fen su conjunto y contextualiza la realidad del territorio con otras sociedades de su entorno. El an\u00e1lisis realizado en este primer informe pone de manifiesto que\u202fGipuzkoa sigue siendo uno de los territorios menos desiguales de Europa, aunque tambi\u00e9n se ha visto afectado por el aumento en la desigualdad de ingresos observado en una gran parte de pa\u00edses desarrollados. A partir de este primer informe, y con el objetivo de realizar un diagn\u00f3stico preciso y del que se puedan extraer propuestas concretas, el an\u00e1lisis de la desigualdad de ingresos se extiende a las dimensiones de\u202fg\u00e9nero, edad y territorio, identificando los factores que generan las desigualdades existentes.<\/p>\n<p style=\"text-align: justify;\">En este acto, La Diputaci\u00f3n Foral de Gipuzkoa compartir\u00e1 estos trabajos, con representantes de todas las instituciones asistentes. Entre ellos estar\u00e1 el personal t\u00e9cnico de Iraurgi Berritzen, en el cual tambi\u00e9n habr\u00e1 espacios para el intercambio de ideas y reflexiones.<\/p>\n","protected":false},"excerpt":{"rendered":"<p>El pr\u00f3ximo mi\u00e9rcoles 21 de diciembre se ha celebrar\u00e1 en la sala Gunea de la Diputaci\u00f3n Foral de Gipuzkoa el acto de presentaci\u00f3n del Observatorio Laboral de Gipuzkoa.,\u202fdesarrollado por la Fundaci\u00f3n ISEAK, centro de investigaci\u00f3n y transferencia en el \u00e1mbito de la econom\u00eda,\u202fen colaboraci\u00f3n con la Diputaci\u00f3n Foral de Gipuzkoa. Adem\u00e1s del observatorio, se presentar\u00e1n [&hellip;]<\/p>\n","protected":false},"author":1,"featured_media":17295,"comment_status":"","ping_status":"closed","sticky":false,"template":"","format":"standard","meta":{"_acf_changed":false,"footnotes":""},"categories":[4],"tags":[],"class_list":["post-14224","post","type-post","status-publish","format-standard","has-post-thumbnail","hentry","category-noticias"],"acf":[],"yoast_head":"<!-- This site is optimized with the Yoast SEO plugin v27.4 - https:\/\/yoast.com\/product\/yoast-seo-wordpress\/ -->\n<title>Iraurgi Berritzen participar\u00e1 en el acto de presentaci\u00f3n del Observatorio Laboral de Gipuzkoa - Iraurgi Berritzen<\/title>\n<meta name=\"robots\" content=\"index, follow, max-snippet:-1, max-image-preview:large, max-video-preview:-1\" \/>\n<link rel=\"canonical\" href=\"https:\/\/iraurgiberritzen.eus\/es\/iraurgi-berritzen-participara-en-el-acto-de-presentacion-del-observatorio-laboral-de-gipuzkoa\/\" \/>\n<meta property=\"og:locale\" content=\"es_ES\" \/>\n<meta property=\"og:type\" content=\"article\" \/>\n<meta property=\"og:title\" content=\"Iraurgi Berritzen participar\u00e1 en el acto de presentaci\u00f3n del Observatorio Laboral de Gipuzkoa - Iraurgi Berritzen\" \/>\n<meta property=\"og:description\" content=\"El pr\u00f3ximo mi\u00e9rcoles 21 de diciembre se ha celebrar\u00e1 en la sala Gunea de la Diputaci\u00f3n Foral de Gipuzkoa el acto de presentaci\u00f3n del Observatorio Laboral de Gipuzkoa.,\u202fdesarrollado por la Fundaci\u00f3n ISEAK, centro de investigaci\u00f3n y transferencia en el \u00e1mbito de la econom\u00eda,\u202fen colaboraci\u00f3n con la Diputaci\u00f3n Foral de Gipuzkoa. Adem\u00e1s del observatorio, se presentar\u00e1n [&hellip;]\" \/>\n<meta property=\"og:url\" content=\"https:\/\/iraurgiberritzen.eus\/es\/iraurgi-berritzen-participara-en-el-acto-de-presentacion-del-observatorio-laboral-de-gipuzkoa\/\" \/>\n<meta property=\"og:site_name\" content=\"Iraurgi Berritzen\" \/>\n<meta property=\"article:published_time\" content=\"2022-12-15T21:01:55+00:00\" \/>\n<meta name=\"author\" content=\"kudeatzailea\" \/>\n<meta name=\"twitter:card\" content=\"summary_large_image\" \/>\n<meta name=\"twitter:label1\" content=\"Escrito por\" \/>\n\t<meta name=\"twitter:data1\" content=\"kudeatzailea\" \/>\n\t<meta name=\"twitter:label2\" content=\"Tiempo de lectura\" \/>\n\t<meta name=\"twitter:data2\" content=\"2 minutos\" \/>\n<script type=\"application\/ld+json\" class=\"yoast-schema-graph\">{\"@context\":\"https:\\\/\\\/schema.org\",\"@graph\":[{\"@type\":\"Article\",\"@id\":\"https:\\\/\\\/iraurgiberritzen.eus\\\/es\\\/iraurgi-berritzen-participara-en-el-acto-de-presentacion-del-observatorio-laboral-de-gipuzkoa\\\/#article\",\"isPartOf\":{\"@id\":\"https:\\\/\\\/iraurgiberritzen.eus\\\/es\\\/iraurgi-berritzen-participara-en-el-acto-de-presentacion-del-observatorio-laboral-de-gipuzkoa\\\/\"},\"author\":{\"name\":\"kudeatzailea\",\"@id\":\"https:\\\/\\\/iraurgiberritzen.eus\\\/es\\\/#\\\/schema\\\/person\\\/5ab41aaf388a9097177601ebf45738d2\"},\"headline\":\"Iraurgi Berritzen participar\u00e1 en el acto de presentaci\u00f3n del Observatorio Laboral de Gipuzkoa\",\"datePublished\":\"2022-12-15T21:01:55+00:00\",\"mainEntityOfPage\":{\"@id\":\"https:\\\/\\\/iraurgiberritzen.eus\\\/es\\\/iraurgi-berritzen-participara-en-el-acto-de-presentacion-del-observatorio-laboral-de-gipuzkoa\\\/\"},\"wordCount\":487,\"publisher\":{\"@id\":\"https:\\\/\\\/iraurgiberritzen.eus\\\/es\\\/#organization\"},\"image\":{\"@id\":\"https:\\\/\\\/iraurgiberritzen.eus\\\/es\\\/iraurgi-berritzen-participara-en-el-acto-de-presentacion-del-observatorio-laboral-de-gipuzkoa\\\/#primaryimage\"},\"thumbnailUrl\":\"https:\\\/\\\/iraurgiberritzen.eus\\\/wp-content\\\/uploads\\\/2023\\\/09\\\/b713d0f2325cae1c82ff2ce86f6a5920.jpg\",\"articleSection\":[\"Noticias\"],\"inLanguage\":\"es\"},{\"@type\":\"WebPage\",\"@id\":\"https:\\\/\\\/iraurgiberritzen.eus\\\/es\\\/iraurgi-berritzen-participara-en-el-acto-de-presentacion-del-observatorio-laboral-de-gipuzkoa\\\/\",\"url\":\"https:\\\/\\\/iraurgiberritzen.eus\\\/es\\\/iraurgi-berritzen-participara-en-el-acto-de-presentacion-del-observatorio-laboral-de-gipuzkoa\\\/\",\"name\":\"Iraurgi Berritzen participar\u00e1 en el acto de presentaci\u00f3n del Observatorio Laboral de Gipuzkoa - Iraurgi Berritzen\",\"isPartOf\":{\"@id\":\"https:\\\/\\\/iraurgiberritzen.eus\\\/es\\\/#website\"},\"primaryImageOfPage\":{\"@id\":\"https:\\\/\\\/iraurgiberritzen.eus\\\/es\\\/iraurgi-berritzen-participara-en-el-acto-de-presentacion-del-observatorio-laboral-de-gipuzkoa\\\/#primaryimage\"},\"image\":{\"@id\":\"https:\\\/\\\/iraurgiberritzen.eus\\\/es\\\/iraurgi-berritzen-participara-en-el-acto-de-presentacion-del-observatorio-laboral-de-gipuzkoa\\\/#primaryimage\"},\"thumbnailUrl\":\"https:\\\/\\\/iraurgiberritzen.eus\\\/wp-content\\\/uploads\\\/2023\\\/09\\\/b713d0f2325cae1c82ff2ce86f6a5920.jpg\",\"datePublished\":\"2022-12-15T21:01:55+00:00\",\"breadcrumb\":{\"@id\":\"https:\\\/\\\/iraurgiberritzen.eus\\\/es\\\/iraurgi-berritzen-participara-en-el-acto-de-presentacion-del-observatorio-laboral-de-gipuzkoa\\\/#breadcrumb\"},\"inLanguage\":\"es\",\"potentialAction\":[{\"@type\":\"ReadAction\",\"target\":[\"https:\\\/\\\/iraurgiberritzen.eus\\\/es\\\/iraurgi-berritzen-participara-en-el-acto-de-presentacion-del-observatorio-laboral-de-gipuzkoa\\\/\"]}]},{\"@type\":\"ImageObject\",\"inLanguage\":\"es\",\"@id\":\"https:\\\/\\\/iraurgiberritzen.eus\\\/es\\\/iraurgi-berritzen-participara-en-el-acto-de-presentacion-del-observatorio-laboral-de-gipuzkoa\\\/#primaryimage\",\"url\":\"https:\\\/\\\/iraurgiberritzen.eus\\\/wp-content\\\/uploads\\\/2023\\\/09\\\/b713d0f2325cae1c82ff2ce86f6a5920.jpg\",\"contentUrl\":\"https:\\\/\\\/iraurgiberritzen.eus\\\/wp-content\\\/uploads\\\/2023\\\/09\\\/b713d0f2325cae1c82ff2ce86f6a5920.jpg\",\"width\":400,\"height\":257},{\"@type\":\"BreadcrumbList\",\"@id\":\"https:\\\/\\\/iraurgiberritzen.eus\\\/es\\\/iraurgi-berritzen-participara-en-el-acto-de-presentacion-del-observatorio-laboral-de-gipuzkoa\\\/#breadcrumb\",\"itemListElement\":[{\"@type\":\"ListItem\",\"position\":1,\"name\":\"Home\",\"item\":\"https:\\\/\\\/iraurgiberritzen.eus\\\/es\\\/\"},{\"@type\":\"ListItem\",\"position\":2,\"name\":\"Iraurgi Berritzen participar\u00e1 en el acto de presentaci\u00f3n del Observatorio Laboral de Gipuzkoa\"}]},{\"@type\":\"WebSite\",\"@id\":\"https:\\\/\\\/iraurgiberritzen.eus\\\/es\\\/#website\",\"url\":\"https:\\\/\\\/iraurgiberritzen.eus\\\/es\\\/\",\"name\":\"Iraurgi Berritzen\",\"description\":\"Urola Erdiko Garapen Agentzia\",\"publisher\":{\"@id\":\"https:\\\/\\\/iraurgiberritzen.eus\\\/es\\\/#organization\"},\"potentialAction\":[{\"@type\":\"SearchAction\",\"target\":{\"@type\":\"EntryPoint\",\"urlTemplate\":\"https:\\\/\\\/iraurgiberritzen.eus\\\/es\\\/?s={search_term_string}\"},\"query-input\":{\"@type\":\"PropertyValueSpecification\",\"valueRequired\":true,\"valueName\":\"search_term_string\"}}],\"inLanguage\":\"es\"},{\"@type\":\"Organization\",\"@id\":\"https:\\\/\\\/iraurgiberritzen.eus\\\/es\\\/#organization\",\"name\":\"Iraurgi Berritzen\",\"url\":\"https:\\\/\\\/iraurgiberritzen.eus\\\/es\\\/\",\"logo\":{\"@type\":\"ImageObject\",\"inLanguage\":\"es\",\"@id\":\"https:\\\/\\\/iraurgiberritzen.eus\\\/es\\\/#\\\/schema\\\/logo\\\/image\\\/\",\"url\":\"https:\\\/\\\/iraurgiberritzen.eus\\\/wp-content\\\/uploads\\\/2024\\\/02\\\/IRAURGI-BERRITZEN-logotipoa_2.png\",\"contentUrl\":\"https:\\\/\\\/iraurgiberritzen.eus\\\/wp-content\\\/uploads\\\/2024\\\/02\\\/IRAURGI-BERRITZEN-logotipoa_2.png\",\"width\":496,\"height\":190,\"caption\":\"Iraurgi Berritzen\"},\"image\":{\"@id\":\"https:\\\/\\\/iraurgiberritzen.eus\\\/es\\\/#\\\/schema\\\/logo\\\/image\\\/\"}},{\"@type\":\"Person\",\"@id\":\"https:\\\/\\\/iraurgiberritzen.eus\\\/es\\\/#\\\/schema\\\/person\\\/5ab41aaf388a9097177601ebf45738d2\",\"name\":\"kudeatzailea\",\"sameAs\":[\"https:\\\/\\\/iraurgiberritzen.eus\"]}]}<\/script>\n<!-- \/ Yoast SEO plugin. -->","yoast_head_json":{"title":"Iraurgi Berritzen participar\u00e1 en el acto de presentaci\u00f3n del Observatorio Laboral de Gipuzkoa - Iraurgi Berritzen","robots":{"index":"index","follow":"follow","max-snippet":"max-snippet:-1","max-image-preview":"max-image-preview:large","max-video-preview":"max-video-preview:-1"},"canonical":"https:\/\/iraurgiberritzen.eus\/es\/iraurgi-berritzen-participara-en-el-acto-de-presentacion-del-observatorio-laboral-de-gipuzkoa\/","og_locale":"es_ES","og_type":"article","og_title":"Iraurgi Berritzen participar\u00e1 en el acto de presentaci\u00f3n del Observatorio Laboral de Gipuzkoa - Iraurgi Berritzen","og_description":"El pr\u00f3ximo mi\u00e9rcoles 21 de diciembre se ha celebrar\u00e1 en la sala Gunea de la Diputaci\u00f3n Foral de Gipuzkoa el acto de presentaci\u00f3n del Observatorio Laboral de Gipuzkoa.,\u202fdesarrollado por la Fundaci\u00f3n ISEAK, centro de investigaci\u00f3n y transferencia en el \u00e1mbito de la econom\u00eda,\u202fen colaboraci\u00f3n con la Diputaci\u00f3n Foral de Gipuzkoa. Adem\u00e1s del observatorio, se presentar\u00e1n [&hellip;]","og_url":"https:\/\/iraurgiberritzen.eus\/es\/iraurgi-berritzen-participara-en-el-acto-de-presentacion-del-observatorio-laboral-de-gipuzkoa\/","og_site_name":"Iraurgi Berritzen","article_published_time":"2022-12-15T21:01:55+00:00","author":"kudeatzailea","twitter_card":"summary_large_image","twitter_misc":{"Escrito por":"kudeatzailea","Tiempo de lectura":"2 minutos"},"schema":{"@context":"https:\/\/schema.org","@graph":[{"@type":"Article","@id":"https:\/\/iraurgiberritzen.eus\/es\/iraurgi-berritzen-participara-en-el-acto-de-presentacion-del-observatorio-laboral-de-gipuzkoa\/#article","isPartOf":{"@id":"https:\/\/iraurgiberritzen.eus\/es\/iraurgi-berritzen-participara-en-el-acto-de-presentacion-del-observatorio-laboral-de-gipuzkoa\/"},"author":{"name":"kudeatzailea","@id":"https:\/\/iraurgiberritzen.eus\/es\/#\/schema\/person\/5ab41aaf388a9097177601ebf45738d2"},"headline":"Iraurgi Berritzen participar\u00e1 en el acto de presentaci\u00f3n del Observatorio Laboral de Gipuzkoa","datePublished":"2022-12-15T21:01:55+00:00","mainEntityOfPage":{"@id":"https:\/\/iraurgiberritzen.eus\/es\/iraurgi-berritzen-participara-en-el-acto-de-presentacion-del-observatorio-laboral-de-gipuzkoa\/"},"wordCount":487,"publisher":{"@id":"https:\/\/iraurgiberritzen.eus\/es\/#organization"},"image":{"@id":"https:\/\/iraurgiberritzen.eus\/es\/iraurgi-berritzen-participara-en-el-acto-de-presentacion-del-observatorio-laboral-de-gipuzkoa\/#primaryimage"},"thumbnailUrl":"https:\/\/iraurgiberritzen.eus\/wp-content\/uploads\/2023\/09\/b713d0f2325cae1c82ff2ce86f6a5920.jpg","articleSection":["Noticias"],"inLanguage":"es"},{"@type":"WebPage","@id":"https:\/\/iraurgiberritzen.eus\/es\/iraurgi-berritzen-participara-en-el-acto-de-presentacion-del-observatorio-laboral-de-gipuzkoa\/","url":"https:\/\/iraurgiberritzen.eus\/es\/iraurgi-berritzen-participara-en-el-acto-de-presentacion-del-observatorio-laboral-de-gipuzkoa\/","name":"Iraurgi Berritzen participar\u00e1 en el acto de presentaci\u00f3n del Observatorio Laboral de Gipuzkoa - Iraurgi Berritzen","isPartOf":{"@id":"https:\/\/iraurgiberritzen.eus\/es\/#website"},"primaryImageOfPage":{"@id":"https:\/\/iraurgiberritzen.eus\/es\/iraurgi-berritzen-participara-en-el-acto-de-presentacion-del-observatorio-laboral-de-gipuzkoa\/#primaryimage"},"image":{"@id":"https:\/\/iraurgiberritzen.eus\/es\/iraurgi-berritzen-participara-en-el-acto-de-presentacion-del-observatorio-laboral-de-gipuzkoa\/#primaryimage"},"thumbnailUrl":"https:\/\/iraurgiberritzen.eus\/wp-content\/uploads\/2023\/09\/b713d0f2325cae1c82ff2ce86f6a5920.jpg","datePublished":"2022-12-15T21:01:55+00:00","breadcrumb":{"@id":"https:\/\/iraurgiberritzen.eus\/es\/iraurgi-berritzen-participara-en-el-acto-de-presentacion-del-observatorio-laboral-de-gipuzkoa\/#breadcrumb"},"inLanguage":"es","potentialAction":[{"@type":"ReadAction","target":["https:\/\/iraurgiberritzen.eus\/es\/iraurgi-berritzen-participara-en-el-acto-de-presentacion-del-observatorio-laboral-de-gipuzkoa\/"]}]},{"@type":"ImageObject","inLanguage":"es","@id":"https:\/\/iraurgiberritzen.eus\/es\/iraurgi-berritzen-participara-en-el-acto-de-presentacion-del-observatorio-laboral-de-gipuzkoa\/#primaryimage","url":"https:\/\/iraurgiberritzen.eus\/wp-content\/uploads\/2023\/09\/b713d0f2325cae1c82ff2ce86f6a5920.jpg","contentUrl":"https:\/\/iraurgiberritzen.eus\/wp-content\/uploads\/2023\/09\/b713d0f2325cae1c82ff2ce86f6a5920.jpg","width":400,"height":257},{"@type":"BreadcrumbList","@id":"https:\/\/iraurgiberritzen.eus\/es\/iraurgi-berritzen-participara-en-el-acto-de-presentacion-del-observatorio-laboral-de-gipuzkoa\/#breadcrumb","itemListElement":[{"@type":"ListItem","position":1,"name":"Home","item":"https:\/\/iraurgiberritzen.eus\/es\/"},{"@type":"ListItem","position":2,"name":"Iraurgi Berritzen participar\u00e1 en el acto de presentaci\u00f3n del Observatorio Laboral de Gipuzkoa"}]},{"@type":"WebSite","@id":"https:\/\/iraurgiberritzen.eus\/es\/#website","url":"https:\/\/iraurgiberritzen.eus\/es\/","name":"Iraurgi Berritzen","description":"Urola Erdiko Garapen Agentzia","publisher":{"@id":"https:\/\/iraurgiberritzen.eus\/es\/#organization"},"potentialAction":[{"@type":"SearchAction","target":{"@type":"EntryPoint","urlTemplate":"https:\/\/iraurgiberritzen.eus\/es\/?s={search_term_string}"},"query-input":{"@type":"PropertyValueSpecification","valueRequired":true,"valueName":"search_term_string"}}],"inLanguage":"es"},{"@type":"Organization","@id":"https:\/\/iraurgiberritzen.eus\/es\/#organization","name":"Iraurgi Berritzen","url":"https:\/\/iraurgiberritzen.eus\/es\/","logo":{"@type":"ImageObject","inLanguage":"es","@id":"https:\/\/iraurgiberritzen.eus\/es\/#\/schema\/logo\/image\/","url":"https:\/\/iraurgiberritzen.eus\/wp-content\/uploads\/2024\/02\/IRAURGI-BERRITZEN-logotipoa_2.png","contentUrl":"https:\/\/iraurgiberritzen.eus\/wp-content\/uploads\/2024\/02\/IRAURGI-BERRITZEN-logotipoa_2.png","width":496,"height":190,"caption":"Iraurgi Berritzen"},"image":{"@id":"https:\/\/iraurgiberritzen.eus\/es\/#\/schema\/logo\/image\/"}},{"@type":"Person","@id":"https:\/\/iraurgiberritzen.eus\/es\/#\/schema\/person\/5ab41aaf388a9097177601ebf45738d2","name":"kudeatzailea","sameAs":["https:\/\/iraurgiberritzen.eus"]}]}},"_links":{"self":[{"href":"https:\/\/iraurgiberritzen.eus\/es\/wp-json\/wp\/v2\/posts\/14224","targetHints":{"allow":["GET"]}}],"collection":[{"href":"https:\/\/iraurgiberritzen.eus\/es\/wp-json\/wp\/v2\/posts"}],"about":[{"href":"https:\/\/iraurgiberritzen.eus\/es\/wp-json\/wp\/v2\/types\/post"}],"author":[{"embeddable":true,"href":"https:\/\/iraurgiberritzen.eus\/es\/wp-json\/wp\/v2\/users\/1"}],"replies":[{"embeddable":true,"href":"https:\/\/iraurgiberritzen.eus\/es\/wp-json\/wp\/v2\/comments?post=14224"}],"version-history":[{"count":0,"href":"https:\/\/iraurgiberritzen.eus\/es\/wp-json\/wp\/v2\/posts\/14224\/revisions"}],"wp:featuredmedia":[{"embeddable":true,"href":"https:\/\/iraurgiberritzen.eus\/es\/wp-json\/wp\/v2\/media\/17295"}],"wp:attachment":[{"href":"https:\/\/iraurgiberritzen.eus\/es\/wp-json\/wp\/v2\/media?parent=14224"}],"wp:term":[{"taxonomy":"category","embeddable":true,"href":"https:\/\/iraurgiberritzen.eus\/es\/wp-json\/wp\/v2\/categories?post=14224"},{"taxonomy":"post_tag","embeddable":true,"href":"https:\/\/iraurgiberritzen.eus\/es\/wp-json\/wp\/v2\/tags?post=14224"}],"curies":[{"name":"wp","href":"https:\/\/api.w.org\/{rel}","templated":true}]}}