{"id":14227,"date":"2022-12-15T23:19:01","date_gmt":"2022-12-15T21:19:01","guid":{"rendered":"https:\/\/iraurgiberritzen.eus\/el-consejo-gestor-de-ib-sarea-celebra-el-encuentro-de-fin-de-ano\/"},"modified":"2022-12-15T23:19:01","modified_gmt":"2022-12-15T21:19:01","slug":"el-consejo-gestor-de-ib-sarea-celebra-el-encuentro-de-fin-de-ano","status":"publish","type":"post","link":"https:\/\/iraurgiberritzen.eus\/es\/el-consejo-gestor-de-ib-sarea-celebra-el-encuentro-de-fin-de-ano\/","title":{"rendered":"El Consejo Gestor de IB Sarea celebra el encuentro de fin de a\u00f1o"},"content":{"rendered":"<p style=\"text-align: justify;\">Hoy, viernes, 16 de diciembre, el Consejo Gestor de IB Sarea, formado por representantes de los espacios de colaboraci\u00f3n de empresas, educaci\u00f3n, empleo y ayuntamientos, ha celebrado en el Palacio Intsausti de Azkoitia el \u00faltimo Encuentro del a\u00f1o.<\/p>\n<p style=\"text-align: justify;\">El objetivo del Consejo es decidir y desarrollar proyectos estrat\u00e9gicos para el desarrollo socioecon\u00f3mico de la comarca, a trav\u00e9s de una colaboraci\u00f3n y estrategia compartida, <strong>dentro del modelo de gobernanza colaborativa que caracteriza a Iraurgi Berritzen.<\/strong><\/p>\n<p style=\"text-align: justify;\">Al comienzo de la reuni\u00f3n, han tratado sobre las <strong>\u201cXX. Topaketak de IB Sarea\u201d<\/strong>, celebradas el pasado 24 de noviembre, realizando una valoraci\u00f3n positiva sobre este encuentro.<\/p>\n<p style=\"text-align: justify;\">Posteriormente, han analizado el <strong>plan de acci\u00f3n extra\u00eddo de la reflexi\u00f3n estrat\u00e9gica impulsada por Iraurgi Berritzen<\/strong>, con el objetivo de hacer atractiva la comarca, trabajada en los \u00faltimos meses en colaboraci\u00f3n con los diferentes agentes de la comarca, presentando los objetivos estrat\u00e9gicos, l\u00edneas de trabajo y acciones de los que ser\u00e1 responsable este consejo durante los pr\u00f3ximos cinco a\u00f1os.<\/p>\n<p style=\"text-align: justify;\">Continuando con la reuni\u00f3n, se ha presentado l<strong>a nueva estructura del Consejo Gestor IB Sarea,<\/strong> confirm\u00e1ndose que a partir del a\u00f1o que viene este organo contar\u00e1 con la representaci\u00f3n de todos los agentes socioecon\u00f3micos. Es decir, adem\u00e1s de representar a las empresas, centros educativos, agentes de empleo y ayuntamientos de la comarca, se prev\u00e9 que este consejo cuente tambi\u00e9n con la representaci\u00f3n de agentes de emprendimiento, turismo y comercio.<\/p>\n<p style=\"text-align: justify;\">Adem\u00e1s, se ha reflexionado sobre <strong>el nuevo papel del consejo<\/strong>: funciones, din\u00e1mica de trabajo\u2026<\/p>\n<p style=\"text-align: justify;\"><strong>El nuevo nuevo Consejo se reunir\u00e1 en febrero<\/strong> y donde se consensuar\u00e1n sus objetivos y funciones, definiendo los grupos de desarrollo desarrollo de proyectos derivados de la Reflexi\u00f3n Estrat\u00e9gica.<\/p>\n<p>&nbsp;<\/p>\n","protected":false},"excerpt":{"rendered":"<p>Hoy, viernes, 16 de diciembre, el Consejo Gestor de IB Sarea, formado por representantes de los espacios de colaboraci\u00f3n de empresas, educaci\u00f3n, empleo y ayuntamientos, ha celebrado en el Palacio Intsausti de Azkoitia el \u00faltimo Encuentro del a\u00f1o. El objetivo del Consejo es decidir y desarrollar proyectos estrat\u00e9gicos para el desarrollo socioecon\u00f3mico de la comarca, [&hellip;]<\/p>\n","protected":false},"author":1,"featured_media":17296,"comment_status":"","ping_status":"closed","sticky":false,"template":"","format":"standard","meta":{"_acf_changed":false,"footnotes":""},"categories":[4],"tags":[],"class_list":["post-14227","post","type-post","status-publish","format-standard","has-post-thumbnail","hentry","category-noticias"],"acf":[],"yoast_head":"<!-- This site is optimized with the Yoast SEO plugin v27.4 - https:\/\/yoast.com\/product\/yoast-seo-wordpress\/ -->\n<title>El Consejo Gestor de IB Sarea celebra el encuentro de fin de a\u00f1o - Iraurgi Berritzen<\/title>\n<meta name=\"robots\" content=\"index, follow, max-snippet:-1, max-image-preview:large, max-video-preview:-1\" \/>\n<link rel=\"canonical\" href=\"https:\/\/iraurgiberritzen.eus\/es\/el-consejo-gestor-de-ib-sarea-celebra-el-encuentro-de-fin-de-ano\/\" \/>\n<meta property=\"og:locale\" content=\"es_ES\" \/>\n<meta property=\"og:type\" content=\"article\" \/>\n<meta property=\"og:title\" content=\"El Consejo Gestor de IB Sarea celebra el encuentro de fin de a\u00f1o - Iraurgi Berritzen\" \/>\n<meta property=\"og:description\" content=\"Hoy, viernes, 16 de diciembre, el Consejo Gestor de IB Sarea, formado por representantes de los espacios de colaboraci\u00f3n de empresas, educaci\u00f3n, empleo y ayuntamientos, ha celebrado en el Palacio Intsausti de Azkoitia el \u00faltimo Encuentro del a\u00f1o. El objetivo del Consejo es decidir y desarrollar proyectos estrat\u00e9gicos para el desarrollo socioecon\u00f3mico de la comarca, [&hellip;]\" \/>\n<meta property=\"og:url\" content=\"https:\/\/iraurgiberritzen.eus\/es\/el-consejo-gestor-de-ib-sarea-celebra-el-encuentro-de-fin-de-ano\/\" \/>\n<meta property=\"og:site_name\" content=\"Iraurgi Berritzen\" \/>\n<meta property=\"article:published_time\" content=\"2022-12-15T21:19:01+00:00\" \/>\n<meta name=\"author\" content=\"kudeatzailea\" \/>\n<meta name=\"twitter:card\" content=\"summary_large_image\" \/>\n<meta name=\"twitter:label1\" content=\"Escrito por\" \/>\n\t<meta name=\"twitter:data1\" content=\"kudeatzailea\" \/>\n\t<meta name=\"twitter:label2\" content=\"Tiempo de lectura\" \/>\n\t<meta name=\"twitter:data2\" content=\"2 minutos\" \/>\n<script type=\"application\/ld+json\" class=\"yoast-schema-graph\">{\"@context\":\"https:\\\/\\\/schema.org\",\"@graph\":[{\"@type\":\"Article\",\"@id\":\"https:\\\/\\\/iraurgiberritzen.eus\\\/es\\\/el-consejo-gestor-de-ib-sarea-celebra-el-encuentro-de-fin-de-ano\\\/#article\",\"isPartOf\":{\"@id\":\"https:\\\/\\\/iraurgiberritzen.eus\\\/es\\\/el-consejo-gestor-de-ib-sarea-celebra-el-encuentro-de-fin-de-ano\\\/\"},\"author\":{\"name\":\"kudeatzailea\",\"@id\":\"https:\\\/\\\/iraurgiberritzen.eus\\\/es\\\/#\\\/schema\\\/person\\\/5ab41aaf388a9097177601ebf45738d2\"},\"headline\":\"El Consejo Gestor de IB Sarea celebra el encuentro de fin de a\u00f1o\",\"datePublished\":\"2022-12-15T21:19:01+00:00\",\"mainEntityOfPage\":{\"@id\":\"https:\\\/\\\/iraurgiberritzen.eus\\\/es\\\/el-consejo-gestor-de-ib-sarea-celebra-el-encuentro-de-fin-de-ano\\\/\"},\"wordCount\":316,\"publisher\":{\"@id\":\"https:\\\/\\\/iraurgiberritzen.eus\\\/es\\\/#organization\"},\"image\":{\"@id\":\"https:\\\/\\\/iraurgiberritzen.eus\\\/es\\\/el-consejo-gestor-de-ib-sarea-celebra-el-encuentro-de-fin-de-ano\\\/#primaryimage\"},\"thumbnailUrl\":\"https:\\\/\\\/iraurgiberritzen.eus\\\/wp-content\\\/uploads\\\/2023\\\/09\\\/6fabeebf57a31d7fcb8c80ffa6f11c39.jpg\",\"articleSection\":[\"Noticias\"],\"inLanguage\":\"es\"},{\"@type\":\"WebPage\",\"@id\":\"https:\\\/\\\/iraurgiberritzen.eus\\\/es\\\/el-consejo-gestor-de-ib-sarea-celebra-el-encuentro-de-fin-de-ano\\\/\",\"url\":\"https:\\\/\\\/iraurgiberritzen.eus\\\/es\\\/el-consejo-gestor-de-ib-sarea-celebra-el-encuentro-de-fin-de-ano\\\/\",\"name\":\"El Consejo Gestor de IB Sarea celebra el encuentro de fin de a\u00f1o - Iraurgi Berritzen\",\"isPartOf\":{\"@id\":\"https:\\\/\\\/iraurgiberritzen.eus\\\/es\\\/#website\"},\"primaryImageOfPage\":{\"@id\":\"https:\\\/\\\/iraurgiberritzen.eus\\\/es\\\/el-consejo-gestor-de-ib-sarea-celebra-el-encuentro-de-fin-de-ano\\\/#primaryimage\"},\"image\":{\"@id\":\"https:\\\/\\\/iraurgiberritzen.eus\\\/es\\\/el-consejo-gestor-de-ib-sarea-celebra-el-encuentro-de-fin-de-ano\\\/#primaryimage\"},\"thumbnailUrl\":\"https:\\\/\\\/iraurgiberritzen.eus\\\/wp-content\\\/uploads\\\/2023\\\/09\\\/6fabeebf57a31d7fcb8c80ffa6f11c39.jpg\",\"datePublished\":\"2022-12-15T21:19:01+00:00\",\"breadcrumb\":{\"@id\":\"https:\\\/\\\/iraurgiberritzen.eus\\\/es\\\/el-consejo-gestor-de-ib-sarea-celebra-el-encuentro-de-fin-de-ano\\\/#breadcrumb\"},\"inLanguage\":\"es\",\"potentialAction\":[{\"@type\":\"ReadAction\",\"target\":[\"https:\\\/\\\/iraurgiberritzen.eus\\\/es\\\/el-consejo-gestor-de-ib-sarea-celebra-el-encuentro-de-fin-de-ano\\\/\"]}]},{\"@type\":\"ImageObject\",\"inLanguage\":\"es\",\"@id\":\"https:\\\/\\\/iraurgiberritzen.eus\\\/es\\\/el-consejo-gestor-de-ib-sarea-celebra-el-encuentro-de-fin-de-ano\\\/#primaryimage\",\"url\":\"https:\\\/\\\/iraurgiberritzen.eus\\\/wp-content\\\/uploads\\\/2023\\\/09\\\/6fabeebf57a31d7fcb8c80ffa6f11c39.jpg\",\"contentUrl\":\"https:\\\/\\\/iraurgiberritzen.eus\\\/wp-content\\\/uploads\\\/2023\\\/09\\\/6fabeebf57a31d7fcb8c80ffa6f11c39.jpg\",\"width\":400,\"height\":257},{\"@type\":\"BreadcrumbList\",\"@id\":\"https:\\\/\\\/iraurgiberritzen.eus\\\/es\\\/el-consejo-gestor-de-ib-sarea-celebra-el-encuentro-de-fin-de-ano\\\/#breadcrumb\",\"itemListElement\":[{\"@type\":\"ListItem\",\"position\":1,\"name\":\"Home\",\"item\":\"https:\\\/\\\/iraurgiberritzen.eus\\\/es\\\/\"},{\"@type\":\"ListItem\",\"position\":2,\"name\":\"El Consejo Gestor de IB Sarea celebra el encuentro de fin de a\u00f1o\"}]},{\"@type\":\"WebSite\",\"@id\":\"https:\\\/\\\/iraurgiberritzen.eus\\\/es\\\/#website\",\"url\":\"https:\\\/\\\/iraurgiberritzen.eus\\\/es\\\/\",\"name\":\"Iraurgi Berritzen\",\"description\":\"Urola Erdiko Garapen Agentzia\",\"publisher\":{\"@id\":\"https:\\\/\\\/iraurgiberritzen.eus\\\/es\\\/#organization\"},\"potentialAction\":[{\"@type\":\"SearchAction\",\"target\":{\"@type\":\"EntryPoint\",\"urlTemplate\":\"https:\\\/\\\/iraurgiberritzen.eus\\\/es\\\/?s={search_term_string}\"},\"query-input\":{\"@type\":\"PropertyValueSpecification\",\"valueRequired\":true,\"valueName\":\"search_term_string\"}}],\"inLanguage\":\"es\"},{\"@type\":\"Organization\",\"@id\":\"https:\\\/\\\/iraurgiberritzen.eus\\\/es\\\/#organization\",\"name\":\"Iraurgi Berritzen\",\"url\":\"https:\\\/\\\/iraurgiberritzen.eus\\\/es\\\/\",\"logo\":{\"@type\":\"ImageObject\",\"inLanguage\":\"es\",\"@id\":\"https:\\\/\\\/iraurgiberritzen.eus\\\/es\\\/#\\\/schema\\\/logo\\\/image\\\/\",\"url\":\"https:\\\/\\\/iraurgiberritzen.eus\\\/wp-content\\\/uploads\\\/2024\\\/02\\\/IRAURGI-BERRITZEN-logotipoa_2.png\",\"contentUrl\":\"https:\\\/\\\/iraurgiberritzen.eus\\\/wp-content\\\/uploads\\\/2024\\\/02\\\/IRAURGI-BERRITZEN-logotipoa_2.png\",\"width\":496,\"height\":190,\"caption\":\"Iraurgi Berritzen\"},\"image\":{\"@id\":\"https:\\\/\\\/iraurgiberritzen.eus\\\/es\\\/#\\\/schema\\\/logo\\\/image\\\/\"}},{\"@type\":\"Person\",\"@id\":\"https:\\\/\\\/iraurgiberritzen.eus\\\/es\\\/#\\\/schema\\\/person\\\/5ab41aaf388a9097177601ebf45738d2\",\"name\":\"kudeatzailea\",\"sameAs\":[\"https:\\\/\\\/iraurgiberritzen.eus\"]}]}<\/script>\n<!-- \/ Yoast SEO plugin. -->","yoast_head_json":{"title":"El Consejo Gestor de IB Sarea celebra el encuentro de fin de a\u00f1o - Iraurgi Berritzen","robots":{"index":"index","follow":"follow","max-snippet":"max-snippet:-1","max-image-preview":"max-image-preview:large","max-video-preview":"max-video-preview:-1"},"canonical":"https:\/\/iraurgiberritzen.eus\/es\/el-consejo-gestor-de-ib-sarea-celebra-el-encuentro-de-fin-de-ano\/","og_locale":"es_ES","og_type":"article","og_title":"El Consejo Gestor de IB Sarea celebra el encuentro de fin de a\u00f1o - Iraurgi Berritzen","og_description":"Hoy, viernes, 16 de diciembre, el Consejo Gestor de IB Sarea, formado por representantes de los espacios de colaboraci\u00f3n de empresas, educaci\u00f3n, empleo y ayuntamientos, ha celebrado en el Palacio Intsausti de Azkoitia el \u00faltimo Encuentro del a\u00f1o. El objetivo del Consejo es decidir y desarrollar proyectos estrat\u00e9gicos para el desarrollo socioecon\u00f3mico de la comarca, [&hellip;]","og_url":"https:\/\/iraurgiberritzen.eus\/es\/el-consejo-gestor-de-ib-sarea-celebra-el-encuentro-de-fin-de-ano\/","og_site_name":"Iraurgi Berritzen","article_published_time":"2022-12-15T21:19:01+00:00","author":"kudeatzailea","twitter_card":"summary_large_image","twitter_misc":{"Escrito por":"kudeatzailea","Tiempo de lectura":"2 minutos"},"schema":{"@context":"https:\/\/schema.org","@graph":[{"@type":"Article","@id":"https:\/\/iraurgiberritzen.eus\/es\/el-consejo-gestor-de-ib-sarea-celebra-el-encuentro-de-fin-de-ano\/#article","isPartOf":{"@id":"https:\/\/iraurgiberritzen.eus\/es\/el-consejo-gestor-de-ib-sarea-celebra-el-encuentro-de-fin-de-ano\/"},"author":{"name":"kudeatzailea","@id":"https:\/\/iraurgiberritzen.eus\/es\/#\/schema\/person\/5ab41aaf388a9097177601ebf45738d2"},"headline":"El Consejo Gestor de IB Sarea celebra el encuentro de fin de a\u00f1o","datePublished":"2022-12-15T21:19:01+00:00","mainEntityOfPage":{"@id":"https:\/\/iraurgiberritzen.eus\/es\/el-consejo-gestor-de-ib-sarea-celebra-el-encuentro-de-fin-de-ano\/"},"wordCount":316,"publisher":{"@id":"https:\/\/iraurgiberritzen.eus\/es\/#organization"},"image":{"@id":"https:\/\/iraurgiberritzen.eus\/es\/el-consejo-gestor-de-ib-sarea-celebra-el-encuentro-de-fin-de-ano\/#primaryimage"},"thumbnailUrl":"https:\/\/iraurgiberritzen.eus\/wp-content\/uploads\/2023\/09\/6fabeebf57a31d7fcb8c80ffa6f11c39.jpg","articleSection":["Noticias"],"inLanguage":"es"},{"@type":"WebPage","@id":"https:\/\/iraurgiberritzen.eus\/es\/el-consejo-gestor-de-ib-sarea-celebra-el-encuentro-de-fin-de-ano\/","url":"https:\/\/iraurgiberritzen.eus\/es\/el-consejo-gestor-de-ib-sarea-celebra-el-encuentro-de-fin-de-ano\/","name":"El Consejo Gestor de IB Sarea celebra el encuentro de fin de a\u00f1o - Iraurgi Berritzen","isPartOf":{"@id":"https:\/\/iraurgiberritzen.eus\/es\/#website"},"primaryImageOfPage":{"@id":"https:\/\/iraurgiberritzen.eus\/es\/el-consejo-gestor-de-ib-sarea-celebra-el-encuentro-de-fin-de-ano\/#primaryimage"},"image":{"@id":"https:\/\/iraurgiberritzen.eus\/es\/el-consejo-gestor-de-ib-sarea-celebra-el-encuentro-de-fin-de-ano\/#primaryimage"},"thumbnailUrl":"https:\/\/iraurgiberritzen.eus\/wp-content\/uploads\/2023\/09\/6fabeebf57a31d7fcb8c80ffa6f11c39.jpg","datePublished":"2022-12-15T21:19:01+00:00","breadcrumb":{"@id":"https:\/\/iraurgiberritzen.eus\/es\/el-consejo-gestor-de-ib-sarea-celebra-el-encuentro-de-fin-de-ano\/#breadcrumb"},"inLanguage":"es","potentialAction":[{"@type":"ReadAction","target":["https:\/\/iraurgiberritzen.eus\/es\/el-consejo-gestor-de-ib-sarea-celebra-el-encuentro-de-fin-de-ano\/"]}]},{"@type":"ImageObject","inLanguage":"es","@id":"https:\/\/iraurgiberritzen.eus\/es\/el-consejo-gestor-de-ib-sarea-celebra-el-encuentro-de-fin-de-ano\/#primaryimage","url":"https:\/\/iraurgiberritzen.eus\/wp-content\/uploads\/2023\/09\/6fabeebf57a31d7fcb8c80ffa6f11c39.jpg","contentUrl":"https:\/\/iraurgiberritzen.eus\/wp-content\/uploads\/2023\/09\/6fabeebf57a31d7fcb8c80ffa6f11c39.jpg","width":400,"height":257},{"@type":"BreadcrumbList","@id":"https:\/\/iraurgiberritzen.eus\/es\/el-consejo-gestor-de-ib-sarea-celebra-el-encuentro-de-fin-de-ano\/#breadcrumb","itemListElement":[{"@type":"ListItem","position":1,"name":"Home","item":"https:\/\/iraurgiberritzen.eus\/es\/"},{"@type":"ListItem","position":2,"name":"El Consejo Gestor de IB Sarea celebra el encuentro de fin de a\u00f1o"}]},{"@type":"WebSite","@id":"https:\/\/iraurgiberritzen.eus\/es\/#website","url":"https:\/\/iraurgiberritzen.eus\/es\/","name":"Iraurgi Berritzen","description":"Urola Erdiko Garapen Agentzia","publisher":{"@id":"https:\/\/iraurgiberritzen.eus\/es\/#organization"},"potentialAction":[{"@type":"SearchAction","target":{"@type":"EntryPoint","urlTemplate":"https:\/\/iraurgiberritzen.eus\/es\/?s={search_term_string}"},"query-input":{"@type":"PropertyValueSpecification","valueRequired":true,"valueName":"search_term_string"}}],"inLanguage":"es"},{"@type":"Organization","@id":"https:\/\/iraurgiberritzen.eus\/es\/#organization","name":"Iraurgi Berritzen","url":"https:\/\/iraurgiberritzen.eus\/es\/","logo":{"@type":"ImageObject","inLanguage":"es","@id":"https:\/\/iraurgiberritzen.eus\/es\/#\/schema\/logo\/image\/","url":"https:\/\/iraurgiberritzen.eus\/wp-content\/uploads\/2024\/02\/IRAURGI-BERRITZEN-logotipoa_2.png","contentUrl":"https:\/\/iraurgiberritzen.eus\/wp-content\/uploads\/2024\/02\/IRAURGI-BERRITZEN-logotipoa_2.png","width":496,"height":190,"caption":"Iraurgi Berritzen"},"image":{"@id":"https:\/\/iraurgiberritzen.eus\/es\/#\/schema\/logo\/image\/"}},{"@type":"Person","@id":"https:\/\/iraurgiberritzen.eus\/es\/#\/schema\/person\/5ab41aaf388a9097177601ebf45738d2","name":"kudeatzailea","sameAs":["https:\/\/iraurgiberritzen.eus"]}]}},"_links":{"self":[{"href":"https:\/\/iraurgiberritzen.eus\/es\/wp-json\/wp\/v2\/posts\/14227","targetHints":{"allow":["GET"]}}],"collection":[{"href":"https:\/\/iraurgiberritzen.eus\/es\/wp-json\/wp\/v2\/posts"}],"about":[{"href":"https:\/\/iraurgiberritzen.eus\/es\/wp-json\/wp\/v2\/types\/post"}],"author":[{"embeddable":true,"href":"https:\/\/iraurgiberritzen.eus\/es\/wp-json\/wp\/v2\/users\/1"}],"replies":[{"embeddable":true,"href":"https:\/\/iraurgiberritzen.eus\/es\/wp-json\/wp\/v2\/comments?post=14227"}],"version-history":[{"count":0,"href":"https:\/\/iraurgiberritzen.eus\/es\/wp-json\/wp\/v2\/posts\/14227\/revisions"}],"wp:featuredmedia":[{"embeddable":true,"href":"https:\/\/iraurgiberritzen.eus\/es\/wp-json\/wp\/v2\/media\/17296"}],"wp:attachment":[{"href":"https:\/\/iraurgiberritzen.eus\/es\/wp-json\/wp\/v2\/media?parent=14227"}],"wp:term":[{"taxonomy":"category","embeddable":true,"href":"https:\/\/iraurgiberritzen.eus\/es\/wp-json\/wp\/v2\/categories?post=14227"},{"taxonomy":"post_tag","embeddable":true,"href":"https:\/\/iraurgiberritzen.eus\/es\/wp-json\/wp\/v2\/tags?post=14227"}],"curies":[{"name":"wp","href":"https:\/\/api.w.org\/{rel}","templated":true}]}}