{"id":14230,"date":"2022-12-16T07:12:41","date_gmt":"2022-12-16T05:12:41","guid":{"rendered":"https:\/\/iraurgiberritzen.eus\/dentro-del-proyecto-estrategico-de-insercion-sociolaboral-de-personas-en-riesgo-o-exclusion-social-en-urola-medio-elkar-ekin-lanean-se-ha-puesto-en-marcha-la-formacion-en-el-nivel-2-de-competencias-ba\/"},"modified":"2022-12-16T07:12:41","modified_gmt":"2022-12-16T05:12:41","slug":"dentro-del-proyecto-estrategico-de-insercion-sociolaboral-de-personas-en-riesgo-o-exclusion-social-en-urola-medio-elkar-ekin-lanean-se-ha-puesto-en-marcha-la-formacion-en-el-nivel-2-de-competencias-ba","status":"publish","type":"post","link":"https:\/\/iraurgiberritzen.eus\/es\/dentro-del-proyecto-estrategico-de-insercion-sociolaboral-de-personas-en-riesgo-o-exclusion-social-en-urola-medio-elkar-ekin-lanean-se-ha-puesto-en-marcha-la-formacion-en-el-nivel-2-de-competencias-ba\/","title":{"rendered":"Dentro del proyecto estrat\u00e9gico de inserci\u00f3n sociolaboral de personas en riesgo o exclusi\u00f3n social en Urola Medio, Elkar-Ekin Lanean, se ha puesto en marcha la formaci\u00f3n en el Nivel 2 de Competencias B\u00e1sicas"},"content":{"rendered":"<p style=\"text-align: justify;\">El 12 de diciembre en Azpeitia y el 14 en Azkoitia han comenzado los cursos de Nivel 2 de Competencias B\u00e1sicas dirigidos a personas desempleadas de la comarca.<\/p>\n<p style=\"text-align: justify;\">En dicho curso participar\u00e1n en total 30 personas desempleadas y se prolongar\u00e1 hasta abril de 2023. Muchas de ellas han superado con anterioridad la Competencia B\u00e1sica 1, con la que dan continuidad al itinerario formativo integrado.<\/p>\n<p style=\"text-align: justify;\">Tendr\u00e1 una duraci\u00f3n total de <strong>240 horas<\/strong> y a continuaci\u00f3n las personas participantes podr\u00e1n realizar formaci\u00f3n t\u00e9cnica: <strong>Soldadura<\/strong> o <strong>Atenci\u00f3n sociosanitaria a personas dependientes en instituciones sociales<\/strong>.<\/p>\n<p style=\"text-align: justify;\">Esta formaci\u00f3n, enmarcada en el proyecto <strong>\u201cUrola Erdian ElkarEkin Eraginez III \u2013 UE3\u201d<\/strong>, que se est\u00e1 trabajando desde el \u00c1rea de Empleo de Iraurgi Berritzen, permite a las personas desempleadas realizar un itinerario formativo integrado: realizar el Nivel 1 de Competencias B\u00e1sicas, posteriormente completar el Nivel 2 de Competencias B\u00e1sicas y, finalmente, recibir estudios t\u00e9cnicos (Soldadura o Atenci\u00f3n sociosanitaria a personas dependientes en organizaciones sociales).<\/p>\n<p style=\"text-align: justify;\">Asimismo, ya est\u00e1 en marcha el Taller de Formaci\u00f3n para la Inserci\u00f3n Laboral \u2013 <strong>Construcci\u00f3n<\/strong>.<\/p>\n<p style=\"text-align: justify;\">El objetivo principal de este proyecto es ofrecer itinerarios adaptados y eficaces de inserci\u00f3n sociolaboral a las personas desempleadas con situaciones de dificultad, mediante la integraci\u00f3n de servicios comarcales. En estos momentos est\u00e1n participando un total de 43 personas.<\/p>\n","protected":false},"excerpt":{"rendered":"<p>El 12 de diciembre en Azpeitia y el 14 en Azkoitia han comenzado los cursos de Nivel 2 de Competencias B\u00e1sicas dirigidos a personas desempleadas de la comarca. En dicho curso participar\u00e1n en total 30 personas desempleadas y se prolongar\u00e1 hasta abril de 2023. Muchas de ellas han superado con anterioridad la Competencia B\u00e1sica 1, [&hellip;]<\/p>\n","protected":false},"author":1,"featured_media":17297,"comment_status":"","ping_status":"closed","sticky":false,"template":"","format":"standard","meta":{"_acf_changed":false,"footnotes":""},"categories":[4],"tags":[],"class_list":["post-14230","post","type-post","status-publish","format-standard","has-post-thumbnail","hentry","category-noticias"],"acf":[],"yoast_head":"<!-- This site is optimized with the Yoast SEO plugin v27.4 - https:\/\/yoast.com\/product\/yoast-seo-wordpress\/ -->\n<title>Dentro del proyecto estrat\u00e9gico de inserci\u00f3n sociolaboral de personas en riesgo o exclusi\u00f3n social en Urola Medio, Elkar-Ekin Lanean, se ha puesto en marcha la formaci\u00f3n en el Nivel 2 de Competencias B\u00e1sicas - Iraurgi Berritzen<\/title>\n<meta name=\"robots\" content=\"index, follow, max-snippet:-1, max-image-preview:large, max-video-preview:-1\" \/>\n<link rel=\"canonical\" href=\"https:\/\/iraurgiberritzen.eus\/es\/dentro-del-proyecto-estrategico-de-insercion-sociolaboral-de-personas-en-riesgo-o-exclusion-social-en-urola-medio-elkar-ekin-lanean-se-ha-puesto-en-marcha-la-formacion-en-el-nivel-2-de-competencias-ba\/\" \/>\n<meta property=\"og:locale\" content=\"es_ES\" \/>\n<meta property=\"og:type\" content=\"article\" \/>\n<meta property=\"og:title\" content=\"Dentro del proyecto estrat\u00e9gico de inserci\u00f3n sociolaboral de personas en riesgo o exclusi\u00f3n social en Urola Medio, Elkar-Ekin Lanean, se ha puesto en marcha la formaci\u00f3n en el Nivel 2 de Competencias B\u00e1sicas - Iraurgi Berritzen\" \/>\n<meta property=\"og:description\" content=\"El 12 de diciembre en Azpeitia y el 14 en Azkoitia han comenzado los cursos de Nivel 2 de Competencias B\u00e1sicas dirigidos a personas desempleadas de la comarca. En dicho curso participar\u00e1n en total 30 personas desempleadas y se prolongar\u00e1 hasta abril de 2023. Muchas de ellas han superado con anterioridad la Competencia B\u00e1sica 1, [&hellip;]\" \/>\n<meta property=\"og:url\" content=\"https:\/\/iraurgiberritzen.eus\/es\/dentro-del-proyecto-estrategico-de-insercion-sociolaboral-de-personas-en-riesgo-o-exclusion-social-en-urola-medio-elkar-ekin-lanean-se-ha-puesto-en-marcha-la-formacion-en-el-nivel-2-de-competencias-ba\/\" \/>\n<meta property=\"og:site_name\" content=\"Iraurgi Berritzen\" \/>\n<meta property=\"article:published_time\" content=\"2022-12-16T05:12:41+00:00\" \/>\n<meta name=\"author\" content=\"kudeatzailea\" \/>\n<meta name=\"twitter:card\" content=\"summary_large_image\" \/>\n<meta name=\"twitter:label1\" content=\"Escrito por\" \/>\n\t<meta name=\"twitter:data1\" content=\"kudeatzailea\" \/>\n\t<meta name=\"twitter:label2\" content=\"Tiempo de lectura\" \/>\n\t<meta name=\"twitter:data2\" content=\"1 minuto\" \/>\n<script type=\"application\/ld+json\" class=\"yoast-schema-graph\">{\"@context\":\"https:\\\/\\\/schema.org\",\"@graph\":[{\"@type\":\"Article\",\"@id\":\"https:\\\/\\\/iraurgiberritzen.eus\\\/es\\\/dentro-del-proyecto-estrategico-de-insercion-sociolaboral-de-personas-en-riesgo-o-exclusion-social-en-urola-medio-elkar-ekin-lanean-se-ha-puesto-en-marcha-la-formacion-en-el-nivel-2-de-competencias-ba\\\/#article\",\"isPartOf\":{\"@id\":\"https:\\\/\\\/iraurgiberritzen.eus\\\/es\\\/dentro-del-proyecto-estrategico-de-insercion-sociolaboral-de-personas-en-riesgo-o-exclusion-social-en-urola-medio-elkar-ekin-lanean-se-ha-puesto-en-marcha-la-formacion-en-el-nivel-2-de-competencias-ba\\\/\"},\"author\":{\"name\":\"kudeatzailea\",\"@id\":\"https:\\\/\\\/iraurgiberritzen.eus\\\/es\\\/#\\\/schema\\\/person\\\/5ab41aaf388a9097177601ebf45738d2\"},\"headline\":\"Dentro del proyecto estrat\u00e9gico de inserci\u00f3n sociolaboral de personas en riesgo o exclusi\u00f3n social en Urola Medio, Elkar-Ekin Lanean, se ha puesto en marcha la formaci\u00f3n en el Nivel 2 de Competencias B\u00e1sicas\",\"datePublished\":\"2022-12-16T05:12:41+00:00\",\"mainEntityOfPage\":{\"@id\":\"https:\\\/\\\/iraurgiberritzen.eus\\\/es\\\/dentro-del-proyecto-estrategico-de-insercion-sociolaboral-de-personas-en-riesgo-o-exclusion-social-en-urola-medio-elkar-ekin-lanean-se-ha-puesto-en-marcha-la-formacion-en-el-nivel-2-de-competencias-ba\\\/\"},\"wordCount\":255,\"publisher\":{\"@id\":\"https:\\\/\\\/iraurgiberritzen.eus\\\/es\\\/#organization\"},\"image\":{\"@id\":\"https:\\\/\\\/iraurgiberritzen.eus\\\/es\\\/dentro-del-proyecto-estrategico-de-insercion-sociolaboral-de-personas-en-riesgo-o-exclusion-social-en-urola-medio-elkar-ekin-lanean-se-ha-puesto-en-marcha-la-formacion-en-el-nivel-2-de-competencias-ba\\\/#primaryimage\"},\"thumbnailUrl\":\"https:\\\/\\\/iraurgiberritzen.eus\\\/wp-content\\\/uploads\\\/2023\\\/09\\\/e9541ff3a1192f3e251347f9009ffd21.jpg\",\"articleSection\":[\"Noticias\"],\"inLanguage\":\"es\"},{\"@type\":\"WebPage\",\"@id\":\"https:\\\/\\\/iraurgiberritzen.eus\\\/es\\\/dentro-del-proyecto-estrategico-de-insercion-sociolaboral-de-personas-en-riesgo-o-exclusion-social-en-urola-medio-elkar-ekin-lanean-se-ha-puesto-en-marcha-la-formacion-en-el-nivel-2-de-competencias-ba\\\/\",\"url\":\"https:\\\/\\\/iraurgiberritzen.eus\\\/es\\\/dentro-del-proyecto-estrategico-de-insercion-sociolaboral-de-personas-en-riesgo-o-exclusion-social-en-urola-medio-elkar-ekin-lanean-se-ha-puesto-en-marcha-la-formacion-en-el-nivel-2-de-competencias-ba\\\/\",\"name\":\"Dentro del proyecto estrat\u00e9gico de inserci\u00f3n sociolaboral de personas en riesgo o exclusi\u00f3n social en Urola Medio, Elkar-Ekin Lanean, se ha puesto en marcha la formaci\u00f3n en el Nivel 2 de Competencias B\u00e1sicas - Iraurgi Berritzen\",\"isPartOf\":{\"@id\":\"https:\\\/\\\/iraurgiberritzen.eus\\\/es\\\/#website\"},\"primaryImageOfPage\":{\"@id\":\"https:\\\/\\\/iraurgiberritzen.eus\\\/es\\\/dentro-del-proyecto-estrategico-de-insercion-sociolaboral-de-personas-en-riesgo-o-exclusion-social-en-urola-medio-elkar-ekin-lanean-se-ha-puesto-en-marcha-la-formacion-en-el-nivel-2-de-competencias-ba\\\/#primaryimage\"},\"image\":{\"@id\":\"https:\\\/\\\/iraurgiberritzen.eus\\\/es\\\/dentro-del-proyecto-estrategico-de-insercion-sociolaboral-de-personas-en-riesgo-o-exclusion-social-en-urola-medio-elkar-ekin-lanean-se-ha-puesto-en-marcha-la-formacion-en-el-nivel-2-de-competencias-ba\\\/#primaryimage\"},\"thumbnailUrl\":\"https:\\\/\\\/iraurgiberritzen.eus\\\/wp-content\\\/uploads\\\/2023\\\/09\\\/e9541ff3a1192f3e251347f9009ffd21.jpg\",\"datePublished\":\"2022-12-16T05:12:41+00:00\",\"breadcrumb\":{\"@id\":\"https:\\\/\\\/iraurgiberritzen.eus\\\/es\\\/dentro-del-proyecto-estrategico-de-insercion-sociolaboral-de-personas-en-riesgo-o-exclusion-social-en-urola-medio-elkar-ekin-lanean-se-ha-puesto-en-marcha-la-formacion-en-el-nivel-2-de-competencias-ba\\\/#breadcrumb\"},\"inLanguage\":\"es\",\"potentialAction\":[{\"@type\":\"ReadAction\",\"target\":[\"https:\\\/\\\/iraurgiberritzen.eus\\\/es\\\/dentro-del-proyecto-estrategico-de-insercion-sociolaboral-de-personas-en-riesgo-o-exclusion-social-en-urola-medio-elkar-ekin-lanean-se-ha-puesto-en-marcha-la-formacion-en-el-nivel-2-de-competencias-ba\\\/\"]}]},{\"@type\":\"ImageObject\",\"inLanguage\":\"es\",\"@id\":\"https:\\\/\\\/iraurgiberritzen.eus\\\/es\\\/dentro-del-proyecto-estrategico-de-insercion-sociolaboral-de-personas-en-riesgo-o-exclusion-social-en-urola-medio-elkar-ekin-lanean-se-ha-puesto-en-marcha-la-formacion-en-el-nivel-2-de-competencias-ba\\\/#primaryimage\",\"url\":\"https:\\\/\\\/iraurgiberritzen.eus\\\/wp-content\\\/uploads\\\/2023\\\/09\\\/e9541ff3a1192f3e251347f9009ffd21.jpg\",\"contentUrl\":\"https:\\\/\\\/iraurgiberritzen.eus\\\/wp-content\\\/uploads\\\/2023\\\/09\\\/e9541ff3a1192f3e251347f9009ffd21.jpg\",\"width\":400,\"height\":257},{\"@type\":\"BreadcrumbList\",\"@id\":\"https:\\\/\\\/iraurgiberritzen.eus\\\/es\\\/dentro-del-proyecto-estrategico-de-insercion-sociolaboral-de-personas-en-riesgo-o-exclusion-social-en-urola-medio-elkar-ekin-lanean-se-ha-puesto-en-marcha-la-formacion-en-el-nivel-2-de-competencias-ba\\\/#breadcrumb\",\"itemListElement\":[{\"@type\":\"ListItem\",\"position\":1,\"name\":\"Home\",\"item\":\"https:\\\/\\\/iraurgiberritzen.eus\\\/es\\\/\"},{\"@type\":\"ListItem\",\"position\":2,\"name\":\"Dentro del proyecto estrat\u00e9gico de inserci\u00f3n sociolaboral de personas en riesgo o exclusi\u00f3n social en Urola Medio, Elkar-Ekin Lanean, se ha puesto en marcha la formaci\u00f3n en el Nivel 2 de Competencias B\u00e1sicas\"}]},{\"@type\":\"WebSite\",\"@id\":\"https:\\\/\\\/iraurgiberritzen.eus\\\/es\\\/#website\",\"url\":\"https:\\\/\\\/iraurgiberritzen.eus\\\/es\\\/\",\"name\":\"Iraurgi Berritzen\",\"description\":\"Urola Erdiko Garapen Agentzia\",\"publisher\":{\"@id\":\"https:\\\/\\\/iraurgiberritzen.eus\\\/es\\\/#organization\"},\"potentialAction\":[{\"@type\":\"SearchAction\",\"target\":{\"@type\":\"EntryPoint\",\"urlTemplate\":\"https:\\\/\\\/iraurgiberritzen.eus\\\/es\\\/?s={search_term_string}\"},\"query-input\":{\"@type\":\"PropertyValueSpecification\",\"valueRequired\":true,\"valueName\":\"search_term_string\"}}],\"inLanguage\":\"es\"},{\"@type\":\"Organization\",\"@id\":\"https:\\\/\\\/iraurgiberritzen.eus\\\/es\\\/#organization\",\"name\":\"Iraurgi Berritzen\",\"url\":\"https:\\\/\\\/iraurgiberritzen.eus\\\/es\\\/\",\"logo\":{\"@type\":\"ImageObject\",\"inLanguage\":\"es\",\"@id\":\"https:\\\/\\\/iraurgiberritzen.eus\\\/es\\\/#\\\/schema\\\/logo\\\/image\\\/\",\"url\":\"https:\\\/\\\/iraurgiberritzen.eus\\\/wp-content\\\/uploads\\\/2024\\\/02\\\/IRAURGI-BERRITZEN-logotipoa_2.png\",\"contentUrl\":\"https:\\\/\\\/iraurgiberritzen.eus\\\/wp-content\\\/uploads\\\/2024\\\/02\\\/IRAURGI-BERRITZEN-logotipoa_2.png\",\"width\":496,\"height\":190,\"caption\":\"Iraurgi Berritzen\"},\"image\":{\"@id\":\"https:\\\/\\\/iraurgiberritzen.eus\\\/es\\\/#\\\/schema\\\/logo\\\/image\\\/\"}},{\"@type\":\"Person\",\"@id\":\"https:\\\/\\\/iraurgiberritzen.eus\\\/es\\\/#\\\/schema\\\/person\\\/5ab41aaf388a9097177601ebf45738d2\",\"name\":\"kudeatzailea\",\"sameAs\":[\"https:\\\/\\\/iraurgiberritzen.eus\"]}]}<\/script>\n<!-- \/ Yoast SEO plugin. -->","yoast_head_json":{"title":"Dentro del proyecto estrat\u00e9gico de inserci\u00f3n sociolaboral de personas en riesgo o exclusi\u00f3n social en Urola Medio, Elkar-Ekin Lanean, se ha puesto en marcha la formaci\u00f3n en el Nivel 2 de Competencias B\u00e1sicas - Iraurgi Berritzen","robots":{"index":"index","follow":"follow","max-snippet":"max-snippet:-1","max-image-preview":"max-image-preview:large","max-video-preview":"max-video-preview:-1"},"canonical":"https:\/\/iraurgiberritzen.eus\/es\/dentro-del-proyecto-estrategico-de-insercion-sociolaboral-de-personas-en-riesgo-o-exclusion-social-en-urola-medio-elkar-ekin-lanean-se-ha-puesto-en-marcha-la-formacion-en-el-nivel-2-de-competencias-ba\/","og_locale":"es_ES","og_type":"article","og_title":"Dentro del proyecto estrat\u00e9gico de inserci\u00f3n sociolaboral de personas en riesgo o exclusi\u00f3n social en Urola Medio, Elkar-Ekin Lanean, se ha puesto en marcha la formaci\u00f3n en el Nivel 2 de Competencias B\u00e1sicas - Iraurgi Berritzen","og_description":"El 12 de diciembre en Azpeitia y el 14 en Azkoitia han comenzado los cursos de Nivel 2 de Competencias B\u00e1sicas dirigidos a personas desempleadas de la comarca. En dicho curso participar\u00e1n en total 30 personas desempleadas y se prolongar\u00e1 hasta abril de 2023. Muchas de ellas han superado con anterioridad la Competencia B\u00e1sica 1, [&hellip;]","og_url":"https:\/\/iraurgiberritzen.eus\/es\/dentro-del-proyecto-estrategico-de-insercion-sociolaboral-de-personas-en-riesgo-o-exclusion-social-en-urola-medio-elkar-ekin-lanean-se-ha-puesto-en-marcha-la-formacion-en-el-nivel-2-de-competencias-ba\/","og_site_name":"Iraurgi Berritzen","article_published_time":"2022-12-16T05:12:41+00:00","author":"kudeatzailea","twitter_card":"summary_large_image","twitter_misc":{"Escrito por":"kudeatzailea","Tiempo de lectura":"1 minuto"},"schema":{"@context":"https:\/\/schema.org","@graph":[{"@type":"Article","@id":"https:\/\/iraurgiberritzen.eus\/es\/dentro-del-proyecto-estrategico-de-insercion-sociolaboral-de-personas-en-riesgo-o-exclusion-social-en-urola-medio-elkar-ekin-lanean-se-ha-puesto-en-marcha-la-formacion-en-el-nivel-2-de-competencias-ba\/#article","isPartOf":{"@id":"https:\/\/iraurgiberritzen.eus\/es\/dentro-del-proyecto-estrategico-de-insercion-sociolaboral-de-personas-en-riesgo-o-exclusion-social-en-urola-medio-elkar-ekin-lanean-se-ha-puesto-en-marcha-la-formacion-en-el-nivel-2-de-competencias-ba\/"},"author":{"name":"kudeatzailea","@id":"https:\/\/iraurgiberritzen.eus\/es\/#\/schema\/person\/5ab41aaf388a9097177601ebf45738d2"},"headline":"Dentro del proyecto estrat\u00e9gico de inserci\u00f3n sociolaboral de personas en riesgo o exclusi\u00f3n social en Urola Medio, Elkar-Ekin Lanean, se ha puesto en marcha la formaci\u00f3n en el Nivel 2 de Competencias B\u00e1sicas","datePublished":"2022-12-16T05:12:41+00:00","mainEntityOfPage":{"@id":"https:\/\/iraurgiberritzen.eus\/es\/dentro-del-proyecto-estrategico-de-insercion-sociolaboral-de-personas-en-riesgo-o-exclusion-social-en-urola-medio-elkar-ekin-lanean-se-ha-puesto-en-marcha-la-formacion-en-el-nivel-2-de-competencias-ba\/"},"wordCount":255,"publisher":{"@id":"https:\/\/iraurgiberritzen.eus\/es\/#organization"},"image":{"@id":"https:\/\/iraurgiberritzen.eus\/es\/dentro-del-proyecto-estrategico-de-insercion-sociolaboral-de-personas-en-riesgo-o-exclusion-social-en-urola-medio-elkar-ekin-lanean-se-ha-puesto-en-marcha-la-formacion-en-el-nivel-2-de-competencias-ba\/#primaryimage"},"thumbnailUrl":"https:\/\/iraurgiberritzen.eus\/wp-content\/uploads\/2023\/09\/e9541ff3a1192f3e251347f9009ffd21.jpg","articleSection":["Noticias"],"inLanguage":"es"},{"@type":"WebPage","@id":"https:\/\/iraurgiberritzen.eus\/es\/dentro-del-proyecto-estrategico-de-insercion-sociolaboral-de-personas-en-riesgo-o-exclusion-social-en-urola-medio-elkar-ekin-lanean-se-ha-puesto-en-marcha-la-formacion-en-el-nivel-2-de-competencias-ba\/","url":"https:\/\/iraurgiberritzen.eus\/es\/dentro-del-proyecto-estrategico-de-insercion-sociolaboral-de-personas-en-riesgo-o-exclusion-social-en-urola-medio-elkar-ekin-lanean-se-ha-puesto-en-marcha-la-formacion-en-el-nivel-2-de-competencias-ba\/","name":"Dentro del proyecto estrat\u00e9gico de inserci\u00f3n sociolaboral de personas en riesgo o exclusi\u00f3n social en Urola Medio, Elkar-Ekin Lanean, se ha puesto en marcha la formaci\u00f3n en el Nivel 2 de Competencias B\u00e1sicas - Iraurgi Berritzen","isPartOf":{"@id":"https:\/\/iraurgiberritzen.eus\/es\/#website"},"primaryImageOfPage":{"@id":"https:\/\/iraurgiberritzen.eus\/es\/dentro-del-proyecto-estrategico-de-insercion-sociolaboral-de-personas-en-riesgo-o-exclusion-social-en-urola-medio-elkar-ekin-lanean-se-ha-puesto-en-marcha-la-formacion-en-el-nivel-2-de-competencias-ba\/#primaryimage"},"image":{"@id":"https:\/\/iraurgiberritzen.eus\/es\/dentro-del-proyecto-estrategico-de-insercion-sociolaboral-de-personas-en-riesgo-o-exclusion-social-en-urola-medio-elkar-ekin-lanean-se-ha-puesto-en-marcha-la-formacion-en-el-nivel-2-de-competencias-ba\/#primaryimage"},"thumbnailUrl":"https:\/\/iraurgiberritzen.eus\/wp-content\/uploads\/2023\/09\/e9541ff3a1192f3e251347f9009ffd21.jpg","datePublished":"2022-12-16T05:12:41+00:00","breadcrumb":{"@id":"https:\/\/iraurgiberritzen.eus\/es\/dentro-del-proyecto-estrategico-de-insercion-sociolaboral-de-personas-en-riesgo-o-exclusion-social-en-urola-medio-elkar-ekin-lanean-se-ha-puesto-en-marcha-la-formacion-en-el-nivel-2-de-competencias-ba\/#breadcrumb"},"inLanguage":"es","potentialAction":[{"@type":"ReadAction","target":["https:\/\/iraurgiberritzen.eus\/es\/dentro-del-proyecto-estrategico-de-insercion-sociolaboral-de-personas-en-riesgo-o-exclusion-social-en-urola-medio-elkar-ekin-lanean-se-ha-puesto-en-marcha-la-formacion-en-el-nivel-2-de-competencias-ba\/"]}]},{"@type":"ImageObject","inLanguage":"es","@id":"https:\/\/iraurgiberritzen.eus\/es\/dentro-del-proyecto-estrategico-de-insercion-sociolaboral-de-personas-en-riesgo-o-exclusion-social-en-urola-medio-elkar-ekin-lanean-se-ha-puesto-en-marcha-la-formacion-en-el-nivel-2-de-competencias-ba\/#primaryimage","url":"https:\/\/iraurgiberritzen.eus\/wp-content\/uploads\/2023\/09\/e9541ff3a1192f3e251347f9009ffd21.jpg","contentUrl":"https:\/\/iraurgiberritzen.eus\/wp-content\/uploads\/2023\/09\/e9541ff3a1192f3e251347f9009ffd21.jpg","width":400,"height":257},{"@type":"BreadcrumbList","@id":"https:\/\/iraurgiberritzen.eus\/es\/dentro-del-proyecto-estrategico-de-insercion-sociolaboral-de-personas-en-riesgo-o-exclusion-social-en-urola-medio-elkar-ekin-lanean-se-ha-puesto-en-marcha-la-formacion-en-el-nivel-2-de-competencias-ba\/#breadcrumb","itemListElement":[{"@type":"ListItem","position":1,"name":"Home","item":"https:\/\/iraurgiberritzen.eus\/es\/"},{"@type":"ListItem","position":2,"name":"Dentro del proyecto estrat\u00e9gico de inserci\u00f3n sociolaboral de personas en riesgo o exclusi\u00f3n social en Urola Medio, Elkar-Ekin Lanean, se ha puesto en marcha la formaci\u00f3n en el Nivel 2 de Competencias B\u00e1sicas"}]},{"@type":"WebSite","@id":"https:\/\/iraurgiberritzen.eus\/es\/#website","url":"https:\/\/iraurgiberritzen.eus\/es\/","name":"Iraurgi Berritzen","description":"Urola Erdiko Garapen Agentzia","publisher":{"@id":"https:\/\/iraurgiberritzen.eus\/es\/#organization"},"potentialAction":[{"@type":"SearchAction","target":{"@type":"EntryPoint","urlTemplate":"https:\/\/iraurgiberritzen.eus\/es\/?s={search_term_string}"},"query-input":{"@type":"PropertyValueSpecification","valueRequired":true,"valueName":"search_term_string"}}],"inLanguage":"es"},{"@type":"Organization","@id":"https:\/\/iraurgiberritzen.eus\/es\/#organization","name":"Iraurgi Berritzen","url":"https:\/\/iraurgiberritzen.eus\/es\/","logo":{"@type":"ImageObject","inLanguage":"es","@id":"https:\/\/iraurgiberritzen.eus\/es\/#\/schema\/logo\/image\/","url":"https:\/\/iraurgiberritzen.eus\/wp-content\/uploads\/2024\/02\/IRAURGI-BERRITZEN-logotipoa_2.png","contentUrl":"https:\/\/iraurgiberritzen.eus\/wp-content\/uploads\/2024\/02\/IRAURGI-BERRITZEN-logotipoa_2.png","width":496,"height":190,"caption":"Iraurgi Berritzen"},"image":{"@id":"https:\/\/iraurgiberritzen.eus\/es\/#\/schema\/logo\/image\/"}},{"@type":"Person","@id":"https:\/\/iraurgiberritzen.eus\/es\/#\/schema\/person\/5ab41aaf388a9097177601ebf45738d2","name":"kudeatzailea","sameAs":["https:\/\/iraurgiberritzen.eus"]}]}},"_links":{"self":[{"href":"https:\/\/iraurgiberritzen.eus\/es\/wp-json\/wp\/v2\/posts\/14230","targetHints":{"allow":["GET"]}}],"collection":[{"href":"https:\/\/iraurgiberritzen.eus\/es\/wp-json\/wp\/v2\/posts"}],"about":[{"href":"https:\/\/iraurgiberritzen.eus\/es\/wp-json\/wp\/v2\/types\/post"}],"author":[{"embeddable":true,"href":"https:\/\/iraurgiberritzen.eus\/es\/wp-json\/wp\/v2\/users\/1"}],"replies":[{"embeddable":true,"href":"https:\/\/iraurgiberritzen.eus\/es\/wp-json\/wp\/v2\/comments?post=14230"}],"version-history":[{"count":0,"href":"https:\/\/iraurgiberritzen.eus\/es\/wp-json\/wp\/v2\/posts\/14230\/revisions"}],"wp:featuredmedia":[{"embeddable":true,"href":"https:\/\/iraurgiberritzen.eus\/es\/wp-json\/wp\/v2\/media\/17297"}],"wp:attachment":[{"href":"https:\/\/iraurgiberritzen.eus\/es\/wp-json\/wp\/v2\/media?parent=14230"}],"wp:term":[{"taxonomy":"category","embeddable":true,"href":"https:\/\/iraurgiberritzen.eus\/es\/wp-json\/wp\/v2\/categories?post=14230"},{"taxonomy":"post_tag","embeddable":true,"href":"https:\/\/iraurgiberritzen.eus\/es\/wp-json\/wp\/v2\/tags?post=14230"}],"curies":[{"name":"wp","href":"https:\/\/api.w.org\/{rel}","templated":true}]}}