{"id":14247,"date":"2023-01-12T10:49:11","date_gmt":"2023-01-12T08:49:11","guid":{"rendered":"https:\/\/iraurgiberritzen.eus\/el-grupo-de-trabajo-de-responsables-de-personas-comparte-aprendizajes-y-experiencias-en-la-transformacion-de-la-gestion-del-talento-definiendo-su-plan-de-trabajo-anual\/"},"modified":"2023-01-12T10:49:11","modified_gmt":"2023-01-12T08:49:11","slug":"el-grupo-de-trabajo-de-responsables-de-personas-comparte-aprendizajes-y-experiencias-en-la-transformacion-de-la-gestion-del-talento-definiendo-su-plan-de-trabajo-anual","status":"publish","type":"post","link":"https:\/\/iraurgiberritzen.eus\/es\/el-grupo-de-trabajo-de-responsables-de-personas-comparte-aprendizajes-y-experiencias-en-la-transformacion-de-la-gestion-del-talento-definiendo-su-plan-de-trabajo-anual\/","title":{"rendered":"El Grupo de Trabajo de Resp. de Personal compartiendo experiencias y aprendizajes en torno a la \u201cGesti\u00f3n por Competencias\u201d"},"content":{"rendered":"<p>El grupo de trabajo est\u00e1 formado por los Responsables de Personal de 20 empresas de IB Sarea.<\/p>\n<p style=\"text-align: justify;\">Desde su creaci\u00f3n en 2021, el grupo de trabajo ha ido compartiendo espacios de intercambio de experiencias y pr\u00e1cticas en torno a las nuevas formas de gesti\u00f3n de personas, aplicaciones pr\u00e1cticas, herramientas, procesos y nuevas formas de hacer.<\/p>\n<p style=\"text-align: justify;\">En la reuni\u00f3n de hoy, de la mano de la consultora Nerea Urcola, los participantes han tenido la oportunidad de compartir en conjunto experiencias reales que est\u00e1n viviendo en sus entornos diarios. Han hablado sobre:<\/p>\n<ul>\n<li>Las herramientas que est\u00e1n empleando en este sentido para el desarrollo de las personas en las empresas.<\/li>\n<li>Lo que entienden por la gesti\u00f3n por competencias.<\/li>\n<li>El sentimiento de responsabilidad del desarrollo de los miembros de los equipos de trabajo en los que los responsables de estas empresas est\u00e1n a su cargo.<\/li>\n<li>Sobre el grado de implantaci\u00f3n de cada uno de un sistema de gesti\u00f3n de este estilo.<\/li>\n<li>&#8230;<\/li>\n<\/ul>\n<p style=\"text-align: justify;\">Para finalizar, el grupo ha realizado una reflexi\u00f3n sobre las diferentes propuestas de temas a trabajar a lo largo del a\u00f1o, bien con un enfoque de sesiones de sensibilizaci\u00f3n o capacitaci\u00f3n, o bien con un enfoque de desarrollo de proyectos piloto orientados tanto a la acci\u00f3n como a la obtenci\u00f3n de resultados.<\/p>\n","protected":false},"excerpt":{"rendered":"<p>El grupo de trabajo est\u00e1 formado por los Responsables de Personal de 20 empresas de IB Sarea. Desde su creaci\u00f3n en 2021, el grupo de trabajo ha ido compartiendo espacios de intercambio de experiencias y pr\u00e1cticas en torno a las nuevas formas de gesti\u00f3n de personas, aplicaciones pr\u00e1cticas, herramientas, procesos y nuevas formas de hacer. [&hellip;]<\/p>\n","protected":false},"author":1,"featured_media":17283,"comment_status":"","ping_status":"closed","sticky":false,"template":"","format":"standard","meta":{"_acf_changed":false,"footnotes":""},"categories":[4],"tags":[],"class_list":["post-14247","post","type-post","status-publish","format-standard","has-post-thumbnail","hentry","category-noticias"],"acf":[],"yoast_head":"<!-- This site is optimized with the Yoast SEO plugin v27.4 - https:\/\/yoast.com\/product\/yoast-seo-wordpress\/ -->\n<title>El Grupo de Trabajo de Resp. de Personal compartiendo experiencias y aprendizajes en torno a la \u201cGesti\u00f3n por Competencias\u201d - Iraurgi Berritzen<\/title>\n<meta name=\"robots\" content=\"index, follow, max-snippet:-1, max-image-preview:large, max-video-preview:-1\" \/>\n<link rel=\"canonical\" href=\"https:\/\/iraurgiberritzen.eus\/es\/el-grupo-de-trabajo-de-responsables-de-personas-comparte-aprendizajes-y-experiencias-en-la-transformacion-de-la-gestion-del-talento-definiendo-su-plan-de-trabajo-anual\/\" \/>\n<meta property=\"og:locale\" content=\"es_ES\" \/>\n<meta property=\"og:type\" content=\"article\" \/>\n<meta property=\"og:title\" content=\"El Grupo de Trabajo de Resp. de Personal compartiendo experiencias y aprendizajes en torno a la \u201cGesti\u00f3n por Competencias\u201d - Iraurgi Berritzen\" \/>\n<meta property=\"og:description\" content=\"El grupo de trabajo est\u00e1 formado por los Responsables de Personal de 20 empresas de IB Sarea. Desde su creaci\u00f3n en 2021, el grupo de trabajo ha ido compartiendo espacios de intercambio de experiencias y pr\u00e1cticas en torno a las nuevas formas de gesti\u00f3n de personas, aplicaciones pr\u00e1cticas, herramientas, procesos y nuevas formas de hacer. [&hellip;]\" \/>\n<meta property=\"og:url\" content=\"https:\/\/iraurgiberritzen.eus\/es\/el-grupo-de-trabajo-de-responsables-de-personas-comparte-aprendizajes-y-experiencias-en-la-transformacion-de-la-gestion-del-talento-definiendo-su-plan-de-trabajo-anual\/\" \/>\n<meta property=\"og:site_name\" content=\"Iraurgi Berritzen\" \/>\n<meta property=\"article:published_time\" content=\"2023-01-12T08:49:11+00:00\" \/>\n<meta name=\"author\" content=\"kudeatzailea\" \/>\n<meta name=\"twitter:card\" content=\"summary_large_image\" \/>\n<meta name=\"twitter:label1\" content=\"Escrito por\" \/>\n\t<meta name=\"twitter:data1\" content=\"kudeatzailea\" \/>\n\t<meta name=\"twitter:label2\" content=\"Tiempo de lectura\" \/>\n\t<meta name=\"twitter:data2\" content=\"1 minuto\" \/>\n<script type=\"application\/ld+json\" class=\"yoast-schema-graph\">{\"@context\":\"https:\\\/\\\/schema.org\",\"@graph\":[{\"@type\":\"Article\",\"@id\":\"https:\\\/\\\/iraurgiberritzen.eus\\\/es\\\/el-grupo-de-trabajo-de-responsables-de-personas-comparte-aprendizajes-y-experiencias-en-la-transformacion-de-la-gestion-del-talento-definiendo-su-plan-de-trabajo-anual\\\/#article\",\"isPartOf\":{\"@id\":\"https:\\\/\\\/iraurgiberritzen.eus\\\/es\\\/el-grupo-de-trabajo-de-responsables-de-personas-comparte-aprendizajes-y-experiencias-en-la-transformacion-de-la-gestion-del-talento-definiendo-su-plan-de-trabajo-anual\\\/\"},\"author\":{\"name\":\"kudeatzailea\",\"@id\":\"https:\\\/\\\/iraurgiberritzen.eus\\\/es\\\/#\\\/schema\\\/person\\\/5ab41aaf388a9097177601ebf45738d2\"},\"headline\":\"El Grupo de Trabajo de Resp. de Personal compartiendo experiencias y aprendizajes en torno a la \u201cGesti\u00f3n por Competencias\u201d\",\"datePublished\":\"2023-01-12T08:49:11+00:00\",\"mainEntityOfPage\":{\"@id\":\"https:\\\/\\\/iraurgiberritzen.eus\\\/es\\\/el-grupo-de-trabajo-de-responsables-de-personas-comparte-aprendizajes-y-experiencias-en-la-transformacion-de-la-gestion-del-talento-definiendo-su-plan-de-trabajo-anual\\\/\"},\"wordCount\":244,\"publisher\":{\"@id\":\"https:\\\/\\\/iraurgiberritzen.eus\\\/es\\\/#organization\"},\"image\":{\"@id\":\"https:\\\/\\\/iraurgiberritzen.eus\\\/es\\\/el-grupo-de-trabajo-de-responsables-de-personas-comparte-aprendizajes-y-experiencias-en-la-transformacion-de-la-gestion-del-talento-definiendo-su-plan-de-trabajo-anual\\\/#primaryimage\"},\"thumbnailUrl\":\"https:\\\/\\\/iraurgiberritzen.eus\\\/wp-content\\\/uploads\\\/2023\\\/09\\\/be558df57ee1bb0ff5368c31d4836afc.jpg\",\"articleSection\":[\"Noticias\"],\"inLanguage\":\"es\"},{\"@type\":\"WebPage\",\"@id\":\"https:\\\/\\\/iraurgiberritzen.eus\\\/es\\\/el-grupo-de-trabajo-de-responsables-de-personas-comparte-aprendizajes-y-experiencias-en-la-transformacion-de-la-gestion-del-talento-definiendo-su-plan-de-trabajo-anual\\\/\",\"url\":\"https:\\\/\\\/iraurgiberritzen.eus\\\/es\\\/el-grupo-de-trabajo-de-responsables-de-personas-comparte-aprendizajes-y-experiencias-en-la-transformacion-de-la-gestion-del-talento-definiendo-su-plan-de-trabajo-anual\\\/\",\"name\":\"El Grupo de Trabajo de Resp. de Personal compartiendo experiencias y aprendizajes en torno a la \u201cGesti\u00f3n por Competencias\u201d - Iraurgi Berritzen\",\"isPartOf\":{\"@id\":\"https:\\\/\\\/iraurgiberritzen.eus\\\/es\\\/#website\"},\"primaryImageOfPage\":{\"@id\":\"https:\\\/\\\/iraurgiberritzen.eus\\\/es\\\/el-grupo-de-trabajo-de-responsables-de-personas-comparte-aprendizajes-y-experiencias-en-la-transformacion-de-la-gestion-del-talento-definiendo-su-plan-de-trabajo-anual\\\/#primaryimage\"},\"image\":{\"@id\":\"https:\\\/\\\/iraurgiberritzen.eus\\\/es\\\/el-grupo-de-trabajo-de-responsables-de-personas-comparte-aprendizajes-y-experiencias-en-la-transformacion-de-la-gestion-del-talento-definiendo-su-plan-de-trabajo-anual\\\/#primaryimage\"},\"thumbnailUrl\":\"https:\\\/\\\/iraurgiberritzen.eus\\\/wp-content\\\/uploads\\\/2023\\\/09\\\/be558df57ee1bb0ff5368c31d4836afc.jpg\",\"datePublished\":\"2023-01-12T08:49:11+00:00\",\"breadcrumb\":{\"@id\":\"https:\\\/\\\/iraurgiberritzen.eus\\\/es\\\/el-grupo-de-trabajo-de-responsables-de-personas-comparte-aprendizajes-y-experiencias-en-la-transformacion-de-la-gestion-del-talento-definiendo-su-plan-de-trabajo-anual\\\/#breadcrumb\"},\"inLanguage\":\"es\",\"potentialAction\":[{\"@type\":\"ReadAction\",\"target\":[\"https:\\\/\\\/iraurgiberritzen.eus\\\/es\\\/el-grupo-de-trabajo-de-responsables-de-personas-comparte-aprendizajes-y-experiencias-en-la-transformacion-de-la-gestion-del-talento-definiendo-su-plan-de-trabajo-anual\\\/\"]}]},{\"@type\":\"ImageObject\",\"inLanguage\":\"es\",\"@id\":\"https:\\\/\\\/iraurgiberritzen.eus\\\/es\\\/el-grupo-de-trabajo-de-responsables-de-personas-comparte-aprendizajes-y-experiencias-en-la-transformacion-de-la-gestion-del-talento-definiendo-su-plan-de-trabajo-anual\\\/#primaryimage\",\"url\":\"https:\\\/\\\/iraurgiberritzen.eus\\\/wp-content\\\/uploads\\\/2023\\\/09\\\/be558df57ee1bb0ff5368c31d4836afc.jpg\",\"contentUrl\":\"https:\\\/\\\/iraurgiberritzen.eus\\\/wp-content\\\/uploads\\\/2023\\\/09\\\/be558df57ee1bb0ff5368c31d4836afc.jpg\",\"width\":400,\"height\":257},{\"@type\":\"BreadcrumbList\",\"@id\":\"https:\\\/\\\/iraurgiberritzen.eus\\\/es\\\/el-grupo-de-trabajo-de-responsables-de-personas-comparte-aprendizajes-y-experiencias-en-la-transformacion-de-la-gestion-del-talento-definiendo-su-plan-de-trabajo-anual\\\/#breadcrumb\",\"itemListElement\":[{\"@type\":\"ListItem\",\"position\":1,\"name\":\"Home\",\"item\":\"https:\\\/\\\/iraurgiberritzen.eus\\\/es\\\/\"},{\"@type\":\"ListItem\",\"position\":2,\"name\":\"El Grupo de Trabajo de Resp. de Personal compartiendo experiencias y aprendizajes en torno a la \u201cGesti\u00f3n por Competencias\u201d\"}]},{\"@type\":\"WebSite\",\"@id\":\"https:\\\/\\\/iraurgiberritzen.eus\\\/es\\\/#website\",\"url\":\"https:\\\/\\\/iraurgiberritzen.eus\\\/es\\\/\",\"name\":\"Iraurgi Berritzen\",\"description\":\"Urola Erdiko Garapen Agentzia\",\"publisher\":{\"@id\":\"https:\\\/\\\/iraurgiberritzen.eus\\\/es\\\/#organization\"},\"potentialAction\":[{\"@type\":\"SearchAction\",\"target\":{\"@type\":\"EntryPoint\",\"urlTemplate\":\"https:\\\/\\\/iraurgiberritzen.eus\\\/es\\\/?s={search_term_string}\"},\"query-input\":{\"@type\":\"PropertyValueSpecification\",\"valueRequired\":true,\"valueName\":\"search_term_string\"}}],\"inLanguage\":\"es\"},{\"@type\":\"Organization\",\"@id\":\"https:\\\/\\\/iraurgiberritzen.eus\\\/es\\\/#organization\",\"name\":\"Iraurgi Berritzen\",\"url\":\"https:\\\/\\\/iraurgiberritzen.eus\\\/es\\\/\",\"logo\":{\"@type\":\"ImageObject\",\"inLanguage\":\"es\",\"@id\":\"https:\\\/\\\/iraurgiberritzen.eus\\\/es\\\/#\\\/schema\\\/logo\\\/image\\\/\",\"url\":\"https:\\\/\\\/iraurgiberritzen.eus\\\/wp-content\\\/uploads\\\/2024\\\/02\\\/IRAURGI-BERRITZEN-logotipoa_2.png\",\"contentUrl\":\"https:\\\/\\\/iraurgiberritzen.eus\\\/wp-content\\\/uploads\\\/2024\\\/02\\\/IRAURGI-BERRITZEN-logotipoa_2.png\",\"width\":496,\"height\":190,\"caption\":\"Iraurgi Berritzen\"},\"image\":{\"@id\":\"https:\\\/\\\/iraurgiberritzen.eus\\\/es\\\/#\\\/schema\\\/logo\\\/image\\\/\"}},{\"@type\":\"Person\",\"@id\":\"https:\\\/\\\/iraurgiberritzen.eus\\\/es\\\/#\\\/schema\\\/person\\\/5ab41aaf388a9097177601ebf45738d2\",\"name\":\"kudeatzailea\",\"sameAs\":[\"https:\\\/\\\/iraurgiberritzen.eus\"]}]}<\/script>\n<!-- \/ Yoast SEO plugin. -->","yoast_head_json":{"title":"El Grupo de Trabajo de Resp. de Personal compartiendo experiencias y aprendizajes en torno a la \u201cGesti\u00f3n por Competencias\u201d - Iraurgi Berritzen","robots":{"index":"index","follow":"follow","max-snippet":"max-snippet:-1","max-image-preview":"max-image-preview:large","max-video-preview":"max-video-preview:-1"},"canonical":"https:\/\/iraurgiberritzen.eus\/es\/el-grupo-de-trabajo-de-responsables-de-personas-comparte-aprendizajes-y-experiencias-en-la-transformacion-de-la-gestion-del-talento-definiendo-su-plan-de-trabajo-anual\/","og_locale":"es_ES","og_type":"article","og_title":"El Grupo de Trabajo de Resp. de Personal compartiendo experiencias y aprendizajes en torno a la \u201cGesti\u00f3n por Competencias\u201d - Iraurgi Berritzen","og_description":"El grupo de trabajo est\u00e1 formado por los Responsables de Personal de 20 empresas de IB Sarea. Desde su creaci\u00f3n en 2021, el grupo de trabajo ha ido compartiendo espacios de intercambio de experiencias y pr\u00e1cticas en torno a las nuevas formas de gesti\u00f3n de personas, aplicaciones pr\u00e1cticas, herramientas, procesos y nuevas formas de hacer. [&hellip;]","og_url":"https:\/\/iraurgiberritzen.eus\/es\/el-grupo-de-trabajo-de-responsables-de-personas-comparte-aprendizajes-y-experiencias-en-la-transformacion-de-la-gestion-del-talento-definiendo-su-plan-de-trabajo-anual\/","og_site_name":"Iraurgi Berritzen","article_published_time":"2023-01-12T08:49:11+00:00","author":"kudeatzailea","twitter_card":"summary_large_image","twitter_misc":{"Escrito por":"kudeatzailea","Tiempo de lectura":"1 minuto"},"schema":{"@context":"https:\/\/schema.org","@graph":[{"@type":"Article","@id":"https:\/\/iraurgiberritzen.eus\/es\/el-grupo-de-trabajo-de-responsables-de-personas-comparte-aprendizajes-y-experiencias-en-la-transformacion-de-la-gestion-del-talento-definiendo-su-plan-de-trabajo-anual\/#article","isPartOf":{"@id":"https:\/\/iraurgiberritzen.eus\/es\/el-grupo-de-trabajo-de-responsables-de-personas-comparte-aprendizajes-y-experiencias-en-la-transformacion-de-la-gestion-del-talento-definiendo-su-plan-de-trabajo-anual\/"},"author":{"name":"kudeatzailea","@id":"https:\/\/iraurgiberritzen.eus\/es\/#\/schema\/person\/5ab41aaf388a9097177601ebf45738d2"},"headline":"El Grupo de Trabajo de Resp. de Personal compartiendo experiencias y aprendizajes en torno a la \u201cGesti\u00f3n por Competencias\u201d","datePublished":"2023-01-12T08:49:11+00:00","mainEntityOfPage":{"@id":"https:\/\/iraurgiberritzen.eus\/es\/el-grupo-de-trabajo-de-responsables-de-personas-comparte-aprendizajes-y-experiencias-en-la-transformacion-de-la-gestion-del-talento-definiendo-su-plan-de-trabajo-anual\/"},"wordCount":244,"publisher":{"@id":"https:\/\/iraurgiberritzen.eus\/es\/#organization"},"image":{"@id":"https:\/\/iraurgiberritzen.eus\/es\/el-grupo-de-trabajo-de-responsables-de-personas-comparte-aprendizajes-y-experiencias-en-la-transformacion-de-la-gestion-del-talento-definiendo-su-plan-de-trabajo-anual\/#primaryimage"},"thumbnailUrl":"https:\/\/iraurgiberritzen.eus\/wp-content\/uploads\/2023\/09\/be558df57ee1bb0ff5368c31d4836afc.jpg","articleSection":["Noticias"],"inLanguage":"es"},{"@type":"WebPage","@id":"https:\/\/iraurgiberritzen.eus\/es\/el-grupo-de-trabajo-de-responsables-de-personas-comparte-aprendizajes-y-experiencias-en-la-transformacion-de-la-gestion-del-talento-definiendo-su-plan-de-trabajo-anual\/","url":"https:\/\/iraurgiberritzen.eus\/es\/el-grupo-de-trabajo-de-responsables-de-personas-comparte-aprendizajes-y-experiencias-en-la-transformacion-de-la-gestion-del-talento-definiendo-su-plan-de-trabajo-anual\/","name":"El Grupo de Trabajo de Resp. de Personal compartiendo experiencias y aprendizajes en torno a la \u201cGesti\u00f3n por Competencias\u201d - Iraurgi Berritzen","isPartOf":{"@id":"https:\/\/iraurgiberritzen.eus\/es\/#website"},"primaryImageOfPage":{"@id":"https:\/\/iraurgiberritzen.eus\/es\/el-grupo-de-trabajo-de-responsables-de-personas-comparte-aprendizajes-y-experiencias-en-la-transformacion-de-la-gestion-del-talento-definiendo-su-plan-de-trabajo-anual\/#primaryimage"},"image":{"@id":"https:\/\/iraurgiberritzen.eus\/es\/el-grupo-de-trabajo-de-responsables-de-personas-comparte-aprendizajes-y-experiencias-en-la-transformacion-de-la-gestion-del-talento-definiendo-su-plan-de-trabajo-anual\/#primaryimage"},"thumbnailUrl":"https:\/\/iraurgiberritzen.eus\/wp-content\/uploads\/2023\/09\/be558df57ee1bb0ff5368c31d4836afc.jpg","datePublished":"2023-01-12T08:49:11+00:00","breadcrumb":{"@id":"https:\/\/iraurgiberritzen.eus\/es\/el-grupo-de-trabajo-de-responsables-de-personas-comparte-aprendizajes-y-experiencias-en-la-transformacion-de-la-gestion-del-talento-definiendo-su-plan-de-trabajo-anual\/#breadcrumb"},"inLanguage":"es","potentialAction":[{"@type":"ReadAction","target":["https:\/\/iraurgiberritzen.eus\/es\/el-grupo-de-trabajo-de-responsables-de-personas-comparte-aprendizajes-y-experiencias-en-la-transformacion-de-la-gestion-del-talento-definiendo-su-plan-de-trabajo-anual\/"]}]},{"@type":"ImageObject","inLanguage":"es","@id":"https:\/\/iraurgiberritzen.eus\/es\/el-grupo-de-trabajo-de-responsables-de-personas-comparte-aprendizajes-y-experiencias-en-la-transformacion-de-la-gestion-del-talento-definiendo-su-plan-de-trabajo-anual\/#primaryimage","url":"https:\/\/iraurgiberritzen.eus\/wp-content\/uploads\/2023\/09\/be558df57ee1bb0ff5368c31d4836afc.jpg","contentUrl":"https:\/\/iraurgiberritzen.eus\/wp-content\/uploads\/2023\/09\/be558df57ee1bb0ff5368c31d4836afc.jpg","width":400,"height":257},{"@type":"BreadcrumbList","@id":"https:\/\/iraurgiberritzen.eus\/es\/el-grupo-de-trabajo-de-responsables-de-personas-comparte-aprendizajes-y-experiencias-en-la-transformacion-de-la-gestion-del-talento-definiendo-su-plan-de-trabajo-anual\/#breadcrumb","itemListElement":[{"@type":"ListItem","position":1,"name":"Home","item":"https:\/\/iraurgiberritzen.eus\/es\/"},{"@type":"ListItem","position":2,"name":"El Grupo de Trabajo de Resp. de Personal compartiendo experiencias y aprendizajes en torno a la \u201cGesti\u00f3n por Competencias\u201d"}]},{"@type":"WebSite","@id":"https:\/\/iraurgiberritzen.eus\/es\/#website","url":"https:\/\/iraurgiberritzen.eus\/es\/","name":"Iraurgi Berritzen","description":"Urola Erdiko Garapen Agentzia","publisher":{"@id":"https:\/\/iraurgiberritzen.eus\/es\/#organization"},"potentialAction":[{"@type":"SearchAction","target":{"@type":"EntryPoint","urlTemplate":"https:\/\/iraurgiberritzen.eus\/es\/?s={search_term_string}"},"query-input":{"@type":"PropertyValueSpecification","valueRequired":true,"valueName":"search_term_string"}}],"inLanguage":"es"},{"@type":"Organization","@id":"https:\/\/iraurgiberritzen.eus\/es\/#organization","name":"Iraurgi Berritzen","url":"https:\/\/iraurgiberritzen.eus\/es\/","logo":{"@type":"ImageObject","inLanguage":"es","@id":"https:\/\/iraurgiberritzen.eus\/es\/#\/schema\/logo\/image\/","url":"https:\/\/iraurgiberritzen.eus\/wp-content\/uploads\/2024\/02\/IRAURGI-BERRITZEN-logotipoa_2.png","contentUrl":"https:\/\/iraurgiberritzen.eus\/wp-content\/uploads\/2024\/02\/IRAURGI-BERRITZEN-logotipoa_2.png","width":496,"height":190,"caption":"Iraurgi Berritzen"},"image":{"@id":"https:\/\/iraurgiberritzen.eus\/es\/#\/schema\/logo\/image\/"}},{"@type":"Person","@id":"https:\/\/iraurgiberritzen.eus\/es\/#\/schema\/person\/5ab41aaf388a9097177601ebf45738d2","name":"kudeatzailea","sameAs":["https:\/\/iraurgiberritzen.eus"]}]}},"_links":{"self":[{"href":"https:\/\/iraurgiberritzen.eus\/es\/wp-json\/wp\/v2\/posts\/14247","targetHints":{"allow":["GET"]}}],"collection":[{"href":"https:\/\/iraurgiberritzen.eus\/es\/wp-json\/wp\/v2\/posts"}],"about":[{"href":"https:\/\/iraurgiberritzen.eus\/es\/wp-json\/wp\/v2\/types\/post"}],"author":[{"embeddable":true,"href":"https:\/\/iraurgiberritzen.eus\/es\/wp-json\/wp\/v2\/users\/1"}],"replies":[{"embeddable":true,"href":"https:\/\/iraurgiberritzen.eus\/es\/wp-json\/wp\/v2\/comments?post=14247"}],"version-history":[{"count":0,"href":"https:\/\/iraurgiberritzen.eus\/es\/wp-json\/wp\/v2\/posts\/14247\/revisions"}],"wp:featuredmedia":[{"embeddable":true,"href":"https:\/\/iraurgiberritzen.eus\/es\/wp-json\/wp\/v2\/media\/17283"}],"wp:attachment":[{"href":"https:\/\/iraurgiberritzen.eus\/es\/wp-json\/wp\/v2\/media?parent=14247"}],"wp:term":[{"taxonomy":"category","embeddable":true,"href":"https:\/\/iraurgiberritzen.eus\/es\/wp-json\/wp\/v2\/categories?post=14247"},{"taxonomy":"post_tag","embeddable":true,"href":"https:\/\/iraurgiberritzen.eus\/es\/wp-json\/wp\/v2\/tags?post=14247"}],"curies":[{"name":"wp","href":"https:\/\/api.w.org\/{rel}","templated":true}]}}