{"id":14250,"date":"2023-04-28T06:18:12","date_gmt":"2023-04-28T04:18:12","guid":{"rendered":"https:\/\/iraurgiberritzen.eus\/tendencias-detectadas-en-la-actividad-emprendedora-de-iraurgi-berritzen-en-2022\/"},"modified":"2023-04-28T06:18:12","modified_gmt":"2023-04-28T04:18:12","slug":"tendencias-detectadas-en-la-actividad-emprendedora-de-iraurgi-berritzen-en-2022","status":"publish","type":"post","link":"https:\/\/iraurgiberritzen.eus\/es\/tendencias-detectadas-en-la-actividad-emprendedora-de-iraurgi-berritzen-en-2022\/","title":{"rendered":"Tendencias detectadas en la actividad emprendedora de Iraurgi Berritzen en 2022"},"content":{"rendered":"<p style=\"text-align: justify;\"><strong>Aumenta la tasa de personas emprendedoras con estudios universitarios.<\/strong><\/p>\n<p>El 46% de las personas emprendedoras que trabajan en nuevos proyectos tienen estudios universitarios, destacando la tendencia al alza en los \u00faltimos a\u00f1os. Del total de consultas recibidas, el rango de edad de quienes han presentado inter\u00e9s por emprender se sit\u00faa entre los 25 y los 45 a\u00f1os, siendo el 62% del total de las consultas recibidas.<\/p>\n<p><strong>Los traspasos muestran una tendencia al alza, sobre todo en el comercio minorista.<\/strong> <\/p>\n<p>En total, los traspasos suponen el 20% del total de actividades econ\u00f3micas generadas. Todos los casos se han dado en la actividad de servicios, siendo el comercio minorista donde m\u00e1s casos se han dado. <\/p>\n<p><strong>Destaca el descenso de aperturas de nuevos establecimientos hosteleros.<\/strong> <\/p>\n<p>La apertura de establecimientos hosteleros ha ido descendiendo, representando el 40% de las empresas creadas antes de la pandemia y ha descendido hasta el 4% en 2022. Las aperturas de nuevos comercios minoristas se han mantenido similares y casi la mitad de ellos han sido traspasos. En la actividad industrial destacan las actividades artesanales como la joyer\u00eda y confecci\u00f3n textil.<\/p>\n<p><strong>La mayor\u00eda de las personas emprendedoras deciden emprender de forma individual.<\/strong> <\/p>\n<p>M\u00e1s del 80% de los proyectos creados son proyectos individuales y de ah\u00ed el 96% decide acogerse a la figura del empresario individual (aut\u00f3nomo). De los que emprenden en grupo, hay quienes optan por la forma jur\u00eddica de econom\u00eda social para poner en marcha su proyecto. En el a\u00f1o 2022 se ha creado una sociedad laboral y en los \u00faltimos 4 a\u00f1os se han creado 4 cooperativas. <\/p>\n<p><strong>Destaca la tendencia descendente en la inversi\u00f3n que realizan las personas emprendedoras.<\/strong> <\/p>\n<p>En los \u00faltimos a\u00f1os, la inversi\u00f3n media que realizan las personas emprendedoras est\u00e1 mostrando una tendencia a la baja, con una inversi\u00f3n media este a\u00f1o de 11.000 \u20ac por proyecto. <\/p>\n<p>A continuaci\u00f3n, se pueden ver los datos m\u00e1s significativos del servicio de emprendimiento y con m\u00e1s detalle en el v\u00eddeo.<\/p>\n<ul>\n<li>89 personas emprendedoras atendidas<\/li>\n<li>44 proyectos elaborados<\/li>\n<li>28 empresas creadas<\/li>\n<li>32 empleos creados<\/li>\n<li>310.201 \u20ac total invertido por personas emprendedoras<\/li>\n<\/ul>\n<div style=\"text-align: center;\"><iframe loading=\"lazy\" src=\"https:\/\/player.vimeo.com\/video\/788649039?h=e2c807fb79&amp;badge=0&amp;autopause=0&amp;player_id=0&amp;app_id=58479\" width=\"560\" height=\"315\" title=\"2022ko datuak ekintzailetza arloa \/ Datos 2022 &amp;aacute;rea de emprendimiento\" allowfullscreen=\"allowfullscreen\" allow=\"autoplay; fullscreen; picture-in-picture\"><\/iframe><\/div>\n<p><script src=\"https:\/\/player.vimeo.com\/api\/player.js\" type=\"text\/javascript\"><\/script><\/p>\n","protected":false},"excerpt":{"rendered":"<p>Aumenta la tasa de personas emprendedoras con estudios universitarios. El 46% de las personas emprendedoras que trabajan en nuevos proyectos tienen estudios universitarios, destacando la tendencia al alza en los \u00faltimos a\u00f1os. Del total de consultas recibidas, el rango de edad de quienes han presentado inter\u00e9s por emprender se sit\u00faa entre los 25 y los [&hellip;]<\/p>\n","protected":false},"author":1,"featured_media":17284,"comment_status":"","ping_status":"closed","sticky":false,"template":"","format":"standard","meta":{"_acf_changed":false,"footnotes":""},"categories":[4],"tags":[],"class_list":["post-14250","post","type-post","status-publish","format-standard","has-post-thumbnail","hentry","category-noticias"],"acf":[],"yoast_head":"<!-- This site is optimized with the Yoast SEO plugin v27.4 - https:\/\/yoast.com\/product\/yoast-seo-wordpress\/ -->\n<title>Tendencias detectadas en la actividad emprendedora de Iraurgi Berritzen en 2022 - Iraurgi Berritzen<\/title>\n<meta name=\"robots\" content=\"index, follow, max-snippet:-1, max-image-preview:large, max-video-preview:-1\" \/>\n<link rel=\"canonical\" href=\"https:\/\/iraurgiberritzen.eus\/es\/tendencias-detectadas-en-la-actividad-emprendedora-de-iraurgi-berritzen-en-2022\/\" \/>\n<meta property=\"og:locale\" content=\"es_ES\" \/>\n<meta property=\"og:type\" content=\"article\" \/>\n<meta property=\"og:title\" content=\"Tendencias detectadas en la actividad emprendedora de Iraurgi Berritzen en 2022 - Iraurgi Berritzen\" \/>\n<meta property=\"og:description\" content=\"Aumenta la tasa de personas emprendedoras con estudios universitarios. El 46% de las personas emprendedoras que trabajan en nuevos proyectos tienen estudios universitarios, destacando la tendencia al alza en los \u00faltimos a\u00f1os. Del total de consultas recibidas, el rango de edad de quienes han presentado inter\u00e9s por emprender se sit\u00faa entre los 25 y los [&hellip;]\" \/>\n<meta property=\"og:url\" content=\"https:\/\/iraurgiberritzen.eus\/es\/tendencias-detectadas-en-la-actividad-emprendedora-de-iraurgi-berritzen-en-2022\/\" \/>\n<meta property=\"og:site_name\" content=\"Iraurgi Berritzen\" \/>\n<meta property=\"article:published_time\" content=\"2023-04-28T04:18:12+00:00\" \/>\n<meta name=\"author\" content=\"kudeatzailea\" \/>\n<meta name=\"twitter:card\" content=\"summary_large_image\" \/>\n<meta name=\"twitter:label1\" content=\"Escrito por\" \/>\n\t<meta name=\"twitter:data1\" content=\"kudeatzailea\" \/>\n\t<meta name=\"twitter:label2\" content=\"Tiempo de lectura\" \/>\n\t<meta name=\"twitter:data2\" content=\"2 minutos\" \/>\n<script type=\"application\/ld+json\" class=\"yoast-schema-graph\">{\"@context\":\"https:\\\/\\\/schema.org\",\"@graph\":[{\"@type\":\"Article\",\"@id\":\"https:\\\/\\\/iraurgiberritzen.eus\\\/es\\\/tendencias-detectadas-en-la-actividad-emprendedora-de-iraurgi-berritzen-en-2022\\\/#article\",\"isPartOf\":{\"@id\":\"https:\\\/\\\/iraurgiberritzen.eus\\\/es\\\/tendencias-detectadas-en-la-actividad-emprendedora-de-iraurgi-berritzen-en-2022\\\/\"},\"author\":{\"name\":\"kudeatzailea\",\"@id\":\"https:\\\/\\\/iraurgiberritzen.eus\\\/es\\\/#\\\/schema\\\/person\\\/5ab41aaf388a9097177601ebf45738d2\"},\"headline\":\"Tendencias detectadas en la actividad emprendedora de Iraurgi Berritzen en 2022\",\"datePublished\":\"2023-04-28T04:18:12+00:00\",\"mainEntityOfPage\":{\"@id\":\"https:\\\/\\\/iraurgiberritzen.eus\\\/es\\\/tendencias-detectadas-en-la-actividad-emprendedora-de-iraurgi-berritzen-en-2022\\\/\"},\"wordCount\":355,\"publisher\":{\"@id\":\"https:\\\/\\\/iraurgiberritzen.eus\\\/es\\\/#organization\"},\"image\":{\"@id\":\"https:\\\/\\\/iraurgiberritzen.eus\\\/es\\\/tendencias-detectadas-en-la-actividad-emprendedora-de-iraurgi-berritzen-en-2022\\\/#primaryimage\"},\"thumbnailUrl\":\"https:\\\/\\\/iraurgiberritzen.eus\\\/wp-content\\\/uploads\\\/2023\\\/09\\\/715fe4f7980414b6f0287ee346131a95.jpg\",\"articleSection\":[\"Noticias\"],\"inLanguage\":\"es\"},{\"@type\":\"WebPage\",\"@id\":\"https:\\\/\\\/iraurgiberritzen.eus\\\/es\\\/tendencias-detectadas-en-la-actividad-emprendedora-de-iraurgi-berritzen-en-2022\\\/\",\"url\":\"https:\\\/\\\/iraurgiberritzen.eus\\\/es\\\/tendencias-detectadas-en-la-actividad-emprendedora-de-iraurgi-berritzen-en-2022\\\/\",\"name\":\"Tendencias detectadas en la actividad emprendedora de Iraurgi Berritzen en 2022 - Iraurgi Berritzen\",\"isPartOf\":{\"@id\":\"https:\\\/\\\/iraurgiberritzen.eus\\\/es\\\/#website\"},\"primaryImageOfPage\":{\"@id\":\"https:\\\/\\\/iraurgiberritzen.eus\\\/es\\\/tendencias-detectadas-en-la-actividad-emprendedora-de-iraurgi-berritzen-en-2022\\\/#primaryimage\"},\"image\":{\"@id\":\"https:\\\/\\\/iraurgiberritzen.eus\\\/es\\\/tendencias-detectadas-en-la-actividad-emprendedora-de-iraurgi-berritzen-en-2022\\\/#primaryimage\"},\"thumbnailUrl\":\"https:\\\/\\\/iraurgiberritzen.eus\\\/wp-content\\\/uploads\\\/2023\\\/09\\\/715fe4f7980414b6f0287ee346131a95.jpg\",\"datePublished\":\"2023-04-28T04:18:12+00:00\",\"breadcrumb\":{\"@id\":\"https:\\\/\\\/iraurgiberritzen.eus\\\/es\\\/tendencias-detectadas-en-la-actividad-emprendedora-de-iraurgi-berritzen-en-2022\\\/#breadcrumb\"},\"inLanguage\":\"es\",\"potentialAction\":[{\"@type\":\"ReadAction\",\"target\":[\"https:\\\/\\\/iraurgiberritzen.eus\\\/es\\\/tendencias-detectadas-en-la-actividad-emprendedora-de-iraurgi-berritzen-en-2022\\\/\"]}]},{\"@type\":\"ImageObject\",\"inLanguage\":\"es\",\"@id\":\"https:\\\/\\\/iraurgiberritzen.eus\\\/es\\\/tendencias-detectadas-en-la-actividad-emprendedora-de-iraurgi-berritzen-en-2022\\\/#primaryimage\",\"url\":\"https:\\\/\\\/iraurgiberritzen.eus\\\/wp-content\\\/uploads\\\/2023\\\/09\\\/715fe4f7980414b6f0287ee346131a95.jpg\",\"contentUrl\":\"https:\\\/\\\/iraurgiberritzen.eus\\\/wp-content\\\/uploads\\\/2023\\\/09\\\/715fe4f7980414b6f0287ee346131a95.jpg\",\"width\":400,\"height\":257},{\"@type\":\"BreadcrumbList\",\"@id\":\"https:\\\/\\\/iraurgiberritzen.eus\\\/es\\\/tendencias-detectadas-en-la-actividad-emprendedora-de-iraurgi-berritzen-en-2022\\\/#breadcrumb\",\"itemListElement\":[{\"@type\":\"ListItem\",\"position\":1,\"name\":\"Home\",\"item\":\"https:\\\/\\\/iraurgiberritzen.eus\\\/es\\\/\"},{\"@type\":\"ListItem\",\"position\":2,\"name\":\"Tendencias detectadas en la actividad emprendedora de Iraurgi Berritzen en 2022\"}]},{\"@type\":\"WebSite\",\"@id\":\"https:\\\/\\\/iraurgiberritzen.eus\\\/es\\\/#website\",\"url\":\"https:\\\/\\\/iraurgiberritzen.eus\\\/es\\\/\",\"name\":\"Iraurgi Berritzen\",\"description\":\"Urola Erdiko Garapen Agentzia\",\"publisher\":{\"@id\":\"https:\\\/\\\/iraurgiberritzen.eus\\\/es\\\/#organization\"},\"potentialAction\":[{\"@type\":\"SearchAction\",\"target\":{\"@type\":\"EntryPoint\",\"urlTemplate\":\"https:\\\/\\\/iraurgiberritzen.eus\\\/es\\\/?s={search_term_string}\"},\"query-input\":{\"@type\":\"PropertyValueSpecification\",\"valueRequired\":true,\"valueName\":\"search_term_string\"}}],\"inLanguage\":\"es\"},{\"@type\":\"Organization\",\"@id\":\"https:\\\/\\\/iraurgiberritzen.eus\\\/es\\\/#organization\",\"name\":\"Iraurgi Berritzen\",\"url\":\"https:\\\/\\\/iraurgiberritzen.eus\\\/es\\\/\",\"logo\":{\"@type\":\"ImageObject\",\"inLanguage\":\"es\",\"@id\":\"https:\\\/\\\/iraurgiberritzen.eus\\\/es\\\/#\\\/schema\\\/logo\\\/image\\\/\",\"url\":\"https:\\\/\\\/iraurgiberritzen.eus\\\/wp-content\\\/uploads\\\/2024\\\/02\\\/IRAURGI-BERRITZEN-logotipoa_2.png\",\"contentUrl\":\"https:\\\/\\\/iraurgiberritzen.eus\\\/wp-content\\\/uploads\\\/2024\\\/02\\\/IRAURGI-BERRITZEN-logotipoa_2.png\",\"width\":496,\"height\":190,\"caption\":\"Iraurgi Berritzen\"},\"image\":{\"@id\":\"https:\\\/\\\/iraurgiberritzen.eus\\\/es\\\/#\\\/schema\\\/logo\\\/image\\\/\"}},{\"@type\":\"Person\",\"@id\":\"https:\\\/\\\/iraurgiberritzen.eus\\\/es\\\/#\\\/schema\\\/person\\\/5ab41aaf388a9097177601ebf45738d2\",\"name\":\"kudeatzailea\",\"sameAs\":[\"https:\\\/\\\/iraurgiberritzen.eus\"]}]}<\/script>\n<!-- \/ Yoast SEO plugin. -->","yoast_head_json":{"title":"Tendencias detectadas en la actividad emprendedora de Iraurgi Berritzen en 2022 - Iraurgi Berritzen","robots":{"index":"index","follow":"follow","max-snippet":"max-snippet:-1","max-image-preview":"max-image-preview:large","max-video-preview":"max-video-preview:-1"},"canonical":"https:\/\/iraurgiberritzen.eus\/es\/tendencias-detectadas-en-la-actividad-emprendedora-de-iraurgi-berritzen-en-2022\/","og_locale":"es_ES","og_type":"article","og_title":"Tendencias detectadas en la actividad emprendedora de Iraurgi Berritzen en 2022 - Iraurgi Berritzen","og_description":"Aumenta la tasa de personas emprendedoras con estudios universitarios. El 46% de las personas emprendedoras que trabajan en nuevos proyectos tienen estudios universitarios, destacando la tendencia al alza en los \u00faltimos a\u00f1os. Del total de consultas recibidas, el rango de edad de quienes han presentado inter\u00e9s por emprender se sit\u00faa entre los 25 y los [&hellip;]","og_url":"https:\/\/iraurgiberritzen.eus\/es\/tendencias-detectadas-en-la-actividad-emprendedora-de-iraurgi-berritzen-en-2022\/","og_site_name":"Iraurgi Berritzen","article_published_time":"2023-04-28T04:18:12+00:00","author":"kudeatzailea","twitter_card":"summary_large_image","twitter_misc":{"Escrito por":"kudeatzailea","Tiempo de lectura":"2 minutos"},"schema":{"@context":"https:\/\/schema.org","@graph":[{"@type":"Article","@id":"https:\/\/iraurgiberritzen.eus\/es\/tendencias-detectadas-en-la-actividad-emprendedora-de-iraurgi-berritzen-en-2022\/#article","isPartOf":{"@id":"https:\/\/iraurgiberritzen.eus\/es\/tendencias-detectadas-en-la-actividad-emprendedora-de-iraurgi-berritzen-en-2022\/"},"author":{"name":"kudeatzailea","@id":"https:\/\/iraurgiberritzen.eus\/es\/#\/schema\/person\/5ab41aaf388a9097177601ebf45738d2"},"headline":"Tendencias detectadas en la actividad emprendedora de Iraurgi Berritzen en 2022","datePublished":"2023-04-28T04:18:12+00:00","mainEntityOfPage":{"@id":"https:\/\/iraurgiberritzen.eus\/es\/tendencias-detectadas-en-la-actividad-emprendedora-de-iraurgi-berritzen-en-2022\/"},"wordCount":355,"publisher":{"@id":"https:\/\/iraurgiberritzen.eus\/es\/#organization"},"image":{"@id":"https:\/\/iraurgiberritzen.eus\/es\/tendencias-detectadas-en-la-actividad-emprendedora-de-iraurgi-berritzen-en-2022\/#primaryimage"},"thumbnailUrl":"https:\/\/iraurgiberritzen.eus\/wp-content\/uploads\/2023\/09\/715fe4f7980414b6f0287ee346131a95.jpg","articleSection":["Noticias"],"inLanguage":"es"},{"@type":"WebPage","@id":"https:\/\/iraurgiberritzen.eus\/es\/tendencias-detectadas-en-la-actividad-emprendedora-de-iraurgi-berritzen-en-2022\/","url":"https:\/\/iraurgiberritzen.eus\/es\/tendencias-detectadas-en-la-actividad-emprendedora-de-iraurgi-berritzen-en-2022\/","name":"Tendencias detectadas en la actividad emprendedora de Iraurgi Berritzen en 2022 - Iraurgi Berritzen","isPartOf":{"@id":"https:\/\/iraurgiberritzen.eus\/es\/#website"},"primaryImageOfPage":{"@id":"https:\/\/iraurgiberritzen.eus\/es\/tendencias-detectadas-en-la-actividad-emprendedora-de-iraurgi-berritzen-en-2022\/#primaryimage"},"image":{"@id":"https:\/\/iraurgiberritzen.eus\/es\/tendencias-detectadas-en-la-actividad-emprendedora-de-iraurgi-berritzen-en-2022\/#primaryimage"},"thumbnailUrl":"https:\/\/iraurgiberritzen.eus\/wp-content\/uploads\/2023\/09\/715fe4f7980414b6f0287ee346131a95.jpg","datePublished":"2023-04-28T04:18:12+00:00","breadcrumb":{"@id":"https:\/\/iraurgiberritzen.eus\/es\/tendencias-detectadas-en-la-actividad-emprendedora-de-iraurgi-berritzen-en-2022\/#breadcrumb"},"inLanguage":"es","potentialAction":[{"@type":"ReadAction","target":["https:\/\/iraurgiberritzen.eus\/es\/tendencias-detectadas-en-la-actividad-emprendedora-de-iraurgi-berritzen-en-2022\/"]}]},{"@type":"ImageObject","inLanguage":"es","@id":"https:\/\/iraurgiberritzen.eus\/es\/tendencias-detectadas-en-la-actividad-emprendedora-de-iraurgi-berritzen-en-2022\/#primaryimage","url":"https:\/\/iraurgiberritzen.eus\/wp-content\/uploads\/2023\/09\/715fe4f7980414b6f0287ee346131a95.jpg","contentUrl":"https:\/\/iraurgiberritzen.eus\/wp-content\/uploads\/2023\/09\/715fe4f7980414b6f0287ee346131a95.jpg","width":400,"height":257},{"@type":"BreadcrumbList","@id":"https:\/\/iraurgiberritzen.eus\/es\/tendencias-detectadas-en-la-actividad-emprendedora-de-iraurgi-berritzen-en-2022\/#breadcrumb","itemListElement":[{"@type":"ListItem","position":1,"name":"Home","item":"https:\/\/iraurgiberritzen.eus\/es\/"},{"@type":"ListItem","position":2,"name":"Tendencias detectadas en la actividad emprendedora de Iraurgi Berritzen en 2022"}]},{"@type":"WebSite","@id":"https:\/\/iraurgiberritzen.eus\/es\/#website","url":"https:\/\/iraurgiberritzen.eus\/es\/","name":"Iraurgi Berritzen","description":"Urola Erdiko Garapen Agentzia","publisher":{"@id":"https:\/\/iraurgiberritzen.eus\/es\/#organization"},"potentialAction":[{"@type":"SearchAction","target":{"@type":"EntryPoint","urlTemplate":"https:\/\/iraurgiberritzen.eus\/es\/?s={search_term_string}"},"query-input":{"@type":"PropertyValueSpecification","valueRequired":true,"valueName":"search_term_string"}}],"inLanguage":"es"},{"@type":"Organization","@id":"https:\/\/iraurgiberritzen.eus\/es\/#organization","name":"Iraurgi Berritzen","url":"https:\/\/iraurgiberritzen.eus\/es\/","logo":{"@type":"ImageObject","inLanguage":"es","@id":"https:\/\/iraurgiberritzen.eus\/es\/#\/schema\/logo\/image\/","url":"https:\/\/iraurgiberritzen.eus\/wp-content\/uploads\/2024\/02\/IRAURGI-BERRITZEN-logotipoa_2.png","contentUrl":"https:\/\/iraurgiberritzen.eus\/wp-content\/uploads\/2024\/02\/IRAURGI-BERRITZEN-logotipoa_2.png","width":496,"height":190,"caption":"Iraurgi Berritzen"},"image":{"@id":"https:\/\/iraurgiberritzen.eus\/es\/#\/schema\/logo\/image\/"}},{"@type":"Person","@id":"https:\/\/iraurgiberritzen.eus\/es\/#\/schema\/person\/5ab41aaf388a9097177601ebf45738d2","name":"kudeatzailea","sameAs":["https:\/\/iraurgiberritzen.eus"]}]}},"_links":{"self":[{"href":"https:\/\/iraurgiberritzen.eus\/es\/wp-json\/wp\/v2\/posts\/14250","targetHints":{"allow":["GET"]}}],"collection":[{"href":"https:\/\/iraurgiberritzen.eus\/es\/wp-json\/wp\/v2\/posts"}],"about":[{"href":"https:\/\/iraurgiberritzen.eus\/es\/wp-json\/wp\/v2\/types\/post"}],"author":[{"embeddable":true,"href":"https:\/\/iraurgiberritzen.eus\/es\/wp-json\/wp\/v2\/users\/1"}],"replies":[{"embeddable":true,"href":"https:\/\/iraurgiberritzen.eus\/es\/wp-json\/wp\/v2\/comments?post=14250"}],"version-history":[{"count":0,"href":"https:\/\/iraurgiberritzen.eus\/es\/wp-json\/wp\/v2\/posts\/14250\/revisions"}],"wp:featuredmedia":[{"embeddable":true,"href":"https:\/\/iraurgiberritzen.eus\/es\/wp-json\/wp\/v2\/media\/17284"}],"wp:attachment":[{"href":"https:\/\/iraurgiberritzen.eus\/es\/wp-json\/wp\/v2\/media?parent=14250"}],"wp:term":[{"taxonomy":"category","embeddable":true,"href":"https:\/\/iraurgiberritzen.eus\/es\/wp-json\/wp\/v2\/categories?post=14250"},{"taxonomy":"post_tag","embeddable":true,"href":"https:\/\/iraurgiberritzen.eus\/es\/wp-json\/wp\/v2\/tags?post=14250"}],"curies":[{"name":"wp","href":"https:\/\/api.w.org\/{rel}","templated":true}]}}