{"id":14259,"date":"2023-01-18T07:13:56","date_gmt":"2023-01-18T05:13:56","guid":{"rendered":"https:\/\/iraurgiberritzen.eus\/el-grupo-de-orientadores-de-la-comarca-acuerda-las-proximas-acciones-a-desarrollar\/"},"modified":"2023-01-18T07:13:56","modified_gmt":"2023-01-18T05:13:56","slug":"el-grupo-de-orientadores-de-la-comarca-acuerda-las-proximas-acciones-a-desarrollar","status":"publish","type":"post","link":"https:\/\/iraurgiberritzen.eus\/es\/el-grupo-de-orientadores-de-la-comarca-acuerda-las-proximas-acciones-a-desarrollar\/","title":{"rendered":"El grupo de orientadores de la comarca acuerda las pr\u00f3ximas acciones a desarrollar"},"content":{"rendered":"<p style=\"text-align: justify;\">Hoy, 17 de enero, se ha celebrado una reuni\u00f3n de seguimiento del proyecto \u00abGerolan\u00bb con el grupo de trabajo de orientadores de 5 centros escolares de la comarca.<\/p>\n<p style=\"text-align: justify;\">En la reuni\u00f3n de trabajo se ha realizado, por un lado, una evaluaci\u00f3n de las sesiones de reflexi\u00f3n que se han llevado a cabo en los \u00faltimos meses dirigidas al alumnado de 2\u00ba de bachiller. En estas sesiones los protagonistas son los alumnos y se trata de ofrecer recursos para reflexionar sobre su futuro. Asimismo, a trav\u00e9s de estas sesiones de trabajo se han querido resolver las dudas que puedan tener los alumnos en los diferentes \u00e1mbitos.<\/p>\n<p style=\"text-align: justify;\">Por otro lado, una vez identificados los intereses y necesidades del alumnado, se ha tratado la planificaci\u00f3n de las acciones que los centros de la comarca organizar\u00e1n en colaboraci\u00f3n en los pr\u00f3ximos meses. Se prev\u00e9 que en los pr\u00f3ximos meses se lleven a cabo diversas acciones de orientaci\u00f3n dirigidas a los alumnos de 4\u00ba de ESO y 2\u00ba de Bachiller, y se han acordado en el grupo los pormenores de las mismas.<\/p>\n<p style=\"text-align: justify;\">Este proyecto tiene como objetivo reforzar el proceso de orientaci\u00f3n del alumnado y las acciones que se llevan a cabo a lo largo del curso se acuerdan en colaboraci\u00f3n con los orientadores de los centros.<\/p>\n","protected":false},"excerpt":{"rendered":"<p>Hoy, 17 de enero, se ha celebrado una reuni\u00f3n de seguimiento del proyecto \u00abGerolan\u00bb con el grupo de trabajo de orientadores de 5 centros escolares de la comarca. En la reuni\u00f3n de trabajo se ha realizado, por un lado, una evaluaci\u00f3n de las sesiones de reflexi\u00f3n que se han llevado a cabo en los \u00faltimos [&hellip;]<\/p>\n","protected":false},"author":1,"featured_media":17287,"comment_status":"","ping_status":"closed","sticky":false,"template":"","format":"standard","meta":{"_acf_changed":false,"footnotes":""},"categories":[4],"tags":[],"class_list":["post-14259","post","type-post","status-publish","format-standard","has-post-thumbnail","hentry","category-noticias"],"acf":[],"yoast_head":"<!-- This site is optimized with the Yoast SEO plugin v27.4 - https:\/\/yoast.com\/product\/yoast-seo-wordpress\/ -->\n<title>El grupo de orientadores de la comarca acuerda las pr\u00f3ximas acciones a desarrollar - Iraurgi Berritzen<\/title>\n<meta name=\"robots\" content=\"index, follow, max-snippet:-1, max-image-preview:large, max-video-preview:-1\" \/>\n<link rel=\"canonical\" href=\"https:\/\/iraurgiberritzen.eus\/es\/el-grupo-de-orientadores-de-la-comarca-acuerda-las-proximas-acciones-a-desarrollar\/\" \/>\n<meta property=\"og:locale\" content=\"es_ES\" \/>\n<meta property=\"og:type\" content=\"article\" \/>\n<meta property=\"og:title\" content=\"El grupo de orientadores de la comarca acuerda las pr\u00f3ximas acciones a desarrollar - Iraurgi Berritzen\" \/>\n<meta property=\"og:description\" content=\"Hoy, 17 de enero, se ha celebrado una reuni\u00f3n de seguimiento del proyecto \u00abGerolan\u00bb con el grupo de trabajo de orientadores de 5 centros escolares de la comarca. En la reuni\u00f3n de trabajo se ha realizado, por un lado, una evaluaci\u00f3n de las sesiones de reflexi\u00f3n que se han llevado a cabo en los \u00faltimos [&hellip;]\" \/>\n<meta property=\"og:url\" content=\"https:\/\/iraurgiberritzen.eus\/es\/el-grupo-de-orientadores-de-la-comarca-acuerda-las-proximas-acciones-a-desarrollar\/\" \/>\n<meta property=\"og:site_name\" content=\"Iraurgi Berritzen\" \/>\n<meta property=\"article:published_time\" content=\"2023-01-18T05:13:56+00:00\" \/>\n<meta name=\"author\" content=\"kudeatzailea\" \/>\n<meta name=\"twitter:card\" content=\"summary_large_image\" \/>\n<meta name=\"twitter:label1\" content=\"Escrito por\" \/>\n\t<meta name=\"twitter:data1\" content=\"kudeatzailea\" \/>\n\t<meta name=\"twitter:label2\" content=\"Tiempo de lectura\" \/>\n\t<meta name=\"twitter:data2\" content=\"1 minuto\" \/>\n<script type=\"application\/ld+json\" class=\"yoast-schema-graph\">{\"@context\":\"https:\\\/\\\/schema.org\",\"@graph\":[{\"@type\":\"Article\",\"@id\":\"https:\\\/\\\/iraurgiberritzen.eus\\\/es\\\/el-grupo-de-orientadores-de-la-comarca-acuerda-las-proximas-acciones-a-desarrollar\\\/#article\",\"isPartOf\":{\"@id\":\"https:\\\/\\\/iraurgiberritzen.eus\\\/es\\\/el-grupo-de-orientadores-de-la-comarca-acuerda-las-proximas-acciones-a-desarrollar\\\/\"},\"author\":{\"name\":\"kudeatzailea\",\"@id\":\"https:\\\/\\\/iraurgiberritzen.eus\\\/es\\\/#\\\/schema\\\/person\\\/5ab41aaf388a9097177601ebf45738d2\"},\"headline\":\"El grupo de orientadores de la comarca acuerda las pr\u00f3ximas acciones a desarrollar\",\"datePublished\":\"2023-01-18T05:13:56+00:00\",\"mainEntityOfPage\":{\"@id\":\"https:\\\/\\\/iraurgiberritzen.eus\\\/es\\\/el-grupo-de-orientadores-de-la-comarca-acuerda-las-proximas-acciones-a-desarrollar\\\/\"},\"wordCount\":234,\"publisher\":{\"@id\":\"https:\\\/\\\/iraurgiberritzen.eus\\\/es\\\/#organization\"},\"image\":{\"@id\":\"https:\\\/\\\/iraurgiberritzen.eus\\\/es\\\/el-grupo-de-orientadores-de-la-comarca-acuerda-las-proximas-acciones-a-desarrollar\\\/#primaryimage\"},\"thumbnailUrl\":\"https:\\\/\\\/iraurgiberritzen.eus\\\/wp-content\\\/uploads\\\/2023\\\/09\\\/7f667057df63fdd3bd2720c254caf46a.jpg\",\"articleSection\":[\"Noticias\"],\"inLanguage\":\"es\"},{\"@type\":\"WebPage\",\"@id\":\"https:\\\/\\\/iraurgiberritzen.eus\\\/es\\\/el-grupo-de-orientadores-de-la-comarca-acuerda-las-proximas-acciones-a-desarrollar\\\/\",\"url\":\"https:\\\/\\\/iraurgiberritzen.eus\\\/es\\\/el-grupo-de-orientadores-de-la-comarca-acuerda-las-proximas-acciones-a-desarrollar\\\/\",\"name\":\"El grupo de orientadores de la comarca acuerda las pr\u00f3ximas acciones a desarrollar - Iraurgi Berritzen\",\"isPartOf\":{\"@id\":\"https:\\\/\\\/iraurgiberritzen.eus\\\/es\\\/#website\"},\"primaryImageOfPage\":{\"@id\":\"https:\\\/\\\/iraurgiberritzen.eus\\\/es\\\/el-grupo-de-orientadores-de-la-comarca-acuerda-las-proximas-acciones-a-desarrollar\\\/#primaryimage\"},\"image\":{\"@id\":\"https:\\\/\\\/iraurgiberritzen.eus\\\/es\\\/el-grupo-de-orientadores-de-la-comarca-acuerda-las-proximas-acciones-a-desarrollar\\\/#primaryimage\"},\"thumbnailUrl\":\"https:\\\/\\\/iraurgiberritzen.eus\\\/wp-content\\\/uploads\\\/2023\\\/09\\\/7f667057df63fdd3bd2720c254caf46a.jpg\",\"datePublished\":\"2023-01-18T05:13:56+00:00\",\"breadcrumb\":{\"@id\":\"https:\\\/\\\/iraurgiberritzen.eus\\\/es\\\/el-grupo-de-orientadores-de-la-comarca-acuerda-las-proximas-acciones-a-desarrollar\\\/#breadcrumb\"},\"inLanguage\":\"es\",\"potentialAction\":[{\"@type\":\"ReadAction\",\"target\":[\"https:\\\/\\\/iraurgiberritzen.eus\\\/es\\\/el-grupo-de-orientadores-de-la-comarca-acuerda-las-proximas-acciones-a-desarrollar\\\/\"]}]},{\"@type\":\"ImageObject\",\"inLanguage\":\"es\",\"@id\":\"https:\\\/\\\/iraurgiberritzen.eus\\\/es\\\/el-grupo-de-orientadores-de-la-comarca-acuerda-las-proximas-acciones-a-desarrollar\\\/#primaryimage\",\"url\":\"https:\\\/\\\/iraurgiberritzen.eus\\\/wp-content\\\/uploads\\\/2023\\\/09\\\/7f667057df63fdd3bd2720c254caf46a.jpg\",\"contentUrl\":\"https:\\\/\\\/iraurgiberritzen.eus\\\/wp-content\\\/uploads\\\/2023\\\/09\\\/7f667057df63fdd3bd2720c254caf46a.jpg\",\"width\":400,\"height\":257},{\"@type\":\"BreadcrumbList\",\"@id\":\"https:\\\/\\\/iraurgiberritzen.eus\\\/es\\\/el-grupo-de-orientadores-de-la-comarca-acuerda-las-proximas-acciones-a-desarrollar\\\/#breadcrumb\",\"itemListElement\":[{\"@type\":\"ListItem\",\"position\":1,\"name\":\"Home\",\"item\":\"https:\\\/\\\/iraurgiberritzen.eus\\\/es\\\/\"},{\"@type\":\"ListItem\",\"position\":2,\"name\":\"El grupo de orientadores de la comarca acuerda las pr\u00f3ximas acciones a desarrollar\"}]},{\"@type\":\"WebSite\",\"@id\":\"https:\\\/\\\/iraurgiberritzen.eus\\\/es\\\/#website\",\"url\":\"https:\\\/\\\/iraurgiberritzen.eus\\\/es\\\/\",\"name\":\"Iraurgi Berritzen\",\"description\":\"Urola Erdiko Garapen Agentzia\",\"publisher\":{\"@id\":\"https:\\\/\\\/iraurgiberritzen.eus\\\/es\\\/#organization\"},\"potentialAction\":[{\"@type\":\"SearchAction\",\"target\":{\"@type\":\"EntryPoint\",\"urlTemplate\":\"https:\\\/\\\/iraurgiberritzen.eus\\\/es\\\/?s={search_term_string}\"},\"query-input\":{\"@type\":\"PropertyValueSpecification\",\"valueRequired\":true,\"valueName\":\"search_term_string\"}}],\"inLanguage\":\"es\"},{\"@type\":\"Organization\",\"@id\":\"https:\\\/\\\/iraurgiberritzen.eus\\\/es\\\/#organization\",\"name\":\"Iraurgi Berritzen\",\"url\":\"https:\\\/\\\/iraurgiberritzen.eus\\\/es\\\/\",\"logo\":{\"@type\":\"ImageObject\",\"inLanguage\":\"es\",\"@id\":\"https:\\\/\\\/iraurgiberritzen.eus\\\/es\\\/#\\\/schema\\\/logo\\\/image\\\/\",\"url\":\"https:\\\/\\\/iraurgiberritzen.eus\\\/wp-content\\\/uploads\\\/2024\\\/02\\\/IRAURGI-BERRITZEN-logotipoa_2.png\",\"contentUrl\":\"https:\\\/\\\/iraurgiberritzen.eus\\\/wp-content\\\/uploads\\\/2024\\\/02\\\/IRAURGI-BERRITZEN-logotipoa_2.png\",\"width\":496,\"height\":190,\"caption\":\"Iraurgi Berritzen\"},\"image\":{\"@id\":\"https:\\\/\\\/iraurgiberritzen.eus\\\/es\\\/#\\\/schema\\\/logo\\\/image\\\/\"}},{\"@type\":\"Person\",\"@id\":\"https:\\\/\\\/iraurgiberritzen.eus\\\/es\\\/#\\\/schema\\\/person\\\/5ab41aaf388a9097177601ebf45738d2\",\"name\":\"kudeatzailea\",\"sameAs\":[\"https:\\\/\\\/iraurgiberritzen.eus\"]}]}<\/script>\n<!-- \/ Yoast SEO plugin. -->","yoast_head_json":{"title":"El grupo de orientadores de la comarca acuerda las pr\u00f3ximas acciones a desarrollar - Iraurgi Berritzen","robots":{"index":"index","follow":"follow","max-snippet":"max-snippet:-1","max-image-preview":"max-image-preview:large","max-video-preview":"max-video-preview:-1"},"canonical":"https:\/\/iraurgiberritzen.eus\/es\/el-grupo-de-orientadores-de-la-comarca-acuerda-las-proximas-acciones-a-desarrollar\/","og_locale":"es_ES","og_type":"article","og_title":"El grupo de orientadores de la comarca acuerda las pr\u00f3ximas acciones a desarrollar - Iraurgi Berritzen","og_description":"Hoy, 17 de enero, se ha celebrado una reuni\u00f3n de seguimiento del proyecto \u00abGerolan\u00bb con el grupo de trabajo de orientadores de 5 centros escolares de la comarca. En la reuni\u00f3n de trabajo se ha realizado, por un lado, una evaluaci\u00f3n de las sesiones de reflexi\u00f3n que se han llevado a cabo en los \u00faltimos [&hellip;]","og_url":"https:\/\/iraurgiberritzen.eus\/es\/el-grupo-de-orientadores-de-la-comarca-acuerda-las-proximas-acciones-a-desarrollar\/","og_site_name":"Iraurgi Berritzen","article_published_time":"2023-01-18T05:13:56+00:00","author":"kudeatzailea","twitter_card":"summary_large_image","twitter_misc":{"Escrito por":"kudeatzailea","Tiempo de lectura":"1 minuto"},"schema":{"@context":"https:\/\/schema.org","@graph":[{"@type":"Article","@id":"https:\/\/iraurgiberritzen.eus\/es\/el-grupo-de-orientadores-de-la-comarca-acuerda-las-proximas-acciones-a-desarrollar\/#article","isPartOf":{"@id":"https:\/\/iraurgiberritzen.eus\/es\/el-grupo-de-orientadores-de-la-comarca-acuerda-las-proximas-acciones-a-desarrollar\/"},"author":{"name":"kudeatzailea","@id":"https:\/\/iraurgiberritzen.eus\/es\/#\/schema\/person\/5ab41aaf388a9097177601ebf45738d2"},"headline":"El grupo de orientadores de la comarca acuerda las pr\u00f3ximas acciones a desarrollar","datePublished":"2023-01-18T05:13:56+00:00","mainEntityOfPage":{"@id":"https:\/\/iraurgiberritzen.eus\/es\/el-grupo-de-orientadores-de-la-comarca-acuerda-las-proximas-acciones-a-desarrollar\/"},"wordCount":234,"publisher":{"@id":"https:\/\/iraurgiberritzen.eus\/es\/#organization"},"image":{"@id":"https:\/\/iraurgiberritzen.eus\/es\/el-grupo-de-orientadores-de-la-comarca-acuerda-las-proximas-acciones-a-desarrollar\/#primaryimage"},"thumbnailUrl":"https:\/\/iraurgiberritzen.eus\/wp-content\/uploads\/2023\/09\/7f667057df63fdd3bd2720c254caf46a.jpg","articleSection":["Noticias"],"inLanguage":"es"},{"@type":"WebPage","@id":"https:\/\/iraurgiberritzen.eus\/es\/el-grupo-de-orientadores-de-la-comarca-acuerda-las-proximas-acciones-a-desarrollar\/","url":"https:\/\/iraurgiberritzen.eus\/es\/el-grupo-de-orientadores-de-la-comarca-acuerda-las-proximas-acciones-a-desarrollar\/","name":"El grupo de orientadores de la comarca acuerda las pr\u00f3ximas acciones a desarrollar - Iraurgi Berritzen","isPartOf":{"@id":"https:\/\/iraurgiberritzen.eus\/es\/#website"},"primaryImageOfPage":{"@id":"https:\/\/iraurgiberritzen.eus\/es\/el-grupo-de-orientadores-de-la-comarca-acuerda-las-proximas-acciones-a-desarrollar\/#primaryimage"},"image":{"@id":"https:\/\/iraurgiberritzen.eus\/es\/el-grupo-de-orientadores-de-la-comarca-acuerda-las-proximas-acciones-a-desarrollar\/#primaryimage"},"thumbnailUrl":"https:\/\/iraurgiberritzen.eus\/wp-content\/uploads\/2023\/09\/7f667057df63fdd3bd2720c254caf46a.jpg","datePublished":"2023-01-18T05:13:56+00:00","breadcrumb":{"@id":"https:\/\/iraurgiberritzen.eus\/es\/el-grupo-de-orientadores-de-la-comarca-acuerda-las-proximas-acciones-a-desarrollar\/#breadcrumb"},"inLanguage":"es","potentialAction":[{"@type":"ReadAction","target":["https:\/\/iraurgiberritzen.eus\/es\/el-grupo-de-orientadores-de-la-comarca-acuerda-las-proximas-acciones-a-desarrollar\/"]}]},{"@type":"ImageObject","inLanguage":"es","@id":"https:\/\/iraurgiberritzen.eus\/es\/el-grupo-de-orientadores-de-la-comarca-acuerda-las-proximas-acciones-a-desarrollar\/#primaryimage","url":"https:\/\/iraurgiberritzen.eus\/wp-content\/uploads\/2023\/09\/7f667057df63fdd3bd2720c254caf46a.jpg","contentUrl":"https:\/\/iraurgiberritzen.eus\/wp-content\/uploads\/2023\/09\/7f667057df63fdd3bd2720c254caf46a.jpg","width":400,"height":257},{"@type":"BreadcrumbList","@id":"https:\/\/iraurgiberritzen.eus\/es\/el-grupo-de-orientadores-de-la-comarca-acuerda-las-proximas-acciones-a-desarrollar\/#breadcrumb","itemListElement":[{"@type":"ListItem","position":1,"name":"Home","item":"https:\/\/iraurgiberritzen.eus\/es\/"},{"@type":"ListItem","position":2,"name":"El grupo de orientadores de la comarca acuerda las pr\u00f3ximas acciones a desarrollar"}]},{"@type":"WebSite","@id":"https:\/\/iraurgiberritzen.eus\/es\/#website","url":"https:\/\/iraurgiberritzen.eus\/es\/","name":"Iraurgi Berritzen","description":"Urola Erdiko Garapen Agentzia","publisher":{"@id":"https:\/\/iraurgiberritzen.eus\/es\/#organization"},"potentialAction":[{"@type":"SearchAction","target":{"@type":"EntryPoint","urlTemplate":"https:\/\/iraurgiberritzen.eus\/es\/?s={search_term_string}"},"query-input":{"@type":"PropertyValueSpecification","valueRequired":true,"valueName":"search_term_string"}}],"inLanguage":"es"},{"@type":"Organization","@id":"https:\/\/iraurgiberritzen.eus\/es\/#organization","name":"Iraurgi Berritzen","url":"https:\/\/iraurgiberritzen.eus\/es\/","logo":{"@type":"ImageObject","inLanguage":"es","@id":"https:\/\/iraurgiberritzen.eus\/es\/#\/schema\/logo\/image\/","url":"https:\/\/iraurgiberritzen.eus\/wp-content\/uploads\/2024\/02\/IRAURGI-BERRITZEN-logotipoa_2.png","contentUrl":"https:\/\/iraurgiberritzen.eus\/wp-content\/uploads\/2024\/02\/IRAURGI-BERRITZEN-logotipoa_2.png","width":496,"height":190,"caption":"Iraurgi Berritzen"},"image":{"@id":"https:\/\/iraurgiberritzen.eus\/es\/#\/schema\/logo\/image\/"}},{"@type":"Person","@id":"https:\/\/iraurgiberritzen.eus\/es\/#\/schema\/person\/5ab41aaf388a9097177601ebf45738d2","name":"kudeatzailea","sameAs":["https:\/\/iraurgiberritzen.eus"]}]}},"_links":{"self":[{"href":"https:\/\/iraurgiberritzen.eus\/es\/wp-json\/wp\/v2\/posts\/14259","targetHints":{"allow":["GET"]}}],"collection":[{"href":"https:\/\/iraurgiberritzen.eus\/es\/wp-json\/wp\/v2\/posts"}],"about":[{"href":"https:\/\/iraurgiberritzen.eus\/es\/wp-json\/wp\/v2\/types\/post"}],"author":[{"embeddable":true,"href":"https:\/\/iraurgiberritzen.eus\/es\/wp-json\/wp\/v2\/users\/1"}],"replies":[{"embeddable":true,"href":"https:\/\/iraurgiberritzen.eus\/es\/wp-json\/wp\/v2\/comments?post=14259"}],"version-history":[{"count":0,"href":"https:\/\/iraurgiberritzen.eus\/es\/wp-json\/wp\/v2\/posts\/14259\/revisions"}],"wp:featuredmedia":[{"embeddable":true,"href":"https:\/\/iraurgiberritzen.eus\/es\/wp-json\/wp\/v2\/media\/17287"}],"wp:attachment":[{"href":"https:\/\/iraurgiberritzen.eus\/es\/wp-json\/wp\/v2\/media?parent=14259"}],"wp:term":[{"taxonomy":"category","embeddable":true,"href":"https:\/\/iraurgiberritzen.eus\/es\/wp-json\/wp\/v2\/categories?post=14259"},{"taxonomy":"post_tag","embeddable":true,"href":"https:\/\/iraurgiberritzen.eus\/es\/wp-json\/wp\/v2\/tags?post=14259"}],"curies":[{"name":"wp","href":"https:\/\/api.w.org\/{rel}","templated":true}]}}