{"id":14262,"date":"2023-01-18T09:14:18","date_gmt":"2023-01-18T07:14:18","guid":{"rendered":"https:\/\/iraurgiberritzen.eus\/el-reto-de-la-digitalizacion-el-camino-hacia-la-transformacion\/"},"modified":"2023-01-18T09:14:18","modified_gmt":"2023-01-18T07:14:18","slug":"el-reto-de-la-digitalizacion-el-camino-hacia-la-transformacion","status":"publish","type":"post","link":"https:\/\/iraurgiberritzen.eus\/es\/el-reto-de-la-digitalizacion-el-camino-hacia-la-transformacion\/","title":{"rendered":"El reto de la digitalizaci\u00f3n el camino hacia la transformaci\u00f3n"},"content":{"rendered":"<p style=\"text-align: justify;\">ACELERA PYME, es una iniciativa del Ministerio de Asuntos Econ\u00f3micos y Transformaci\u00f3n Digital, enmarcada en el Plan de Recuperaci\u00f3n, Transformaci\u00f3n y Resiliencia de Espa\u00f1a.<\/p>\n<p style=\"text-align: justify;\">El Ministerio ha designado al Colegio de Ingenieros Industriales de Gipuzkoa para la difusi\u00f3n y acciones de este programa. Las acciones que se llevar\u00e1n a cabo tienen como objetivo dinamizar y acelerar el proceso de transformaci\u00f3n digital de pymes, centros educativos y profesionales. Para ello, se realizar\u00e1n diferentes acciones:<\/p>\n<ul>\n<li style=\"text-align: justify;\">Jornadas divulgativas para valorar los beneficios que aportan las nuevas tecnolog\u00edas a los procesos de negocio de las empresas.\n<ul>\n<li>En este marco, los alumnos de Izarraitz Lanbide Heziketa, recibir\u00e1n 3 sesiones, \u201cgoogle suites\u201d, \u201cmanipulaci\u00f3n de whatsapp\u201d y \u201cextorsiones en la red\u201d.<\/li>\n<li>Las peque\u00f1as empresas de la comarca, especialmente las que tienen actividad comercial, de servicios y de construcci\u00f3n, recibir\u00e1n formaci\u00f3n en \u201cwhatsapp business\u201d y sobre redes sociales.<\/li>\n<\/ul>\n<\/li>\n<\/ul>\n<p style=\"text-align: justify;\">Estas sesiones se enmarcan en el convenio que el Colegio de Ingenieros Industriales de Gipuzkoa ha firmado con Iraurgi Berritzen y que est\u00e1 dirigida a diferentes destinatarios.<\/p>\n<p style=\"text-align: justify;\">La sesi\u00f3n de hoy, ha estado dirigida al alumnado de distintos ciclos de Izarraitz Lanbide Heziketa y la pr\u00f3xima semana se ofrecer\u00e1n 2 sesiones m\u00e1s, los d\u00edas 25 y 26 de enero. Las sesiones estar\u00e1n a cargo del experto Juan Arce.<\/p>\n<p style=\"text-align: justify;\">Las empresas del sector comercial, de servicios y de la construcci\u00f3n se pondr\u00e1n en marcha en febrero y se dar\u00e1n a conocer a trav\u00e9s de los canales de la agencia.<\/p>\n","protected":false},"excerpt":{"rendered":"<p>ACELERA PYME, es una iniciativa del Ministerio de Asuntos Econ\u00f3micos y Transformaci\u00f3n Digital, enmarcada en el Plan de Recuperaci\u00f3n, Transformaci\u00f3n y Resiliencia de Espa\u00f1a. El Ministerio ha designado al Colegio de Ingenieros Industriales de Gipuzkoa para la difusi\u00f3n y acciones de este programa. Las acciones que se llevar\u00e1n a cabo tienen como objetivo dinamizar y [&hellip;]<\/p>\n","protected":false},"author":1,"featured_media":17288,"comment_status":"","ping_status":"closed","sticky":false,"template":"","format":"standard","meta":{"_acf_changed":false,"footnotes":""},"categories":[4],"tags":[],"class_list":["post-14262","post","type-post","status-publish","format-standard","has-post-thumbnail","hentry","category-noticias"],"acf":[],"yoast_head":"<!-- This site is optimized with the Yoast SEO plugin v27.4 - https:\/\/yoast.com\/product\/yoast-seo-wordpress\/ -->\n<title>El reto de la digitalizaci\u00f3n el camino hacia la transformaci\u00f3n - Iraurgi Berritzen<\/title>\n<meta name=\"robots\" content=\"index, follow, max-snippet:-1, max-image-preview:large, max-video-preview:-1\" \/>\n<link rel=\"canonical\" href=\"https:\/\/iraurgiberritzen.eus\/es\/el-reto-de-la-digitalizacion-el-camino-hacia-la-transformacion\/\" \/>\n<meta property=\"og:locale\" content=\"es_ES\" \/>\n<meta property=\"og:type\" content=\"article\" \/>\n<meta property=\"og:title\" content=\"El reto de la digitalizaci\u00f3n el camino hacia la transformaci\u00f3n - Iraurgi Berritzen\" \/>\n<meta property=\"og:description\" content=\"ACELERA PYME, es una iniciativa del Ministerio de Asuntos Econ\u00f3micos y Transformaci\u00f3n Digital, enmarcada en el Plan de Recuperaci\u00f3n, Transformaci\u00f3n y Resiliencia de Espa\u00f1a. El Ministerio ha designado al Colegio de Ingenieros Industriales de Gipuzkoa para la difusi\u00f3n y acciones de este programa. Las acciones que se llevar\u00e1n a cabo tienen como objetivo dinamizar y [&hellip;]\" \/>\n<meta property=\"og:url\" content=\"https:\/\/iraurgiberritzen.eus\/es\/el-reto-de-la-digitalizacion-el-camino-hacia-la-transformacion\/\" \/>\n<meta property=\"og:site_name\" content=\"Iraurgi Berritzen\" \/>\n<meta property=\"article:published_time\" content=\"2023-01-18T07:14:18+00:00\" \/>\n<meta name=\"author\" content=\"kudeatzailea\" \/>\n<meta name=\"twitter:card\" content=\"summary_large_image\" \/>\n<meta name=\"twitter:label1\" content=\"Escrito por\" \/>\n\t<meta name=\"twitter:data1\" content=\"kudeatzailea\" \/>\n\t<meta name=\"twitter:label2\" content=\"Tiempo de lectura\" \/>\n\t<meta name=\"twitter:data2\" content=\"1 minuto\" \/>\n<script type=\"application\/ld+json\" class=\"yoast-schema-graph\">{\"@context\":\"https:\\\/\\\/schema.org\",\"@graph\":[{\"@type\":\"Article\",\"@id\":\"https:\\\/\\\/iraurgiberritzen.eus\\\/es\\\/el-reto-de-la-digitalizacion-el-camino-hacia-la-transformacion\\\/#article\",\"isPartOf\":{\"@id\":\"https:\\\/\\\/iraurgiberritzen.eus\\\/es\\\/el-reto-de-la-digitalizacion-el-camino-hacia-la-transformacion\\\/\"},\"author\":{\"name\":\"kudeatzailea\",\"@id\":\"https:\\\/\\\/iraurgiberritzen.eus\\\/es\\\/#\\\/schema\\\/person\\\/5ab41aaf388a9097177601ebf45738d2\"},\"headline\":\"El reto de la digitalizaci\u00f3n el camino hacia la transformaci\u00f3n\",\"datePublished\":\"2023-01-18T07:14:18+00:00\",\"mainEntityOfPage\":{\"@id\":\"https:\\\/\\\/iraurgiberritzen.eus\\\/es\\\/el-reto-de-la-digitalizacion-el-camino-hacia-la-transformacion\\\/\"},\"wordCount\":272,\"publisher\":{\"@id\":\"https:\\\/\\\/iraurgiberritzen.eus\\\/es\\\/#organization\"},\"image\":{\"@id\":\"https:\\\/\\\/iraurgiberritzen.eus\\\/es\\\/el-reto-de-la-digitalizacion-el-camino-hacia-la-transformacion\\\/#primaryimage\"},\"thumbnailUrl\":\"https:\\\/\\\/iraurgiberritzen.eus\\\/wp-content\\\/uploads\\\/2023\\\/09\\\/8a3192a30d70881444db97baeae00127.jpg\",\"articleSection\":[\"Noticias\"],\"inLanguage\":\"es\"},{\"@type\":\"WebPage\",\"@id\":\"https:\\\/\\\/iraurgiberritzen.eus\\\/es\\\/el-reto-de-la-digitalizacion-el-camino-hacia-la-transformacion\\\/\",\"url\":\"https:\\\/\\\/iraurgiberritzen.eus\\\/es\\\/el-reto-de-la-digitalizacion-el-camino-hacia-la-transformacion\\\/\",\"name\":\"El reto de la digitalizaci\u00f3n el camino hacia la transformaci\u00f3n - Iraurgi Berritzen\",\"isPartOf\":{\"@id\":\"https:\\\/\\\/iraurgiberritzen.eus\\\/es\\\/#website\"},\"primaryImageOfPage\":{\"@id\":\"https:\\\/\\\/iraurgiberritzen.eus\\\/es\\\/el-reto-de-la-digitalizacion-el-camino-hacia-la-transformacion\\\/#primaryimage\"},\"image\":{\"@id\":\"https:\\\/\\\/iraurgiberritzen.eus\\\/es\\\/el-reto-de-la-digitalizacion-el-camino-hacia-la-transformacion\\\/#primaryimage\"},\"thumbnailUrl\":\"https:\\\/\\\/iraurgiberritzen.eus\\\/wp-content\\\/uploads\\\/2023\\\/09\\\/8a3192a30d70881444db97baeae00127.jpg\",\"datePublished\":\"2023-01-18T07:14:18+00:00\",\"breadcrumb\":{\"@id\":\"https:\\\/\\\/iraurgiberritzen.eus\\\/es\\\/el-reto-de-la-digitalizacion-el-camino-hacia-la-transformacion\\\/#breadcrumb\"},\"inLanguage\":\"es\",\"potentialAction\":[{\"@type\":\"ReadAction\",\"target\":[\"https:\\\/\\\/iraurgiberritzen.eus\\\/es\\\/el-reto-de-la-digitalizacion-el-camino-hacia-la-transformacion\\\/\"]}]},{\"@type\":\"ImageObject\",\"inLanguage\":\"es\",\"@id\":\"https:\\\/\\\/iraurgiberritzen.eus\\\/es\\\/el-reto-de-la-digitalizacion-el-camino-hacia-la-transformacion\\\/#primaryimage\",\"url\":\"https:\\\/\\\/iraurgiberritzen.eus\\\/wp-content\\\/uploads\\\/2023\\\/09\\\/8a3192a30d70881444db97baeae00127.jpg\",\"contentUrl\":\"https:\\\/\\\/iraurgiberritzen.eus\\\/wp-content\\\/uploads\\\/2023\\\/09\\\/8a3192a30d70881444db97baeae00127.jpg\",\"width\":400,\"height\":257},{\"@type\":\"BreadcrumbList\",\"@id\":\"https:\\\/\\\/iraurgiberritzen.eus\\\/es\\\/el-reto-de-la-digitalizacion-el-camino-hacia-la-transformacion\\\/#breadcrumb\",\"itemListElement\":[{\"@type\":\"ListItem\",\"position\":1,\"name\":\"Home\",\"item\":\"https:\\\/\\\/iraurgiberritzen.eus\\\/es\\\/\"},{\"@type\":\"ListItem\",\"position\":2,\"name\":\"El reto de la digitalizaci\u00f3n el camino hacia la transformaci\u00f3n\"}]},{\"@type\":\"WebSite\",\"@id\":\"https:\\\/\\\/iraurgiberritzen.eus\\\/es\\\/#website\",\"url\":\"https:\\\/\\\/iraurgiberritzen.eus\\\/es\\\/\",\"name\":\"Iraurgi Berritzen\",\"description\":\"Urola Erdiko Garapen Agentzia\",\"publisher\":{\"@id\":\"https:\\\/\\\/iraurgiberritzen.eus\\\/es\\\/#organization\"},\"potentialAction\":[{\"@type\":\"SearchAction\",\"target\":{\"@type\":\"EntryPoint\",\"urlTemplate\":\"https:\\\/\\\/iraurgiberritzen.eus\\\/es\\\/?s={search_term_string}\"},\"query-input\":{\"@type\":\"PropertyValueSpecification\",\"valueRequired\":true,\"valueName\":\"search_term_string\"}}],\"inLanguage\":\"es\"},{\"@type\":\"Organization\",\"@id\":\"https:\\\/\\\/iraurgiberritzen.eus\\\/es\\\/#organization\",\"name\":\"Iraurgi Berritzen\",\"url\":\"https:\\\/\\\/iraurgiberritzen.eus\\\/es\\\/\",\"logo\":{\"@type\":\"ImageObject\",\"inLanguage\":\"es\",\"@id\":\"https:\\\/\\\/iraurgiberritzen.eus\\\/es\\\/#\\\/schema\\\/logo\\\/image\\\/\",\"url\":\"https:\\\/\\\/iraurgiberritzen.eus\\\/wp-content\\\/uploads\\\/2024\\\/02\\\/IRAURGI-BERRITZEN-logotipoa_2.png\",\"contentUrl\":\"https:\\\/\\\/iraurgiberritzen.eus\\\/wp-content\\\/uploads\\\/2024\\\/02\\\/IRAURGI-BERRITZEN-logotipoa_2.png\",\"width\":496,\"height\":190,\"caption\":\"Iraurgi Berritzen\"},\"image\":{\"@id\":\"https:\\\/\\\/iraurgiberritzen.eus\\\/es\\\/#\\\/schema\\\/logo\\\/image\\\/\"}},{\"@type\":\"Person\",\"@id\":\"https:\\\/\\\/iraurgiberritzen.eus\\\/es\\\/#\\\/schema\\\/person\\\/5ab41aaf388a9097177601ebf45738d2\",\"name\":\"kudeatzailea\",\"sameAs\":[\"https:\\\/\\\/iraurgiberritzen.eus\"]}]}<\/script>\n<!-- \/ Yoast SEO plugin. -->","yoast_head_json":{"title":"El reto de la digitalizaci\u00f3n el camino hacia la transformaci\u00f3n - Iraurgi Berritzen","robots":{"index":"index","follow":"follow","max-snippet":"max-snippet:-1","max-image-preview":"max-image-preview:large","max-video-preview":"max-video-preview:-1"},"canonical":"https:\/\/iraurgiberritzen.eus\/es\/el-reto-de-la-digitalizacion-el-camino-hacia-la-transformacion\/","og_locale":"es_ES","og_type":"article","og_title":"El reto de la digitalizaci\u00f3n el camino hacia la transformaci\u00f3n - Iraurgi Berritzen","og_description":"ACELERA PYME, es una iniciativa del Ministerio de Asuntos Econ\u00f3micos y Transformaci\u00f3n Digital, enmarcada en el Plan de Recuperaci\u00f3n, Transformaci\u00f3n y Resiliencia de Espa\u00f1a. El Ministerio ha designado al Colegio de Ingenieros Industriales de Gipuzkoa para la difusi\u00f3n y acciones de este programa. Las acciones que se llevar\u00e1n a cabo tienen como objetivo dinamizar y [&hellip;]","og_url":"https:\/\/iraurgiberritzen.eus\/es\/el-reto-de-la-digitalizacion-el-camino-hacia-la-transformacion\/","og_site_name":"Iraurgi Berritzen","article_published_time":"2023-01-18T07:14:18+00:00","author":"kudeatzailea","twitter_card":"summary_large_image","twitter_misc":{"Escrito por":"kudeatzailea","Tiempo de lectura":"1 minuto"},"schema":{"@context":"https:\/\/schema.org","@graph":[{"@type":"Article","@id":"https:\/\/iraurgiberritzen.eus\/es\/el-reto-de-la-digitalizacion-el-camino-hacia-la-transformacion\/#article","isPartOf":{"@id":"https:\/\/iraurgiberritzen.eus\/es\/el-reto-de-la-digitalizacion-el-camino-hacia-la-transformacion\/"},"author":{"name":"kudeatzailea","@id":"https:\/\/iraurgiberritzen.eus\/es\/#\/schema\/person\/5ab41aaf388a9097177601ebf45738d2"},"headline":"El reto de la digitalizaci\u00f3n el camino hacia la transformaci\u00f3n","datePublished":"2023-01-18T07:14:18+00:00","mainEntityOfPage":{"@id":"https:\/\/iraurgiberritzen.eus\/es\/el-reto-de-la-digitalizacion-el-camino-hacia-la-transformacion\/"},"wordCount":272,"publisher":{"@id":"https:\/\/iraurgiberritzen.eus\/es\/#organization"},"image":{"@id":"https:\/\/iraurgiberritzen.eus\/es\/el-reto-de-la-digitalizacion-el-camino-hacia-la-transformacion\/#primaryimage"},"thumbnailUrl":"https:\/\/iraurgiberritzen.eus\/wp-content\/uploads\/2023\/09\/8a3192a30d70881444db97baeae00127.jpg","articleSection":["Noticias"],"inLanguage":"es"},{"@type":"WebPage","@id":"https:\/\/iraurgiberritzen.eus\/es\/el-reto-de-la-digitalizacion-el-camino-hacia-la-transformacion\/","url":"https:\/\/iraurgiberritzen.eus\/es\/el-reto-de-la-digitalizacion-el-camino-hacia-la-transformacion\/","name":"El reto de la digitalizaci\u00f3n el camino hacia la transformaci\u00f3n - Iraurgi Berritzen","isPartOf":{"@id":"https:\/\/iraurgiberritzen.eus\/es\/#website"},"primaryImageOfPage":{"@id":"https:\/\/iraurgiberritzen.eus\/es\/el-reto-de-la-digitalizacion-el-camino-hacia-la-transformacion\/#primaryimage"},"image":{"@id":"https:\/\/iraurgiberritzen.eus\/es\/el-reto-de-la-digitalizacion-el-camino-hacia-la-transformacion\/#primaryimage"},"thumbnailUrl":"https:\/\/iraurgiberritzen.eus\/wp-content\/uploads\/2023\/09\/8a3192a30d70881444db97baeae00127.jpg","datePublished":"2023-01-18T07:14:18+00:00","breadcrumb":{"@id":"https:\/\/iraurgiberritzen.eus\/es\/el-reto-de-la-digitalizacion-el-camino-hacia-la-transformacion\/#breadcrumb"},"inLanguage":"es","potentialAction":[{"@type":"ReadAction","target":["https:\/\/iraurgiberritzen.eus\/es\/el-reto-de-la-digitalizacion-el-camino-hacia-la-transformacion\/"]}]},{"@type":"ImageObject","inLanguage":"es","@id":"https:\/\/iraurgiberritzen.eus\/es\/el-reto-de-la-digitalizacion-el-camino-hacia-la-transformacion\/#primaryimage","url":"https:\/\/iraurgiberritzen.eus\/wp-content\/uploads\/2023\/09\/8a3192a30d70881444db97baeae00127.jpg","contentUrl":"https:\/\/iraurgiberritzen.eus\/wp-content\/uploads\/2023\/09\/8a3192a30d70881444db97baeae00127.jpg","width":400,"height":257},{"@type":"BreadcrumbList","@id":"https:\/\/iraurgiberritzen.eus\/es\/el-reto-de-la-digitalizacion-el-camino-hacia-la-transformacion\/#breadcrumb","itemListElement":[{"@type":"ListItem","position":1,"name":"Home","item":"https:\/\/iraurgiberritzen.eus\/es\/"},{"@type":"ListItem","position":2,"name":"El reto de la digitalizaci\u00f3n el camino hacia la transformaci\u00f3n"}]},{"@type":"WebSite","@id":"https:\/\/iraurgiberritzen.eus\/es\/#website","url":"https:\/\/iraurgiberritzen.eus\/es\/","name":"Iraurgi Berritzen","description":"Urola Erdiko Garapen Agentzia","publisher":{"@id":"https:\/\/iraurgiberritzen.eus\/es\/#organization"},"potentialAction":[{"@type":"SearchAction","target":{"@type":"EntryPoint","urlTemplate":"https:\/\/iraurgiberritzen.eus\/es\/?s={search_term_string}"},"query-input":{"@type":"PropertyValueSpecification","valueRequired":true,"valueName":"search_term_string"}}],"inLanguage":"es"},{"@type":"Organization","@id":"https:\/\/iraurgiberritzen.eus\/es\/#organization","name":"Iraurgi Berritzen","url":"https:\/\/iraurgiberritzen.eus\/es\/","logo":{"@type":"ImageObject","inLanguage":"es","@id":"https:\/\/iraurgiberritzen.eus\/es\/#\/schema\/logo\/image\/","url":"https:\/\/iraurgiberritzen.eus\/wp-content\/uploads\/2024\/02\/IRAURGI-BERRITZEN-logotipoa_2.png","contentUrl":"https:\/\/iraurgiberritzen.eus\/wp-content\/uploads\/2024\/02\/IRAURGI-BERRITZEN-logotipoa_2.png","width":496,"height":190,"caption":"Iraurgi Berritzen"},"image":{"@id":"https:\/\/iraurgiberritzen.eus\/es\/#\/schema\/logo\/image\/"}},{"@type":"Person","@id":"https:\/\/iraurgiberritzen.eus\/es\/#\/schema\/person\/5ab41aaf388a9097177601ebf45738d2","name":"kudeatzailea","sameAs":["https:\/\/iraurgiberritzen.eus"]}]}},"_links":{"self":[{"href":"https:\/\/iraurgiberritzen.eus\/es\/wp-json\/wp\/v2\/posts\/14262","targetHints":{"allow":["GET"]}}],"collection":[{"href":"https:\/\/iraurgiberritzen.eus\/es\/wp-json\/wp\/v2\/posts"}],"about":[{"href":"https:\/\/iraurgiberritzen.eus\/es\/wp-json\/wp\/v2\/types\/post"}],"author":[{"embeddable":true,"href":"https:\/\/iraurgiberritzen.eus\/es\/wp-json\/wp\/v2\/users\/1"}],"replies":[{"embeddable":true,"href":"https:\/\/iraurgiberritzen.eus\/es\/wp-json\/wp\/v2\/comments?post=14262"}],"version-history":[{"count":0,"href":"https:\/\/iraurgiberritzen.eus\/es\/wp-json\/wp\/v2\/posts\/14262\/revisions"}],"wp:featuredmedia":[{"embeddable":true,"href":"https:\/\/iraurgiberritzen.eus\/es\/wp-json\/wp\/v2\/media\/17288"}],"wp:attachment":[{"href":"https:\/\/iraurgiberritzen.eus\/es\/wp-json\/wp\/v2\/media?parent=14262"}],"wp:term":[{"taxonomy":"category","embeddable":true,"href":"https:\/\/iraurgiberritzen.eus\/es\/wp-json\/wp\/v2\/categories?post=14262"},{"taxonomy":"post_tag","embeddable":true,"href":"https:\/\/iraurgiberritzen.eus\/es\/wp-json\/wp\/v2\/tags?post=14262"}],"curies":[{"name":"wp","href":"https:\/\/api.w.org\/{rel}","templated":true}]}}