{"id":14268,"date":"2023-01-23T15:13:49","date_gmt":"2023-01-23T13:13:49","guid":{"rendered":"https:\/\/iraurgiberritzen.eus\/el-alumnado-de-la-comarca-protagonista-de-su-propio-proceso-de-aprendizaje-en-el-proyecto-elkarrekin-eraikitzen\/"},"modified":"2023-01-23T15:13:49","modified_gmt":"2023-01-23T13:13:49","slug":"el-alumnado-de-la-comarca-protagonista-de-su-propio-proceso-de-aprendizaje-en-el-proyecto-elkarrekin-eraikitzen","status":"publish","type":"post","link":"https:\/\/iraurgiberritzen.eus\/es\/el-alumnado-de-la-comarca-protagonista-de-su-propio-proceso-de-aprendizaje-en-el-proyecto-elkarrekin-eraikitzen\/","title":{"rendered":"El alumnado de la comarca, protagonista de su propio proceso de aprendizaje en el proyecto Elkarrekin Eraikitzen"},"content":{"rendered":"<p style=\"text-align: justify;\">Alrededor de 200 alumnos y alumnas visitar\u00e1n y entrevistar\u00e1n a m\u00e1s de 40 agentes a lo largo del proceso.<\/p>\n<p style=\"text-align: justify;\">Por 9\u00ba a\u00f1o consecutivo\u202fse ha puesto en marcha el proyecto\u202fElkarrekin Eraikitzen\u202fque trata de fomentar relaciones entre el alumnado de los centros escolares con los agentes de la comarca.<\/p>\n<p style=\"text-align: justify;\">El pasado 19 de enero, se realiz\u00f3 la primera din\u00e1mica con los alumnos de FLOREAGA Salestar Ikastetxea, de la mano de Iraurgi Berritzen, con el objetivo de activar a los j\u00f3venes antes de iniciar el proceso.<\/p>\n<p style=\"text-align: justify;\">En los pr\u00f3ximos meses, el alumnado abordar\u00e1, a partir de sus intereses, casos representativos seg\u00fan la realidad socioecon\u00f3mica de la comarca (industria, comercio, salud, sector primario, emprendimiento, empleo, cultura y medios de comunicaci\u00f3n, servicios sociales). Contactar\u00e1n con los agentes para obtener la informaci\u00f3n necesaria para satisfacer sus inquietudes e intereses y, una vez recopilada la informaci\u00f3n, compartir\u00e1n su trabajo con sus compa\u00f1eros.<\/p>\n<p style=\"text-align: justify;\">El proyecto pone al alumnado en el centro de su proceso de aprendizaje, y adem\u00e1s de desarrollar diferentes capacidades y valores (autonom\u00eda, iniciativa, trabajo en equipo, comunicaci\u00f3n, creatividad, competencia digital&#8230;), los alumnos tendr\u00e1n la oportunidad de adentrarse en el proceso de aprendizaje a trav\u00e9s de una metodolog\u00eda diferente y conocer de primera mano la realidad socioecon\u00f3mica de la comarca.<\/p>\n<p style=\"text-align: justify;\">&nbsp;<\/p>\n","protected":false},"excerpt":{"rendered":"<p>Alrededor de 200 alumnos y alumnas visitar\u00e1n y entrevistar\u00e1n a m\u00e1s de 40 agentes a lo largo del proceso. Por 9\u00ba a\u00f1o consecutivo\u202fse ha puesto en marcha el proyecto\u202fElkarrekin Eraikitzen\u202fque trata de fomentar relaciones entre el alumnado de los centros escolares con los agentes de la comarca. El pasado 19 de enero, se realiz\u00f3 la [&hellip;]<\/p>\n","protected":false},"author":1,"featured_media":17290,"comment_status":"closed","ping_status":"closed","sticky":false,"template":"","format":"standard","meta":{"_acf_changed":false,"footnotes":""},"categories":[4],"tags":[],"class_list":["post-14268","post","type-post","status-publish","format-standard","has-post-thumbnail","hentry","category-noticias"],"acf":[],"yoast_head":"<!-- This site is optimized with the Yoast SEO plugin v27.4 - https:\/\/yoast.com\/product\/yoast-seo-wordpress\/ -->\n<title>El alumnado de la comarca, protagonista de su propio proceso de aprendizaje en el proyecto Elkarrekin Eraikitzen - Iraurgi Berritzen<\/title>\n<meta name=\"robots\" content=\"index, follow, max-snippet:-1, max-image-preview:large, max-video-preview:-1\" \/>\n<link rel=\"canonical\" href=\"https:\/\/iraurgiberritzen.eus\/es\/el-alumnado-de-la-comarca-protagonista-de-su-propio-proceso-de-aprendizaje-en-el-proyecto-elkarrekin-eraikitzen\/\" \/>\n<meta property=\"og:locale\" content=\"es_ES\" \/>\n<meta property=\"og:type\" content=\"article\" \/>\n<meta property=\"og:title\" content=\"El alumnado de la comarca, protagonista de su propio proceso de aprendizaje en el proyecto Elkarrekin Eraikitzen - Iraurgi Berritzen\" \/>\n<meta property=\"og:description\" content=\"Alrededor de 200 alumnos y alumnas visitar\u00e1n y entrevistar\u00e1n a m\u00e1s de 40 agentes a lo largo del proceso. Por 9\u00ba a\u00f1o consecutivo\u202fse ha puesto en marcha el proyecto\u202fElkarrekin Eraikitzen\u202fque trata de fomentar relaciones entre el alumnado de los centros escolares con los agentes de la comarca. El pasado 19 de enero, se realiz\u00f3 la [&hellip;]\" \/>\n<meta property=\"og:url\" content=\"https:\/\/iraurgiberritzen.eus\/es\/el-alumnado-de-la-comarca-protagonista-de-su-propio-proceso-de-aprendizaje-en-el-proyecto-elkarrekin-eraikitzen\/\" \/>\n<meta property=\"og:site_name\" content=\"Iraurgi Berritzen\" \/>\n<meta property=\"article:published_time\" content=\"2023-01-23T13:13:49+00:00\" \/>\n<meta name=\"author\" content=\"kudeatzailea\" \/>\n<meta name=\"twitter:card\" content=\"summary_large_image\" \/>\n<meta name=\"twitter:label1\" content=\"Escrito por\" \/>\n\t<meta name=\"twitter:data1\" content=\"kudeatzailea\" \/>\n\t<meta name=\"twitter:label2\" content=\"Tiempo de lectura\" \/>\n\t<meta name=\"twitter:data2\" content=\"1 minuto\" \/>\n<script type=\"application\/ld+json\" class=\"yoast-schema-graph\">{\"@context\":\"https:\\\/\\\/schema.org\",\"@graph\":[{\"@type\":\"Article\",\"@id\":\"https:\\\/\\\/iraurgiberritzen.eus\\\/es\\\/el-alumnado-de-la-comarca-protagonista-de-su-propio-proceso-de-aprendizaje-en-el-proyecto-elkarrekin-eraikitzen\\\/#article\",\"isPartOf\":{\"@id\":\"https:\\\/\\\/iraurgiberritzen.eus\\\/es\\\/el-alumnado-de-la-comarca-protagonista-de-su-propio-proceso-de-aprendizaje-en-el-proyecto-elkarrekin-eraikitzen\\\/\"},\"author\":{\"name\":\"kudeatzailea\",\"@id\":\"https:\\\/\\\/iraurgiberritzen.eus\\\/es\\\/#\\\/schema\\\/person\\\/5ab41aaf388a9097177601ebf45738d2\"},\"headline\":\"El alumnado de la comarca, protagonista de su propio proceso de aprendizaje en el proyecto Elkarrekin Eraikitzen\",\"datePublished\":\"2023-01-23T13:13:49+00:00\",\"mainEntityOfPage\":{\"@id\":\"https:\\\/\\\/iraurgiberritzen.eus\\\/es\\\/el-alumnado-de-la-comarca-protagonista-de-su-propio-proceso-de-aprendizaje-en-el-proyecto-elkarrekin-eraikitzen\\\/\"},\"wordCount\":243,\"publisher\":{\"@id\":\"https:\\\/\\\/iraurgiberritzen.eus\\\/es\\\/#organization\"},\"image\":{\"@id\":\"https:\\\/\\\/iraurgiberritzen.eus\\\/es\\\/el-alumnado-de-la-comarca-protagonista-de-su-propio-proceso-de-aprendizaje-en-el-proyecto-elkarrekin-eraikitzen\\\/#primaryimage\"},\"thumbnailUrl\":\"https:\\\/\\\/iraurgiberritzen.eus\\\/wp-content\\\/uploads\\\/2023\\\/09\\\/12eb06590dc80d1ec796967956abe661.jpg\",\"articleSection\":[\"Noticias\"],\"inLanguage\":\"es\"},{\"@type\":\"WebPage\",\"@id\":\"https:\\\/\\\/iraurgiberritzen.eus\\\/es\\\/el-alumnado-de-la-comarca-protagonista-de-su-propio-proceso-de-aprendizaje-en-el-proyecto-elkarrekin-eraikitzen\\\/\",\"url\":\"https:\\\/\\\/iraurgiberritzen.eus\\\/es\\\/el-alumnado-de-la-comarca-protagonista-de-su-propio-proceso-de-aprendizaje-en-el-proyecto-elkarrekin-eraikitzen\\\/\",\"name\":\"El alumnado de la comarca, protagonista de su propio proceso de aprendizaje en el proyecto Elkarrekin Eraikitzen - Iraurgi Berritzen\",\"isPartOf\":{\"@id\":\"https:\\\/\\\/iraurgiberritzen.eus\\\/es\\\/#website\"},\"primaryImageOfPage\":{\"@id\":\"https:\\\/\\\/iraurgiberritzen.eus\\\/es\\\/el-alumnado-de-la-comarca-protagonista-de-su-propio-proceso-de-aprendizaje-en-el-proyecto-elkarrekin-eraikitzen\\\/#primaryimage\"},\"image\":{\"@id\":\"https:\\\/\\\/iraurgiberritzen.eus\\\/es\\\/el-alumnado-de-la-comarca-protagonista-de-su-propio-proceso-de-aprendizaje-en-el-proyecto-elkarrekin-eraikitzen\\\/#primaryimage\"},\"thumbnailUrl\":\"https:\\\/\\\/iraurgiberritzen.eus\\\/wp-content\\\/uploads\\\/2023\\\/09\\\/12eb06590dc80d1ec796967956abe661.jpg\",\"datePublished\":\"2023-01-23T13:13:49+00:00\",\"breadcrumb\":{\"@id\":\"https:\\\/\\\/iraurgiberritzen.eus\\\/es\\\/el-alumnado-de-la-comarca-protagonista-de-su-propio-proceso-de-aprendizaje-en-el-proyecto-elkarrekin-eraikitzen\\\/#breadcrumb\"},\"inLanguage\":\"es\",\"potentialAction\":[{\"@type\":\"ReadAction\",\"target\":[\"https:\\\/\\\/iraurgiberritzen.eus\\\/es\\\/el-alumnado-de-la-comarca-protagonista-de-su-propio-proceso-de-aprendizaje-en-el-proyecto-elkarrekin-eraikitzen\\\/\"]}]},{\"@type\":\"ImageObject\",\"inLanguage\":\"es\",\"@id\":\"https:\\\/\\\/iraurgiberritzen.eus\\\/es\\\/el-alumnado-de-la-comarca-protagonista-de-su-propio-proceso-de-aprendizaje-en-el-proyecto-elkarrekin-eraikitzen\\\/#primaryimage\",\"url\":\"https:\\\/\\\/iraurgiberritzen.eus\\\/wp-content\\\/uploads\\\/2023\\\/09\\\/12eb06590dc80d1ec796967956abe661.jpg\",\"contentUrl\":\"https:\\\/\\\/iraurgiberritzen.eus\\\/wp-content\\\/uploads\\\/2023\\\/09\\\/12eb06590dc80d1ec796967956abe661.jpg\",\"width\":400,\"height\":257},{\"@type\":\"BreadcrumbList\",\"@id\":\"https:\\\/\\\/iraurgiberritzen.eus\\\/es\\\/el-alumnado-de-la-comarca-protagonista-de-su-propio-proceso-de-aprendizaje-en-el-proyecto-elkarrekin-eraikitzen\\\/#breadcrumb\",\"itemListElement\":[{\"@type\":\"ListItem\",\"position\":1,\"name\":\"Home\",\"item\":\"https:\\\/\\\/iraurgiberritzen.eus\\\/es\\\/\"},{\"@type\":\"ListItem\",\"position\":2,\"name\":\"El alumnado de la comarca, protagonista de su propio proceso de aprendizaje en el proyecto Elkarrekin Eraikitzen\"}]},{\"@type\":\"WebSite\",\"@id\":\"https:\\\/\\\/iraurgiberritzen.eus\\\/es\\\/#website\",\"url\":\"https:\\\/\\\/iraurgiberritzen.eus\\\/es\\\/\",\"name\":\"Iraurgi Berritzen\",\"description\":\"Urola Erdiko Garapen Agentzia\",\"publisher\":{\"@id\":\"https:\\\/\\\/iraurgiberritzen.eus\\\/es\\\/#organization\"},\"potentialAction\":[{\"@type\":\"SearchAction\",\"target\":{\"@type\":\"EntryPoint\",\"urlTemplate\":\"https:\\\/\\\/iraurgiberritzen.eus\\\/es\\\/?s={search_term_string}\"},\"query-input\":{\"@type\":\"PropertyValueSpecification\",\"valueRequired\":true,\"valueName\":\"search_term_string\"}}],\"inLanguage\":\"es\"},{\"@type\":\"Organization\",\"@id\":\"https:\\\/\\\/iraurgiberritzen.eus\\\/es\\\/#organization\",\"name\":\"Iraurgi Berritzen\",\"url\":\"https:\\\/\\\/iraurgiberritzen.eus\\\/es\\\/\",\"logo\":{\"@type\":\"ImageObject\",\"inLanguage\":\"es\",\"@id\":\"https:\\\/\\\/iraurgiberritzen.eus\\\/es\\\/#\\\/schema\\\/logo\\\/image\\\/\",\"url\":\"https:\\\/\\\/iraurgiberritzen.eus\\\/wp-content\\\/uploads\\\/2024\\\/02\\\/IRAURGI-BERRITZEN-logotipoa_2.png\",\"contentUrl\":\"https:\\\/\\\/iraurgiberritzen.eus\\\/wp-content\\\/uploads\\\/2024\\\/02\\\/IRAURGI-BERRITZEN-logotipoa_2.png\",\"width\":496,\"height\":190,\"caption\":\"Iraurgi Berritzen\"},\"image\":{\"@id\":\"https:\\\/\\\/iraurgiberritzen.eus\\\/es\\\/#\\\/schema\\\/logo\\\/image\\\/\"}},{\"@type\":\"Person\",\"@id\":\"https:\\\/\\\/iraurgiberritzen.eus\\\/es\\\/#\\\/schema\\\/person\\\/5ab41aaf388a9097177601ebf45738d2\",\"name\":\"kudeatzailea\",\"sameAs\":[\"https:\\\/\\\/iraurgiberritzen.eus\"]}]}<\/script>\n<!-- \/ Yoast SEO plugin. -->","yoast_head_json":{"title":"El alumnado de la comarca, protagonista de su propio proceso de aprendizaje en el proyecto Elkarrekin Eraikitzen - Iraurgi Berritzen","robots":{"index":"index","follow":"follow","max-snippet":"max-snippet:-1","max-image-preview":"max-image-preview:large","max-video-preview":"max-video-preview:-1"},"canonical":"https:\/\/iraurgiberritzen.eus\/es\/el-alumnado-de-la-comarca-protagonista-de-su-propio-proceso-de-aprendizaje-en-el-proyecto-elkarrekin-eraikitzen\/","og_locale":"es_ES","og_type":"article","og_title":"El alumnado de la comarca, protagonista de su propio proceso de aprendizaje en el proyecto Elkarrekin Eraikitzen - Iraurgi Berritzen","og_description":"Alrededor de 200 alumnos y alumnas visitar\u00e1n y entrevistar\u00e1n a m\u00e1s de 40 agentes a lo largo del proceso. Por 9\u00ba a\u00f1o consecutivo\u202fse ha puesto en marcha el proyecto\u202fElkarrekin Eraikitzen\u202fque trata de fomentar relaciones entre el alumnado de los centros escolares con los agentes de la comarca. El pasado 19 de enero, se realiz\u00f3 la [&hellip;]","og_url":"https:\/\/iraurgiberritzen.eus\/es\/el-alumnado-de-la-comarca-protagonista-de-su-propio-proceso-de-aprendizaje-en-el-proyecto-elkarrekin-eraikitzen\/","og_site_name":"Iraurgi Berritzen","article_published_time":"2023-01-23T13:13:49+00:00","author":"kudeatzailea","twitter_card":"summary_large_image","twitter_misc":{"Escrito por":"kudeatzailea","Tiempo de lectura":"1 minuto"},"schema":{"@context":"https:\/\/schema.org","@graph":[{"@type":"Article","@id":"https:\/\/iraurgiberritzen.eus\/es\/el-alumnado-de-la-comarca-protagonista-de-su-propio-proceso-de-aprendizaje-en-el-proyecto-elkarrekin-eraikitzen\/#article","isPartOf":{"@id":"https:\/\/iraurgiberritzen.eus\/es\/el-alumnado-de-la-comarca-protagonista-de-su-propio-proceso-de-aprendizaje-en-el-proyecto-elkarrekin-eraikitzen\/"},"author":{"name":"kudeatzailea","@id":"https:\/\/iraurgiberritzen.eus\/es\/#\/schema\/person\/5ab41aaf388a9097177601ebf45738d2"},"headline":"El alumnado de la comarca, protagonista de su propio proceso de aprendizaje en el proyecto Elkarrekin Eraikitzen","datePublished":"2023-01-23T13:13:49+00:00","mainEntityOfPage":{"@id":"https:\/\/iraurgiberritzen.eus\/es\/el-alumnado-de-la-comarca-protagonista-de-su-propio-proceso-de-aprendizaje-en-el-proyecto-elkarrekin-eraikitzen\/"},"wordCount":243,"publisher":{"@id":"https:\/\/iraurgiberritzen.eus\/es\/#organization"},"image":{"@id":"https:\/\/iraurgiberritzen.eus\/es\/el-alumnado-de-la-comarca-protagonista-de-su-propio-proceso-de-aprendizaje-en-el-proyecto-elkarrekin-eraikitzen\/#primaryimage"},"thumbnailUrl":"https:\/\/iraurgiberritzen.eus\/wp-content\/uploads\/2023\/09\/12eb06590dc80d1ec796967956abe661.jpg","articleSection":["Noticias"],"inLanguage":"es"},{"@type":"WebPage","@id":"https:\/\/iraurgiberritzen.eus\/es\/el-alumnado-de-la-comarca-protagonista-de-su-propio-proceso-de-aprendizaje-en-el-proyecto-elkarrekin-eraikitzen\/","url":"https:\/\/iraurgiberritzen.eus\/es\/el-alumnado-de-la-comarca-protagonista-de-su-propio-proceso-de-aprendizaje-en-el-proyecto-elkarrekin-eraikitzen\/","name":"El alumnado de la comarca, protagonista de su propio proceso de aprendizaje en el proyecto Elkarrekin Eraikitzen - Iraurgi Berritzen","isPartOf":{"@id":"https:\/\/iraurgiberritzen.eus\/es\/#website"},"primaryImageOfPage":{"@id":"https:\/\/iraurgiberritzen.eus\/es\/el-alumnado-de-la-comarca-protagonista-de-su-propio-proceso-de-aprendizaje-en-el-proyecto-elkarrekin-eraikitzen\/#primaryimage"},"image":{"@id":"https:\/\/iraurgiberritzen.eus\/es\/el-alumnado-de-la-comarca-protagonista-de-su-propio-proceso-de-aprendizaje-en-el-proyecto-elkarrekin-eraikitzen\/#primaryimage"},"thumbnailUrl":"https:\/\/iraurgiberritzen.eus\/wp-content\/uploads\/2023\/09\/12eb06590dc80d1ec796967956abe661.jpg","datePublished":"2023-01-23T13:13:49+00:00","breadcrumb":{"@id":"https:\/\/iraurgiberritzen.eus\/es\/el-alumnado-de-la-comarca-protagonista-de-su-propio-proceso-de-aprendizaje-en-el-proyecto-elkarrekin-eraikitzen\/#breadcrumb"},"inLanguage":"es","potentialAction":[{"@type":"ReadAction","target":["https:\/\/iraurgiberritzen.eus\/es\/el-alumnado-de-la-comarca-protagonista-de-su-propio-proceso-de-aprendizaje-en-el-proyecto-elkarrekin-eraikitzen\/"]}]},{"@type":"ImageObject","inLanguage":"es","@id":"https:\/\/iraurgiberritzen.eus\/es\/el-alumnado-de-la-comarca-protagonista-de-su-propio-proceso-de-aprendizaje-en-el-proyecto-elkarrekin-eraikitzen\/#primaryimage","url":"https:\/\/iraurgiberritzen.eus\/wp-content\/uploads\/2023\/09\/12eb06590dc80d1ec796967956abe661.jpg","contentUrl":"https:\/\/iraurgiberritzen.eus\/wp-content\/uploads\/2023\/09\/12eb06590dc80d1ec796967956abe661.jpg","width":400,"height":257},{"@type":"BreadcrumbList","@id":"https:\/\/iraurgiberritzen.eus\/es\/el-alumnado-de-la-comarca-protagonista-de-su-propio-proceso-de-aprendizaje-en-el-proyecto-elkarrekin-eraikitzen\/#breadcrumb","itemListElement":[{"@type":"ListItem","position":1,"name":"Home","item":"https:\/\/iraurgiberritzen.eus\/es\/"},{"@type":"ListItem","position":2,"name":"El alumnado de la comarca, protagonista de su propio proceso de aprendizaje en el proyecto Elkarrekin Eraikitzen"}]},{"@type":"WebSite","@id":"https:\/\/iraurgiberritzen.eus\/es\/#website","url":"https:\/\/iraurgiberritzen.eus\/es\/","name":"Iraurgi Berritzen","description":"Urola Erdiko Garapen Agentzia","publisher":{"@id":"https:\/\/iraurgiberritzen.eus\/es\/#organization"},"potentialAction":[{"@type":"SearchAction","target":{"@type":"EntryPoint","urlTemplate":"https:\/\/iraurgiberritzen.eus\/es\/?s={search_term_string}"},"query-input":{"@type":"PropertyValueSpecification","valueRequired":true,"valueName":"search_term_string"}}],"inLanguage":"es"},{"@type":"Organization","@id":"https:\/\/iraurgiberritzen.eus\/es\/#organization","name":"Iraurgi Berritzen","url":"https:\/\/iraurgiberritzen.eus\/es\/","logo":{"@type":"ImageObject","inLanguage":"es","@id":"https:\/\/iraurgiberritzen.eus\/es\/#\/schema\/logo\/image\/","url":"https:\/\/iraurgiberritzen.eus\/wp-content\/uploads\/2024\/02\/IRAURGI-BERRITZEN-logotipoa_2.png","contentUrl":"https:\/\/iraurgiberritzen.eus\/wp-content\/uploads\/2024\/02\/IRAURGI-BERRITZEN-logotipoa_2.png","width":496,"height":190,"caption":"Iraurgi Berritzen"},"image":{"@id":"https:\/\/iraurgiberritzen.eus\/es\/#\/schema\/logo\/image\/"}},{"@type":"Person","@id":"https:\/\/iraurgiberritzen.eus\/es\/#\/schema\/person\/5ab41aaf388a9097177601ebf45738d2","name":"kudeatzailea","sameAs":["https:\/\/iraurgiberritzen.eus"]}]}},"_links":{"self":[{"href":"https:\/\/iraurgiberritzen.eus\/es\/wp-json\/wp\/v2\/posts\/14268","targetHints":{"allow":["GET"]}}],"collection":[{"href":"https:\/\/iraurgiberritzen.eus\/es\/wp-json\/wp\/v2\/posts"}],"about":[{"href":"https:\/\/iraurgiberritzen.eus\/es\/wp-json\/wp\/v2\/types\/post"}],"author":[{"embeddable":true,"href":"https:\/\/iraurgiberritzen.eus\/es\/wp-json\/wp\/v2\/users\/1"}],"replies":[{"embeddable":true,"href":"https:\/\/iraurgiberritzen.eus\/es\/wp-json\/wp\/v2\/comments?post=14268"}],"version-history":[{"count":0,"href":"https:\/\/iraurgiberritzen.eus\/es\/wp-json\/wp\/v2\/posts\/14268\/revisions"}],"wp:featuredmedia":[{"embeddable":true,"href":"https:\/\/iraurgiberritzen.eus\/es\/wp-json\/wp\/v2\/media\/17290"}],"wp:attachment":[{"href":"https:\/\/iraurgiberritzen.eus\/es\/wp-json\/wp\/v2\/media?parent=14268"}],"wp:term":[{"taxonomy":"category","embeddable":true,"href":"https:\/\/iraurgiberritzen.eus\/es\/wp-json\/wp\/v2\/categories?post=14268"},{"taxonomy":"post_tag","embeddable":true,"href":"https:\/\/iraurgiberritzen.eus\/es\/wp-json\/wp\/v2\/tags?post=14268"}],"curies":[{"name":"wp","href":"https:\/\/api.w.org\/{rel}","templated":true}]}}