{"id":14274,"date":"2023-01-25T08:54:40","date_gmt":"2023-01-25T06:54:40","guid":{"rendered":"https:\/\/iraurgiberritzen.eus\/en-el-marco-de-la-estrategia-elkarekin-de-la-dfg-y-con-el-objetivo-de-promover-en-empleo-inclusivo-agentes-sociales-de-la-comarca-conocen-el-marco-juridico-para-la-contratacion-de-personas-extranjeras\/"},"modified":"2023-01-25T08:54:40","modified_gmt":"2023-01-25T06:54:40","slug":"en-el-marco-de-la-estrategia-elkarekin-de-la-dfg-y-con-el-objetivo-de-promover-en-empleo-inclusivo-agentes-sociales-de-la-comarca-conocen-el-marco-juridico-para-la-contratacion-de-personas-extranjeras","status":"publish","type":"post","link":"https:\/\/iraurgiberritzen.eus\/es\/en-el-marco-de-la-estrategia-elkarekin-de-la-dfg-y-con-el-objetivo-de-promover-en-empleo-inclusivo-agentes-sociales-de-la-comarca-conocen-el-marco-juridico-para-la-contratacion-de-personas-extranjeras\/","title":{"rendered":"En el marco de la Estrategia ElkarEkin Lanean de la DFG y con el objetivo de promover el empleo inclusivo, agentes sociales de la comarca conocen el marco jur\u00eddico para la contrataci\u00f3n de personas extranjeras"},"content":{"rendered":"<p style=\"text-align: justify;\">Hoy, mi\u00e9rcoles, 25 de enero, <strong>Iraurgi Berritzen, en colaboraci\u00f3n con el Servicio Vasco de Integraci\u00f3n y Convivencia Intercultural BILTZEN<\/strong>, ha organizado una jornada informativa sobre: conceptos b\u00e1sicos del marco jur\u00eddico de extranjer\u00eda<\/p>\n<p style=\"text-align: justify;\">En ella han participado diferentes agentes que forman parte de la red UrolanEkin, y que trabajan en el \u00e1mbito social y de empleo en la comarca: Lanbide, Sartu, Mugat, Trabajadore\/as Sociales de los Ayuntamientos de Azkoitia, Azpeitia y Zestoa, Kalexka, Oficinas Juveniles de Azpeitia y Azkoitia, as\u00ed como el personal t\u00e9cnico de las \u00e1reas de Emprendimiento y Empleo de Iraurgi Berritzen.<\/p>\n<p style=\"text-align: justify;\">El\u202fobjetivo de la jornada ha sido <strong>ofrecer a los participantes, herramientas b\u00e1sicas que permitan la aproximaci\u00f3n y el conocimiento sobre el marco jur\u00eddico de extranjer\u00eda en lo relativo a la contrataci\u00f3n de personas extranjeras<\/strong>.<\/p>\n<p style=\"text-align: justify;\">Para ello han estado presentes expertos del Servicio Vasco de Integraci\u00f3n y Convivencia Intercultural BILTZEN. Los participantes han tenido la oportunidad de conocer en detalle el marco jur\u00eddico sobre extranjer\u00eda, conceptos b\u00e1sicos, derechos y deberes de las personas extranjeras, residencia laboral y permisos, renovaci\u00f3n de permisos, o sobre la Red Vasca de Atenci\u00f3n Jur\u00eddica en materia de extranjer\u00eda \u2013 Aholku Sarea. Tambi\u00e9n han tenido un espacio para resolver sus dudas y preguntas.<\/p>\n<p style=\"text-align: justify;\"><strong>Esta jornada es una acci\u00f3n que responde a la Estrategia ElkarEKIN Lanean de la Diputaci\u00f3n Foral de Gipuzkoa, en concreto al proyecto Urola Erdia ElkarEkin Eraginez III \u2013 UE3, cuyo objetivo es promover el empleo inclusivo.<\/strong><\/p>\n","protected":false},"excerpt":{"rendered":"<p>Hoy, mi\u00e9rcoles, 25 de enero, Iraurgi Berritzen, en colaboraci\u00f3n con el Servicio Vasco de Integraci\u00f3n y Convivencia Intercultural BILTZEN, ha organizado una jornada informativa sobre: conceptos b\u00e1sicos del marco jur\u00eddico de extranjer\u00eda En ella han participado diferentes agentes que forman parte de la red UrolanEkin, y que trabajan en el \u00e1mbito social y de empleo [&hellip;]<\/p>\n","protected":false},"author":1,"featured_media":17292,"comment_status":"","ping_status":"closed","sticky":false,"template":"","format":"standard","meta":{"_acf_changed":false,"footnotes":""},"categories":[4],"tags":[],"class_list":["post-14274","post","type-post","status-publish","format-standard","has-post-thumbnail","hentry","category-noticias"],"acf":[],"yoast_head":"<!-- This site is optimized with the Yoast SEO plugin v27.4 - https:\/\/yoast.com\/product\/yoast-seo-wordpress\/ -->\n<title>En el marco de la Estrategia ElkarEkin Lanean de la DFG y con el objetivo de promover el empleo inclusivo, agentes sociales de la comarca conocen el marco jur\u00eddico para la contrataci\u00f3n de personas extranjeras - Iraurgi Berritzen<\/title>\n<meta name=\"robots\" content=\"index, follow, max-snippet:-1, max-image-preview:large, max-video-preview:-1\" \/>\n<link rel=\"canonical\" href=\"https:\/\/iraurgiberritzen.eus\/es\/en-el-marco-de-la-estrategia-elkarekin-de-la-dfg-y-con-el-objetivo-de-promover-en-empleo-inclusivo-agentes-sociales-de-la-comarca-conocen-el-marco-juridico-para-la-contratacion-de-personas-extranjeras\/\" \/>\n<meta property=\"og:locale\" content=\"es_ES\" \/>\n<meta property=\"og:type\" content=\"article\" \/>\n<meta property=\"og:title\" content=\"En el marco de la Estrategia ElkarEkin Lanean de la DFG y con el objetivo de promover el empleo inclusivo, agentes sociales de la comarca conocen el marco jur\u00eddico para la contrataci\u00f3n de personas extranjeras - Iraurgi Berritzen\" \/>\n<meta property=\"og:description\" content=\"Hoy, mi\u00e9rcoles, 25 de enero, Iraurgi Berritzen, en colaboraci\u00f3n con el Servicio Vasco de Integraci\u00f3n y Convivencia Intercultural BILTZEN, ha organizado una jornada informativa sobre: conceptos b\u00e1sicos del marco jur\u00eddico de extranjer\u00eda En ella han participado diferentes agentes que forman parte de la red UrolanEkin, y que trabajan en el \u00e1mbito social y de empleo [&hellip;]\" \/>\n<meta property=\"og:url\" content=\"https:\/\/iraurgiberritzen.eus\/es\/en-el-marco-de-la-estrategia-elkarekin-de-la-dfg-y-con-el-objetivo-de-promover-en-empleo-inclusivo-agentes-sociales-de-la-comarca-conocen-el-marco-juridico-para-la-contratacion-de-personas-extranjeras\/\" \/>\n<meta property=\"og:site_name\" content=\"Iraurgi Berritzen\" \/>\n<meta property=\"article:published_time\" content=\"2023-01-25T06:54:40+00:00\" \/>\n<meta name=\"author\" content=\"kudeatzailea\" \/>\n<meta name=\"twitter:card\" content=\"summary_large_image\" \/>\n<meta name=\"twitter:label1\" content=\"Escrito por\" \/>\n\t<meta name=\"twitter:data1\" content=\"kudeatzailea\" \/>\n\t<meta name=\"twitter:label2\" content=\"Tiempo de lectura\" \/>\n\t<meta name=\"twitter:data2\" content=\"1 minuto\" \/>\n<script type=\"application\/ld+json\" class=\"yoast-schema-graph\">{\"@context\":\"https:\\\/\\\/schema.org\",\"@graph\":[{\"@type\":\"Article\",\"@id\":\"https:\\\/\\\/iraurgiberritzen.eus\\\/es\\\/en-el-marco-de-la-estrategia-elkarekin-de-la-dfg-y-con-el-objetivo-de-promover-en-empleo-inclusivo-agentes-sociales-de-la-comarca-conocen-el-marco-juridico-para-la-contratacion-de-personas-extranjeras\\\/#article\",\"isPartOf\":{\"@id\":\"https:\\\/\\\/iraurgiberritzen.eus\\\/es\\\/en-el-marco-de-la-estrategia-elkarekin-de-la-dfg-y-con-el-objetivo-de-promover-en-empleo-inclusivo-agentes-sociales-de-la-comarca-conocen-el-marco-juridico-para-la-contratacion-de-personas-extranjeras\\\/\"},\"author\":{\"name\":\"kudeatzailea\",\"@id\":\"https:\\\/\\\/iraurgiberritzen.eus\\\/es\\\/#\\\/schema\\\/person\\\/5ab41aaf388a9097177601ebf45738d2\"},\"headline\":\"En el marco de la Estrategia ElkarEkin Lanean de la DFG y con el objetivo de promover el empleo inclusivo, agentes sociales de la comarca conocen el marco jur\u00eddico para la contrataci\u00f3n de personas extranjeras\",\"datePublished\":\"2023-01-25T06:54:40+00:00\",\"mainEntityOfPage\":{\"@id\":\"https:\\\/\\\/iraurgiberritzen.eus\\\/es\\\/en-el-marco-de-la-estrategia-elkarekin-de-la-dfg-y-con-el-objetivo-de-promover-en-empleo-inclusivo-agentes-sociales-de-la-comarca-conocen-el-marco-juridico-para-la-contratacion-de-personas-extranjeras\\\/\"},\"wordCount\":294,\"publisher\":{\"@id\":\"https:\\\/\\\/iraurgiberritzen.eus\\\/es\\\/#organization\"},\"image\":{\"@id\":\"https:\\\/\\\/iraurgiberritzen.eus\\\/es\\\/en-el-marco-de-la-estrategia-elkarekin-de-la-dfg-y-con-el-objetivo-de-promover-en-empleo-inclusivo-agentes-sociales-de-la-comarca-conocen-el-marco-juridico-para-la-contratacion-de-personas-extranjeras\\\/#primaryimage\"},\"thumbnailUrl\":\"https:\\\/\\\/iraurgiberritzen.eus\\\/wp-content\\\/uploads\\\/2023\\\/09\\\/f1f53c46d22853de0a4d7caebf347202.jpg\",\"articleSection\":[\"Noticias\"],\"inLanguage\":\"es\"},{\"@type\":\"WebPage\",\"@id\":\"https:\\\/\\\/iraurgiberritzen.eus\\\/es\\\/en-el-marco-de-la-estrategia-elkarekin-de-la-dfg-y-con-el-objetivo-de-promover-en-empleo-inclusivo-agentes-sociales-de-la-comarca-conocen-el-marco-juridico-para-la-contratacion-de-personas-extranjeras\\\/\",\"url\":\"https:\\\/\\\/iraurgiberritzen.eus\\\/es\\\/en-el-marco-de-la-estrategia-elkarekin-de-la-dfg-y-con-el-objetivo-de-promover-en-empleo-inclusivo-agentes-sociales-de-la-comarca-conocen-el-marco-juridico-para-la-contratacion-de-personas-extranjeras\\\/\",\"name\":\"En el marco de la Estrategia ElkarEkin Lanean de la DFG y con el objetivo de promover el empleo inclusivo, agentes sociales de la comarca conocen el marco jur\u00eddico para la contrataci\u00f3n de personas extranjeras - Iraurgi Berritzen\",\"isPartOf\":{\"@id\":\"https:\\\/\\\/iraurgiberritzen.eus\\\/es\\\/#website\"},\"primaryImageOfPage\":{\"@id\":\"https:\\\/\\\/iraurgiberritzen.eus\\\/es\\\/en-el-marco-de-la-estrategia-elkarekin-de-la-dfg-y-con-el-objetivo-de-promover-en-empleo-inclusivo-agentes-sociales-de-la-comarca-conocen-el-marco-juridico-para-la-contratacion-de-personas-extranjeras\\\/#primaryimage\"},\"image\":{\"@id\":\"https:\\\/\\\/iraurgiberritzen.eus\\\/es\\\/en-el-marco-de-la-estrategia-elkarekin-de-la-dfg-y-con-el-objetivo-de-promover-en-empleo-inclusivo-agentes-sociales-de-la-comarca-conocen-el-marco-juridico-para-la-contratacion-de-personas-extranjeras\\\/#primaryimage\"},\"thumbnailUrl\":\"https:\\\/\\\/iraurgiberritzen.eus\\\/wp-content\\\/uploads\\\/2023\\\/09\\\/f1f53c46d22853de0a4d7caebf347202.jpg\",\"datePublished\":\"2023-01-25T06:54:40+00:00\",\"breadcrumb\":{\"@id\":\"https:\\\/\\\/iraurgiberritzen.eus\\\/es\\\/en-el-marco-de-la-estrategia-elkarekin-de-la-dfg-y-con-el-objetivo-de-promover-en-empleo-inclusivo-agentes-sociales-de-la-comarca-conocen-el-marco-juridico-para-la-contratacion-de-personas-extranjeras\\\/#breadcrumb\"},\"inLanguage\":\"es\",\"potentialAction\":[{\"@type\":\"ReadAction\",\"target\":[\"https:\\\/\\\/iraurgiberritzen.eus\\\/es\\\/en-el-marco-de-la-estrategia-elkarekin-de-la-dfg-y-con-el-objetivo-de-promover-en-empleo-inclusivo-agentes-sociales-de-la-comarca-conocen-el-marco-juridico-para-la-contratacion-de-personas-extranjeras\\\/\"]}]},{\"@type\":\"ImageObject\",\"inLanguage\":\"es\",\"@id\":\"https:\\\/\\\/iraurgiberritzen.eus\\\/es\\\/en-el-marco-de-la-estrategia-elkarekin-de-la-dfg-y-con-el-objetivo-de-promover-en-empleo-inclusivo-agentes-sociales-de-la-comarca-conocen-el-marco-juridico-para-la-contratacion-de-personas-extranjeras\\\/#primaryimage\",\"url\":\"https:\\\/\\\/iraurgiberritzen.eus\\\/wp-content\\\/uploads\\\/2023\\\/09\\\/f1f53c46d22853de0a4d7caebf347202.jpg\",\"contentUrl\":\"https:\\\/\\\/iraurgiberritzen.eus\\\/wp-content\\\/uploads\\\/2023\\\/09\\\/f1f53c46d22853de0a4d7caebf347202.jpg\",\"width\":400,\"height\":257},{\"@type\":\"BreadcrumbList\",\"@id\":\"https:\\\/\\\/iraurgiberritzen.eus\\\/es\\\/en-el-marco-de-la-estrategia-elkarekin-de-la-dfg-y-con-el-objetivo-de-promover-en-empleo-inclusivo-agentes-sociales-de-la-comarca-conocen-el-marco-juridico-para-la-contratacion-de-personas-extranjeras\\\/#breadcrumb\",\"itemListElement\":[{\"@type\":\"ListItem\",\"position\":1,\"name\":\"Home\",\"item\":\"https:\\\/\\\/iraurgiberritzen.eus\\\/es\\\/\"},{\"@type\":\"ListItem\",\"position\":2,\"name\":\"En el marco de la Estrategia ElkarEkin Lanean de la DFG y con el objetivo de promover el empleo inclusivo, agentes sociales de la comarca conocen el marco jur\u00eddico para la contrataci\u00f3n de personas extranjeras\"}]},{\"@type\":\"WebSite\",\"@id\":\"https:\\\/\\\/iraurgiberritzen.eus\\\/es\\\/#website\",\"url\":\"https:\\\/\\\/iraurgiberritzen.eus\\\/es\\\/\",\"name\":\"Iraurgi Berritzen\",\"description\":\"Urola Erdiko Garapen Agentzia\",\"publisher\":{\"@id\":\"https:\\\/\\\/iraurgiberritzen.eus\\\/es\\\/#organization\"},\"potentialAction\":[{\"@type\":\"SearchAction\",\"target\":{\"@type\":\"EntryPoint\",\"urlTemplate\":\"https:\\\/\\\/iraurgiberritzen.eus\\\/es\\\/?s={search_term_string}\"},\"query-input\":{\"@type\":\"PropertyValueSpecification\",\"valueRequired\":true,\"valueName\":\"search_term_string\"}}],\"inLanguage\":\"es\"},{\"@type\":\"Organization\",\"@id\":\"https:\\\/\\\/iraurgiberritzen.eus\\\/es\\\/#organization\",\"name\":\"Iraurgi Berritzen\",\"url\":\"https:\\\/\\\/iraurgiberritzen.eus\\\/es\\\/\",\"logo\":{\"@type\":\"ImageObject\",\"inLanguage\":\"es\",\"@id\":\"https:\\\/\\\/iraurgiberritzen.eus\\\/es\\\/#\\\/schema\\\/logo\\\/image\\\/\",\"url\":\"https:\\\/\\\/iraurgiberritzen.eus\\\/wp-content\\\/uploads\\\/2024\\\/02\\\/IRAURGI-BERRITZEN-logotipoa_2.png\",\"contentUrl\":\"https:\\\/\\\/iraurgiberritzen.eus\\\/wp-content\\\/uploads\\\/2024\\\/02\\\/IRAURGI-BERRITZEN-logotipoa_2.png\",\"width\":496,\"height\":190,\"caption\":\"Iraurgi Berritzen\"},\"image\":{\"@id\":\"https:\\\/\\\/iraurgiberritzen.eus\\\/es\\\/#\\\/schema\\\/logo\\\/image\\\/\"}},{\"@type\":\"Person\",\"@id\":\"https:\\\/\\\/iraurgiberritzen.eus\\\/es\\\/#\\\/schema\\\/person\\\/5ab41aaf388a9097177601ebf45738d2\",\"name\":\"kudeatzailea\",\"sameAs\":[\"https:\\\/\\\/iraurgiberritzen.eus\"]}]}<\/script>\n<!-- \/ Yoast SEO plugin. -->","yoast_head_json":{"title":"En el marco de la Estrategia ElkarEkin Lanean de la DFG y con el objetivo de promover el empleo inclusivo, agentes sociales de la comarca conocen el marco jur\u00eddico para la contrataci\u00f3n de personas extranjeras - Iraurgi Berritzen","robots":{"index":"index","follow":"follow","max-snippet":"max-snippet:-1","max-image-preview":"max-image-preview:large","max-video-preview":"max-video-preview:-1"},"canonical":"https:\/\/iraurgiberritzen.eus\/es\/en-el-marco-de-la-estrategia-elkarekin-de-la-dfg-y-con-el-objetivo-de-promover-en-empleo-inclusivo-agentes-sociales-de-la-comarca-conocen-el-marco-juridico-para-la-contratacion-de-personas-extranjeras\/","og_locale":"es_ES","og_type":"article","og_title":"En el marco de la Estrategia ElkarEkin Lanean de la DFG y con el objetivo de promover el empleo inclusivo, agentes sociales de la comarca conocen el marco jur\u00eddico para la contrataci\u00f3n de personas extranjeras - Iraurgi Berritzen","og_description":"Hoy, mi\u00e9rcoles, 25 de enero, Iraurgi Berritzen, en colaboraci\u00f3n con el Servicio Vasco de Integraci\u00f3n y Convivencia Intercultural BILTZEN, ha organizado una jornada informativa sobre: conceptos b\u00e1sicos del marco jur\u00eddico de extranjer\u00eda En ella han participado diferentes agentes que forman parte de la red UrolanEkin, y que trabajan en el \u00e1mbito social y de empleo [&hellip;]","og_url":"https:\/\/iraurgiberritzen.eus\/es\/en-el-marco-de-la-estrategia-elkarekin-de-la-dfg-y-con-el-objetivo-de-promover-en-empleo-inclusivo-agentes-sociales-de-la-comarca-conocen-el-marco-juridico-para-la-contratacion-de-personas-extranjeras\/","og_site_name":"Iraurgi Berritzen","article_published_time":"2023-01-25T06:54:40+00:00","author":"kudeatzailea","twitter_card":"summary_large_image","twitter_misc":{"Escrito por":"kudeatzailea","Tiempo de lectura":"1 minuto"},"schema":{"@context":"https:\/\/schema.org","@graph":[{"@type":"Article","@id":"https:\/\/iraurgiberritzen.eus\/es\/en-el-marco-de-la-estrategia-elkarekin-de-la-dfg-y-con-el-objetivo-de-promover-en-empleo-inclusivo-agentes-sociales-de-la-comarca-conocen-el-marco-juridico-para-la-contratacion-de-personas-extranjeras\/#article","isPartOf":{"@id":"https:\/\/iraurgiberritzen.eus\/es\/en-el-marco-de-la-estrategia-elkarekin-de-la-dfg-y-con-el-objetivo-de-promover-en-empleo-inclusivo-agentes-sociales-de-la-comarca-conocen-el-marco-juridico-para-la-contratacion-de-personas-extranjeras\/"},"author":{"name":"kudeatzailea","@id":"https:\/\/iraurgiberritzen.eus\/es\/#\/schema\/person\/5ab41aaf388a9097177601ebf45738d2"},"headline":"En el marco de la Estrategia ElkarEkin Lanean de la DFG y con el objetivo de promover el empleo inclusivo, agentes sociales de la comarca conocen el marco jur\u00eddico para la contrataci\u00f3n de personas extranjeras","datePublished":"2023-01-25T06:54:40+00:00","mainEntityOfPage":{"@id":"https:\/\/iraurgiberritzen.eus\/es\/en-el-marco-de-la-estrategia-elkarekin-de-la-dfg-y-con-el-objetivo-de-promover-en-empleo-inclusivo-agentes-sociales-de-la-comarca-conocen-el-marco-juridico-para-la-contratacion-de-personas-extranjeras\/"},"wordCount":294,"publisher":{"@id":"https:\/\/iraurgiberritzen.eus\/es\/#organization"},"image":{"@id":"https:\/\/iraurgiberritzen.eus\/es\/en-el-marco-de-la-estrategia-elkarekin-de-la-dfg-y-con-el-objetivo-de-promover-en-empleo-inclusivo-agentes-sociales-de-la-comarca-conocen-el-marco-juridico-para-la-contratacion-de-personas-extranjeras\/#primaryimage"},"thumbnailUrl":"https:\/\/iraurgiberritzen.eus\/wp-content\/uploads\/2023\/09\/f1f53c46d22853de0a4d7caebf347202.jpg","articleSection":["Noticias"],"inLanguage":"es"},{"@type":"WebPage","@id":"https:\/\/iraurgiberritzen.eus\/es\/en-el-marco-de-la-estrategia-elkarekin-de-la-dfg-y-con-el-objetivo-de-promover-en-empleo-inclusivo-agentes-sociales-de-la-comarca-conocen-el-marco-juridico-para-la-contratacion-de-personas-extranjeras\/","url":"https:\/\/iraurgiberritzen.eus\/es\/en-el-marco-de-la-estrategia-elkarekin-de-la-dfg-y-con-el-objetivo-de-promover-en-empleo-inclusivo-agentes-sociales-de-la-comarca-conocen-el-marco-juridico-para-la-contratacion-de-personas-extranjeras\/","name":"En el marco de la Estrategia ElkarEkin Lanean de la DFG y con el objetivo de promover el empleo inclusivo, agentes sociales de la comarca conocen el marco jur\u00eddico para la contrataci\u00f3n de personas extranjeras - Iraurgi Berritzen","isPartOf":{"@id":"https:\/\/iraurgiberritzen.eus\/es\/#website"},"primaryImageOfPage":{"@id":"https:\/\/iraurgiberritzen.eus\/es\/en-el-marco-de-la-estrategia-elkarekin-de-la-dfg-y-con-el-objetivo-de-promover-en-empleo-inclusivo-agentes-sociales-de-la-comarca-conocen-el-marco-juridico-para-la-contratacion-de-personas-extranjeras\/#primaryimage"},"image":{"@id":"https:\/\/iraurgiberritzen.eus\/es\/en-el-marco-de-la-estrategia-elkarekin-de-la-dfg-y-con-el-objetivo-de-promover-en-empleo-inclusivo-agentes-sociales-de-la-comarca-conocen-el-marco-juridico-para-la-contratacion-de-personas-extranjeras\/#primaryimage"},"thumbnailUrl":"https:\/\/iraurgiberritzen.eus\/wp-content\/uploads\/2023\/09\/f1f53c46d22853de0a4d7caebf347202.jpg","datePublished":"2023-01-25T06:54:40+00:00","breadcrumb":{"@id":"https:\/\/iraurgiberritzen.eus\/es\/en-el-marco-de-la-estrategia-elkarekin-de-la-dfg-y-con-el-objetivo-de-promover-en-empleo-inclusivo-agentes-sociales-de-la-comarca-conocen-el-marco-juridico-para-la-contratacion-de-personas-extranjeras\/#breadcrumb"},"inLanguage":"es","potentialAction":[{"@type":"ReadAction","target":["https:\/\/iraurgiberritzen.eus\/es\/en-el-marco-de-la-estrategia-elkarekin-de-la-dfg-y-con-el-objetivo-de-promover-en-empleo-inclusivo-agentes-sociales-de-la-comarca-conocen-el-marco-juridico-para-la-contratacion-de-personas-extranjeras\/"]}]},{"@type":"ImageObject","inLanguage":"es","@id":"https:\/\/iraurgiberritzen.eus\/es\/en-el-marco-de-la-estrategia-elkarekin-de-la-dfg-y-con-el-objetivo-de-promover-en-empleo-inclusivo-agentes-sociales-de-la-comarca-conocen-el-marco-juridico-para-la-contratacion-de-personas-extranjeras\/#primaryimage","url":"https:\/\/iraurgiberritzen.eus\/wp-content\/uploads\/2023\/09\/f1f53c46d22853de0a4d7caebf347202.jpg","contentUrl":"https:\/\/iraurgiberritzen.eus\/wp-content\/uploads\/2023\/09\/f1f53c46d22853de0a4d7caebf347202.jpg","width":400,"height":257},{"@type":"BreadcrumbList","@id":"https:\/\/iraurgiberritzen.eus\/es\/en-el-marco-de-la-estrategia-elkarekin-de-la-dfg-y-con-el-objetivo-de-promover-en-empleo-inclusivo-agentes-sociales-de-la-comarca-conocen-el-marco-juridico-para-la-contratacion-de-personas-extranjeras\/#breadcrumb","itemListElement":[{"@type":"ListItem","position":1,"name":"Home","item":"https:\/\/iraurgiberritzen.eus\/es\/"},{"@type":"ListItem","position":2,"name":"En el marco de la Estrategia ElkarEkin Lanean de la DFG y con el objetivo de promover el empleo inclusivo, agentes sociales de la comarca conocen el marco jur\u00eddico para la contrataci\u00f3n de personas extranjeras"}]},{"@type":"WebSite","@id":"https:\/\/iraurgiberritzen.eus\/es\/#website","url":"https:\/\/iraurgiberritzen.eus\/es\/","name":"Iraurgi Berritzen","description":"Urola Erdiko Garapen Agentzia","publisher":{"@id":"https:\/\/iraurgiberritzen.eus\/es\/#organization"},"potentialAction":[{"@type":"SearchAction","target":{"@type":"EntryPoint","urlTemplate":"https:\/\/iraurgiberritzen.eus\/es\/?s={search_term_string}"},"query-input":{"@type":"PropertyValueSpecification","valueRequired":true,"valueName":"search_term_string"}}],"inLanguage":"es"},{"@type":"Organization","@id":"https:\/\/iraurgiberritzen.eus\/es\/#organization","name":"Iraurgi Berritzen","url":"https:\/\/iraurgiberritzen.eus\/es\/","logo":{"@type":"ImageObject","inLanguage":"es","@id":"https:\/\/iraurgiberritzen.eus\/es\/#\/schema\/logo\/image\/","url":"https:\/\/iraurgiberritzen.eus\/wp-content\/uploads\/2024\/02\/IRAURGI-BERRITZEN-logotipoa_2.png","contentUrl":"https:\/\/iraurgiberritzen.eus\/wp-content\/uploads\/2024\/02\/IRAURGI-BERRITZEN-logotipoa_2.png","width":496,"height":190,"caption":"Iraurgi Berritzen"},"image":{"@id":"https:\/\/iraurgiberritzen.eus\/es\/#\/schema\/logo\/image\/"}},{"@type":"Person","@id":"https:\/\/iraurgiberritzen.eus\/es\/#\/schema\/person\/5ab41aaf388a9097177601ebf45738d2","name":"kudeatzailea","sameAs":["https:\/\/iraurgiberritzen.eus"]}]}},"_links":{"self":[{"href":"https:\/\/iraurgiberritzen.eus\/es\/wp-json\/wp\/v2\/posts\/14274","targetHints":{"allow":["GET"]}}],"collection":[{"href":"https:\/\/iraurgiberritzen.eus\/es\/wp-json\/wp\/v2\/posts"}],"about":[{"href":"https:\/\/iraurgiberritzen.eus\/es\/wp-json\/wp\/v2\/types\/post"}],"author":[{"embeddable":true,"href":"https:\/\/iraurgiberritzen.eus\/es\/wp-json\/wp\/v2\/users\/1"}],"replies":[{"embeddable":true,"href":"https:\/\/iraurgiberritzen.eus\/es\/wp-json\/wp\/v2\/comments?post=14274"}],"version-history":[{"count":0,"href":"https:\/\/iraurgiberritzen.eus\/es\/wp-json\/wp\/v2\/posts\/14274\/revisions"}],"wp:featuredmedia":[{"embeddable":true,"href":"https:\/\/iraurgiberritzen.eus\/es\/wp-json\/wp\/v2\/media\/17292"}],"wp:attachment":[{"href":"https:\/\/iraurgiberritzen.eus\/es\/wp-json\/wp\/v2\/media?parent=14274"}],"wp:term":[{"taxonomy":"category","embeddable":true,"href":"https:\/\/iraurgiberritzen.eus\/es\/wp-json\/wp\/v2\/categories?post=14274"},{"taxonomy":"post_tag","embeddable":true,"href":"https:\/\/iraurgiberritzen.eus\/es\/wp-json\/wp\/v2\/tags?post=14274"}],"curies":[{"name":"wp","href":"https:\/\/api.w.org\/{rel}","templated":true}]}}