{"id":14277,"date":"2023-01-26T08:00:04","date_gmt":"2023-01-26T06:00:04","guid":{"rendered":"https:\/\/iraurgiberritzen.eus\/las-empresas-de-la-comarca-conocen-diferentes-aspectos-entorno-a-los-procesos-productivos-el-reparto-de-consumos-energeticos-y-el-potencial-de-ahorro\/"},"modified":"2023-01-26T08:00:04","modified_gmt":"2023-01-26T06:00:04","slug":"las-empresas-de-la-comarca-conocen-diferentes-aspectos-entorno-a-los-procesos-productivos-el-reparto-de-consumos-energeticos-y-el-potencial-de-ahorro","status":"publish","type":"post","link":"https:\/\/iraurgiberritzen.eus\/es\/las-empresas-de-la-comarca-conocen-diferentes-aspectos-entorno-a-los-procesos-productivos-el-reparto-de-consumos-energeticos-y-el-potencial-de-ahorro\/","title":{"rendered":"Las empresas de la comarca conocen diferentes aspectos entorno a los procesos productivos, el reparto de consumos energ\u00e9ticos y el potencial de ahorro"},"content":{"rendered":"<p style=\"text-align: justify;\">Dentro del proyecto UrolEner que Iraurgi Berritzen, en colaboraci\u00f3n con Txekalde Aholkularitza, puso en marcha el pasado mes de junio, se ha celebrado hoy, jueves, 26 de enero, en el Palacio Basazabal de Azpeitia, la tercera jornada que se enmarca dentro de la planificaci\u00f3n<\/p>\n<p style=\"text-align: justify;\">En la sesi\u00f3n de hoy, representantes de las empresas de la comarca que est\u00e1n participando en el proyecto han tenido la oportunidad de analizar la tercera de las cuestiones previstas a abordar en el \u00e1mbito energ\u00e9tico a lo largo del proyecto: <strong>los procesos productivos, el reparto de consumos energ\u00e9ticos y el potencial de ahorro.<\/strong><\/p>\n<p style=\"text-align: justify;\">A partir del inventariado de los equipos consumidores de cada empresa, tambi\u00e9n se han analizado los distintos aspectos que pueden optimizar el consumo de la empresa:<\/p>\n<ul>\n<li style=\"text-align: justify;\">Organizaci\u00f3n de la producci\u00f3n, calendario y horarios.<\/li>\n<li style=\"text-align: justify;\">Arranques y paradas planificadas.<\/li>\n<li style=\"text-align: justify;\">Equipos de regulaci\u00f3n de consumo como variadores de frecuencia&#8230;.<\/li>\n<\/ul>\n<p>Adem\u00e1s, han tenido la oportunidad de debatir y analizar entre todos las dudas o consultas sobre este tema.<\/p>\n<p>Este proyecto se est\u00e1 desarrollando gracias a la financiaci\u00f3n recibida por la Mesa Comarcal de Energ\u00eda por parte del Departamento de Medio Ambiente y Obras Hidr\u00e1ulicas de la Diputaci\u00f3n Foral de Gipuzkoa.<\/p>\n<p>&nbsp;<\/p>\n","protected":false},"excerpt":{"rendered":"<p>Dentro del proyecto UrolEner que Iraurgi Berritzen, en colaboraci\u00f3n con Txekalde Aholkularitza, puso en marcha el pasado mes de junio, se ha celebrado hoy, jueves, 26 de enero, en el Palacio Basazabal de Azpeitia, la tercera jornada que se enmarca dentro de la planificaci\u00f3n En la sesi\u00f3n de hoy, representantes de las empresas de la [&hellip;]<\/p>\n","protected":false},"author":1,"featured_media":17273,"comment_status":"","ping_status":"closed","sticky":false,"template":"","format":"standard","meta":{"_acf_changed":false,"footnotes":""},"categories":[4],"tags":[],"class_list":["post-14277","post","type-post","status-publish","format-standard","has-post-thumbnail","hentry","category-noticias"],"acf":[],"yoast_head":"<!-- This site is optimized with the Yoast SEO plugin v27.4 - https:\/\/yoast.com\/product\/yoast-seo-wordpress\/ -->\n<title>Las empresas de la comarca conocen diferentes aspectos entorno a los procesos productivos, el reparto de consumos energ\u00e9ticos y el potencial de ahorro - Iraurgi Berritzen<\/title>\n<meta name=\"robots\" content=\"index, follow, max-snippet:-1, max-image-preview:large, max-video-preview:-1\" \/>\n<link rel=\"canonical\" href=\"https:\/\/iraurgiberritzen.eus\/es\/las-empresas-de-la-comarca-conocen-diferentes-aspectos-entorno-a-los-procesos-productivos-el-reparto-de-consumos-energeticos-y-el-potencial-de-ahorro\/\" \/>\n<meta property=\"og:locale\" content=\"es_ES\" \/>\n<meta property=\"og:type\" content=\"article\" \/>\n<meta property=\"og:title\" content=\"Las empresas de la comarca conocen diferentes aspectos entorno a los procesos productivos, el reparto de consumos energ\u00e9ticos y el potencial de ahorro - Iraurgi Berritzen\" \/>\n<meta property=\"og:description\" content=\"Dentro del proyecto UrolEner que Iraurgi Berritzen, en colaboraci\u00f3n con Txekalde Aholkularitza, puso en marcha el pasado mes de junio, se ha celebrado hoy, jueves, 26 de enero, en el Palacio Basazabal de Azpeitia, la tercera jornada que se enmarca dentro de la planificaci\u00f3n En la sesi\u00f3n de hoy, representantes de las empresas de la [&hellip;]\" \/>\n<meta property=\"og:url\" content=\"https:\/\/iraurgiberritzen.eus\/es\/las-empresas-de-la-comarca-conocen-diferentes-aspectos-entorno-a-los-procesos-productivos-el-reparto-de-consumos-energeticos-y-el-potencial-de-ahorro\/\" \/>\n<meta property=\"og:site_name\" content=\"Iraurgi Berritzen\" \/>\n<meta property=\"article:published_time\" content=\"2023-01-26T06:00:04+00:00\" \/>\n<meta name=\"author\" content=\"kudeatzailea\" \/>\n<meta name=\"twitter:card\" content=\"summary_large_image\" \/>\n<meta name=\"twitter:label1\" content=\"Escrito por\" \/>\n\t<meta name=\"twitter:data1\" content=\"kudeatzailea\" \/>\n\t<meta name=\"twitter:label2\" content=\"Tiempo de lectura\" \/>\n\t<meta name=\"twitter:data2\" content=\"1 minuto\" \/>\n<script type=\"application\/ld+json\" class=\"yoast-schema-graph\">{\"@context\":\"https:\\\/\\\/schema.org\",\"@graph\":[{\"@type\":\"Article\",\"@id\":\"https:\\\/\\\/iraurgiberritzen.eus\\\/es\\\/las-empresas-de-la-comarca-conocen-diferentes-aspectos-entorno-a-los-procesos-productivos-el-reparto-de-consumos-energeticos-y-el-potencial-de-ahorro\\\/#article\",\"isPartOf\":{\"@id\":\"https:\\\/\\\/iraurgiberritzen.eus\\\/es\\\/las-empresas-de-la-comarca-conocen-diferentes-aspectos-entorno-a-los-procesos-productivos-el-reparto-de-consumos-energeticos-y-el-potencial-de-ahorro\\\/\"},\"author\":{\"name\":\"kudeatzailea\",\"@id\":\"https:\\\/\\\/iraurgiberritzen.eus\\\/es\\\/#\\\/schema\\\/person\\\/5ab41aaf388a9097177601ebf45738d2\"},\"headline\":\"Las empresas de la comarca conocen diferentes aspectos entorno a los procesos productivos, el reparto de consumos energ\u00e9ticos y el potencial de ahorro\",\"datePublished\":\"2023-01-26T06:00:04+00:00\",\"mainEntityOfPage\":{\"@id\":\"https:\\\/\\\/iraurgiberritzen.eus\\\/es\\\/las-empresas-de-la-comarca-conocen-diferentes-aspectos-entorno-a-los-procesos-productivos-el-reparto-de-consumos-energeticos-y-el-potencial-de-ahorro\\\/\"},\"wordCount\":233,\"publisher\":{\"@id\":\"https:\\\/\\\/iraurgiberritzen.eus\\\/es\\\/#organization\"},\"image\":{\"@id\":\"https:\\\/\\\/iraurgiberritzen.eus\\\/es\\\/las-empresas-de-la-comarca-conocen-diferentes-aspectos-entorno-a-los-procesos-productivos-el-reparto-de-consumos-energeticos-y-el-potencial-de-ahorro\\\/#primaryimage\"},\"thumbnailUrl\":\"https:\\\/\\\/iraurgiberritzen.eus\\\/wp-content\\\/uploads\\\/2023\\\/09\\\/5fb33f3d4b39fe2945380c24d84b225a.jpg\",\"articleSection\":[\"Noticias\"],\"inLanguage\":\"es\"},{\"@type\":\"WebPage\",\"@id\":\"https:\\\/\\\/iraurgiberritzen.eus\\\/es\\\/las-empresas-de-la-comarca-conocen-diferentes-aspectos-entorno-a-los-procesos-productivos-el-reparto-de-consumos-energeticos-y-el-potencial-de-ahorro\\\/\",\"url\":\"https:\\\/\\\/iraurgiberritzen.eus\\\/es\\\/las-empresas-de-la-comarca-conocen-diferentes-aspectos-entorno-a-los-procesos-productivos-el-reparto-de-consumos-energeticos-y-el-potencial-de-ahorro\\\/\",\"name\":\"Las empresas de la comarca conocen diferentes aspectos entorno a los procesos productivos, el reparto de consumos energ\u00e9ticos y el potencial de ahorro - Iraurgi Berritzen\",\"isPartOf\":{\"@id\":\"https:\\\/\\\/iraurgiberritzen.eus\\\/es\\\/#website\"},\"primaryImageOfPage\":{\"@id\":\"https:\\\/\\\/iraurgiberritzen.eus\\\/es\\\/las-empresas-de-la-comarca-conocen-diferentes-aspectos-entorno-a-los-procesos-productivos-el-reparto-de-consumos-energeticos-y-el-potencial-de-ahorro\\\/#primaryimage\"},\"image\":{\"@id\":\"https:\\\/\\\/iraurgiberritzen.eus\\\/es\\\/las-empresas-de-la-comarca-conocen-diferentes-aspectos-entorno-a-los-procesos-productivos-el-reparto-de-consumos-energeticos-y-el-potencial-de-ahorro\\\/#primaryimage\"},\"thumbnailUrl\":\"https:\\\/\\\/iraurgiberritzen.eus\\\/wp-content\\\/uploads\\\/2023\\\/09\\\/5fb33f3d4b39fe2945380c24d84b225a.jpg\",\"datePublished\":\"2023-01-26T06:00:04+00:00\",\"breadcrumb\":{\"@id\":\"https:\\\/\\\/iraurgiberritzen.eus\\\/es\\\/las-empresas-de-la-comarca-conocen-diferentes-aspectos-entorno-a-los-procesos-productivos-el-reparto-de-consumos-energeticos-y-el-potencial-de-ahorro\\\/#breadcrumb\"},\"inLanguage\":\"es\",\"potentialAction\":[{\"@type\":\"ReadAction\",\"target\":[\"https:\\\/\\\/iraurgiberritzen.eus\\\/es\\\/las-empresas-de-la-comarca-conocen-diferentes-aspectos-entorno-a-los-procesos-productivos-el-reparto-de-consumos-energeticos-y-el-potencial-de-ahorro\\\/\"]}]},{\"@type\":\"ImageObject\",\"inLanguage\":\"es\",\"@id\":\"https:\\\/\\\/iraurgiberritzen.eus\\\/es\\\/las-empresas-de-la-comarca-conocen-diferentes-aspectos-entorno-a-los-procesos-productivos-el-reparto-de-consumos-energeticos-y-el-potencial-de-ahorro\\\/#primaryimage\",\"url\":\"https:\\\/\\\/iraurgiberritzen.eus\\\/wp-content\\\/uploads\\\/2023\\\/09\\\/5fb33f3d4b39fe2945380c24d84b225a.jpg\",\"contentUrl\":\"https:\\\/\\\/iraurgiberritzen.eus\\\/wp-content\\\/uploads\\\/2023\\\/09\\\/5fb33f3d4b39fe2945380c24d84b225a.jpg\",\"width\":400,\"height\":257},{\"@type\":\"BreadcrumbList\",\"@id\":\"https:\\\/\\\/iraurgiberritzen.eus\\\/es\\\/las-empresas-de-la-comarca-conocen-diferentes-aspectos-entorno-a-los-procesos-productivos-el-reparto-de-consumos-energeticos-y-el-potencial-de-ahorro\\\/#breadcrumb\",\"itemListElement\":[{\"@type\":\"ListItem\",\"position\":1,\"name\":\"Home\",\"item\":\"https:\\\/\\\/iraurgiberritzen.eus\\\/es\\\/\"},{\"@type\":\"ListItem\",\"position\":2,\"name\":\"Las empresas de la comarca conocen diferentes aspectos entorno a los procesos productivos, el reparto de consumos energ\u00e9ticos y el potencial de ahorro\"}]},{\"@type\":\"WebSite\",\"@id\":\"https:\\\/\\\/iraurgiberritzen.eus\\\/es\\\/#website\",\"url\":\"https:\\\/\\\/iraurgiberritzen.eus\\\/es\\\/\",\"name\":\"Iraurgi Berritzen\",\"description\":\"Urola Erdiko Garapen Agentzia\",\"publisher\":{\"@id\":\"https:\\\/\\\/iraurgiberritzen.eus\\\/es\\\/#organization\"},\"potentialAction\":[{\"@type\":\"SearchAction\",\"target\":{\"@type\":\"EntryPoint\",\"urlTemplate\":\"https:\\\/\\\/iraurgiberritzen.eus\\\/es\\\/?s={search_term_string}\"},\"query-input\":{\"@type\":\"PropertyValueSpecification\",\"valueRequired\":true,\"valueName\":\"search_term_string\"}}],\"inLanguage\":\"es\"},{\"@type\":\"Organization\",\"@id\":\"https:\\\/\\\/iraurgiberritzen.eus\\\/es\\\/#organization\",\"name\":\"Iraurgi Berritzen\",\"url\":\"https:\\\/\\\/iraurgiberritzen.eus\\\/es\\\/\",\"logo\":{\"@type\":\"ImageObject\",\"inLanguage\":\"es\",\"@id\":\"https:\\\/\\\/iraurgiberritzen.eus\\\/es\\\/#\\\/schema\\\/logo\\\/image\\\/\",\"url\":\"https:\\\/\\\/iraurgiberritzen.eus\\\/wp-content\\\/uploads\\\/2024\\\/02\\\/IRAURGI-BERRITZEN-logotipoa_2.png\",\"contentUrl\":\"https:\\\/\\\/iraurgiberritzen.eus\\\/wp-content\\\/uploads\\\/2024\\\/02\\\/IRAURGI-BERRITZEN-logotipoa_2.png\",\"width\":496,\"height\":190,\"caption\":\"Iraurgi Berritzen\"},\"image\":{\"@id\":\"https:\\\/\\\/iraurgiberritzen.eus\\\/es\\\/#\\\/schema\\\/logo\\\/image\\\/\"}},{\"@type\":\"Person\",\"@id\":\"https:\\\/\\\/iraurgiberritzen.eus\\\/es\\\/#\\\/schema\\\/person\\\/5ab41aaf388a9097177601ebf45738d2\",\"name\":\"kudeatzailea\",\"sameAs\":[\"https:\\\/\\\/iraurgiberritzen.eus\"]}]}<\/script>\n<!-- \/ Yoast SEO plugin. -->","yoast_head_json":{"title":"Las empresas de la comarca conocen diferentes aspectos entorno a los procesos productivos, el reparto de consumos energ\u00e9ticos y el potencial de ahorro - Iraurgi Berritzen","robots":{"index":"index","follow":"follow","max-snippet":"max-snippet:-1","max-image-preview":"max-image-preview:large","max-video-preview":"max-video-preview:-1"},"canonical":"https:\/\/iraurgiberritzen.eus\/es\/las-empresas-de-la-comarca-conocen-diferentes-aspectos-entorno-a-los-procesos-productivos-el-reparto-de-consumos-energeticos-y-el-potencial-de-ahorro\/","og_locale":"es_ES","og_type":"article","og_title":"Las empresas de la comarca conocen diferentes aspectos entorno a los procesos productivos, el reparto de consumos energ\u00e9ticos y el potencial de ahorro - Iraurgi Berritzen","og_description":"Dentro del proyecto UrolEner que Iraurgi Berritzen, en colaboraci\u00f3n con Txekalde Aholkularitza, puso en marcha el pasado mes de junio, se ha celebrado hoy, jueves, 26 de enero, en el Palacio Basazabal de Azpeitia, la tercera jornada que se enmarca dentro de la planificaci\u00f3n En la sesi\u00f3n de hoy, representantes de las empresas de la [&hellip;]","og_url":"https:\/\/iraurgiberritzen.eus\/es\/las-empresas-de-la-comarca-conocen-diferentes-aspectos-entorno-a-los-procesos-productivos-el-reparto-de-consumos-energeticos-y-el-potencial-de-ahorro\/","og_site_name":"Iraurgi Berritzen","article_published_time":"2023-01-26T06:00:04+00:00","author":"kudeatzailea","twitter_card":"summary_large_image","twitter_misc":{"Escrito por":"kudeatzailea","Tiempo de lectura":"1 minuto"},"schema":{"@context":"https:\/\/schema.org","@graph":[{"@type":"Article","@id":"https:\/\/iraurgiberritzen.eus\/es\/las-empresas-de-la-comarca-conocen-diferentes-aspectos-entorno-a-los-procesos-productivos-el-reparto-de-consumos-energeticos-y-el-potencial-de-ahorro\/#article","isPartOf":{"@id":"https:\/\/iraurgiberritzen.eus\/es\/las-empresas-de-la-comarca-conocen-diferentes-aspectos-entorno-a-los-procesos-productivos-el-reparto-de-consumos-energeticos-y-el-potencial-de-ahorro\/"},"author":{"name":"kudeatzailea","@id":"https:\/\/iraurgiberritzen.eus\/es\/#\/schema\/person\/5ab41aaf388a9097177601ebf45738d2"},"headline":"Las empresas de la comarca conocen diferentes aspectos entorno a los procesos productivos, el reparto de consumos energ\u00e9ticos y el potencial de ahorro","datePublished":"2023-01-26T06:00:04+00:00","mainEntityOfPage":{"@id":"https:\/\/iraurgiberritzen.eus\/es\/las-empresas-de-la-comarca-conocen-diferentes-aspectos-entorno-a-los-procesos-productivos-el-reparto-de-consumos-energeticos-y-el-potencial-de-ahorro\/"},"wordCount":233,"publisher":{"@id":"https:\/\/iraurgiberritzen.eus\/es\/#organization"},"image":{"@id":"https:\/\/iraurgiberritzen.eus\/es\/las-empresas-de-la-comarca-conocen-diferentes-aspectos-entorno-a-los-procesos-productivos-el-reparto-de-consumos-energeticos-y-el-potencial-de-ahorro\/#primaryimage"},"thumbnailUrl":"https:\/\/iraurgiberritzen.eus\/wp-content\/uploads\/2023\/09\/5fb33f3d4b39fe2945380c24d84b225a.jpg","articleSection":["Noticias"],"inLanguage":"es"},{"@type":"WebPage","@id":"https:\/\/iraurgiberritzen.eus\/es\/las-empresas-de-la-comarca-conocen-diferentes-aspectos-entorno-a-los-procesos-productivos-el-reparto-de-consumos-energeticos-y-el-potencial-de-ahorro\/","url":"https:\/\/iraurgiberritzen.eus\/es\/las-empresas-de-la-comarca-conocen-diferentes-aspectos-entorno-a-los-procesos-productivos-el-reparto-de-consumos-energeticos-y-el-potencial-de-ahorro\/","name":"Las empresas de la comarca conocen diferentes aspectos entorno a los procesos productivos, el reparto de consumos energ\u00e9ticos y el potencial de ahorro - Iraurgi Berritzen","isPartOf":{"@id":"https:\/\/iraurgiberritzen.eus\/es\/#website"},"primaryImageOfPage":{"@id":"https:\/\/iraurgiberritzen.eus\/es\/las-empresas-de-la-comarca-conocen-diferentes-aspectos-entorno-a-los-procesos-productivos-el-reparto-de-consumos-energeticos-y-el-potencial-de-ahorro\/#primaryimage"},"image":{"@id":"https:\/\/iraurgiberritzen.eus\/es\/las-empresas-de-la-comarca-conocen-diferentes-aspectos-entorno-a-los-procesos-productivos-el-reparto-de-consumos-energeticos-y-el-potencial-de-ahorro\/#primaryimage"},"thumbnailUrl":"https:\/\/iraurgiberritzen.eus\/wp-content\/uploads\/2023\/09\/5fb33f3d4b39fe2945380c24d84b225a.jpg","datePublished":"2023-01-26T06:00:04+00:00","breadcrumb":{"@id":"https:\/\/iraurgiberritzen.eus\/es\/las-empresas-de-la-comarca-conocen-diferentes-aspectos-entorno-a-los-procesos-productivos-el-reparto-de-consumos-energeticos-y-el-potencial-de-ahorro\/#breadcrumb"},"inLanguage":"es","potentialAction":[{"@type":"ReadAction","target":["https:\/\/iraurgiberritzen.eus\/es\/las-empresas-de-la-comarca-conocen-diferentes-aspectos-entorno-a-los-procesos-productivos-el-reparto-de-consumos-energeticos-y-el-potencial-de-ahorro\/"]}]},{"@type":"ImageObject","inLanguage":"es","@id":"https:\/\/iraurgiberritzen.eus\/es\/las-empresas-de-la-comarca-conocen-diferentes-aspectos-entorno-a-los-procesos-productivos-el-reparto-de-consumos-energeticos-y-el-potencial-de-ahorro\/#primaryimage","url":"https:\/\/iraurgiberritzen.eus\/wp-content\/uploads\/2023\/09\/5fb33f3d4b39fe2945380c24d84b225a.jpg","contentUrl":"https:\/\/iraurgiberritzen.eus\/wp-content\/uploads\/2023\/09\/5fb33f3d4b39fe2945380c24d84b225a.jpg","width":400,"height":257},{"@type":"BreadcrumbList","@id":"https:\/\/iraurgiberritzen.eus\/es\/las-empresas-de-la-comarca-conocen-diferentes-aspectos-entorno-a-los-procesos-productivos-el-reparto-de-consumos-energeticos-y-el-potencial-de-ahorro\/#breadcrumb","itemListElement":[{"@type":"ListItem","position":1,"name":"Home","item":"https:\/\/iraurgiberritzen.eus\/es\/"},{"@type":"ListItem","position":2,"name":"Las empresas de la comarca conocen diferentes aspectos entorno a los procesos productivos, el reparto de consumos energ\u00e9ticos y el potencial de ahorro"}]},{"@type":"WebSite","@id":"https:\/\/iraurgiberritzen.eus\/es\/#website","url":"https:\/\/iraurgiberritzen.eus\/es\/","name":"Iraurgi Berritzen","description":"Urola Erdiko Garapen Agentzia","publisher":{"@id":"https:\/\/iraurgiberritzen.eus\/es\/#organization"},"potentialAction":[{"@type":"SearchAction","target":{"@type":"EntryPoint","urlTemplate":"https:\/\/iraurgiberritzen.eus\/es\/?s={search_term_string}"},"query-input":{"@type":"PropertyValueSpecification","valueRequired":true,"valueName":"search_term_string"}}],"inLanguage":"es"},{"@type":"Organization","@id":"https:\/\/iraurgiberritzen.eus\/es\/#organization","name":"Iraurgi Berritzen","url":"https:\/\/iraurgiberritzen.eus\/es\/","logo":{"@type":"ImageObject","inLanguage":"es","@id":"https:\/\/iraurgiberritzen.eus\/es\/#\/schema\/logo\/image\/","url":"https:\/\/iraurgiberritzen.eus\/wp-content\/uploads\/2024\/02\/IRAURGI-BERRITZEN-logotipoa_2.png","contentUrl":"https:\/\/iraurgiberritzen.eus\/wp-content\/uploads\/2024\/02\/IRAURGI-BERRITZEN-logotipoa_2.png","width":496,"height":190,"caption":"Iraurgi Berritzen"},"image":{"@id":"https:\/\/iraurgiberritzen.eus\/es\/#\/schema\/logo\/image\/"}},{"@type":"Person","@id":"https:\/\/iraurgiberritzen.eus\/es\/#\/schema\/person\/5ab41aaf388a9097177601ebf45738d2","name":"kudeatzailea","sameAs":["https:\/\/iraurgiberritzen.eus"]}]}},"_links":{"self":[{"href":"https:\/\/iraurgiberritzen.eus\/es\/wp-json\/wp\/v2\/posts\/14277","targetHints":{"allow":["GET"]}}],"collection":[{"href":"https:\/\/iraurgiberritzen.eus\/es\/wp-json\/wp\/v2\/posts"}],"about":[{"href":"https:\/\/iraurgiberritzen.eus\/es\/wp-json\/wp\/v2\/types\/post"}],"author":[{"embeddable":true,"href":"https:\/\/iraurgiberritzen.eus\/es\/wp-json\/wp\/v2\/users\/1"}],"replies":[{"embeddable":true,"href":"https:\/\/iraurgiberritzen.eus\/es\/wp-json\/wp\/v2\/comments?post=14277"}],"version-history":[{"count":0,"href":"https:\/\/iraurgiberritzen.eus\/es\/wp-json\/wp\/v2\/posts\/14277\/revisions"}],"wp:featuredmedia":[{"embeddable":true,"href":"https:\/\/iraurgiberritzen.eus\/es\/wp-json\/wp\/v2\/media\/17273"}],"wp:attachment":[{"href":"https:\/\/iraurgiberritzen.eus\/es\/wp-json\/wp\/v2\/media?parent=14277"}],"wp:term":[{"taxonomy":"category","embeddable":true,"href":"https:\/\/iraurgiberritzen.eus\/es\/wp-json\/wp\/v2\/categories?post=14277"},{"taxonomy":"post_tag","embeddable":true,"href":"https:\/\/iraurgiberritzen.eus\/es\/wp-json\/wp\/v2\/tags?post=14277"}],"curies":[{"name":"wp","href":"https:\/\/api.w.org\/{rel}","templated":true}]}}