{"id":14280,"date":"2023-01-26T11:51:12","date_gmt":"2023-01-26T09:51:12","guid":{"rendered":"https:\/\/iraurgiberritzen.eus\/18-de-febrero-re-think-industry-jornada-para-compartir-aprender-reflexionar-sobre-como-la-transformacion-digital-y-sostenible-esta-impulsando-la-innovacion-de-las-pymes-de-gipuzkoa\/"},"modified":"2023-01-26T11:51:12","modified_gmt":"2023-01-26T09:51:12","slug":"18-de-febrero-re-think-industry-jornada-para-compartir-aprender-reflexionar-sobre-como-la-transformacion-digital-y-sostenible-esta-impulsando-la-innovacion-de-las-pymes-de-gipuzkoa","status":"publish","type":"post","link":"https:\/\/iraurgiberritzen.eus\/es\/18-de-febrero-re-think-industry-jornada-para-compartir-aprender-reflexionar-sobre-como-la-transformacion-digital-y-sostenible-esta-impulsando-la-innovacion-de-las-pymes-de-gipuzkoa\/","title":{"rendered":"16 de febrero, Re-Think Industry. Jornada para compartir, aprender, reflexionar sobre c\u00f3mo la transformaci\u00f3n digital y sostenible est\u00e1 impulsando la innovaci\u00f3n de las PYMEs de Gipuzkoa"},"content":{"rendered":"<p style=\"text-align: justify;\">La nueva edici\u00f3n de la jornada <strong>Re-think Industry<\/strong> tendr\u00e1 lugar el jueves <strong>16 de febrero<\/strong> en el <strong>Palacio de Congresos Kursaal de San Sebasti\u00e1n<\/strong>. Ser\u00e1 una jornada para compartir, aprender y reflexionar sobre c\u00f3mo la doble transformaci\u00f3n digital y sostenible est\u00e1 impulsando la innovaci\u00f3n de las PYMEs de Gipuzkoa a nivel econ\u00f3mico, medioambiental y social.<\/p>\n<p style=\"text-align: justify;\">Re-think Industry est\u00e1 <strong>dirigida a aquellas personas que est\u00e1n llamadas a provocar el cambio en sus organizaciones<\/strong>: direcci\u00f3n general, gerentes, direcci\u00f3n de producci\u00f3n, direcci\u00f3n industrial, direcci\u00f3n de innovaci\u00f3n, I+D+I\u2026<\/p>\n<p style=\"text-align: justify;\">Los participantes tendr\u00e1n la oportunidad de descubrir casos de \u00e9xito de PYMEs de Gipuzkoa que est\u00e1n encontrando en la transformaci\u00f3n digital y sostenible un motor de cambio en sus organizaciones para ser m\u00e1s competitivas y tener un impacto positivo en su entorno.<\/p>\n<p style=\"text-align: justify;\">En cuanto a la comarca de <strong>Urola Erdia<\/strong>, representantes de <strong>BESA &#8211; Bernardo Ecenarro <\/strong>y<strong> Domusa Teknik<\/strong> ubicadas en la misma, se encargar\u00e1n de exponer sus experiencias.<\/p>\n<p style=\"text-align: justify;\">Consulta el <a href=\"https:\/\/www.gipuzkoa.eus\/es\/web\/re-think-industry#re-think-Programa\" target=\"_blank\" rel=\"noopener\">programa<\/a> para saber los casos que se expondr\u00e1n.<\/p>\n<p>M\u00e1s informaci\u00f3n en el siguiente v\u00eddeo:<\/p>\n<div style=\"padding: 56.25% 0 0 0; position: relative;\"><iframe loading=\"lazy\" src=\"https:\/\/player.vimeo.com\/video\/792918908?h=b1db41eb85&amp;badge=0&amp;autopause=0&amp;player_id=0&amp;app_id=58479\" width=\"560\" height=\"315\" style=\"position: absolute; top: 0; left: 0; width: 100%; height: 100%;\" title=\"Jornada Re-Think Industry\" allowfullscreen=\"allowfullscreen\" allow=\"autoplay; fullscreen; picture-in-picture\"><\/iframe><\/div>\n<p><script src=\"https:\/\/player.vimeo.com\/api\/player.js\" type=\"text\/javascript\"><\/script><\/p>\n","protected":false},"excerpt":{"rendered":"<p>La nueva edici\u00f3n de la jornada Re-think Industry tendr\u00e1 lugar el jueves 16 de febrero en el Palacio de Congresos Kursaal de San Sebasti\u00e1n. Ser\u00e1 una jornada para compartir, aprender y reflexionar sobre c\u00f3mo la doble transformaci\u00f3n digital y sostenible est\u00e1 impulsando la innovaci\u00f3n de las PYMEs de Gipuzkoa a nivel econ\u00f3mico, medioambiental y social. [&hellip;]<\/p>\n","protected":false},"author":1,"featured_media":17274,"comment_status":"","ping_status":"closed","sticky":false,"template":"","format":"standard","meta":{"_acf_changed":false,"footnotes":""},"categories":[4],"tags":[],"class_list":["post-14280","post","type-post","status-publish","format-standard","has-post-thumbnail","hentry","category-noticias"],"acf":[],"yoast_head":"<!-- This site is optimized with the Yoast SEO plugin v27.4 - https:\/\/yoast.com\/product\/yoast-seo-wordpress\/ -->\n<title>16 de febrero, Re-Think Industry. Jornada para compartir, aprender, reflexionar sobre c\u00f3mo la transformaci\u00f3n digital y sostenible est\u00e1 impulsando la innovaci\u00f3n de las PYMEs de Gipuzkoa - Iraurgi Berritzen<\/title>\n<meta name=\"robots\" content=\"index, follow, max-snippet:-1, max-image-preview:large, max-video-preview:-1\" \/>\n<link rel=\"canonical\" href=\"https:\/\/iraurgiberritzen.eus\/es\/18-de-febrero-re-think-industry-jornada-para-compartir-aprender-reflexionar-sobre-como-la-transformacion-digital-y-sostenible-esta-impulsando-la-innovacion-de-las-pymes-de-gipuzkoa\/\" \/>\n<meta property=\"og:locale\" content=\"es_ES\" \/>\n<meta property=\"og:type\" content=\"article\" \/>\n<meta property=\"og:title\" content=\"16 de febrero, Re-Think Industry. Jornada para compartir, aprender, reflexionar sobre c\u00f3mo la transformaci\u00f3n digital y sostenible est\u00e1 impulsando la innovaci\u00f3n de las PYMEs de Gipuzkoa - Iraurgi Berritzen\" \/>\n<meta property=\"og:description\" content=\"La nueva edici\u00f3n de la jornada Re-think Industry tendr\u00e1 lugar el jueves 16 de febrero en el Palacio de Congresos Kursaal de San Sebasti\u00e1n. Ser\u00e1 una jornada para compartir, aprender y reflexionar sobre c\u00f3mo la doble transformaci\u00f3n digital y sostenible est\u00e1 impulsando la innovaci\u00f3n de las PYMEs de Gipuzkoa a nivel econ\u00f3mico, medioambiental y social. [&hellip;]\" \/>\n<meta property=\"og:url\" content=\"https:\/\/iraurgiberritzen.eus\/es\/18-de-febrero-re-think-industry-jornada-para-compartir-aprender-reflexionar-sobre-como-la-transformacion-digital-y-sostenible-esta-impulsando-la-innovacion-de-las-pymes-de-gipuzkoa\/\" \/>\n<meta property=\"og:site_name\" content=\"Iraurgi Berritzen\" \/>\n<meta property=\"article:published_time\" content=\"2023-01-26T09:51:12+00:00\" \/>\n<meta name=\"author\" content=\"kudeatzailea\" \/>\n<meta name=\"twitter:card\" content=\"summary_large_image\" \/>\n<meta name=\"twitter:label1\" content=\"Escrito por\" \/>\n\t<meta name=\"twitter:data1\" content=\"kudeatzailea\" \/>\n\t<meta name=\"twitter:label2\" content=\"Tiempo de lectura\" \/>\n\t<meta name=\"twitter:data2\" content=\"1 minuto\" \/>\n<script type=\"application\/ld+json\" class=\"yoast-schema-graph\">{\"@context\":\"https:\\\/\\\/schema.org\",\"@graph\":[{\"@type\":\"Article\",\"@id\":\"https:\\\/\\\/iraurgiberritzen.eus\\\/es\\\/18-de-febrero-re-think-industry-jornada-para-compartir-aprender-reflexionar-sobre-como-la-transformacion-digital-y-sostenible-esta-impulsando-la-innovacion-de-las-pymes-de-gipuzkoa\\\/#article\",\"isPartOf\":{\"@id\":\"https:\\\/\\\/iraurgiberritzen.eus\\\/es\\\/18-de-febrero-re-think-industry-jornada-para-compartir-aprender-reflexionar-sobre-como-la-transformacion-digital-y-sostenible-esta-impulsando-la-innovacion-de-las-pymes-de-gipuzkoa\\\/\"},\"author\":{\"name\":\"kudeatzailea\",\"@id\":\"https:\\\/\\\/iraurgiberritzen.eus\\\/es\\\/#\\\/schema\\\/person\\\/5ab41aaf388a9097177601ebf45738d2\"},\"headline\":\"16 de febrero, Re-Think Industry. Jornada para compartir, aprender, reflexionar sobre c\u00f3mo la transformaci\u00f3n digital y sostenible est\u00e1 impulsando la innovaci\u00f3n de las PYMEs de Gipuzkoa\",\"datePublished\":\"2023-01-26T09:51:12+00:00\",\"mainEntityOfPage\":{\"@id\":\"https:\\\/\\\/iraurgiberritzen.eus\\\/es\\\/18-de-febrero-re-think-industry-jornada-para-compartir-aprender-reflexionar-sobre-como-la-transformacion-digital-y-sostenible-esta-impulsando-la-innovacion-de-las-pymes-de-gipuzkoa\\\/\"},\"wordCount\":220,\"publisher\":{\"@id\":\"https:\\\/\\\/iraurgiberritzen.eus\\\/es\\\/#organization\"},\"image\":{\"@id\":\"https:\\\/\\\/iraurgiberritzen.eus\\\/es\\\/18-de-febrero-re-think-industry-jornada-para-compartir-aprender-reflexionar-sobre-como-la-transformacion-digital-y-sostenible-esta-impulsando-la-innovacion-de-las-pymes-de-gipuzkoa\\\/#primaryimage\"},\"thumbnailUrl\":\"https:\\\/\\\/iraurgiberritzen.eus\\\/wp-content\\\/uploads\\\/2023\\\/09\\\/bad5624cc86e63e5d60645e4f808fc7a.jpg\",\"articleSection\":[\"Noticias\"],\"inLanguage\":\"es\"},{\"@type\":\"WebPage\",\"@id\":\"https:\\\/\\\/iraurgiberritzen.eus\\\/es\\\/18-de-febrero-re-think-industry-jornada-para-compartir-aprender-reflexionar-sobre-como-la-transformacion-digital-y-sostenible-esta-impulsando-la-innovacion-de-las-pymes-de-gipuzkoa\\\/\",\"url\":\"https:\\\/\\\/iraurgiberritzen.eus\\\/es\\\/18-de-febrero-re-think-industry-jornada-para-compartir-aprender-reflexionar-sobre-como-la-transformacion-digital-y-sostenible-esta-impulsando-la-innovacion-de-las-pymes-de-gipuzkoa\\\/\",\"name\":\"16 de febrero, Re-Think Industry. Jornada para compartir, aprender, reflexionar sobre c\u00f3mo la transformaci\u00f3n digital y sostenible est\u00e1 impulsando la innovaci\u00f3n de las PYMEs de Gipuzkoa - Iraurgi Berritzen\",\"isPartOf\":{\"@id\":\"https:\\\/\\\/iraurgiberritzen.eus\\\/es\\\/#website\"},\"primaryImageOfPage\":{\"@id\":\"https:\\\/\\\/iraurgiberritzen.eus\\\/es\\\/18-de-febrero-re-think-industry-jornada-para-compartir-aprender-reflexionar-sobre-como-la-transformacion-digital-y-sostenible-esta-impulsando-la-innovacion-de-las-pymes-de-gipuzkoa\\\/#primaryimage\"},\"image\":{\"@id\":\"https:\\\/\\\/iraurgiberritzen.eus\\\/es\\\/18-de-febrero-re-think-industry-jornada-para-compartir-aprender-reflexionar-sobre-como-la-transformacion-digital-y-sostenible-esta-impulsando-la-innovacion-de-las-pymes-de-gipuzkoa\\\/#primaryimage\"},\"thumbnailUrl\":\"https:\\\/\\\/iraurgiberritzen.eus\\\/wp-content\\\/uploads\\\/2023\\\/09\\\/bad5624cc86e63e5d60645e4f808fc7a.jpg\",\"datePublished\":\"2023-01-26T09:51:12+00:00\",\"breadcrumb\":{\"@id\":\"https:\\\/\\\/iraurgiberritzen.eus\\\/es\\\/18-de-febrero-re-think-industry-jornada-para-compartir-aprender-reflexionar-sobre-como-la-transformacion-digital-y-sostenible-esta-impulsando-la-innovacion-de-las-pymes-de-gipuzkoa\\\/#breadcrumb\"},\"inLanguage\":\"es\",\"potentialAction\":[{\"@type\":\"ReadAction\",\"target\":[\"https:\\\/\\\/iraurgiberritzen.eus\\\/es\\\/18-de-febrero-re-think-industry-jornada-para-compartir-aprender-reflexionar-sobre-como-la-transformacion-digital-y-sostenible-esta-impulsando-la-innovacion-de-las-pymes-de-gipuzkoa\\\/\"]}]},{\"@type\":\"ImageObject\",\"inLanguage\":\"es\",\"@id\":\"https:\\\/\\\/iraurgiberritzen.eus\\\/es\\\/18-de-febrero-re-think-industry-jornada-para-compartir-aprender-reflexionar-sobre-como-la-transformacion-digital-y-sostenible-esta-impulsando-la-innovacion-de-las-pymes-de-gipuzkoa\\\/#primaryimage\",\"url\":\"https:\\\/\\\/iraurgiberritzen.eus\\\/wp-content\\\/uploads\\\/2023\\\/09\\\/bad5624cc86e63e5d60645e4f808fc7a.jpg\",\"contentUrl\":\"https:\\\/\\\/iraurgiberritzen.eus\\\/wp-content\\\/uploads\\\/2023\\\/09\\\/bad5624cc86e63e5d60645e4f808fc7a.jpg\",\"width\":400,\"height\":257},{\"@type\":\"BreadcrumbList\",\"@id\":\"https:\\\/\\\/iraurgiberritzen.eus\\\/es\\\/18-de-febrero-re-think-industry-jornada-para-compartir-aprender-reflexionar-sobre-como-la-transformacion-digital-y-sostenible-esta-impulsando-la-innovacion-de-las-pymes-de-gipuzkoa\\\/#breadcrumb\",\"itemListElement\":[{\"@type\":\"ListItem\",\"position\":1,\"name\":\"Home\",\"item\":\"https:\\\/\\\/iraurgiberritzen.eus\\\/es\\\/\"},{\"@type\":\"ListItem\",\"position\":2,\"name\":\"16 de febrero, Re-Think Industry. Jornada para compartir, aprender, reflexionar sobre c\u00f3mo la transformaci\u00f3n digital y sostenible est\u00e1 impulsando la innovaci\u00f3n de las PYMEs de Gipuzkoa\"}]},{\"@type\":\"WebSite\",\"@id\":\"https:\\\/\\\/iraurgiberritzen.eus\\\/es\\\/#website\",\"url\":\"https:\\\/\\\/iraurgiberritzen.eus\\\/es\\\/\",\"name\":\"Iraurgi Berritzen\",\"description\":\"Urola Erdiko Garapen Agentzia\",\"publisher\":{\"@id\":\"https:\\\/\\\/iraurgiberritzen.eus\\\/es\\\/#organization\"},\"potentialAction\":[{\"@type\":\"SearchAction\",\"target\":{\"@type\":\"EntryPoint\",\"urlTemplate\":\"https:\\\/\\\/iraurgiberritzen.eus\\\/es\\\/?s={search_term_string}\"},\"query-input\":{\"@type\":\"PropertyValueSpecification\",\"valueRequired\":true,\"valueName\":\"search_term_string\"}}],\"inLanguage\":\"es\"},{\"@type\":\"Organization\",\"@id\":\"https:\\\/\\\/iraurgiberritzen.eus\\\/es\\\/#organization\",\"name\":\"Iraurgi Berritzen\",\"url\":\"https:\\\/\\\/iraurgiberritzen.eus\\\/es\\\/\",\"logo\":{\"@type\":\"ImageObject\",\"inLanguage\":\"es\",\"@id\":\"https:\\\/\\\/iraurgiberritzen.eus\\\/es\\\/#\\\/schema\\\/logo\\\/image\\\/\",\"url\":\"https:\\\/\\\/iraurgiberritzen.eus\\\/wp-content\\\/uploads\\\/2024\\\/02\\\/IRAURGI-BERRITZEN-logotipoa_2.png\",\"contentUrl\":\"https:\\\/\\\/iraurgiberritzen.eus\\\/wp-content\\\/uploads\\\/2024\\\/02\\\/IRAURGI-BERRITZEN-logotipoa_2.png\",\"width\":496,\"height\":190,\"caption\":\"Iraurgi Berritzen\"},\"image\":{\"@id\":\"https:\\\/\\\/iraurgiberritzen.eus\\\/es\\\/#\\\/schema\\\/logo\\\/image\\\/\"}},{\"@type\":\"Person\",\"@id\":\"https:\\\/\\\/iraurgiberritzen.eus\\\/es\\\/#\\\/schema\\\/person\\\/5ab41aaf388a9097177601ebf45738d2\",\"name\":\"kudeatzailea\",\"sameAs\":[\"https:\\\/\\\/iraurgiberritzen.eus\"]}]}<\/script>\n<!-- \/ Yoast SEO plugin. -->","yoast_head_json":{"title":"16 de febrero, Re-Think Industry. Jornada para compartir, aprender, reflexionar sobre c\u00f3mo la transformaci\u00f3n digital y sostenible est\u00e1 impulsando la innovaci\u00f3n de las PYMEs de Gipuzkoa - Iraurgi Berritzen","robots":{"index":"index","follow":"follow","max-snippet":"max-snippet:-1","max-image-preview":"max-image-preview:large","max-video-preview":"max-video-preview:-1"},"canonical":"https:\/\/iraurgiberritzen.eus\/es\/18-de-febrero-re-think-industry-jornada-para-compartir-aprender-reflexionar-sobre-como-la-transformacion-digital-y-sostenible-esta-impulsando-la-innovacion-de-las-pymes-de-gipuzkoa\/","og_locale":"es_ES","og_type":"article","og_title":"16 de febrero, Re-Think Industry. Jornada para compartir, aprender, reflexionar sobre c\u00f3mo la transformaci\u00f3n digital y sostenible est\u00e1 impulsando la innovaci\u00f3n de las PYMEs de Gipuzkoa - Iraurgi Berritzen","og_description":"La nueva edici\u00f3n de la jornada Re-think Industry tendr\u00e1 lugar el jueves 16 de febrero en el Palacio de Congresos Kursaal de San Sebasti\u00e1n. Ser\u00e1 una jornada para compartir, aprender y reflexionar sobre c\u00f3mo la doble transformaci\u00f3n digital y sostenible est\u00e1 impulsando la innovaci\u00f3n de las PYMEs de Gipuzkoa a nivel econ\u00f3mico, medioambiental y social. [&hellip;]","og_url":"https:\/\/iraurgiberritzen.eus\/es\/18-de-febrero-re-think-industry-jornada-para-compartir-aprender-reflexionar-sobre-como-la-transformacion-digital-y-sostenible-esta-impulsando-la-innovacion-de-las-pymes-de-gipuzkoa\/","og_site_name":"Iraurgi Berritzen","article_published_time":"2023-01-26T09:51:12+00:00","author":"kudeatzailea","twitter_card":"summary_large_image","twitter_misc":{"Escrito por":"kudeatzailea","Tiempo de lectura":"1 minuto"},"schema":{"@context":"https:\/\/schema.org","@graph":[{"@type":"Article","@id":"https:\/\/iraurgiberritzen.eus\/es\/18-de-febrero-re-think-industry-jornada-para-compartir-aprender-reflexionar-sobre-como-la-transformacion-digital-y-sostenible-esta-impulsando-la-innovacion-de-las-pymes-de-gipuzkoa\/#article","isPartOf":{"@id":"https:\/\/iraurgiberritzen.eus\/es\/18-de-febrero-re-think-industry-jornada-para-compartir-aprender-reflexionar-sobre-como-la-transformacion-digital-y-sostenible-esta-impulsando-la-innovacion-de-las-pymes-de-gipuzkoa\/"},"author":{"name":"kudeatzailea","@id":"https:\/\/iraurgiberritzen.eus\/es\/#\/schema\/person\/5ab41aaf388a9097177601ebf45738d2"},"headline":"16 de febrero, Re-Think Industry. Jornada para compartir, aprender, reflexionar sobre c\u00f3mo la transformaci\u00f3n digital y sostenible est\u00e1 impulsando la innovaci\u00f3n de las PYMEs de Gipuzkoa","datePublished":"2023-01-26T09:51:12+00:00","mainEntityOfPage":{"@id":"https:\/\/iraurgiberritzen.eus\/es\/18-de-febrero-re-think-industry-jornada-para-compartir-aprender-reflexionar-sobre-como-la-transformacion-digital-y-sostenible-esta-impulsando-la-innovacion-de-las-pymes-de-gipuzkoa\/"},"wordCount":220,"publisher":{"@id":"https:\/\/iraurgiberritzen.eus\/es\/#organization"},"image":{"@id":"https:\/\/iraurgiberritzen.eus\/es\/18-de-febrero-re-think-industry-jornada-para-compartir-aprender-reflexionar-sobre-como-la-transformacion-digital-y-sostenible-esta-impulsando-la-innovacion-de-las-pymes-de-gipuzkoa\/#primaryimage"},"thumbnailUrl":"https:\/\/iraurgiberritzen.eus\/wp-content\/uploads\/2023\/09\/bad5624cc86e63e5d60645e4f808fc7a.jpg","articleSection":["Noticias"],"inLanguage":"es"},{"@type":"WebPage","@id":"https:\/\/iraurgiberritzen.eus\/es\/18-de-febrero-re-think-industry-jornada-para-compartir-aprender-reflexionar-sobre-como-la-transformacion-digital-y-sostenible-esta-impulsando-la-innovacion-de-las-pymes-de-gipuzkoa\/","url":"https:\/\/iraurgiberritzen.eus\/es\/18-de-febrero-re-think-industry-jornada-para-compartir-aprender-reflexionar-sobre-como-la-transformacion-digital-y-sostenible-esta-impulsando-la-innovacion-de-las-pymes-de-gipuzkoa\/","name":"16 de febrero, Re-Think Industry. Jornada para compartir, aprender, reflexionar sobre c\u00f3mo la transformaci\u00f3n digital y sostenible est\u00e1 impulsando la innovaci\u00f3n de las PYMEs de Gipuzkoa - Iraurgi Berritzen","isPartOf":{"@id":"https:\/\/iraurgiberritzen.eus\/es\/#website"},"primaryImageOfPage":{"@id":"https:\/\/iraurgiberritzen.eus\/es\/18-de-febrero-re-think-industry-jornada-para-compartir-aprender-reflexionar-sobre-como-la-transformacion-digital-y-sostenible-esta-impulsando-la-innovacion-de-las-pymes-de-gipuzkoa\/#primaryimage"},"image":{"@id":"https:\/\/iraurgiberritzen.eus\/es\/18-de-febrero-re-think-industry-jornada-para-compartir-aprender-reflexionar-sobre-como-la-transformacion-digital-y-sostenible-esta-impulsando-la-innovacion-de-las-pymes-de-gipuzkoa\/#primaryimage"},"thumbnailUrl":"https:\/\/iraurgiberritzen.eus\/wp-content\/uploads\/2023\/09\/bad5624cc86e63e5d60645e4f808fc7a.jpg","datePublished":"2023-01-26T09:51:12+00:00","breadcrumb":{"@id":"https:\/\/iraurgiberritzen.eus\/es\/18-de-febrero-re-think-industry-jornada-para-compartir-aprender-reflexionar-sobre-como-la-transformacion-digital-y-sostenible-esta-impulsando-la-innovacion-de-las-pymes-de-gipuzkoa\/#breadcrumb"},"inLanguage":"es","potentialAction":[{"@type":"ReadAction","target":["https:\/\/iraurgiberritzen.eus\/es\/18-de-febrero-re-think-industry-jornada-para-compartir-aprender-reflexionar-sobre-como-la-transformacion-digital-y-sostenible-esta-impulsando-la-innovacion-de-las-pymes-de-gipuzkoa\/"]}]},{"@type":"ImageObject","inLanguage":"es","@id":"https:\/\/iraurgiberritzen.eus\/es\/18-de-febrero-re-think-industry-jornada-para-compartir-aprender-reflexionar-sobre-como-la-transformacion-digital-y-sostenible-esta-impulsando-la-innovacion-de-las-pymes-de-gipuzkoa\/#primaryimage","url":"https:\/\/iraurgiberritzen.eus\/wp-content\/uploads\/2023\/09\/bad5624cc86e63e5d60645e4f808fc7a.jpg","contentUrl":"https:\/\/iraurgiberritzen.eus\/wp-content\/uploads\/2023\/09\/bad5624cc86e63e5d60645e4f808fc7a.jpg","width":400,"height":257},{"@type":"BreadcrumbList","@id":"https:\/\/iraurgiberritzen.eus\/es\/18-de-febrero-re-think-industry-jornada-para-compartir-aprender-reflexionar-sobre-como-la-transformacion-digital-y-sostenible-esta-impulsando-la-innovacion-de-las-pymes-de-gipuzkoa\/#breadcrumb","itemListElement":[{"@type":"ListItem","position":1,"name":"Home","item":"https:\/\/iraurgiberritzen.eus\/es\/"},{"@type":"ListItem","position":2,"name":"16 de febrero, Re-Think Industry. Jornada para compartir, aprender, reflexionar sobre c\u00f3mo la transformaci\u00f3n digital y sostenible est\u00e1 impulsando la innovaci\u00f3n de las PYMEs de Gipuzkoa"}]},{"@type":"WebSite","@id":"https:\/\/iraurgiberritzen.eus\/es\/#website","url":"https:\/\/iraurgiberritzen.eus\/es\/","name":"Iraurgi Berritzen","description":"Urola Erdiko Garapen Agentzia","publisher":{"@id":"https:\/\/iraurgiberritzen.eus\/es\/#organization"},"potentialAction":[{"@type":"SearchAction","target":{"@type":"EntryPoint","urlTemplate":"https:\/\/iraurgiberritzen.eus\/es\/?s={search_term_string}"},"query-input":{"@type":"PropertyValueSpecification","valueRequired":true,"valueName":"search_term_string"}}],"inLanguage":"es"},{"@type":"Organization","@id":"https:\/\/iraurgiberritzen.eus\/es\/#organization","name":"Iraurgi Berritzen","url":"https:\/\/iraurgiberritzen.eus\/es\/","logo":{"@type":"ImageObject","inLanguage":"es","@id":"https:\/\/iraurgiberritzen.eus\/es\/#\/schema\/logo\/image\/","url":"https:\/\/iraurgiberritzen.eus\/wp-content\/uploads\/2024\/02\/IRAURGI-BERRITZEN-logotipoa_2.png","contentUrl":"https:\/\/iraurgiberritzen.eus\/wp-content\/uploads\/2024\/02\/IRAURGI-BERRITZEN-logotipoa_2.png","width":496,"height":190,"caption":"Iraurgi Berritzen"},"image":{"@id":"https:\/\/iraurgiberritzen.eus\/es\/#\/schema\/logo\/image\/"}},{"@type":"Person","@id":"https:\/\/iraurgiberritzen.eus\/es\/#\/schema\/person\/5ab41aaf388a9097177601ebf45738d2","name":"kudeatzailea","sameAs":["https:\/\/iraurgiberritzen.eus"]}]}},"_links":{"self":[{"href":"https:\/\/iraurgiberritzen.eus\/es\/wp-json\/wp\/v2\/posts\/14280","targetHints":{"allow":["GET"]}}],"collection":[{"href":"https:\/\/iraurgiberritzen.eus\/es\/wp-json\/wp\/v2\/posts"}],"about":[{"href":"https:\/\/iraurgiberritzen.eus\/es\/wp-json\/wp\/v2\/types\/post"}],"author":[{"embeddable":true,"href":"https:\/\/iraurgiberritzen.eus\/es\/wp-json\/wp\/v2\/users\/1"}],"replies":[{"embeddable":true,"href":"https:\/\/iraurgiberritzen.eus\/es\/wp-json\/wp\/v2\/comments?post=14280"}],"version-history":[{"count":0,"href":"https:\/\/iraurgiberritzen.eus\/es\/wp-json\/wp\/v2\/posts\/14280\/revisions"}],"wp:featuredmedia":[{"embeddable":true,"href":"https:\/\/iraurgiberritzen.eus\/es\/wp-json\/wp\/v2\/media\/17274"}],"wp:attachment":[{"href":"https:\/\/iraurgiberritzen.eus\/es\/wp-json\/wp\/v2\/media?parent=14280"}],"wp:term":[{"taxonomy":"category","embeddable":true,"href":"https:\/\/iraurgiberritzen.eus\/es\/wp-json\/wp\/v2\/categories?post=14280"},{"taxonomy":"post_tag","embeddable":true,"href":"https:\/\/iraurgiberritzen.eus\/es\/wp-json\/wp\/v2\/tags?post=14280"}],"curies":[{"name":"wp","href":"https:\/\/api.w.org\/{rel}","templated":true}]}}