{"id":14286,"date":"2023-01-31T13:04:36","date_gmt":"2023-01-31T11:04:36","guid":{"rendered":"https:\/\/iraurgiberritzen.eus\/el-desempleo-de-urola-erdia-sigue-estable-a-finales-del-2022\/"},"modified":"2023-01-31T13:04:36","modified_gmt":"2023-01-31T11:04:36","slug":"el-desempleo-de-urola-erdia-sigue-estable-a-finales-del-2022","status":"publish","type":"post","link":"https:\/\/iraurgiberritzen.eus\/es\/el-desempleo-de-urola-erdia-sigue-estable-a-finales-del-2022\/","title":{"rendered":"El desempleo de Urola Erdia sigue estable a finales del 2022"},"content":{"rendered":"<p style=\"text-align: justify;\">En Urola Erdia, a finales de diciembre de 2022, seg\u00fan el Servicio Vasco de Empleo Lanbide, se han contabilizado 1.227 personas en situaci\u00f3n de desempleo. Ante la situaci\u00f3n de incertidumbre que se vive en los \u00faltimos meses en el \u00e1mbito socioecon\u00f3mico, el desempleo se mantiene estable y se contabilizan 17 parados menos que en el mismo mes del a\u00f1o pasado.<\/p>\n<p style=\"text-align: justify;\">Seg\u00fan las estimaciones de Iraurgi Berritzen, el \u00edndice de desempleo de Urola Erdia se sit\u00faa a final de a\u00f1o en el 7,7%. Por el contrario, a finales de diciembre, el \u00edndice de desempleo de Gipuzkoa y la CAPV se sit\u00faa en el 8,3% y 10,3%, respectivamente, por encima en ambos casos del \u00edndice de Urola Erdia.<\/p>\n<p style=\"text-align: justify;\">Atendiendo al \u00edndice de desempleo seg\u00fan g\u00e9nero, el \u00edndice masculino es del 6,2% mientras que el \u00edndice femenino es del 9,4%. A finales de diciembre, el \u00edndice de desempleo femenino es, por tanto, 3 puntos superior al masculino. En Gipuzkoa y la CAPV tambi\u00e9n se observa una brecha de alrededor de 3 puntos entre ambos g\u00e9neros.<\/p>\n<p style=\"text-align: justify;\"><span style=\"text-decoration: underline;\">Se registran diferentes evoluciones en los indicadores del Mercado de Trabajo<\/span><\/p>\n<p style=\"text-align: justify;\">En lo que respecta al \u00faltimo trimestre del a\u00f1o, se observan diferentes evoluciones en los diferentes indicadores del mercado laboral. Se pueden destacar, entre otros, los siguientes puntos:<\/p>\n<ul style=\"text-align: justify;\">\n<li>Se observa una evoluci\u00f3n positiva en cuanto al n\u00famero de afiliaciones contabilizadas en Urola Erdia. De hecho, a finales de diciembre se han contabilizado 13.150 afiliados en la comarca, un 2,7% m\u00e1s que en el mismo mes del a\u00f1o pasado. En el mismo periodo, en Gipuzkoa y CAPV se registra un crecimiento del 0,8% y 1,3%, muy por debajo del crecimiento que se ha registrado en la comarca. El crecimiento registrado en las afiliaciones de Urola Erdia en el \u00faltimo a\u00f1o se debe fundamentalmente a la industria. A finales de diciembre de 2022, el 43,6% de los afiliados contabilizados en Urola Erdia corresponde al sector industrial.<\/li>\n<li>En cuanto a la evoluci\u00f3n de los contratos, en el \u00faltimo trimestre de 2022 se han contabilizado 1.302 contratos en Urola Erdia, un 19,9% menos que en el mismo trimestre del a\u00f1o anterior. La mayor parte de los contratos se concentra en sector servicios, un 66,8% del total. Por otro lado, el 28,1% de los contratos registrados en el trimestre se han destinado al sector industrial. Asimismo, el 62,7% del total de contratos contabilizados en el trimestre han sido temporales.<\/li>\n<li>En cuanto a los Expedientes de Garant\u00eda de Ingresos (RGI), aunque el n\u00famero de expedientes contabilizados en Urola Erdia ha crecido en el \u00faltimo trimestre del a\u00f1o, se han contabilizado 7 expedientes menos que en el mismo mes del a\u00f1o pasado, contabilizando as\u00ed un total de 532 expedientes.<\/li>\n<li>Para finalizar, en la comarca se han contabilizado 3 Expedientes de Regulaci\u00f3n Temporal de Empleo (ERTE) vigentes a finales de a\u00f1o. Estos expedientes afectan a un total de 52 trabajadores.<\/li>\n<\/ul>\n<p style=\"text-align: justify;\">Iraurgi Berritzen continuar\u00e1 en los pr\u00f3ximos meses analizando detenidamente los indicadores socioecon\u00f3micos de la comarca, con el objetivo de conocer en todo momento la evoluci\u00f3n del mercado de trabajo comarcal y adecuar las pol\u00edticas de promoci\u00f3n comarcal a las necesidades del momento.<\/p>\n<p style=\"text-align: center;\"><img loading=\"lazy\" decoding=\"async\" src=\"images\/LanMerkatua_Radiografia_2022-4H.png\" alt=\"LanMerkatua_Radiografia_2022-4H.png\" width=\"800\" height=\"1750\" \/><\/p>\n<p>&nbsp;<\/p>\n","protected":false},"excerpt":{"rendered":"<p>En Urola Erdia, a finales de diciembre de 2022, seg\u00fan el Servicio Vasco de Empleo Lanbide, se han contabilizado 1.227 personas en situaci\u00f3n de desempleo. Ante la situaci\u00f3n de incertidumbre que se vive en los \u00faltimos meses en el \u00e1mbito socioecon\u00f3mico, el desempleo se mantiene estable y se contabilizan 17 parados menos que en el [&hellip;]<\/p>\n","protected":false},"author":1,"featured_media":17276,"comment_status":"","ping_status":"closed","sticky":false,"template":"","format":"standard","meta":{"_acf_changed":false,"footnotes":""},"categories":[4],"tags":[],"class_list":["post-14286","post","type-post","status-publish","format-standard","has-post-thumbnail","hentry","category-noticias"],"acf":[],"yoast_head":"<!-- This site is optimized with the Yoast SEO plugin v27.4 - https:\/\/yoast.com\/product\/yoast-seo-wordpress\/ -->\n<title>El desempleo de Urola Erdia sigue estable a finales del 2022 - Iraurgi Berritzen<\/title>\n<meta name=\"robots\" content=\"index, follow, max-snippet:-1, max-image-preview:large, max-video-preview:-1\" \/>\n<link rel=\"canonical\" href=\"https:\/\/iraurgiberritzen.eus\/es\/el-desempleo-de-urola-erdia-sigue-estable-a-finales-del-2022\/\" \/>\n<meta property=\"og:locale\" content=\"es_ES\" \/>\n<meta property=\"og:type\" content=\"article\" \/>\n<meta property=\"og:title\" content=\"El desempleo de Urola Erdia sigue estable a finales del 2022 - Iraurgi Berritzen\" \/>\n<meta property=\"og:description\" content=\"En Urola Erdia, a finales de diciembre de 2022, seg\u00fan el Servicio Vasco de Empleo Lanbide, se han contabilizado 1.227 personas en situaci\u00f3n de desempleo. Ante la situaci\u00f3n de incertidumbre que se vive en los \u00faltimos meses en el \u00e1mbito socioecon\u00f3mico, el desempleo se mantiene estable y se contabilizan 17 parados menos que en el [&hellip;]\" \/>\n<meta property=\"og:url\" content=\"https:\/\/iraurgiberritzen.eus\/es\/el-desempleo-de-urola-erdia-sigue-estable-a-finales-del-2022\/\" \/>\n<meta property=\"og:site_name\" content=\"Iraurgi Berritzen\" \/>\n<meta property=\"article:published_time\" content=\"2023-01-31T11:04:36+00:00\" \/>\n<meta name=\"author\" content=\"kudeatzailea\" \/>\n<meta name=\"twitter:card\" content=\"summary_large_image\" \/>\n<meta name=\"twitter:label1\" content=\"Escrito por\" \/>\n\t<meta name=\"twitter:data1\" content=\"kudeatzailea\" \/>\n\t<meta name=\"twitter:label2\" content=\"Tiempo de lectura\" \/>\n\t<meta name=\"twitter:data2\" content=\"3 minutos\" \/>\n<script type=\"application\/ld+json\" class=\"yoast-schema-graph\">{\"@context\":\"https:\\\/\\\/schema.org\",\"@graph\":[{\"@type\":\"Article\",\"@id\":\"https:\\\/\\\/iraurgiberritzen.eus\\\/es\\\/el-desempleo-de-urola-erdia-sigue-estable-a-finales-del-2022\\\/#article\",\"isPartOf\":{\"@id\":\"https:\\\/\\\/iraurgiberritzen.eus\\\/es\\\/el-desempleo-de-urola-erdia-sigue-estable-a-finales-del-2022\\\/\"},\"author\":{\"name\":\"kudeatzailea\",\"@id\":\"https:\\\/\\\/iraurgiberritzen.eus\\\/es\\\/#\\\/schema\\\/person\\\/5ab41aaf388a9097177601ebf45738d2\"},\"headline\":\"El desempleo de Urola Erdia sigue estable a finales del 2022\",\"datePublished\":\"2023-01-31T11:04:36+00:00\",\"mainEntityOfPage\":{\"@id\":\"https:\\\/\\\/iraurgiberritzen.eus\\\/es\\\/el-desempleo-de-urola-erdia-sigue-estable-a-finales-del-2022\\\/\"},\"wordCount\":534,\"publisher\":{\"@id\":\"https:\\\/\\\/iraurgiberritzen.eus\\\/es\\\/#organization\"},\"image\":{\"@id\":\"https:\\\/\\\/iraurgiberritzen.eus\\\/es\\\/el-desempleo-de-urola-erdia-sigue-estable-a-finales-del-2022\\\/#primaryimage\"},\"thumbnailUrl\":\"https:\\\/\\\/iraurgiberritzen.eus\\\/wp-content\\\/uploads\\\/2023\\\/09\\\/9a34ce5041dde96a038887b0f6ca28bc.jpg\",\"articleSection\":[\"Noticias\"],\"inLanguage\":\"es\"},{\"@type\":\"WebPage\",\"@id\":\"https:\\\/\\\/iraurgiberritzen.eus\\\/es\\\/el-desempleo-de-urola-erdia-sigue-estable-a-finales-del-2022\\\/\",\"url\":\"https:\\\/\\\/iraurgiberritzen.eus\\\/es\\\/el-desempleo-de-urola-erdia-sigue-estable-a-finales-del-2022\\\/\",\"name\":\"El desempleo de Urola Erdia sigue estable a finales del 2022 - Iraurgi Berritzen\",\"isPartOf\":{\"@id\":\"https:\\\/\\\/iraurgiberritzen.eus\\\/es\\\/#website\"},\"primaryImageOfPage\":{\"@id\":\"https:\\\/\\\/iraurgiberritzen.eus\\\/es\\\/el-desempleo-de-urola-erdia-sigue-estable-a-finales-del-2022\\\/#primaryimage\"},\"image\":{\"@id\":\"https:\\\/\\\/iraurgiberritzen.eus\\\/es\\\/el-desempleo-de-urola-erdia-sigue-estable-a-finales-del-2022\\\/#primaryimage\"},\"thumbnailUrl\":\"https:\\\/\\\/iraurgiberritzen.eus\\\/wp-content\\\/uploads\\\/2023\\\/09\\\/9a34ce5041dde96a038887b0f6ca28bc.jpg\",\"datePublished\":\"2023-01-31T11:04:36+00:00\",\"breadcrumb\":{\"@id\":\"https:\\\/\\\/iraurgiberritzen.eus\\\/es\\\/el-desempleo-de-urola-erdia-sigue-estable-a-finales-del-2022\\\/#breadcrumb\"},\"inLanguage\":\"es\",\"potentialAction\":[{\"@type\":\"ReadAction\",\"target\":[\"https:\\\/\\\/iraurgiberritzen.eus\\\/es\\\/el-desempleo-de-urola-erdia-sigue-estable-a-finales-del-2022\\\/\"]}]},{\"@type\":\"ImageObject\",\"inLanguage\":\"es\",\"@id\":\"https:\\\/\\\/iraurgiberritzen.eus\\\/es\\\/el-desempleo-de-urola-erdia-sigue-estable-a-finales-del-2022\\\/#primaryimage\",\"url\":\"https:\\\/\\\/iraurgiberritzen.eus\\\/wp-content\\\/uploads\\\/2023\\\/09\\\/9a34ce5041dde96a038887b0f6ca28bc.jpg\",\"contentUrl\":\"https:\\\/\\\/iraurgiberritzen.eus\\\/wp-content\\\/uploads\\\/2023\\\/09\\\/9a34ce5041dde96a038887b0f6ca28bc.jpg\",\"width\":400,\"height\":259},{\"@type\":\"BreadcrumbList\",\"@id\":\"https:\\\/\\\/iraurgiberritzen.eus\\\/es\\\/el-desempleo-de-urola-erdia-sigue-estable-a-finales-del-2022\\\/#breadcrumb\",\"itemListElement\":[{\"@type\":\"ListItem\",\"position\":1,\"name\":\"Home\",\"item\":\"https:\\\/\\\/iraurgiberritzen.eus\\\/es\\\/\"},{\"@type\":\"ListItem\",\"position\":2,\"name\":\"El desempleo de Urola Erdia sigue estable a finales del 2022\"}]},{\"@type\":\"WebSite\",\"@id\":\"https:\\\/\\\/iraurgiberritzen.eus\\\/es\\\/#website\",\"url\":\"https:\\\/\\\/iraurgiberritzen.eus\\\/es\\\/\",\"name\":\"Iraurgi Berritzen\",\"description\":\"Urola Erdiko Garapen Agentzia\",\"publisher\":{\"@id\":\"https:\\\/\\\/iraurgiberritzen.eus\\\/es\\\/#organization\"},\"potentialAction\":[{\"@type\":\"SearchAction\",\"target\":{\"@type\":\"EntryPoint\",\"urlTemplate\":\"https:\\\/\\\/iraurgiberritzen.eus\\\/es\\\/?s={search_term_string}\"},\"query-input\":{\"@type\":\"PropertyValueSpecification\",\"valueRequired\":true,\"valueName\":\"search_term_string\"}}],\"inLanguage\":\"es\"},{\"@type\":\"Organization\",\"@id\":\"https:\\\/\\\/iraurgiberritzen.eus\\\/es\\\/#organization\",\"name\":\"Iraurgi Berritzen\",\"url\":\"https:\\\/\\\/iraurgiberritzen.eus\\\/es\\\/\",\"logo\":{\"@type\":\"ImageObject\",\"inLanguage\":\"es\",\"@id\":\"https:\\\/\\\/iraurgiberritzen.eus\\\/es\\\/#\\\/schema\\\/logo\\\/image\\\/\",\"url\":\"https:\\\/\\\/iraurgiberritzen.eus\\\/wp-content\\\/uploads\\\/2024\\\/02\\\/IRAURGI-BERRITZEN-logotipoa_2.png\",\"contentUrl\":\"https:\\\/\\\/iraurgiberritzen.eus\\\/wp-content\\\/uploads\\\/2024\\\/02\\\/IRAURGI-BERRITZEN-logotipoa_2.png\",\"width\":496,\"height\":190,\"caption\":\"Iraurgi Berritzen\"},\"image\":{\"@id\":\"https:\\\/\\\/iraurgiberritzen.eus\\\/es\\\/#\\\/schema\\\/logo\\\/image\\\/\"}},{\"@type\":\"Person\",\"@id\":\"https:\\\/\\\/iraurgiberritzen.eus\\\/es\\\/#\\\/schema\\\/person\\\/5ab41aaf388a9097177601ebf45738d2\",\"name\":\"kudeatzailea\",\"sameAs\":[\"https:\\\/\\\/iraurgiberritzen.eus\"]}]}<\/script>\n<!-- \/ Yoast SEO plugin. -->","yoast_head_json":{"title":"El desempleo de Urola Erdia sigue estable a finales del 2022 - Iraurgi Berritzen","robots":{"index":"index","follow":"follow","max-snippet":"max-snippet:-1","max-image-preview":"max-image-preview:large","max-video-preview":"max-video-preview:-1"},"canonical":"https:\/\/iraurgiberritzen.eus\/es\/el-desempleo-de-urola-erdia-sigue-estable-a-finales-del-2022\/","og_locale":"es_ES","og_type":"article","og_title":"El desempleo de Urola Erdia sigue estable a finales del 2022 - Iraurgi Berritzen","og_description":"En Urola Erdia, a finales de diciembre de 2022, seg\u00fan el Servicio Vasco de Empleo Lanbide, se han contabilizado 1.227 personas en situaci\u00f3n de desempleo. Ante la situaci\u00f3n de incertidumbre que se vive en los \u00faltimos meses en el \u00e1mbito socioecon\u00f3mico, el desempleo se mantiene estable y se contabilizan 17 parados menos que en el [&hellip;]","og_url":"https:\/\/iraurgiberritzen.eus\/es\/el-desempleo-de-urola-erdia-sigue-estable-a-finales-del-2022\/","og_site_name":"Iraurgi Berritzen","article_published_time":"2023-01-31T11:04:36+00:00","author":"kudeatzailea","twitter_card":"summary_large_image","twitter_misc":{"Escrito por":"kudeatzailea","Tiempo de lectura":"3 minutos"},"schema":{"@context":"https:\/\/schema.org","@graph":[{"@type":"Article","@id":"https:\/\/iraurgiberritzen.eus\/es\/el-desempleo-de-urola-erdia-sigue-estable-a-finales-del-2022\/#article","isPartOf":{"@id":"https:\/\/iraurgiberritzen.eus\/es\/el-desempleo-de-urola-erdia-sigue-estable-a-finales-del-2022\/"},"author":{"name":"kudeatzailea","@id":"https:\/\/iraurgiberritzen.eus\/es\/#\/schema\/person\/5ab41aaf388a9097177601ebf45738d2"},"headline":"El desempleo de Urola Erdia sigue estable a finales del 2022","datePublished":"2023-01-31T11:04:36+00:00","mainEntityOfPage":{"@id":"https:\/\/iraurgiberritzen.eus\/es\/el-desempleo-de-urola-erdia-sigue-estable-a-finales-del-2022\/"},"wordCount":534,"publisher":{"@id":"https:\/\/iraurgiberritzen.eus\/es\/#organization"},"image":{"@id":"https:\/\/iraurgiberritzen.eus\/es\/el-desempleo-de-urola-erdia-sigue-estable-a-finales-del-2022\/#primaryimage"},"thumbnailUrl":"https:\/\/iraurgiberritzen.eus\/wp-content\/uploads\/2023\/09\/9a34ce5041dde96a038887b0f6ca28bc.jpg","articleSection":["Noticias"],"inLanguage":"es"},{"@type":"WebPage","@id":"https:\/\/iraurgiberritzen.eus\/es\/el-desempleo-de-urola-erdia-sigue-estable-a-finales-del-2022\/","url":"https:\/\/iraurgiberritzen.eus\/es\/el-desempleo-de-urola-erdia-sigue-estable-a-finales-del-2022\/","name":"El desempleo de Urola Erdia sigue estable a finales del 2022 - Iraurgi Berritzen","isPartOf":{"@id":"https:\/\/iraurgiberritzen.eus\/es\/#website"},"primaryImageOfPage":{"@id":"https:\/\/iraurgiberritzen.eus\/es\/el-desempleo-de-urola-erdia-sigue-estable-a-finales-del-2022\/#primaryimage"},"image":{"@id":"https:\/\/iraurgiberritzen.eus\/es\/el-desempleo-de-urola-erdia-sigue-estable-a-finales-del-2022\/#primaryimage"},"thumbnailUrl":"https:\/\/iraurgiberritzen.eus\/wp-content\/uploads\/2023\/09\/9a34ce5041dde96a038887b0f6ca28bc.jpg","datePublished":"2023-01-31T11:04:36+00:00","breadcrumb":{"@id":"https:\/\/iraurgiberritzen.eus\/es\/el-desempleo-de-urola-erdia-sigue-estable-a-finales-del-2022\/#breadcrumb"},"inLanguage":"es","potentialAction":[{"@type":"ReadAction","target":["https:\/\/iraurgiberritzen.eus\/es\/el-desempleo-de-urola-erdia-sigue-estable-a-finales-del-2022\/"]}]},{"@type":"ImageObject","inLanguage":"es","@id":"https:\/\/iraurgiberritzen.eus\/es\/el-desempleo-de-urola-erdia-sigue-estable-a-finales-del-2022\/#primaryimage","url":"https:\/\/iraurgiberritzen.eus\/wp-content\/uploads\/2023\/09\/9a34ce5041dde96a038887b0f6ca28bc.jpg","contentUrl":"https:\/\/iraurgiberritzen.eus\/wp-content\/uploads\/2023\/09\/9a34ce5041dde96a038887b0f6ca28bc.jpg","width":400,"height":259},{"@type":"BreadcrumbList","@id":"https:\/\/iraurgiberritzen.eus\/es\/el-desempleo-de-urola-erdia-sigue-estable-a-finales-del-2022\/#breadcrumb","itemListElement":[{"@type":"ListItem","position":1,"name":"Home","item":"https:\/\/iraurgiberritzen.eus\/es\/"},{"@type":"ListItem","position":2,"name":"El desempleo de Urola Erdia sigue estable a finales del 2022"}]},{"@type":"WebSite","@id":"https:\/\/iraurgiberritzen.eus\/es\/#website","url":"https:\/\/iraurgiberritzen.eus\/es\/","name":"Iraurgi Berritzen","description":"Urola Erdiko Garapen Agentzia","publisher":{"@id":"https:\/\/iraurgiberritzen.eus\/es\/#organization"},"potentialAction":[{"@type":"SearchAction","target":{"@type":"EntryPoint","urlTemplate":"https:\/\/iraurgiberritzen.eus\/es\/?s={search_term_string}"},"query-input":{"@type":"PropertyValueSpecification","valueRequired":true,"valueName":"search_term_string"}}],"inLanguage":"es"},{"@type":"Organization","@id":"https:\/\/iraurgiberritzen.eus\/es\/#organization","name":"Iraurgi Berritzen","url":"https:\/\/iraurgiberritzen.eus\/es\/","logo":{"@type":"ImageObject","inLanguage":"es","@id":"https:\/\/iraurgiberritzen.eus\/es\/#\/schema\/logo\/image\/","url":"https:\/\/iraurgiberritzen.eus\/wp-content\/uploads\/2024\/02\/IRAURGI-BERRITZEN-logotipoa_2.png","contentUrl":"https:\/\/iraurgiberritzen.eus\/wp-content\/uploads\/2024\/02\/IRAURGI-BERRITZEN-logotipoa_2.png","width":496,"height":190,"caption":"Iraurgi Berritzen"},"image":{"@id":"https:\/\/iraurgiberritzen.eus\/es\/#\/schema\/logo\/image\/"}},{"@type":"Person","@id":"https:\/\/iraurgiberritzen.eus\/es\/#\/schema\/person\/5ab41aaf388a9097177601ebf45738d2","name":"kudeatzailea","sameAs":["https:\/\/iraurgiberritzen.eus"]}]}},"_links":{"self":[{"href":"https:\/\/iraurgiberritzen.eus\/es\/wp-json\/wp\/v2\/posts\/14286","targetHints":{"allow":["GET"]}}],"collection":[{"href":"https:\/\/iraurgiberritzen.eus\/es\/wp-json\/wp\/v2\/posts"}],"about":[{"href":"https:\/\/iraurgiberritzen.eus\/es\/wp-json\/wp\/v2\/types\/post"}],"author":[{"embeddable":true,"href":"https:\/\/iraurgiberritzen.eus\/es\/wp-json\/wp\/v2\/users\/1"}],"replies":[{"embeddable":true,"href":"https:\/\/iraurgiberritzen.eus\/es\/wp-json\/wp\/v2\/comments?post=14286"}],"version-history":[{"count":0,"href":"https:\/\/iraurgiberritzen.eus\/es\/wp-json\/wp\/v2\/posts\/14286\/revisions"}],"wp:featuredmedia":[{"embeddable":true,"href":"https:\/\/iraurgiberritzen.eus\/es\/wp-json\/wp\/v2\/media\/17276"}],"wp:attachment":[{"href":"https:\/\/iraurgiberritzen.eus\/es\/wp-json\/wp\/v2\/media?parent=14286"}],"wp:term":[{"taxonomy":"category","embeddable":true,"href":"https:\/\/iraurgiberritzen.eus\/es\/wp-json\/wp\/v2\/categories?post=14286"},{"taxonomy":"post_tag","embeddable":true,"href":"https:\/\/iraurgiberritzen.eus\/es\/wp-json\/wp\/v2\/tags?post=14286"}],"curies":[{"name":"wp","href":"https:\/\/api.w.org\/{rel}","templated":true}]}}