{"id":14295,"date":"2023-02-07T08:19:54","date_gmt":"2023-02-07T06:19:54","guid":{"rendered":"https:\/\/iraurgiberritzen.eus\/dinamicas-de-activacion-con-los-jovenes-de-ikasberri-en-el-marco-del-proyecto-elkarrekin-eraikitzen\/"},"modified":"2023-02-07T08:19:54","modified_gmt":"2023-02-07T06:19:54","slug":"dinamicas-de-activacion-con-los-jovenes-de-ikasberri-en-el-marco-del-proyecto-elkarrekin-eraikitzen","status":"publish","type":"post","link":"https:\/\/iraurgiberritzen.eus\/es\/dinamicas-de-activacion-con-los-jovenes-de-ikasberri-en-el-marco-del-proyecto-elkarrekin-eraikitzen\/","title":{"rendered":"Din\u00e1micas de activaci\u00f3n con los j\u00f3venes de Ikasberri en el marco del proyecto Elkarrekin Eraikitzen"},"content":{"rendered":"<p>En el marco del proyecto Elkarrekin Eraikitzen, que trata de fomentar las relaciones entre el alumnado de los centros escolares con los agentes de la comarca, tras la primera din\u00e1mica realizada con los j\u00f3venes de Floreaga Salestar Ikastetxea en enero, el personal t\u00e9cnico del \u00c1rea de Educaci\u00f3n de Iraurgi Berritzen se ha acercado a Ikasberri, con el objetivo de activar a estos j\u00f3venes antes de iniciar el proceso.<\/p>\n","protected":false},"excerpt":{"rendered":"<p>En el marco del proyecto Elkarrekin Eraikitzen, que trata de fomentar las relaciones entre el alumnado de los centros escolares con los agentes de la comarca, tras la primera din\u00e1mica realizada con los j\u00f3venes de Floreaga Salestar Ikastetxea en enero, el personal t\u00e9cnico del \u00c1rea de Educaci\u00f3n de Iraurgi Berritzen se ha acercado a Ikasberri, [&hellip;]<\/p>\n","protected":false},"author":1,"featured_media":17279,"comment_status":"closed","ping_status":"closed","sticky":false,"template":"","format":"standard","meta":{"_acf_changed":false,"footnotes":""},"categories":[4],"tags":[],"class_list":["post-14295","post","type-post","status-publish","format-standard","has-post-thumbnail","hentry","category-noticias"],"acf":[],"yoast_head":"<!-- This site is optimized with the Yoast SEO plugin v27.4 - https:\/\/yoast.com\/product\/yoast-seo-wordpress\/ -->\n<title>Din\u00e1micas de activaci\u00f3n con los j\u00f3venes de Ikasberri en el marco del proyecto Elkarrekin Eraikitzen - Iraurgi Berritzen<\/title>\n<meta name=\"robots\" content=\"index, follow, max-snippet:-1, max-image-preview:large, max-video-preview:-1\" \/>\n<link rel=\"canonical\" href=\"https:\/\/iraurgiberritzen.eus\/es\/dinamicas-de-activacion-con-los-jovenes-de-ikasberri-en-el-marco-del-proyecto-elkarrekin-eraikitzen\/\" \/>\n<meta property=\"og:locale\" content=\"es_ES\" \/>\n<meta property=\"og:type\" content=\"article\" \/>\n<meta property=\"og:title\" content=\"Din\u00e1micas de activaci\u00f3n con los j\u00f3venes de Ikasberri en el marco del proyecto Elkarrekin Eraikitzen - Iraurgi Berritzen\" \/>\n<meta property=\"og:description\" content=\"En el marco del proyecto Elkarrekin Eraikitzen, que trata de fomentar las relaciones entre el alumnado de los centros escolares con los agentes de la comarca, tras la primera din\u00e1mica realizada con los j\u00f3venes de Floreaga Salestar Ikastetxea en enero, el personal t\u00e9cnico del \u00c1rea de Educaci\u00f3n de Iraurgi Berritzen se ha acercado a Ikasberri, [&hellip;]\" \/>\n<meta property=\"og:url\" content=\"https:\/\/iraurgiberritzen.eus\/es\/dinamicas-de-activacion-con-los-jovenes-de-ikasberri-en-el-marco-del-proyecto-elkarrekin-eraikitzen\/\" \/>\n<meta property=\"og:site_name\" content=\"Iraurgi Berritzen\" \/>\n<meta property=\"article:published_time\" content=\"2023-02-07T06:19:54+00:00\" \/>\n<meta name=\"author\" content=\"kudeatzailea\" \/>\n<meta name=\"twitter:card\" content=\"summary_large_image\" \/>\n<meta name=\"twitter:label1\" content=\"Escrito por\" \/>\n\t<meta name=\"twitter:data1\" content=\"kudeatzailea\" \/>\n<script type=\"application\/ld+json\" class=\"yoast-schema-graph\">{\"@context\":\"https:\\\/\\\/schema.org\",\"@graph\":[{\"@type\":\"Article\",\"@id\":\"https:\\\/\\\/iraurgiberritzen.eus\\\/es\\\/dinamicas-de-activacion-con-los-jovenes-de-ikasberri-en-el-marco-del-proyecto-elkarrekin-eraikitzen\\\/#article\",\"isPartOf\":{\"@id\":\"https:\\\/\\\/iraurgiberritzen.eus\\\/es\\\/dinamicas-de-activacion-con-los-jovenes-de-ikasberri-en-el-marco-del-proyecto-elkarrekin-eraikitzen\\\/\"},\"author\":{\"name\":\"kudeatzailea\",\"@id\":\"https:\\\/\\\/iraurgiberritzen.eus\\\/es\\\/#\\\/schema\\\/person\\\/5ab41aaf388a9097177601ebf45738d2\"},\"headline\":\"Din\u00e1micas de activaci\u00f3n con los j\u00f3venes de Ikasberri en el marco del proyecto Elkarrekin Eraikitzen\",\"datePublished\":\"2023-02-07T06:19:54+00:00\",\"mainEntityOfPage\":{\"@id\":\"https:\\\/\\\/iraurgiberritzen.eus\\\/es\\\/dinamicas-de-activacion-con-los-jovenes-de-ikasberri-en-el-marco-del-proyecto-elkarrekin-eraikitzen\\\/\"},\"wordCount\":91,\"publisher\":{\"@id\":\"https:\\\/\\\/iraurgiberritzen.eus\\\/es\\\/#organization\"},\"image\":{\"@id\":\"https:\\\/\\\/iraurgiberritzen.eus\\\/es\\\/dinamicas-de-activacion-con-los-jovenes-de-ikasberri-en-el-marco-del-proyecto-elkarrekin-eraikitzen\\\/#primaryimage\"},\"thumbnailUrl\":\"https:\\\/\\\/iraurgiberritzen.eus\\\/wp-content\\\/uploads\\\/2023\\\/09\\\/0a2da575867a6a40e5b18b1844c561af.jpg\",\"articleSection\":[\"Noticias\"],\"inLanguage\":\"es\"},{\"@type\":\"WebPage\",\"@id\":\"https:\\\/\\\/iraurgiberritzen.eus\\\/es\\\/dinamicas-de-activacion-con-los-jovenes-de-ikasberri-en-el-marco-del-proyecto-elkarrekin-eraikitzen\\\/\",\"url\":\"https:\\\/\\\/iraurgiberritzen.eus\\\/es\\\/dinamicas-de-activacion-con-los-jovenes-de-ikasberri-en-el-marco-del-proyecto-elkarrekin-eraikitzen\\\/\",\"name\":\"Din\u00e1micas de activaci\u00f3n con los j\u00f3venes de Ikasberri en el marco del proyecto Elkarrekin Eraikitzen - Iraurgi Berritzen\",\"isPartOf\":{\"@id\":\"https:\\\/\\\/iraurgiberritzen.eus\\\/es\\\/#website\"},\"primaryImageOfPage\":{\"@id\":\"https:\\\/\\\/iraurgiberritzen.eus\\\/es\\\/dinamicas-de-activacion-con-los-jovenes-de-ikasberri-en-el-marco-del-proyecto-elkarrekin-eraikitzen\\\/#primaryimage\"},\"image\":{\"@id\":\"https:\\\/\\\/iraurgiberritzen.eus\\\/es\\\/dinamicas-de-activacion-con-los-jovenes-de-ikasberri-en-el-marco-del-proyecto-elkarrekin-eraikitzen\\\/#primaryimage\"},\"thumbnailUrl\":\"https:\\\/\\\/iraurgiberritzen.eus\\\/wp-content\\\/uploads\\\/2023\\\/09\\\/0a2da575867a6a40e5b18b1844c561af.jpg\",\"datePublished\":\"2023-02-07T06:19:54+00:00\",\"breadcrumb\":{\"@id\":\"https:\\\/\\\/iraurgiberritzen.eus\\\/es\\\/dinamicas-de-activacion-con-los-jovenes-de-ikasberri-en-el-marco-del-proyecto-elkarrekin-eraikitzen\\\/#breadcrumb\"},\"inLanguage\":\"es\",\"potentialAction\":[{\"@type\":\"ReadAction\",\"target\":[\"https:\\\/\\\/iraurgiberritzen.eus\\\/es\\\/dinamicas-de-activacion-con-los-jovenes-de-ikasberri-en-el-marco-del-proyecto-elkarrekin-eraikitzen\\\/\"]}]},{\"@type\":\"ImageObject\",\"inLanguage\":\"es\",\"@id\":\"https:\\\/\\\/iraurgiberritzen.eus\\\/es\\\/dinamicas-de-activacion-con-los-jovenes-de-ikasberri-en-el-marco-del-proyecto-elkarrekin-eraikitzen\\\/#primaryimage\",\"url\":\"https:\\\/\\\/iraurgiberritzen.eus\\\/wp-content\\\/uploads\\\/2023\\\/09\\\/0a2da575867a6a40e5b18b1844c561af.jpg\",\"contentUrl\":\"https:\\\/\\\/iraurgiberritzen.eus\\\/wp-content\\\/uploads\\\/2023\\\/09\\\/0a2da575867a6a40e5b18b1844c561af.jpg\",\"width\":400,\"height\":257},{\"@type\":\"BreadcrumbList\",\"@id\":\"https:\\\/\\\/iraurgiberritzen.eus\\\/es\\\/dinamicas-de-activacion-con-los-jovenes-de-ikasberri-en-el-marco-del-proyecto-elkarrekin-eraikitzen\\\/#breadcrumb\",\"itemListElement\":[{\"@type\":\"ListItem\",\"position\":1,\"name\":\"Home\",\"item\":\"https:\\\/\\\/iraurgiberritzen.eus\\\/es\\\/\"},{\"@type\":\"ListItem\",\"position\":2,\"name\":\"Din\u00e1micas de activaci\u00f3n con los j\u00f3venes de Ikasberri en el marco del proyecto Elkarrekin Eraikitzen\"}]},{\"@type\":\"WebSite\",\"@id\":\"https:\\\/\\\/iraurgiberritzen.eus\\\/es\\\/#website\",\"url\":\"https:\\\/\\\/iraurgiberritzen.eus\\\/es\\\/\",\"name\":\"Iraurgi Berritzen\",\"description\":\"Urola Erdiko Garapen Agentzia\",\"publisher\":{\"@id\":\"https:\\\/\\\/iraurgiberritzen.eus\\\/es\\\/#organization\"},\"potentialAction\":[{\"@type\":\"SearchAction\",\"target\":{\"@type\":\"EntryPoint\",\"urlTemplate\":\"https:\\\/\\\/iraurgiberritzen.eus\\\/es\\\/?s={search_term_string}\"},\"query-input\":{\"@type\":\"PropertyValueSpecification\",\"valueRequired\":true,\"valueName\":\"search_term_string\"}}],\"inLanguage\":\"es\"},{\"@type\":\"Organization\",\"@id\":\"https:\\\/\\\/iraurgiberritzen.eus\\\/es\\\/#organization\",\"name\":\"Iraurgi Berritzen\",\"url\":\"https:\\\/\\\/iraurgiberritzen.eus\\\/es\\\/\",\"logo\":{\"@type\":\"ImageObject\",\"inLanguage\":\"es\",\"@id\":\"https:\\\/\\\/iraurgiberritzen.eus\\\/es\\\/#\\\/schema\\\/logo\\\/image\\\/\",\"url\":\"https:\\\/\\\/iraurgiberritzen.eus\\\/wp-content\\\/uploads\\\/2024\\\/02\\\/IRAURGI-BERRITZEN-logotipoa_2.png\",\"contentUrl\":\"https:\\\/\\\/iraurgiberritzen.eus\\\/wp-content\\\/uploads\\\/2024\\\/02\\\/IRAURGI-BERRITZEN-logotipoa_2.png\",\"width\":496,\"height\":190,\"caption\":\"Iraurgi Berritzen\"},\"image\":{\"@id\":\"https:\\\/\\\/iraurgiberritzen.eus\\\/es\\\/#\\\/schema\\\/logo\\\/image\\\/\"}},{\"@type\":\"Person\",\"@id\":\"https:\\\/\\\/iraurgiberritzen.eus\\\/es\\\/#\\\/schema\\\/person\\\/5ab41aaf388a9097177601ebf45738d2\",\"name\":\"kudeatzailea\",\"sameAs\":[\"https:\\\/\\\/iraurgiberritzen.eus\"]}]}<\/script>\n<!-- \/ Yoast SEO plugin. -->","yoast_head_json":{"title":"Din\u00e1micas de activaci\u00f3n con los j\u00f3venes de Ikasberri en el marco del proyecto Elkarrekin Eraikitzen - Iraurgi Berritzen","robots":{"index":"index","follow":"follow","max-snippet":"max-snippet:-1","max-image-preview":"max-image-preview:large","max-video-preview":"max-video-preview:-1"},"canonical":"https:\/\/iraurgiberritzen.eus\/es\/dinamicas-de-activacion-con-los-jovenes-de-ikasberri-en-el-marco-del-proyecto-elkarrekin-eraikitzen\/","og_locale":"es_ES","og_type":"article","og_title":"Din\u00e1micas de activaci\u00f3n con los j\u00f3venes de Ikasberri en el marco del proyecto Elkarrekin Eraikitzen - Iraurgi Berritzen","og_description":"En el marco del proyecto Elkarrekin Eraikitzen, que trata de fomentar las relaciones entre el alumnado de los centros escolares con los agentes de la comarca, tras la primera din\u00e1mica realizada con los j\u00f3venes de Floreaga Salestar Ikastetxea en enero, el personal t\u00e9cnico del \u00c1rea de Educaci\u00f3n de Iraurgi Berritzen se ha acercado a Ikasberri, [&hellip;]","og_url":"https:\/\/iraurgiberritzen.eus\/es\/dinamicas-de-activacion-con-los-jovenes-de-ikasberri-en-el-marco-del-proyecto-elkarrekin-eraikitzen\/","og_site_name":"Iraurgi Berritzen","article_published_time":"2023-02-07T06:19:54+00:00","author":"kudeatzailea","twitter_card":"summary_large_image","twitter_misc":{"Escrito por":"kudeatzailea"},"schema":{"@context":"https:\/\/schema.org","@graph":[{"@type":"Article","@id":"https:\/\/iraurgiberritzen.eus\/es\/dinamicas-de-activacion-con-los-jovenes-de-ikasberri-en-el-marco-del-proyecto-elkarrekin-eraikitzen\/#article","isPartOf":{"@id":"https:\/\/iraurgiberritzen.eus\/es\/dinamicas-de-activacion-con-los-jovenes-de-ikasberri-en-el-marco-del-proyecto-elkarrekin-eraikitzen\/"},"author":{"name":"kudeatzailea","@id":"https:\/\/iraurgiberritzen.eus\/es\/#\/schema\/person\/5ab41aaf388a9097177601ebf45738d2"},"headline":"Din\u00e1micas de activaci\u00f3n con los j\u00f3venes de Ikasberri en el marco del proyecto Elkarrekin Eraikitzen","datePublished":"2023-02-07T06:19:54+00:00","mainEntityOfPage":{"@id":"https:\/\/iraurgiberritzen.eus\/es\/dinamicas-de-activacion-con-los-jovenes-de-ikasberri-en-el-marco-del-proyecto-elkarrekin-eraikitzen\/"},"wordCount":91,"publisher":{"@id":"https:\/\/iraurgiberritzen.eus\/es\/#organization"},"image":{"@id":"https:\/\/iraurgiberritzen.eus\/es\/dinamicas-de-activacion-con-los-jovenes-de-ikasberri-en-el-marco-del-proyecto-elkarrekin-eraikitzen\/#primaryimage"},"thumbnailUrl":"https:\/\/iraurgiberritzen.eus\/wp-content\/uploads\/2023\/09\/0a2da575867a6a40e5b18b1844c561af.jpg","articleSection":["Noticias"],"inLanguage":"es"},{"@type":"WebPage","@id":"https:\/\/iraurgiberritzen.eus\/es\/dinamicas-de-activacion-con-los-jovenes-de-ikasberri-en-el-marco-del-proyecto-elkarrekin-eraikitzen\/","url":"https:\/\/iraurgiberritzen.eus\/es\/dinamicas-de-activacion-con-los-jovenes-de-ikasberri-en-el-marco-del-proyecto-elkarrekin-eraikitzen\/","name":"Din\u00e1micas de activaci\u00f3n con los j\u00f3venes de Ikasberri en el marco del proyecto Elkarrekin Eraikitzen - Iraurgi Berritzen","isPartOf":{"@id":"https:\/\/iraurgiberritzen.eus\/es\/#website"},"primaryImageOfPage":{"@id":"https:\/\/iraurgiberritzen.eus\/es\/dinamicas-de-activacion-con-los-jovenes-de-ikasberri-en-el-marco-del-proyecto-elkarrekin-eraikitzen\/#primaryimage"},"image":{"@id":"https:\/\/iraurgiberritzen.eus\/es\/dinamicas-de-activacion-con-los-jovenes-de-ikasberri-en-el-marco-del-proyecto-elkarrekin-eraikitzen\/#primaryimage"},"thumbnailUrl":"https:\/\/iraurgiberritzen.eus\/wp-content\/uploads\/2023\/09\/0a2da575867a6a40e5b18b1844c561af.jpg","datePublished":"2023-02-07T06:19:54+00:00","breadcrumb":{"@id":"https:\/\/iraurgiberritzen.eus\/es\/dinamicas-de-activacion-con-los-jovenes-de-ikasberri-en-el-marco-del-proyecto-elkarrekin-eraikitzen\/#breadcrumb"},"inLanguage":"es","potentialAction":[{"@type":"ReadAction","target":["https:\/\/iraurgiberritzen.eus\/es\/dinamicas-de-activacion-con-los-jovenes-de-ikasberri-en-el-marco-del-proyecto-elkarrekin-eraikitzen\/"]}]},{"@type":"ImageObject","inLanguage":"es","@id":"https:\/\/iraurgiberritzen.eus\/es\/dinamicas-de-activacion-con-los-jovenes-de-ikasberri-en-el-marco-del-proyecto-elkarrekin-eraikitzen\/#primaryimage","url":"https:\/\/iraurgiberritzen.eus\/wp-content\/uploads\/2023\/09\/0a2da575867a6a40e5b18b1844c561af.jpg","contentUrl":"https:\/\/iraurgiberritzen.eus\/wp-content\/uploads\/2023\/09\/0a2da575867a6a40e5b18b1844c561af.jpg","width":400,"height":257},{"@type":"BreadcrumbList","@id":"https:\/\/iraurgiberritzen.eus\/es\/dinamicas-de-activacion-con-los-jovenes-de-ikasberri-en-el-marco-del-proyecto-elkarrekin-eraikitzen\/#breadcrumb","itemListElement":[{"@type":"ListItem","position":1,"name":"Home","item":"https:\/\/iraurgiberritzen.eus\/es\/"},{"@type":"ListItem","position":2,"name":"Din\u00e1micas de activaci\u00f3n con los j\u00f3venes de Ikasberri en el marco del proyecto Elkarrekin Eraikitzen"}]},{"@type":"WebSite","@id":"https:\/\/iraurgiberritzen.eus\/es\/#website","url":"https:\/\/iraurgiberritzen.eus\/es\/","name":"Iraurgi Berritzen","description":"Urola Erdiko Garapen Agentzia","publisher":{"@id":"https:\/\/iraurgiberritzen.eus\/es\/#organization"},"potentialAction":[{"@type":"SearchAction","target":{"@type":"EntryPoint","urlTemplate":"https:\/\/iraurgiberritzen.eus\/es\/?s={search_term_string}"},"query-input":{"@type":"PropertyValueSpecification","valueRequired":true,"valueName":"search_term_string"}}],"inLanguage":"es"},{"@type":"Organization","@id":"https:\/\/iraurgiberritzen.eus\/es\/#organization","name":"Iraurgi Berritzen","url":"https:\/\/iraurgiberritzen.eus\/es\/","logo":{"@type":"ImageObject","inLanguage":"es","@id":"https:\/\/iraurgiberritzen.eus\/es\/#\/schema\/logo\/image\/","url":"https:\/\/iraurgiberritzen.eus\/wp-content\/uploads\/2024\/02\/IRAURGI-BERRITZEN-logotipoa_2.png","contentUrl":"https:\/\/iraurgiberritzen.eus\/wp-content\/uploads\/2024\/02\/IRAURGI-BERRITZEN-logotipoa_2.png","width":496,"height":190,"caption":"Iraurgi Berritzen"},"image":{"@id":"https:\/\/iraurgiberritzen.eus\/es\/#\/schema\/logo\/image\/"}},{"@type":"Person","@id":"https:\/\/iraurgiberritzen.eus\/es\/#\/schema\/person\/5ab41aaf388a9097177601ebf45738d2","name":"kudeatzailea","sameAs":["https:\/\/iraurgiberritzen.eus"]}]}},"_links":{"self":[{"href":"https:\/\/iraurgiberritzen.eus\/es\/wp-json\/wp\/v2\/posts\/14295","targetHints":{"allow":["GET"]}}],"collection":[{"href":"https:\/\/iraurgiberritzen.eus\/es\/wp-json\/wp\/v2\/posts"}],"about":[{"href":"https:\/\/iraurgiberritzen.eus\/es\/wp-json\/wp\/v2\/types\/post"}],"author":[{"embeddable":true,"href":"https:\/\/iraurgiberritzen.eus\/es\/wp-json\/wp\/v2\/users\/1"}],"replies":[{"embeddable":true,"href":"https:\/\/iraurgiberritzen.eus\/es\/wp-json\/wp\/v2\/comments?post=14295"}],"version-history":[{"count":0,"href":"https:\/\/iraurgiberritzen.eus\/es\/wp-json\/wp\/v2\/posts\/14295\/revisions"}],"wp:featuredmedia":[{"embeddable":true,"href":"https:\/\/iraurgiberritzen.eus\/es\/wp-json\/wp\/v2\/media\/17279"}],"wp:attachment":[{"href":"https:\/\/iraurgiberritzen.eus\/es\/wp-json\/wp\/v2\/media?parent=14295"}],"wp:term":[{"taxonomy":"category","embeddable":true,"href":"https:\/\/iraurgiberritzen.eus\/es\/wp-json\/wp\/v2\/categories?post=14295"},{"taxonomy":"post_tag","embeddable":true,"href":"https:\/\/iraurgiberritzen.eus\/es\/wp-json\/wp\/v2\/tags?post=14295"}],"curies":[{"name":"wp","href":"https:\/\/api.w.org\/{rel}","templated":true}]}}