{"id":14298,"date":"2023-02-07T13:48:39","date_gmt":"2023-02-07T11:48:39","guid":{"rendered":"https:\/\/iraurgiberritzen.eus\/los-directores-de-los-centros-educativos-de-la-comarca-se-han-reunido-para-hacer-el-seguimiento-de-los-proyectos-en-marcha-correspondientes\/"},"modified":"2023-02-07T13:48:39","modified_gmt":"2023-02-07T11:48:39","slug":"los-directores-de-los-centros-educativos-de-la-comarca-se-han-reunido-para-hacer-el-seguimiento-de-los-proyectos-en-marcha-correspondientes","status":"publish","type":"post","link":"https:\/\/iraurgiberritzen.eus\/es\/los-directores-de-los-centros-educativos-de-la-comarca-se-han-reunido-para-hacer-el-seguimiento-de-los-proyectos-en-marcha-correspondientes\/","title":{"rendered":"Los directores de los centros educativos de la comarca se han reunido para hacer el seguimiento de los proyectos en marcha correspondientes"},"content":{"rendered":"<p>Hoy 7 de febrero se ha celebrado en el marco de IB Hezkuntza Gunea la reuni\u00f3n de este Grupo de Trabajo.<\/p>\n<p>El objetivo ha sido, como cada a\u00f1o, realizar el seguimiento de las l\u00edneas de trabajo comunes priorizadas al comienzo del curso y realizar las valoraciones y adaptaciones correspondientes.<\/p>\n<p>Entre las l\u00edneas de trabajo acordadas en com\u00fan:<\/p>\n<ul>\n<li style=\"text-align: justify;\">Seguimiento de la l\u00ednea de trabajo <strong>IKASIZ<\/strong>. Modelos de Gesti\u00f3n En Centros Educativos Sensibilizaci\u00f3n y Capacitaci\u00f3n Creaci\u00f3n de espacios colectivos e individuale<\/li>\n<li style=\"text-align: justify;\">Proyecto <strong>Ikastetxeak Saretzen<\/strong> (IB Harremanak). Crear din\u00e1micas y espacios orientados a fortalecer las relaciones entre los centros educativos y los diferentes agentes de la comarca. Identificaci\u00f3n de nuevas din\u00e1micas de relaci\u00f3n.<\/li>\n<li style=\"text-align: justify;\">Consolidaci\u00f3n y mejora de proyectos en marcha:\n<ul>\n<li style=\"text-align: justify;\"><strong>Elkarrekin Eraikitzen<\/strong>: (Relaci\u00f3n directa del alumnado con los agentes socioecon\u00f3micos de la comarca, entrevistas con agentes, etc..).<\/li>\n<li style=\"text-align: justify;\"><strong>Gerolan<\/strong> Orientazioa: (Complementar los planes de orientaci\u00f3n de los centros, desarrollando orientaciones concretas personalizadas, relacionando profesionales con alumnos).<\/li>\n<li><strong>STEAM Urola Erdian<\/strong>: (Desarrollo de proyectos tanto cient\u00edficos como tecnol\u00f3gicos, promoviendo las relaciones de los alumnos con los profesionales STEAM).<\/li>\n<li><strong>Izan Ekintzaile<\/strong>: (Trabajar los conceptos b\u00e1sicos del emprendizaje con el alumnado, apoy\u00e1ndonos en experiencias reales de diferentes emprendedores de la comarca).<\/li>\n<\/ul>\n<\/li>\n<\/ul>\n<p style=\"text-align: justify;\">El seguimiento operativo de cada proyecto se articula a trav\u00e9s de grupos de trabajo compuestos por los diferentes proyectos l\u00edderes asociados a cada proyecto por cada centro.<\/p>\n","protected":false},"excerpt":{"rendered":"<p>Hoy 7 de febrero se ha celebrado en el marco de IB Hezkuntza Gunea la reuni\u00f3n de este Grupo de Trabajo. El objetivo ha sido, como cada a\u00f1o, realizar el seguimiento de las l\u00edneas de trabajo comunes priorizadas al comienzo del curso y realizar las valoraciones y adaptaciones correspondientes. Entre las l\u00edneas de trabajo acordadas [&hellip;]<\/p>\n","protected":false},"author":1,"featured_media":17280,"comment_status":"","ping_status":"closed","sticky":false,"template":"","format":"standard","meta":{"_acf_changed":false,"footnotes":""},"categories":[4],"tags":[],"class_list":["post-14298","post","type-post","status-publish","format-standard","has-post-thumbnail","hentry","category-noticias"],"acf":[],"yoast_head":"<!-- This site is optimized with the Yoast SEO plugin v27.4 - https:\/\/yoast.com\/product\/yoast-seo-wordpress\/ -->\n<title>Los directores de los centros educativos de la comarca se han reunido para hacer el seguimiento de los proyectos en marcha correspondientes - Iraurgi Berritzen<\/title>\n<meta name=\"robots\" content=\"index, follow, max-snippet:-1, max-image-preview:large, max-video-preview:-1\" \/>\n<link rel=\"canonical\" href=\"https:\/\/iraurgiberritzen.eus\/es\/los-directores-de-los-centros-educativos-de-la-comarca-se-han-reunido-para-hacer-el-seguimiento-de-los-proyectos-en-marcha-correspondientes\/\" \/>\n<meta property=\"og:locale\" content=\"es_ES\" \/>\n<meta property=\"og:type\" content=\"article\" \/>\n<meta property=\"og:title\" content=\"Los directores de los centros educativos de la comarca se han reunido para hacer el seguimiento de los proyectos en marcha correspondientes - Iraurgi Berritzen\" \/>\n<meta property=\"og:description\" content=\"Hoy 7 de febrero se ha celebrado en el marco de IB Hezkuntza Gunea la reuni\u00f3n de este Grupo de Trabajo. El objetivo ha sido, como cada a\u00f1o, realizar el seguimiento de las l\u00edneas de trabajo comunes priorizadas al comienzo del curso y realizar las valoraciones y adaptaciones correspondientes. Entre las l\u00edneas de trabajo acordadas [&hellip;]\" \/>\n<meta property=\"og:url\" content=\"https:\/\/iraurgiberritzen.eus\/es\/los-directores-de-los-centros-educativos-de-la-comarca-se-han-reunido-para-hacer-el-seguimiento-de-los-proyectos-en-marcha-correspondientes\/\" \/>\n<meta property=\"og:site_name\" content=\"Iraurgi Berritzen\" \/>\n<meta property=\"article:published_time\" content=\"2023-02-07T11:48:39+00:00\" \/>\n<meta name=\"author\" content=\"kudeatzailea\" \/>\n<meta name=\"twitter:card\" content=\"summary_large_image\" \/>\n<meta name=\"twitter:label1\" content=\"Escrito por\" \/>\n\t<meta name=\"twitter:data1\" content=\"kudeatzailea\" \/>\n\t<meta name=\"twitter:label2\" content=\"Tiempo de lectura\" \/>\n\t<meta name=\"twitter:data2\" content=\"1 minuto\" \/>\n<script type=\"application\/ld+json\" class=\"yoast-schema-graph\">{\"@context\":\"https:\\\/\\\/schema.org\",\"@graph\":[{\"@type\":\"Article\",\"@id\":\"https:\\\/\\\/iraurgiberritzen.eus\\\/es\\\/los-directores-de-los-centros-educativos-de-la-comarca-se-han-reunido-para-hacer-el-seguimiento-de-los-proyectos-en-marcha-correspondientes\\\/#article\",\"isPartOf\":{\"@id\":\"https:\\\/\\\/iraurgiberritzen.eus\\\/es\\\/los-directores-de-los-centros-educativos-de-la-comarca-se-han-reunido-para-hacer-el-seguimiento-de-los-proyectos-en-marcha-correspondientes\\\/\"},\"author\":{\"name\":\"kudeatzailea\",\"@id\":\"https:\\\/\\\/iraurgiberritzen.eus\\\/es\\\/#\\\/schema\\\/person\\\/5ab41aaf388a9097177601ebf45738d2\"},\"headline\":\"Los directores de los centros educativos de la comarca se han reunido para hacer el seguimiento de los proyectos en marcha correspondientes\",\"datePublished\":\"2023-02-07T11:48:39+00:00\",\"mainEntityOfPage\":{\"@id\":\"https:\\\/\\\/iraurgiberritzen.eus\\\/es\\\/los-directores-de-los-centros-educativos-de-la-comarca-se-han-reunido-para-hacer-el-seguimiento-de-los-proyectos-en-marcha-correspondientes\\\/\"},\"wordCount\":265,\"publisher\":{\"@id\":\"https:\\\/\\\/iraurgiberritzen.eus\\\/es\\\/#organization\"},\"image\":{\"@id\":\"https:\\\/\\\/iraurgiberritzen.eus\\\/es\\\/los-directores-de-los-centros-educativos-de-la-comarca-se-han-reunido-para-hacer-el-seguimiento-de-los-proyectos-en-marcha-correspondientes\\\/#primaryimage\"},\"thumbnailUrl\":\"https:\\\/\\\/iraurgiberritzen.eus\\\/wp-content\\\/uploads\\\/2023\\\/09\\\/bf0a58b987aa7318ac88de52f64c5fa6.jpg\",\"articleSection\":[\"Noticias\"],\"inLanguage\":\"es\"},{\"@type\":\"WebPage\",\"@id\":\"https:\\\/\\\/iraurgiberritzen.eus\\\/es\\\/los-directores-de-los-centros-educativos-de-la-comarca-se-han-reunido-para-hacer-el-seguimiento-de-los-proyectos-en-marcha-correspondientes\\\/\",\"url\":\"https:\\\/\\\/iraurgiberritzen.eus\\\/es\\\/los-directores-de-los-centros-educativos-de-la-comarca-se-han-reunido-para-hacer-el-seguimiento-de-los-proyectos-en-marcha-correspondientes\\\/\",\"name\":\"Los directores de los centros educativos de la comarca se han reunido para hacer el seguimiento de los proyectos en marcha correspondientes - Iraurgi Berritzen\",\"isPartOf\":{\"@id\":\"https:\\\/\\\/iraurgiberritzen.eus\\\/es\\\/#website\"},\"primaryImageOfPage\":{\"@id\":\"https:\\\/\\\/iraurgiberritzen.eus\\\/es\\\/los-directores-de-los-centros-educativos-de-la-comarca-se-han-reunido-para-hacer-el-seguimiento-de-los-proyectos-en-marcha-correspondientes\\\/#primaryimage\"},\"image\":{\"@id\":\"https:\\\/\\\/iraurgiberritzen.eus\\\/es\\\/los-directores-de-los-centros-educativos-de-la-comarca-se-han-reunido-para-hacer-el-seguimiento-de-los-proyectos-en-marcha-correspondientes\\\/#primaryimage\"},\"thumbnailUrl\":\"https:\\\/\\\/iraurgiberritzen.eus\\\/wp-content\\\/uploads\\\/2023\\\/09\\\/bf0a58b987aa7318ac88de52f64c5fa6.jpg\",\"datePublished\":\"2023-02-07T11:48:39+00:00\",\"breadcrumb\":{\"@id\":\"https:\\\/\\\/iraurgiberritzen.eus\\\/es\\\/los-directores-de-los-centros-educativos-de-la-comarca-se-han-reunido-para-hacer-el-seguimiento-de-los-proyectos-en-marcha-correspondientes\\\/#breadcrumb\"},\"inLanguage\":\"es\",\"potentialAction\":[{\"@type\":\"ReadAction\",\"target\":[\"https:\\\/\\\/iraurgiberritzen.eus\\\/es\\\/los-directores-de-los-centros-educativos-de-la-comarca-se-han-reunido-para-hacer-el-seguimiento-de-los-proyectos-en-marcha-correspondientes\\\/\"]}]},{\"@type\":\"ImageObject\",\"inLanguage\":\"es\",\"@id\":\"https:\\\/\\\/iraurgiberritzen.eus\\\/es\\\/los-directores-de-los-centros-educativos-de-la-comarca-se-han-reunido-para-hacer-el-seguimiento-de-los-proyectos-en-marcha-correspondientes\\\/#primaryimage\",\"url\":\"https:\\\/\\\/iraurgiberritzen.eus\\\/wp-content\\\/uploads\\\/2023\\\/09\\\/bf0a58b987aa7318ac88de52f64c5fa6.jpg\",\"contentUrl\":\"https:\\\/\\\/iraurgiberritzen.eus\\\/wp-content\\\/uploads\\\/2023\\\/09\\\/bf0a58b987aa7318ac88de52f64c5fa6.jpg\",\"width\":400,\"height\":257},{\"@type\":\"BreadcrumbList\",\"@id\":\"https:\\\/\\\/iraurgiberritzen.eus\\\/es\\\/los-directores-de-los-centros-educativos-de-la-comarca-se-han-reunido-para-hacer-el-seguimiento-de-los-proyectos-en-marcha-correspondientes\\\/#breadcrumb\",\"itemListElement\":[{\"@type\":\"ListItem\",\"position\":1,\"name\":\"Home\",\"item\":\"https:\\\/\\\/iraurgiberritzen.eus\\\/es\\\/\"},{\"@type\":\"ListItem\",\"position\":2,\"name\":\"Los directores de los centros educativos de la comarca se han reunido para hacer el seguimiento de los proyectos en marcha correspondientes\"}]},{\"@type\":\"WebSite\",\"@id\":\"https:\\\/\\\/iraurgiberritzen.eus\\\/es\\\/#website\",\"url\":\"https:\\\/\\\/iraurgiberritzen.eus\\\/es\\\/\",\"name\":\"Iraurgi Berritzen\",\"description\":\"Urola Erdiko Garapen Agentzia\",\"publisher\":{\"@id\":\"https:\\\/\\\/iraurgiberritzen.eus\\\/es\\\/#organization\"},\"potentialAction\":[{\"@type\":\"SearchAction\",\"target\":{\"@type\":\"EntryPoint\",\"urlTemplate\":\"https:\\\/\\\/iraurgiberritzen.eus\\\/es\\\/?s={search_term_string}\"},\"query-input\":{\"@type\":\"PropertyValueSpecification\",\"valueRequired\":true,\"valueName\":\"search_term_string\"}}],\"inLanguage\":\"es\"},{\"@type\":\"Organization\",\"@id\":\"https:\\\/\\\/iraurgiberritzen.eus\\\/es\\\/#organization\",\"name\":\"Iraurgi Berritzen\",\"url\":\"https:\\\/\\\/iraurgiberritzen.eus\\\/es\\\/\",\"logo\":{\"@type\":\"ImageObject\",\"inLanguage\":\"es\",\"@id\":\"https:\\\/\\\/iraurgiberritzen.eus\\\/es\\\/#\\\/schema\\\/logo\\\/image\\\/\",\"url\":\"https:\\\/\\\/iraurgiberritzen.eus\\\/wp-content\\\/uploads\\\/2024\\\/02\\\/IRAURGI-BERRITZEN-logotipoa_2.png\",\"contentUrl\":\"https:\\\/\\\/iraurgiberritzen.eus\\\/wp-content\\\/uploads\\\/2024\\\/02\\\/IRAURGI-BERRITZEN-logotipoa_2.png\",\"width\":496,\"height\":190,\"caption\":\"Iraurgi Berritzen\"},\"image\":{\"@id\":\"https:\\\/\\\/iraurgiberritzen.eus\\\/es\\\/#\\\/schema\\\/logo\\\/image\\\/\"}},{\"@type\":\"Person\",\"@id\":\"https:\\\/\\\/iraurgiberritzen.eus\\\/es\\\/#\\\/schema\\\/person\\\/5ab41aaf388a9097177601ebf45738d2\",\"name\":\"kudeatzailea\",\"sameAs\":[\"https:\\\/\\\/iraurgiberritzen.eus\"]}]}<\/script>\n<!-- \/ Yoast SEO plugin. -->","yoast_head_json":{"title":"Los directores de los centros educativos de la comarca se han reunido para hacer el seguimiento de los proyectos en marcha correspondientes - Iraurgi Berritzen","robots":{"index":"index","follow":"follow","max-snippet":"max-snippet:-1","max-image-preview":"max-image-preview:large","max-video-preview":"max-video-preview:-1"},"canonical":"https:\/\/iraurgiberritzen.eus\/es\/los-directores-de-los-centros-educativos-de-la-comarca-se-han-reunido-para-hacer-el-seguimiento-de-los-proyectos-en-marcha-correspondientes\/","og_locale":"es_ES","og_type":"article","og_title":"Los directores de los centros educativos de la comarca se han reunido para hacer el seguimiento de los proyectos en marcha correspondientes - Iraurgi Berritzen","og_description":"Hoy 7 de febrero se ha celebrado en el marco de IB Hezkuntza Gunea la reuni\u00f3n de este Grupo de Trabajo. El objetivo ha sido, como cada a\u00f1o, realizar el seguimiento de las l\u00edneas de trabajo comunes priorizadas al comienzo del curso y realizar las valoraciones y adaptaciones correspondientes. Entre las l\u00edneas de trabajo acordadas [&hellip;]","og_url":"https:\/\/iraurgiberritzen.eus\/es\/los-directores-de-los-centros-educativos-de-la-comarca-se-han-reunido-para-hacer-el-seguimiento-de-los-proyectos-en-marcha-correspondientes\/","og_site_name":"Iraurgi Berritzen","article_published_time":"2023-02-07T11:48:39+00:00","author":"kudeatzailea","twitter_card":"summary_large_image","twitter_misc":{"Escrito por":"kudeatzailea","Tiempo de lectura":"1 minuto"},"schema":{"@context":"https:\/\/schema.org","@graph":[{"@type":"Article","@id":"https:\/\/iraurgiberritzen.eus\/es\/los-directores-de-los-centros-educativos-de-la-comarca-se-han-reunido-para-hacer-el-seguimiento-de-los-proyectos-en-marcha-correspondientes\/#article","isPartOf":{"@id":"https:\/\/iraurgiberritzen.eus\/es\/los-directores-de-los-centros-educativos-de-la-comarca-se-han-reunido-para-hacer-el-seguimiento-de-los-proyectos-en-marcha-correspondientes\/"},"author":{"name":"kudeatzailea","@id":"https:\/\/iraurgiberritzen.eus\/es\/#\/schema\/person\/5ab41aaf388a9097177601ebf45738d2"},"headline":"Los directores de los centros educativos de la comarca se han reunido para hacer el seguimiento de los proyectos en marcha correspondientes","datePublished":"2023-02-07T11:48:39+00:00","mainEntityOfPage":{"@id":"https:\/\/iraurgiberritzen.eus\/es\/los-directores-de-los-centros-educativos-de-la-comarca-se-han-reunido-para-hacer-el-seguimiento-de-los-proyectos-en-marcha-correspondientes\/"},"wordCount":265,"publisher":{"@id":"https:\/\/iraurgiberritzen.eus\/es\/#organization"},"image":{"@id":"https:\/\/iraurgiberritzen.eus\/es\/los-directores-de-los-centros-educativos-de-la-comarca-se-han-reunido-para-hacer-el-seguimiento-de-los-proyectos-en-marcha-correspondientes\/#primaryimage"},"thumbnailUrl":"https:\/\/iraurgiberritzen.eus\/wp-content\/uploads\/2023\/09\/bf0a58b987aa7318ac88de52f64c5fa6.jpg","articleSection":["Noticias"],"inLanguage":"es"},{"@type":"WebPage","@id":"https:\/\/iraurgiberritzen.eus\/es\/los-directores-de-los-centros-educativos-de-la-comarca-se-han-reunido-para-hacer-el-seguimiento-de-los-proyectos-en-marcha-correspondientes\/","url":"https:\/\/iraurgiberritzen.eus\/es\/los-directores-de-los-centros-educativos-de-la-comarca-se-han-reunido-para-hacer-el-seguimiento-de-los-proyectos-en-marcha-correspondientes\/","name":"Los directores de los centros educativos de la comarca se han reunido para hacer el seguimiento de los proyectos en marcha correspondientes - Iraurgi Berritzen","isPartOf":{"@id":"https:\/\/iraurgiberritzen.eus\/es\/#website"},"primaryImageOfPage":{"@id":"https:\/\/iraurgiberritzen.eus\/es\/los-directores-de-los-centros-educativos-de-la-comarca-se-han-reunido-para-hacer-el-seguimiento-de-los-proyectos-en-marcha-correspondientes\/#primaryimage"},"image":{"@id":"https:\/\/iraurgiberritzen.eus\/es\/los-directores-de-los-centros-educativos-de-la-comarca-se-han-reunido-para-hacer-el-seguimiento-de-los-proyectos-en-marcha-correspondientes\/#primaryimage"},"thumbnailUrl":"https:\/\/iraurgiberritzen.eus\/wp-content\/uploads\/2023\/09\/bf0a58b987aa7318ac88de52f64c5fa6.jpg","datePublished":"2023-02-07T11:48:39+00:00","breadcrumb":{"@id":"https:\/\/iraurgiberritzen.eus\/es\/los-directores-de-los-centros-educativos-de-la-comarca-se-han-reunido-para-hacer-el-seguimiento-de-los-proyectos-en-marcha-correspondientes\/#breadcrumb"},"inLanguage":"es","potentialAction":[{"@type":"ReadAction","target":["https:\/\/iraurgiberritzen.eus\/es\/los-directores-de-los-centros-educativos-de-la-comarca-se-han-reunido-para-hacer-el-seguimiento-de-los-proyectos-en-marcha-correspondientes\/"]}]},{"@type":"ImageObject","inLanguage":"es","@id":"https:\/\/iraurgiberritzen.eus\/es\/los-directores-de-los-centros-educativos-de-la-comarca-se-han-reunido-para-hacer-el-seguimiento-de-los-proyectos-en-marcha-correspondientes\/#primaryimage","url":"https:\/\/iraurgiberritzen.eus\/wp-content\/uploads\/2023\/09\/bf0a58b987aa7318ac88de52f64c5fa6.jpg","contentUrl":"https:\/\/iraurgiberritzen.eus\/wp-content\/uploads\/2023\/09\/bf0a58b987aa7318ac88de52f64c5fa6.jpg","width":400,"height":257},{"@type":"BreadcrumbList","@id":"https:\/\/iraurgiberritzen.eus\/es\/los-directores-de-los-centros-educativos-de-la-comarca-se-han-reunido-para-hacer-el-seguimiento-de-los-proyectos-en-marcha-correspondientes\/#breadcrumb","itemListElement":[{"@type":"ListItem","position":1,"name":"Home","item":"https:\/\/iraurgiberritzen.eus\/es\/"},{"@type":"ListItem","position":2,"name":"Los directores de los centros educativos de la comarca se han reunido para hacer el seguimiento de los proyectos en marcha correspondientes"}]},{"@type":"WebSite","@id":"https:\/\/iraurgiberritzen.eus\/es\/#website","url":"https:\/\/iraurgiberritzen.eus\/es\/","name":"Iraurgi Berritzen","description":"Urola Erdiko Garapen Agentzia","publisher":{"@id":"https:\/\/iraurgiberritzen.eus\/es\/#organization"},"potentialAction":[{"@type":"SearchAction","target":{"@type":"EntryPoint","urlTemplate":"https:\/\/iraurgiberritzen.eus\/es\/?s={search_term_string}"},"query-input":{"@type":"PropertyValueSpecification","valueRequired":true,"valueName":"search_term_string"}}],"inLanguage":"es"},{"@type":"Organization","@id":"https:\/\/iraurgiberritzen.eus\/es\/#organization","name":"Iraurgi Berritzen","url":"https:\/\/iraurgiberritzen.eus\/es\/","logo":{"@type":"ImageObject","inLanguage":"es","@id":"https:\/\/iraurgiberritzen.eus\/es\/#\/schema\/logo\/image\/","url":"https:\/\/iraurgiberritzen.eus\/wp-content\/uploads\/2024\/02\/IRAURGI-BERRITZEN-logotipoa_2.png","contentUrl":"https:\/\/iraurgiberritzen.eus\/wp-content\/uploads\/2024\/02\/IRAURGI-BERRITZEN-logotipoa_2.png","width":496,"height":190,"caption":"Iraurgi Berritzen"},"image":{"@id":"https:\/\/iraurgiberritzen.eus\/es\/#\/schema\/logo\/image\/"}},{"@type":"Person","@id":"https:\/\/iraurgiberritzen.eus\/es\/#\/schema\/person\/5ab41aaf388a9097177601ebf45738d2","name":"kudeatzailea","sameAs":["https:\/\/iraurgiberritzen.eus"]}]}},"_links":{"self":[{"href":"https:\/\/iraurgiberritzen.eus\/es\/wp-json\/wp\/v2\/posts\/14298","targetHints":{"allow":["GET"]}}],"collection":[{"href":"https:\/\/iraurgiberritzen.eus\/es\/wp-json\/wp\/v2\/posts"}],"about":[{"href":"https:\/\/iraurgiberritzen.eus\/es\/wp-json\/wp\/v2\/types\/post"}],"author":[{"embeddable":true,"href":"https:\/\/iraurgiberritzen.eus\/es\/wp-json\/wp\/v2\/users\/1"}],"replies":[{"embeddable":true,"href":"https:\/\/iraurgiberritzen.eus\/es\/wp-json\/wp\/v2\/comments?post=14298"}],"version-history":[{"count":0,"href":"https:\/\/iraurgiberritzen.eus\/es\/wp-json\/wp\/v2\/posts\/14298\/revisions"}],"wp:featuredmedia":[{"embeddable":true,"href":"https:\/\/iraurgiberritzen.eus\/es\/wp-json\/wp\/v2\/media\/17280"}],"wp:attachment":[{"href":"https:\/\/iraurgiberritzen.eus\/es\/wp-json\/wp\/v2\/media?parent=14298"}],"wp:term":[{"taxonomy":"category","embeddable":true,"href":"https:\/\/iraurgiberritzen.eus\/es\/wp-json\/wp\/v2\/categories?post=14298"},{"taxonomy":"post_tag","embeddable":true,"href":"https:\/\/iraurgiberritzen.eus\/es\/wp-json\/wp\/v2\/tags?post=14298"}],"curies":[{"name":"wp","href":"https:\/\/api.w.org\/{rel}","templated":true}]}}