{"id":14301,"date":"2023-02-09T14:18:23","date_gmt":"2023-02-09T12:18:23","guid":{"rendered":"https:\/\/iraurgiberritzen.eus\/el-grupo-de-trabajo-de-responsables-it-de-empresas-de-la-comarca-participa-en-una-simulacion-practica-de-una-ciberincidencia\/"},"modified":"2023-02-09T14:18:23","modified_gmt":"2023-02-09T12:18:23","slug":"el-grupo-de-trabajo-de-responsables-it-de-empresas-de-la-comarca-participa-en-una-simulacion-practica-de-una-ciberincidencia","status":"publish","type":"post","link":"https:\/\/iraurgiberritzen.eus\/es\/el-grupo-de-trabajo-de-responsables-it-de-empresas-de-la-comarca-participa-en-una-simulacion-practica-de-una-ciberincidencia\/","title":{"rendered":"El grupo de trabajo de responsables IT de empresas de la comarca participa en una simulaci\u00f3n pr\u00e1ctica de una ciberincidencia"},"content":{"rendered":"<p style=\"text-align: justify;\">En cuanto a la planificaci\u00f3n de las sesiones de trabajo acordadas en torno a la ciberseguridad industrial con ZIUR \u2013 Centro de Ciberseguridad Industrial de Gipuzkoa- y dirigidas a los perfiles IT de la comarca, hoy, 9 de febrero, se ha celebrado una sesi\u00f3n de trabajo en el Palacio Basazabal de Azpeitia.<\/p>\n<p style=\"text-align: justify;\">All\u00ed se han reunido los responsables de Tecnolog\u00edas de la Informaci\u00f3n y la Comunicaci\u00f3n (TIC) de 12 empresas industriales de la comarca.<\/p>\n<p style=\"text-align: justify;\">La sesi\u00f3n de hoy se ha celebrado bajo el t\u00edtulo <strong>\u00abGesti\u00f3n de crisis: \u00bfC\u00f3mo actuar ante una incidencia de ciberseguridad?\u00bb<\/strong>. Los participantes, de la mano de expertos de ZIUR, han trabajado a trav\u00e9s del role playing la simulaci\u00f3n pr\u00e1ctica de una ciberincidencia, c\u00f3mo afrontar una situaci\u00f3n como \u00e9sta, la gesti\u00f3n de una situaci\u00f3n de crisis, la creaci\u00f3n del comit\u00e9 de gesti\u00f3n de crisis, los puntos clave a gestionar ante una incidencia de ciberseguridad. Tambi\u00e9n ha habido espacio para el debate y el intercambio de experiencias.<\/p>\n<p style=\"text-align: justify;\">En Mayo se prev\u00e9 celebrar la sesi\u00f3n de trabajo \u00abCertificados de ciberseguridad y las normativas m\u00e1s utilizadas en la actualidad\u00bb.<\/p>\n<p style=\"text-align: justify;\">A trav\u00e9s de estas sesiones de trabajo, adem\u00e1s de <strong>dar a conocer las posibles tendencias tecnol\u00f3gicas<\/strong> en ciberseguridad, se pretende compartir <strong>el conocimiento, los proyectos y las buenas pr\u00e1cticas<\/strong> que las empresas de la comarca est\u00e1n desarrollando en este campo.<\/p>\n<p style=\"text-align: justify;\">Como consecuencia de todo ello, en 2022 en el marco de los programas en los que se est\u00e1 trabajando de la mano de ZIUR, se han desarrollado 18 proyectos en 11 empresas de la comarca. Por un lado para concienciar y formarse ante los ataques de phishing se ha trabajado en el proyecto \u201cSpear Phishing\u201d. Por otro lado, para evaluar la situaci\u00f3n de riesgo actual frente a escenarios o vectores de ataque espec\u00edficos y poder obtener los datos necesarios se ha trabajado en el proyecto \u00abBreach and Attack Simulation\u00bb.<\/p>\n","protected":false},"excerpt":{"rendered":"<p>En cuanto a la planificaci\u00f3n de las sesiones de trabajo acordadas en torno a la ciberseguridad industrial con ZIUR \u2013 Centro de Ciberseguridad Industrial de Gipuzkoa- y dirigidas a los perfiles IT de la comarca, hoy, 9 de febrero, se ha celebrado una sesi\u00f3n de trabajo en el Palacio Basazabal de Azpeitia. All\u00ed se han [&hellip;]<\/p>\n","protected":false},"author":1,"featured_media":17281,"comment_status":"","ping_status":"closed","sticky":false,"template":"","format":"standard","meta":{"_acf_changed":false,"footnotes":""},"categories":[4],"tags":[],"class_list":["post-14301","post","type-post","status-publish","format-standard","has-post-thumbnail","hentry","category-noticias"],"acf":[],"yoast_head":"<!-- This site is optimized with the Yoast SEO plugin v27.4 - https:\/\/yoast.com\/product\/yoast-seo-wordpress\/ -->\n<title>El grupo de trabajo de responsables IT de empresas de la comarca participa en una simulaci\u00f3n pr\u00e1ctica de una ciberincidencia - Iraurgi Berritzen<\/title>\n<meta name=\"robots\" content=\"index, follow, max-snippet:-1, max-image-preview:large, max-video-preview:-1\" \/>\n<link rel=\"canonical\" href=\"https:\/\/iraurgiberritzen.eus\/es\/el-grupo-de-trabajo-de-responsables-it-de-empresas-de-la-comarca-participa-en-una-simulacion-practica-de-una-ciberincidencia\/\" \/>\n<meta property=\"og:locale\" content=\"es_ES\" \/>\n<meta property=\"og:type\" content=\"article\" \/>\n<meta property=\"og:title\" content=\"El grupo de trabajo de responsables IT de empresas de la comarca participa en una simulaci\u00f3n pr\u00e1ctica de una ciberincidencia - Iraurgi Berritzen\" \/>\n<meta property=\"og:description\" content=\"En cuanto a la planificaci\u00f3n de las sesiones de trabajo acordadas en torno a la ciberseguridad industrial con ZIUR \u2013 Centro de Ciberseguridad Industrial de Gipuzkoa- y dirigidas a los perfiles IT de la comarca, hoy, 9 de febrero, se ha celebrado una sesi\u00f3n de trabajo en el Palacio Basazabal de Azpeitia. All\u00ed se han [&hellip;]\" \/>\n<meta property=\"og:url\" content=\"https:\/\/iraurgiberritzen.eus\/es\/el-grupo-de-trabajo-de-responsables-it-de-empresas-de-la-comarca-participa-en-una-simulacion-practica-de-una-ciberincidencia\/\" \/>\n<meta property=\"og:site_name\" content=\"Iraurgi Berritzen\" \/>\n<meta property=\"article:published_time\" content=\"2023-02-09T12:18:23+00:00\" \/>\n<meta name=\"author\" content=\"kudeatzailea\" \/>\n<meta name=\"twitter:card\" content=\"summary_large_image\" \/>\n<meta name=\"twitter:label1\" content=\"Escrito por\" \/>\n\t<meta name=\"twitter:data1\" content=\"kudeatzailea\" \/>\n\t<meta name=\"twitter:label2\" content=\"Tiempo de lectura\" \/>\n\t<meta name=\"twitter:data2\" content=\"2 minutos\" \/>\n<script type=\"application\/ld+json\" class=\"yoast-schema-graph\">{\"@context\":\"https:\\\/\\\/schema.org\",\"@graph\":[{\"@type\":\"Article\",\"@id\":\"https:\\\/\\\/iraurgiberritzen.eus\\\/es\\\/el-grupo-de-trabajo-de-responsables-it-de-empresas-de-la-comarca-participa-en-una-simulacion-practica-de-una-ciberincidencia\\\/#article\",\"isPartOf\":{\"@id\":\"https:\\\/\\\/iraurgiberritzen.eus\\\/es\\\/el-grupo-de-trabajo-de-responsables-it-de-empresas-de-la-comarca-participa-en-una-simulacion-practica-de-una-ciberincidencia\\\/\"},\"author\":{\"name\":\"kudeatzailea\",\"@id\":\"https:\\\/\\\/iraurgiberritzen.eus\\\/es\\\/#\\\/schema\\\/person\\\/5ab41aaf388a9097177601ebf45738d2\"},\"headline\":\"El grupo de trabajo de responsables IT de empresas de la comarca participa en una simulaci\u00f3n pr\u00e1ctica de una ciberincidencia\",\"datePublished\":\"2023-02-09T12:18:23+00:00\",\"mainEntityOfPage\":{\"@id\":\"https:\\\/\\\/iraurgiberritzen.eus\\\/es\\\/el-grupo-de-trabajo-de-responsables-it-de-empresas-de-la-comarca-participa-en-una-simulacion-practica-de-una-ciberincidencia\\\/\"},\"wordCount\":352,\"publisher\":{\"@id\":\"https:\\\/\\\/iraurgiberritzen.eus\\\/es\\\/#organization\"},\"image\":{\"@id\":\"https:\\\/\\\/iraurgiberritzen.eus\\\/es\\\/el-grupo-de-trabajo-de-responsables-it-de-empresas-de-la-comarca-participa-en-una-simulacion-practica-de-una-ciberincidencia\\\/#primaryimage\"},\"thumbnailUrl\":\"https:\\\/\\\/iraurgiberritzen.eus\\\/wp-content\\\/uploads\\\/2023\\\/09\\\/8a9b7c16c70cb459bfcfa9022478fdd9.jpg\",\"articleSection\":[\"Noticias\"],\"inLanguage\":\"es\"},{\"@type\":\"WebPage\",\"@id\":\"https:\\\/\\\/iraurgiberritzen.eus\\\/es\\\/el-grupo-de-trabajo-de-responsables-it-de-empresas-de-la-comarca-participa-en-una-simulacion-practica-de-una-ciberincidencia\\\/\",\"url\":\"https:\\\/\\\/iraurgiberritzen.eus\\\/es\\\/el-grupo-de-trabajo-de-responsables-it-de-empresas-de-la-comarca-participa-en-una-simulacion-practica-de-una-ciberincidencia\\\/\",\"name\":\"El grupo de trabajo de responsables IT de empresas de la comarca participa en una simulaci\u00f3n pr\u00e1ctica de una ciberincidencia - Iraurgi Berritzen\",\"isPartOf\":{\"@id\":\"https:\\\/\\\/iraurgiberritzen.eus\\\/es\\\/#website\"},\"primaryImageOfPage\":{\"@id\":\"https:\\\/\\\/iraurgiberritzen.eus\\\/es\\\/el-grupo-de-trabajo-de-responsables-it-de-empresas-de-la-comarca-participa-en-una-simulacion-practica-de-una-ciberincidencia\\\/#primaryimage\"},\"image\":{\"@id\":\"https:\\\/\\\/iraurgiberritzen.eus\\\/es\\\/el-grupo-de-trabajo-de-responsables-it-de-empresas-de-la-comarca-participa-en-una-simulacion-practica-de-una-ciberincidencia\\\/#primaryimage\"},\"thumbnailUrl\":\"https:\\\/\\\/iraurgiberritzen.eus\\\/wp-content\\\/uploads\\\/2023\\\/09\\\/8a9b7c16c70cb459bfcfa9022478fdd9.jpg\",\"datePublished\":\"2023-02-09T12:18:23+00:00\",\"breadcrumb\":{\"@id\":\"https:\\\/\\\/iraurgiberritzen.eus\\\/es\\\/el-grupo-de-trabajo-de-responsables-it-de-empresas-de-la-comarca-participa-en-una-simulacion-practica-de-una-ciberincidencia\\\/#breadcrumb\"},\"inLanguage\":\"es\",\"potentialAction\":[{\"@type\":\"ReadAction\",\"target\":[\"https:\\\/\\\/iraurgiberritzen.eus\\\/es\\\/el-grupo-de-trabajo-de-responsables-it-de-empresas-de-la-comarca-participa-en-una-simulacion-practica-de-una-ciberincidencia\\\/\"]}]},{\"@type\":\"ImageObject\",\"inLanguage\":\"es\",\"@id\":\"https:\\\/\\\/iraurgiberritzen.eus\\\/es\\\/el-grupo-de-trabajo-de-responsables-it-de-empresas-de-la-comarca-participa-en-una-simulacion-practica-de-una-ciberincidencia\\\/#primaryimage\",\"url\":\"https:\\\/\\\/iraurgiberritzen.eus\\\/wp-content\\\/uploads\\\/2023\\\/09\\\/8a9b7c16c70cb459bfcfa9022478fdd9.jpg\",\"contentUrl\":\"https:\\\/\\\/iraurgiberritzen.eus\\\/wp-content\\\/uploads\\\/2023\\\/09\\\/8a9b7c16c70cb459bfcfa9022478fdd9.jpg\",\"width\":400,\"height\":257},{\"@type\":\"BreadcrumbList\",\"@id\":\"https:\\\/\\\/iraurgiberritzen.eus\\\/es\\\/el-grupo-de-trabajo-de-responsables-it-de-empresas-de-la-comarca-participa-en-una-simulacion-practica-de-una-ciberincidencia\\\/#breadcrumb\",\"itemListElement\":[{\"@type\":\"ListItem\",\"position\":1,\"name\":\"Home\",\"item\":\"https:\\\/\\\/iraurgiberritzen.eus\\\/es\\\/\"},{\"@type\":\"ListItem\",\"position\":2,\"name\":\"El grupo de trabajo de responsables IT de empresas de la comarca participa en una simulaci\u00f3n pr\u00e1ctica de una ciberincidencia\"}]},{\"@type\":\"WebSite\",\"@id\":\"https:\\\/\\\/iraurgiberritzen.eus\\\/es\\\/#website\",\"url\":\"https:\\\/\\\/iraurgiberritzen.eus\\\/es\\\/\",\"name\":\"Iraurgi Berritzen\",\"description\":\"Urola Erdiko Garapen Agentzia\",\"publisher\":{\"@id\":\"https:\\\/\\\/iraurgiberritzen.eus\\\/es\\\/#organization\"},\"potentialAction\":[{\"@type\":\"SearchAction\",\"target\":{\"@type\":\"EntryPoint\",\"urlTemplate\":\"https:\\\/\\\/iraurgiberritzen.eus\\\/es\\\/?s={search_term_string}\"},\"query-input\":{\"@type\":\"PropertyValueSpecification\",\"valueRequired\":true,\"valueName\":\"search_term_string\"}}],\"inLanguage\":\"es\"},{\"@type\":\"Organization\",\"@id\":\"https:\\\/\\\/iraurgiberritzen.eus\\\/es\\\/#organization\",\"name\":\"Iraurgi Berritzen\",\"url\":\"https:\\\/\\\/iraurgiberritzen.eus\\\/es\\\/\",\"logo\":{\"@type\":\"ImageObject\",\"inLanguage\":\"es\",\"@id\":\"https:\\\/\\\/iraurgiberritzen.eus\\\/es\\\/#\\\/schema\\\/logo\\\/image\\\/\",\"url\":\"https:\\\/\\\/iraurgiberritzen.eus\\\/wp-content\\\/uploads\\\/2024\\\/02\\\/IRAURGI-BERRITZEN-logotipoa_2.png\",\"contentUrl\":\"https:\\\/\\\/iraurgiberritzen.eus\\\/wp-content\\\/uploads\\\/2024\\\/02\\\/IRAURGI-BERRITZEN-logotipoa_2.png\",\"width\":496,\"height\":190,\"caption\":\"Iraurgi Berritzen\"},\"image\":{\"@id\":\"https:\\\/\\\/iraurgiberritzen.eus\\\/es\\\/#\\\/schema\\\/logo\\\/image\\\/\"}},{\"@type\":\"Person\",\"@id\":\"https:\\\/\\\/iraurgiberritzen.eus\\\/es\\\/#\\\/schema\\\/person\\\/5ab41aaf388a9097177601ebf45738d2\",\"name\":\"kudeatzailea\",\"sameAs\":[\"https:\\\/\\\/iraurgiberritzen.eus\"]}]}<\/script>\n<!-- \/ Yoast SEO plugin. -->","yoast_head_json":{"title":"El grupo de trabajo de responsables IT de empresas de la comarca participa en una simulaci\u00f3n pr\u00e1ctica de una ciberincidencia - Iraurgi Berritzen","robots":{"index":"index","follow":"follow","max-snippet":"max-snippet:-1","max-image-preview":"max-image-preview:large","max-video-preview":"max-video-preview:-1"},"canonical":"https:\/\/iraurgiberritzen.eus\/es\/el-grupo-de-trabajo-de-responsables-it-de-empresas-de-la-comarca-participa-en-una-simulacion-practica-de-una-ciberincidencia\/","og_locale":"es_ES","og_type":"article","og_title":"El grupo de trabajo de responsables IT de empresas de la comarca participa en una simulaci\u00f3n pr\u00e1ctica de una ciberincidencia - Iraurgi Berritzen","og_description":"En cuanto a la planificaci\u00f3n de las sesiones de trabajo acordadas en torno a la ciberseguridad industrial con ZIUR \u2013 Centro de Ciberseguridad Industrial de Gipuzkoa- y dirigidas a los perfiles IT de la comarca, hoy, 9 de febrero, se ha celebrado una sesi\u00f3n de trabajo en el Palacio Basazabal de Azpeitia. All\u00ed se han [&hellip;]","og_url":"https:\/\/iraurgiberritzen.eus\/es\/el-grupo-de-trabajo-de-responsables-it-de-empresas-de-la-comarca-participa-en-una-simulacion-practica-de-una-ciberincidencia\/","og_site_name":"Iraurgi Berritzen","article_published_time":"2023-02-09T12:18:23+00:00","author":"kudeatzailea","twitter_card":"summary_large_image","twitter_misc":{"Escrito por":"kudeatzailea","Tiempo de lectura":"2 minutos"},"schema":{"@context":"https:\/\/schema.org","@graph":[{"@type":"Article","@id":"https:\/\/iraurgiberritzen.eus\/es\/el-grupo-de-trabajo-de-responsables-it-de-empresas-de-la-comarca-participa-en-una-simulacion-practica-de-una-ciberincidencia\/#article","isPartOf":{"@id":"https:\/\/iraurgiberritzen.eus\/es\/el-grupo-de-trabajo-de-responsables-it-de-empresas-de-la-comarca-participa-en-una-simulacion-practica-de-una-ciberincidencia\/"},"author":{"name":"kudeatzailea","@id":"https:\/\/iraurgiberritzen.eus\/es\/#\/schema\/person\/5ab41aaf388a9097177601ebf45738d2"},"headline":"El grupo de trabajo de responsables IT de empresas de la comarca participa en una simulaci\u00f3n pr\u00e1ctica de una ciberincidencia","datePublished":"2023-02-09T12:18:23+00:00","mainEntityOfPage":{"@id":"https:\/\/iraurgiberritzen.eus\/es\/el-grupo-de-trabajo-de-responsables-it-de-empresas-de-la-comarca-participa-en-una-simulacion-practica-de-una-ciberincidencia\/"},"wordCount":352,"publisher":{"@id":"https:\/\/iraurgiberritzen.eus\/es\/#organization"},"image":{"@id":"https:\/\/iraurgiberritzen.eus\/es\/el-grupo-de-trabajo-de-responsables-it-de-empresas-de-la-comarca-participa-en-una-simulacion-practica-de-una-ciberincidencia\/#primaryimage"},"thumbnailUrl":"https:\/\/iraurgiberritzen.eus\/wp-content\/uploads\/2023\/09\/8a9b7c16c70cb459bfcfa9022478fdd9.jpg","articleSection":["Noticias"],"inLanguage":"es"},{"@type":"WebPage","@id":"https:\/\/iraurgiberritzen.eus\/es\/el-grupo-de-trabajo-de-responsables-it-de-empresas-de-la-comarca-participa-en-una-simulacion-practica-de-una-ciberincidencia\/","url":"https:\/\/iraurgiberritzen.eus\/es\/el-grupo-de-trabajo-de-responsables-it-de-empresas-de-la-comarca-participa-en-una-simulacion-practica-de-una-ciberincidencia\/","name":"El grupo de trabajo de responsables IT de empresas de la comarca participa en una simulaci\u00f3n pr\u00e1ctica de una ciberincidencia - Iraurgi Berritzen","isPartOf":{"@id":"https:\/\/iraurgiberritzen.eus\/es\/#website"},"primaryImageOfPage":{"@id":"https:\/\/iraurgiberritzen.eus\/es\/el-grupo-de-trabajo-de-responsables-it-de-empresas-de-la-comarca-participa-en-una-simulacion-practica-de-una-ciberincidencia\/#primaryimage"},"image":{"@id":"https:\/\/iraurgiberritzen.eus\/es\/el-grupo-de-trabajo-de-responsables-it-de-empresas-de-la-comarca-participa-en-una-simulacion-practica-de-una-ciberincidencia\/#primaryimage"},"thumbnailUrl":"https:\/\/iraurgiberritzen.eus\/wp-content\/uploads\/2023\/09\/8a9b7c16c70cb459bfcfa9022478fdd9.jpg","datePublished":"2023-02-09T12:18:23+00:00","breadcrumb":{"@id":"https:\/\/iraurgiberritzen.eus\/es\/el-grupo-de-trabajo-de-responsables-it-de-empresas-de-la-comarca-participa-en-una-simulacion-practica-de-una-ciberincidencia\/#breadcrumb"},"inLanguage":"es","potentialAction":[{"@type":"ReadAction","target":["https:\/\/iraurgiberritzen.eus\/es\/el-grupo-de-trabajo-de-responsables-it-de-empresas-de-la-comarca-participa-en-una-simulacion-practica-de-una-ciberincidencia\/"]}]},{"@type":"ImageObject","inLanguage":"es","@id":"https:\/\/iraurgiberritzen.eus\/es\/el-grupo-de-trabajo-de-responsables-it-de-empresas-de-la-comarca-participa-en-una-simulacion-practica-de-una-ciberincidencia\/#primaryimage","url":"https:\/\/iraurgiberritzen.eus\/wp-content\/uploads\/2023\/09\/8a9b7c16c70cb459bfcfa9022478fdd9.jpg","contentUrl":"https:\/\/iraurgiberritzen.eus\/wp-content\/uploads\/2023\/09\/8a9b7c16c70cb459bfcfa9022478fdd9.jpg","width":400,"height":257},{"@type":"BreadcrumbList","@id":"https:\/\/iraurgiberritzen.eus\/es\/el-grupo-de-trabajo-de-responsables-it-de-empresas-de-la-comarca-participa-en-una-simulacion-practica-de-una-ciberincidencia\/#breadcrumb","itemListElement":[{"@type":"ListItem","position":1,"name":"Home","item":"https:\/\/iraurgiberritzen.eus\/es\/"},{"@type":"ListItem","position":2,"name":"El grupo de trabajo de responsables IT de empresas de la comarca participa en una simulaci\u00f3n pr\u00e1ctica de una ciberincidencia"}]},{"@type":"WebSite","@id":"https:\/\/iraurgiberritzen.eus\/es\/#website","url":"https:\/\/iraurgiberritzen.eus\/es\/","name":"Iraurgi Berritzen","description":"Urola Erdiko Garapen Agentzia","publisher":{"@id":"https:\/\/iraurgiberritzen.eus\/es\/#organization"},"potentialAction":[{"@type":"SearchAction","target":{"@type":"EntryPoint","urlTemplate":"https:\/\/iraurgiberritzen.eus\/es\/?s={search_term_string}"},"query-input":{"@type":"PropertyValueSpecification","valueRequired":true,"valueName":"search_term_string"}}],"inLanguage":"es"},{"@type":"Organization","@id":"https:\/\/iraurgiberritzen.eus\/es\/#organization","name":"Iraurgi Berritzen","url":"https:\/\/iraurgiberritzen.eus\/es\/","logo":{"@type":"ImageObject","inLanguage":"es","@id":"https:\/\/iraurgiberritzen.eus\/es\/#\/schema\/logo\/image\/","url":"https:\/\/iraurgiberritzen.eus\/wp-content\/uploads\/2024\/02\/IRAURGI-BERRITZEN-logotipoa_2.png","contentUrl":"https:\/\/iraurgiberritzen.eus\/wp-content\/uploads\/2024\/02\/IRAURGI-BERRITZEN-logotipoa_2.png","width":496,"height":190,"caption":"Iraurgi Berritzen"},"image":{"@id":"https:\/\/iraurgiberritzen.eus\/es\/#\/schema\/logo\/image\/"}},{"@type":"Person","@id":"https:\/\/iraurgiberritzen.eus\/es\/#\/schema\/person\/5ab41aaf388a9097177601ebf45738d2","name":"kudeatzailea","sameAs":["https:\/\/iraurgiberritzen.eus"]}]}},"_links":{"self":[{"href":"https:\/\/iraurgiberritzen.eus\/es\/wp-json\/wp\/v2\/posts\/14301","targetHints":{"allow":["GET"]}}],"collection":[{"href":"https:\/\/iraurgiberritzen.eus\/es\/wp-json\/wp\/v2\/posts"}],"about":[{"href":"https:\/\/iraurgiberritzen.eus\/es\/wp-json\/wp\/v2\/types\/post"}],"author":[{"embeddable":true,"href":"https:\/\/iraurgiberritzen.eus\/es\/wp-json\/wp\/v2\/users\/1"}],"replies":[{"embeddable":true,"href":"https:\/\/iraurgiberritzen.eus\/es\/wp-json\/wp\/v2\/comments?post=14301"}],"version-history":[{"count":0,"href":"https:\/\/iraurgiberritzen.eus\/es\/wp-json\/wp\/v2\/posts\/14301\/revisions"}],"wp:featuredmedia":[{"embeddable":true,"href":"https:\/\/iraurgiberritzen.eus\/es\/wp-json\/wp\/v2\/media\/17281"}],"wp:attachment":[{"href":"https:\/\/iraurgiberritzen.eus\/es\/wp-json\/wp\/v2\/media?parent=14301"}],"wp:term":[{"taxonomy":"category","embeddable":true,"href":"https:\/\/iraurgiberritzen.eus\/es\/wp-json\/wp\/v2\/categories?post=14301"},{"taxonomy":"post_tag","embeddable":true,"href":"https:\/\/iraurgiberritzen.eus\/es\/wp-json\/wp\/v2\/tags?post=14301"}],"curies":[{"name":"wp","href":"https:\/\/api.w.org\/{rel}","templated":true}]}}