{"id":14304,"date":"2023-02-10T07:33:01","date_gmt":"2023-02-10T05:33:01","guid":{"rendered":"https:\/\/iraurgiberritzen.eus\/iraurgi-berritzen-en-las-iii-jornadas-de-vias-verdes-de-euskadi-turismo\/"},"modified":"2023-02-10T07:33:01","modified_gmt":"2023-02-10T05:33:01","slug":"iraurgi-berritzen-en-las-iii-jornadas-de-vias-verdes-de-euskadi-turismo","status":"publish","type":"post","link":"https:\/\/iraurgiberritzen.eus\/es\/iraurgi-berritzen-en-las-iii-jornadas-de-vias-verdes-de-euskadi-turismo\/","title":{"rendered":"Iraurgi Berritzen en las III Jornadas de V\u00edas Verdes de Euskadi &#8211; Turismo"},"content":{"rendered":"<p style=\"text-align: justify;\">Jesus Mugica Landa, Coordinador del \u00e1rea de Turismo ha participado como ponente en las III Jornadas de V\u00edas Verdes de Euskadi.<\/p>\n<p style=\"text-align: justify;\">En su presentaci\u00f3n ha incidido en la importancia de ejecutar las obras del tramo entre los barrios de Narrondo e Iraeta para as\u00ed por fin unir el Parque Natural de Aizkorri Aratz y el Geoparque de la Costa Vasca a trav\u00e9s de una v\u00eda ciclable.<\/p>\n<p style=\"text-align: justify;\">\u201cEstamos ante la oportunidad de crear una infraestructura estrat\u00e9gica tanto para la movilidad del Territorio como para el Turismo Sostenible\u201d ha afirmado ante una numerosa audiencia entre las que se encontraba la Diputada de Movilidad y Transportes de la Diputac\u00ed\u00f3n Foral de Gipuzkoa la Sra. Rafaela Romero y el Consejero de Comercio, Consumo y Turismo del Gobierno Vasco el Sr. Javier Hurtado.<\/p>\n","protected":false},"excerpt":{"rendered":"<p>Jesus Mugica Landa, Coordinador del \u00e1rea de Turismo ha participado como ponente en las III Jornadas de V\u00edas Verdes de Euskadi. En su presentaci\u00f3n ha incidido en la importancia de ejecutar las obras del tramo entre los barrios de Narrondo e Iraeta para as\u00ed por fin unir el Parque Natural de Aizkorri Aratz y el [&hellip;]<\/p>\n","protected":false},"author":1,"featured_media":17282,"comment_status":"","ping_status":"closed","sticky":false,"template":"","format":"standard","meta":{"_acf_changed":false,"footnotes":""},"categories":[4],"tags":[],"class_list":["post-14304","post","type-post","status-publish","format-standard","has-post-thumbnail","hentry","category-noticias"],"acf":[],"yoast_head":"<!-- This site is optimized with the Yoast SEO plugin v27.4 - https:\/\/yoast.com\/product\/yoast-seo-wordpress\/ -->\n<title>Iraurgi Berritzen en las III Jornadas de V\u00edas Verdes de Euskadi - Turismo - Iraurgi Berritzen<\/title>\n<meta name=\"robots\" content=\"index, follow, max-snippet:-1, max-image-preview:large, max-video-preview:-1\" \/>\n<link rel=\"canonical\" href=\"https:\/\/iraurgiberritzen.eus\/es\/iraurgi-berritzen-en-las-iii-jornadas-de-vias-verdes-de-euskadi-turismo\/\" \/>\n<meta property=\"og:locale\" content=\"es_ES\" \/>\n<meta property=\"og:type\" content=\"article\" \/>\n<meta property=\"og:title\" content=\"Iraurgi Berritzen en las III Jornadas de V\u00edas Verdes de Euskadi - Turismo - Iraurgi Berritzen\" \/>\n<meta property=\"og:description\" content=\"Jesus Mugica Landa, Coordinador del \u00e1rea de Turismo ha participado como ponente en las III Jornadas de V\u00edas Verdes de Euskadi. En su presentaci\u00f3n ha incidido en la importancia de ejecutar las obras del tramo entre los barrios de Narrondo e Iraeta para as\u00ed por fin unir el Parque Natural de Aizkorri Aratz y el [&hellip;]\" \/>\n<meta property=\"og:url\" content=\"https:\/\/iraurgiberritzen.eus\/es\/iraurgi-berritzen-en-las-iii-jornadas-de-vias-verdes-de-euskadi-turismo\/\" \/>\n<meta property=\"og:site_name\" content=\"Iraurgi Berritzen\" \/>\n<meta property=\"article:published_time\" content=\"2023-02-10T05:33:01+00:00\" \/>\n<meta name=\"author\" content=\"kudeatzailea\" \/>\n<meta name=\"twitter:card\" content=\"summary_large_image\" \/>\n<meta name=\"twitter:label1\" content=\"Escrito por\" \/>\n\t<meta name=\"twitter:data1\" content=\"kudeatzailea\" \/>\n\t<meta name=\"twitter:label2\" content=\"Tiempo de lectura\" \/>\n\t<meta name=\"twitter:data2\" content=\"1 minuto\" \/>\n<script type=\"application\/ld+json\" class=\"yoast-schema-graph\">{\"@context\":\"https:\\\/\\\/schema.org\",\"@graph\":[{\"@type\":\"Article\",\"@id\":\"https:\\\/\\\/iraurgiberritzen.eus\\\/es\\\/iraurgi-berritzen-en-las-iii-jornadas-de-vias-verdes-de-euskadi-turismo\\\/#article\",\"isPartOf\":{\"@id\":\"https:\\\/\\\/iraurgiberritzen.eus\\\/es\\\/iraurgi-berritzen-en-las-iii-jornadas-de-vias-verdes-de-euskadi-turismo\\\/\"},\"author\":{\"name\":\"kudeatzailea\",\"@id\":\"https:\\\/\\\/iraurgiberritzen.eus\\\/es\\\/#\\\/schema\\\/person\\\/5ab41aaf388a9097177601ebf45738d2\"},\"headline\":\"Iraurgi Berritzen en las III Jornadas de V\u00edas Verdes de Euskadi &#8211; Turismo\",\"datePublished\":\"2023-02-10T05:33:01+00:00\",\"mainEntityOfPage\":{\"@id\":\"https:\\\/\\\/iraurgiberritzen.eus\\\/es\\\/iraurgi-berritzen-en-las-iii-jornadas-de-vias-verdes-de-euskadi-turismo\\\/\"},\"wordCount\":148,\"publisher\":{\"@id\":\"https:\\\/\\\/iraurgiberritzen.eus\\\/es\\\/#organization\"},\"image\":{\"@id\":\"https:\\\/\\\/iraurgiberritzen.eus\\\/es\\\/iraurgi-berritzen-en-las-iii-jornadas-de-vias-verdes-de-euskadi-turismo\\\/#primaryimage\"},\"thumbnailUrl\":\"https:\\\/\\\/iraurgiberritzen.eus\\\/wp-content\\\/uploads\\\/2023\\\/09\\\/68617bb4fb2ef5fc3e7f56f19d172a44.jpg\",\"articleSection\":[\"Noticias\"],\"inLanguage\":\"es\"},{\"@type\":\"WebPage\",\"@id\":\"https:\\\/\\\/iraurgiberritzen.eus\\\/es\\\/iraurgi-berritzen-en-las-iii-jornadas-de-vias-verdes-de-euskadi-turismo\\\/\",\"url\":\"https:\\\/\\\/iraurgiberritzen.eus\\\/es\\\/iraurgi-berritzen-en-las-iii-jornadas-de-vias-verdes-de-euskadi-turismo\\\/\",\"name\":\"Iraurgi Berritzen en las III Jornadas de V\u00edas Verdes de Euskadi - Turismo - Iraurgi Berritzen\",\"isPartOf\":{\"@id\":\"https:\\\/\\\/iraurgiberritzen.eus\\\/es\\\/#website\"},\"primaryImageOfPage\":{\"@id\":\"https:\\\/\\\/iraurgiberritzen.eus\\\/es\\\/iraurgi-berritzen-en-las-iii-jornadas-de-vias-verdes-de-euskadi-turismo\\\/#primaryimage\"},\"image\":{\"@id\":\"https:\\\/\\\/iraurgiberritzen.eus\\\/es\\\/iraurgi-berritzen-en-las-iii-jornadas-de-vias-verdes-de-euskadi-turismo\\\/#primaryimage\"},\"thumbnailUrl\":\"https:\\\/\\\/iraurgiberritzen.eus\\\/wp-content\\\/uploads\\\/2023\\\/09\\\/68617bb4fb2ef5fc3e7f56f19d172a44.jpg\",\"datePublished\":\"2023-02-10T05:33:01+00:00\",\"breadcrumb\":{\"@id\":\"https:\\\/\\\/iraurgiberritzen.eus\\\/es\\\/iraurgi-berritzen-en-las-iii-jornadas-de-vias-verdes-de-euskadi-turismo\\\/#breadcrumb\"},\"inLanguage\":\"es\",\"potentialAction\":[{\"@type\":\"ReadAction\",\"target\":[\"https:\\\/\\\/iraurgiberritzen.eus\\\/es\\\/iraurgi-berritzen-en-las-iii-jornadas-de-vias-verdes-de-euskadi-turismo\\\/\"]}]},{\"@type\":\"ImageObject\",\"inLanguage\":\"es\",\"@id\":\"https:\\\/\\\/iraurgiberritzen.eus\\\/es\\\/iraurgi-berritzen-en-las-iii-jornadas-de-vias-verdes-de-euskadi-turismo\\\/#primaryimage\",\"url\":\"https:\\\/\\\/iraurgiberritzen.eus\\\/wp-content\\\/uploads\\\/2023\\\/09\\\/68617bb4fb2ef5fc3e7f56f19d172a44.jpg\",\"contentUrl\":\"https:\\\/\\\/iraurgiberritzen.eus\\\/wp-content\\\/uploads\\\/2023\\\/09\\\/68617bb4fb2ef5fc3e7f56f19d172a44.jpg\",\"width\":400,\"height\":300},{\"@type\":\"BreadcrumbList\",\"@id\":\"https:\\\/\\\/iraurgiberritzen.eus\\\/es\\\/iraurgi-berritzen-en-las-iii-jornadas-de-vias-verdes-de-euskadi-turismo\\\/#breadcrumb\",\"itemListElement\":[{\"@type\":\"ListItem\",\"position\":1,\"name\":\"Home\",\"item\":\"https:\\\/\\\/iraurgiberritzen.eus\\\/es\\\/\"},{\"@type\":\"ListItem\",\"position\":2,\"name\":\"Iraurgi Berritzen en las III Jornadas de V\u00edas Verdes de Euskadi &#8211; Turismo\"}]},{\"@type\":\"WebSite\",\"@id\":\"https:\\\/\\\/iraurgiberritzen.eus\\\/es\\\/#website\",\"url\":\"https:\\\/\\\/iraurgiberritzen.eus\\\/es\\\/\",\"name\":\"Iraurgi Berritzen\",\"description\":\"Urola Erdiko Garapen Agentzia\",\"publisher\":{\"@id\":\"https:\\\/\\\/iraurgiberritzen.eus\\\/es\\\/#organization\"},\"potentialAction\":[{\"@type\":\"SearchAction\",\"target\":{\"@type\":\"EntryPoint\",\"urlTemplate\":\"https:\\\/\\\/iraurgiberritzen.eus\\\/es\\\/?s={search_term_string}\"},\"query-input\":{\"@type\":\"PropertyValueSpecification\",\"valueRequired\":true,\"valueName\":\"search_term_string\"}}],\"inLanguage\":\"es\"},{\"@type\":\"Organization\",\"@id\":\"https:\\\/\\\/iraurgiberritzen.eus\\\/es\\\/#organization\",\"name\":\"Iraurgi Berritzen\",\"url\":\"https:\\\/\\\/iraurgiberritzen.eus\\\/es\\\/\",\"logo\":{\"@type\":\"ImageObject\",\"inLanguage\":\"es\",\"@id\":\"https:\\\/\\\/iraurgiberritzen.eus\\\/es\\\/#\\\/schema\\\/logo\\\/image\\\/\",\"url\":\"https:\\\/\\\/iraurgiberritzen.eus\\\/wp-content\\\/uploads\\\/2024\\\/02\\\/IRAURGI-BERRITZEN-logotipoa_2.png\",\"contentUrl\":\"https:\\\/\\\/iraurgiberritzen.eus\\\/wp-content\\\/uploads\\\/2024\\\/02\\\/IRAURGI-BERRITZEN-logotipoa_2.png\",\"width\":496,\"height\":190,\"caption\":\"Iraurgi Berritzen\"},\"image\":{\"@id\":\"https:\\\/\\\/iraurgiberritzen.eus\\\/es\\\/#\\\/schema\\\/logo\\\/image\\\/\"}},{\"@type\":\"Person\",\"@id\":\"https:\\\/\\\/iraurgiberritzen.eus\\\/es\\\/#\\\/schema\\\/person\\\/5ab41aaf388a9097177601ebf45738d2\",\"name\":\"kudeatzailea\",\"sameAs\":[\"https:\\\/\\\/iraurgiberritzen.eus\"]}]}<\/script>\n<!-- \/ Yoast SEO plugin. -->","yoast_head_json":{"title":"Iraurgi Berritzen en las III Jornadas de V\u00edas Verdes de Euskadi - Turismo - Iraurgi Berritzen","robots":{"index":"index","follow":"follow","max-snippet":"max-snippet:-1","max-image-preview":"max-image-preview:large","max-video-preview":"max-video-preview:-1"},"canonical":"https:\/\/iraurgiberritzen.eus\/es\/iraurgi-berritzen-en-las-iii-jornadas-de-vias-verdes-de-euskadi-turismo\/","og_locale":"es_ES","og_type":"article","og_title":"Iraurgi Berritzen en las III Jornadas de V\u00edas Verdes de Euskadi - Turismo - Iraurgi Berritzen","og_description":"Jesus Mugica Landa, Coordinador del \u00e1rea de Turismo ha participado como ponente en las III Jornadas de V\u00edas Verdes de Euskadi. En su presentaci\u00f3n ha incidido en la importancia de ejecutar las obras del tramo entre los barrios de Narrondo e Iraeta para as\u00ed por fin unir el Parque Natural de Aizkorri Aratz y el [&hellip;]","og_url":"https:\/\/iraurgiberritzen.eus\/es\/iraurgi-berritzen-en-las-iii-jornadas-de-vias-verdes-de-euskadi-turismo\/","og_site_name":"Iraurgi Berritzen","article_published_time":"2023-02-10T05:33:01+00:00","author":"kudeatzailea","twitter_card":"summary_large_image","twitter_misc":{"Escrito por":"kudeatzailea","Tiempo de lectura":"1 minuto"},"schema":{"@context":"https:\/\/schema.org","@graph":[{"@type":"Article","@id":"https:\/\/iraurgiberritzen.eus\/es\/iraurgi-berritzen-en-las-iii-jornadas-de-vias-verdes-de-euskadi-turismo\/#article","isPartOf":{"@id":"https:\/\/iraurgiberritzen.eus\/es\/iraurgi-berritzen-en-las-iii-jornadas-de-vias-verdes-de-euskadi-turismo\/"},"author":{"name":"kudeatzailea","@id":"https:\/\/iraurgiberritzen.eus\/es\/#\/schema\/person\/5ab41aaf388a9097177601ebf45738d2"},"headline":"Iraurgi Berritzen en las III Jornadas de V\u00edas Verdes de Euskadi &#8211; Turismo","datePublished":"2023-02-10T05:33:01+00:00","mainEntityOfPage":{"@id":"https:\/\/iraurgiberritzen.eus\/es\/iraurgi-berritzen-en-las-iii-jornadas-de-vias-verdes-de-euskadi-turismo\/"},"wordCount":148,"publisher":{"@id":"https:\/\/iraurgiberritzen.eus\/es\/#organization"},"image":{"@id":"https:\/\/iraurgiberritzen.eus\/es\/iraurgi-berritzen-en-las-iii-jornadas-de-vias-verdes-de-euskadi-turismo\/#primaryimage"},"thumbnailUrl":"https:\/\/iraurgiberritzen.eus\/wp-content\/uploads\/2023\/09\/68617bb4fb2ef5fc3e7f56f19d172a44.jpg","articleSection":["Noticias"],"inLanguage":"es"},{"@type":"WebPage","@id":"https:\/\/iraurgiberritzen.eus\/es\/iraurgi-berritzen-en-las-iii-jornadas-de-vias-verdes-de-euskadi-turismo\/","url":"https:\/\/iraurgiberritzen.eus\/es\/iraurgi-berritzen-en-las-iii-jornadas-de-vias-verdes-de-euskadi-turismo\/","name":"Iraurgi Berritzen en las III Jornadas de V\u00edas Verdes de Euskadi - Turismo - Iraurgi Berritzen","isPartOf":{"@id":"https:\/\/iraurgiberritzen.eus\/es\/#website"},"primaryImageOfPage":{"@id":"https:\/\/iraurgiberritzen.eus\/es\/iraurgi-berritzen-en-las-iii-jornadas-de-vias-verdes-de-euskadi-turismo\/#primaryimage"},"image":{"@id":"https:\/\/iraurgiberritzen.eus\/es\/iraurgi-berritzen-en-las-iii-jornadas-de-vias-verdes-de-euskadi-turismo\/#primaryimage"},"thumbnailUrl":"https:\/\/iraurgiberritzen.eus\/wp-content\/uploads\/2023\/09\/68617bb4fb2ef5fc3e7f56f19d172a44.jpg","datePublished":"2023-02-10T05:33:01+00:00","breadcrumb":{"@id":"https:\/\/iraurgiberritzen.eus\/es\/iraurgi-berritzen-en-las-iii-jornadas-de-vias-verdes-de-euskadi-turismo\/#breadcrumb"},"inLanguage":"es","potentialAction":[{"@type":"ReadAction","target":["https:\/\/iraurgiberritzen.eus\/es\/iraurgi-berritzen-en-las-iii-jornadas-de-vias-verdes-de-euskadi-turismo\/"]}]},{"@type":"ImageObject","inLanguage":"es","@id":"https:\/\/iraurgiberritzen.eus\/es\/iraurgi-berritzen-en-las-iii-jornadas-de-vias-verdes-de-euskadi-turismo\/#primaryimage","url":"https:\/\/iraurgiberritzen.eus\/wp-content\/uploads\/2023\/09\/68617bb4fb2ef5fc3e7f56f19d172a44.jpg","contentUrl":"https:\/\/iraurgiberritzen.eus\/wp-content\/uploads\/2023\/09\/68617bb4fb2ef5fc3e7f56f19d172a44.jpg","width":400,"height":300},{"@type":"BreadcrumbList","@id":"https:\/\/iraurgiberritzen.eus\/es\/iraurgi-berritzen-en-las-iii-jornadas-de-vias-verdes-de-euskadi-turismo\/#breadcrumb","itemListElement":[{"@type":"ListItem","position":1,"name":"Home","item":"https:\/\/iraurgiberritzen.eus\/es\/"},{"@type":"ListItem","position":2,"name":"Iraurgi Berritzen en las III Jornadas de V\u00edas Verdes de Euskadi &#8211; Turismo"}]},{"@type":"WebSite","@id":"https:\/\/iraurgiberritzen.eus\/es\/#website","url":"https:\/\/iraurgiberritzen.eus\/es\/","name":"Iraurgi Berritzen","description":"Urola Erdiko Garapen Agentzia","publisher":{"@id":"https:\/\/iraurgiberritzen.eus\/es\/#organization"},"potentialAction":[{"@type":"SearchAction","target":{"@type":"EntryPoint","urlTemplate":"https:\/\/iraurgiberritzen.eus\/es\/?s={search_term_string}"},"query-input":{"@type":"PropertyValueSpecification","valueRequired":true,"valueName":"search_term_string"}}],"inLanguage":"es"},{"@type":"Organization","@id":"https:\/\/iraurgiberritzen.eus\/es\/#organization","name":"Iraurgi Berritzen","url":"https:\/\/iraurgiberritzen.eus\/es\/","logo":{"@type":"ImageObject","inLanguage":"es","@id":"https:\/\/iraurgiberritzen.eus\/es\/#\/schema\/logo\/image\/","url":"https:\/\/iraurgiberritzen.eus\/wp-content\/uploads\/2024\/02\/IRAURGI-BERRITZEN-logotipoa_2.png","contentUrl":"https:\/\/iraurgiberritzen.eus\/wp-content\/uploads\/2024\/02\/IRAURGI-BERRITZEN-logotipoa_2.png","width":496,"height":190,"caption":"Iraurgi Berritzen"},"image":{"@id":"https:\/\/iraurgiberritzen.eus\/es\/#\/schema\/logo\/image\/"}},{"@type":"Person","@id":"https:\/\/iraurgiberritzen.eus\/es\/#\/schema\/person\/5ab41aaf388a9097177601ebf45738d2","name":"kudeatzailea","sameAs":["https:\/\/iraurgiberritzen.eus"]}]}},"_links":{"self":[{"href":"https:\/\/iraurgiberritzen.eus\/es\/wp-json\/wp\/v2\/posts\/14304","targetHints":{"allow":["GET"]}}],"collection":[{"href":"https:\/\/iraurgiberritzen.eus\/es\/wp-json\/wp\/v2\/posts"}],"about":[{"href":"https:\/\/iraurgiberritzen.eus\/es\/wp-json\/wp\/v2\/types\/post"}],"author":[{"embeddable":true,"href":"https:\/\/iraurgiberritzen.eus\/es\/wp-json\/wp\/v2\/users\/1"}],"replies":[{"embeddable":true,"href":"https:\/\/iraurgiberritzen.eus\/es\/wp-json\/wp\/v2\/comments?post=14304"}],"version-history":[{"count":0,"href":"https:\/\/iraurgiberritzen.eus\/es\/wp-json\/wp\/v2\/posts\/14304\/revisions"}],"wp:featuredmedia":[{"embeddable":true,"href":"https:\/\/iraurgiberritzen.eus\/es\/wp-json\/wp\/v2\/media\/17282"}],"wp:attachment":[{"href":"https:\/\/iraurgiberritzen.eus\/es\/wp-json\/wp\/v2\/media?parent=14304"}],"wp:term":[{"taxonomy":"category","embeddable":true,"href":"https:\/\/iraurgiberritzen.eus\/es\/wp-json\/wp\/v2\/categories?post=14304"},{"taxonomy":"post_tag","embeddable":true,"href":"https:\/\/iraurgiberritzen.eus\/es\/wp-json\/wp\/v2\/tags?post=14304"}],"curies":[{"name":"wp","href":"https:\/\/api.w.org\/{rel}","templated":true}]}}