{"id":14307,"date":"2023-02-02T09:22:40","date_gmt":"2023-02-02T07:22:40","guid":{"rendered":"https:\/\/iraurgiberritzen.eus\/iraurgi-berritzen-visita-las-instalaciones-del-taller-teorico-practico-de-construccion-puesto-en-marcha-en-el-marco-del-proyecto-estrategico-de-insercion-sociolaboral-de-personas-en-riesgo-o-situacion\/"},"modified":"2023-02-02T09:22:40","modified_gmt":"2023-02-02T07:22:40","slug":"iraurgi-berritzen-visita-las-instalaciones-del-taller-teorico-practico-de-construccion-puesto-en-marcha-en-el-marco-del-proyecto-estrategico-de-insercion-sociolaboral-de-personas-en-riesgo-o-situacion","status":"publish","type":"post","link":"https:\/\/iraurgiberritzen.eus\/es\/iraurgi-berritzen-visita-las-instalaciones-del-taller-teorico-practico-de-construccion-puesto-en-marcha-en-el-marco-del-proyecto-estrategico-de-insercion-sociolaboral-de-personas-en-riesgo-o-situacion\/","title":{"rendered":"Iraurgi Berritzen visita las instalaciones del taller te\u00f3rico-pr\u00e1ctico de construcci\u00f3n puesto en marcha en el marco del proyecto estrat\u00e9gico de inserci\u00f3n sociolaboral de personas en riesgo o situaci\u00f3n de exclusi\u00f3n en Urola Erdia, Elkar-Ekin Lanean"},"content":{"rendered":"<p style=\"text-align: justify;\">El pasado mes de Noviembre comenz\u00f3 el taller de Formaci\u00f3n en Construcci\u00f3n para la Inserci\u00f3n Laboral dirigido a personas desempleadas de la comarca.<\/p>\n<p style=\"text-align: justify;\">Con una duraci\u00f3n total de 500 horas, esta formaci\u00f3n te\u00f3rico-pr\u00e1ctica se prolongar\u00e1 hasta mayo. Debido a la incorporaci\u00f3n laboral de 2 de las 13 personas desempleadas que inicialmente comenzaron el curso, en este momento son 11 las personas que est\u00e1n participando en el mismo.<br \/>Esta formaci\u00f3n se enmarca dentro del proyecto <strong>\u201cUrola Erdian ElkarEkin Eraginez III &#8211; UE3\u201d<\/strong> que se est\u00e1 desarrollando desde el \u00c1rea de Empleo y Formaci\u00f3n de Iraurgi Berritzen.<\/p>\n<p style=\"text-align: justify;\">En cuanto a la parte pr\u00e1ctica de esta formaci\u00f3n, dado que se est\u00e1 trabajando en la reforma de un local en Azpeitia, el personal del \u00c1rea de Empleo de Iraurgi Berritzen han visitado estas instalaciones con el objetivo de ver in situ el avance de estas obras de rehabilitaci\u00f3n y realizar, junto con el profesor y la educadora del curso, el seguimiento de las personas participantes.<\/p>\n<p style=\"text-align: justify;\">Su principal objetivo es ofrecer a las personas desempleadas de la comarca itinerarios eficientes de inserci\u00f3n social y laboral adaptados a estos perfiles, integrando los servicios de la comarca. A trav\u00e9s de este proyecto se ofrecer\u00e1 una oportunidad en el conocimiento y pr\u00e1ctica en competencias profesionales\u202f <strong>(ALBA\u00d1ILER\u00cdA \/ FONTANER\u00cdA \/ ELECTRICIDAD)&nbsp;<\/strong>y sociolaborales que les permita mejorar su situaci\u00f3n social y laboral, completando sus procesos formativos y laborales.<\/p>\n","protected":false},"excerpt":{"rendered":"<p>El pasado mes de Noviembre comenz\u00f3 el taller de Formaci\u00f3n en Construcci\u00f3n para la Inserci\u00f3n Laboral dirigido a personas desempleadas de la comarca. Con una duraci\u00f3n total de 500 horas, esta formaci\u00f3n te\u00f3rico-pr\u00e1ctica se prolongar\u00e1 hasta mayo. Debido a la incorporaci\u00f3n laboral de 2 de las 13 personas desempleadas que inicialmente comenzaron el curso, en [&hellip;]<\/p>\n","protected":false},"author":1,"featured_media":17263,"comment_status":"","ping_status":"closed","sticky":false,"template":"","format":"standard","meta":{"_acf_changed":false,"footnotes":""},"categories":[4],"tags":[],"class_list":["post-14307","post","type-post","status-publish","format-standard","has-post-thumbnail","hentry","category-noticias"],"acf":[],"yoast_head":"<!-- This site is optimized with the Yoast SEO plugin v27.4 - https:\/\/yoast.com\/product\/yoast-seo-wordpress\/ -->\n<title>Iraurgi Berritzen visita las instalaciones del taller te\u00f3rico-pr\u00e1ctico de construcci\u00f3n puesto en marcha en el marco del proyecto estrat\u00e9gico de inserci\u00f3n sociolaboral de personas en riesgo o situaci\u00f3n de exclusi\u00f3n en Urola Erdia, Elkar-Ekin Lanean - Iraurgi Berritzen<\/title>\n<meta name=\"robots\" content=\"index, follow, max-snippet:-1, max-image-preview:large, max-video-preview:-1\" \/>\n<link rel=\"canonical\" href=\"https:\/\/iraurgiberritzen.eus\/es\/iraurgi-berritzen-visita-las-instalaciones-del-taller-teorico-practico-de-construccion-puesto-en-marcha-en-el-marco-del-proyecto-estrategico-de-insercion-sociolaboral-de-personas-en-riesgo-o-situacion\/\" \/>\n<meta property=\"og:locale\" content=\"es_ES\" \/>\n<meta property=\"og:type\" content=\"article\" \/>\n<meta property=\"og:title\" content=\"Iraurgi Berritzen visita las instalaciones del taller te\u00f3rico-pr\u00e1ctico de construcci\u00f3n puesto en marcha en el marco del proyecto estrat\u00e9gico de inserci\u00f3n sociolaboral de personas en riesgo o situaci\u00f3n de exclusi\u00f3n en Urola Erdia, Elkar-Ekin Lanean - Iraurgi Berritzen\" \/>\n<meta property=\"og:description\" content=\"El pasado mes de Noviembre comenz\u00f3 el taller de Formaci\u00f3n en Construcci\u00f3n para la Inserci\u00f3n Laboral dirigido a personas desempleadas de la comarca. Con una duraci\u00f3n total de 500 horas, esta formaci\u00f3n te\u00f3rico-pr\u00e1ctica se prolongar\u00e1 hasta mayo. Debido a la incorporaci\u00f3n laboral de 2 de las 13 personas desempleadas que inicialmente comenzaron el curso, en [&hellip;]\" \/>\n<meta property=\"og:url\" content=\"https:\/\/iraurgiberritzen.eus\/es\/iraurgi-berritzen-visita-las-instalaciones-del-taller-teorico-practico-de-construccion-puesto-en-marcha-en-el-marco-del-proyecto-estrategico-de-insercion-sociolaboral-de-personas-en-riesgo-o-situacion\/\" \/>\n<meta property=\"og:site_name\" content=\"Iraurgi Berritzen\" \/>\n<meta property=\"article:published_time\" content=\"2023-02-02T07:22:40+00:00\" \/>\n<meta name=\"author\" content=\"kudeatzailea\" \/>\n<meta name=\"twitter:card\" content=\"summary_large_image\" \/>\n<meta name=\"twitter:label1\" content=\"Escrito por\" \/>\n\t<meta name=\"twitter:data1\" content=\"kudeatzailea\" \/>\n\t<meta name=\"twitter:label2\" content=\"Tiempo de lectura\" \/>\n\t<meta name=\"twitter:data2\" content=\"1 minuto\" \/>\n<script type=\"application\/ld+json\" class=\"yoast-schema-graph\">{\"@context\":\"https:\\\/\\\/schema.org\",\"@graph\":[{\"@type\":\"Article\",\"@id\":\"https:\\\/\\\/iraurgiberritzen.eus\\\/es\\\/iraurgi-berritzen-visita-las-instalaciones-del-taller-teorico-practico-de-construccion-puesto-en-marcha-en-el-marco-del-proyecto-estrategico-de-insercion-sociolaboral-de-personas-en-riesgo-o-situacion\\\/#article\",\"isPartOf\":{\"@id\":\"https:\\\/\\\/iraurgiberritzen.eus\\\/es\\\/iraurgi-berritzen-visita-las-instalaciones-del-taller-teorico-practico-de-construccion-puesto-en-marcha-en-el-marco-del-proyecto-estrategico-de-insercion-sociolaboral-de-personas-en-riesgo-o-situacion\\\/\"},\"author\":{\"name\":\"kudeatzailea\",\"@id\":\"https:\\\/\\\/iraurgiberritzen.eus\\\/es\\\/#\\\/schema\\\/person\\\/5ab41aaf388a9097177601ebf45738d2\"},\"headline\":\"Iraurgi Berritzen visita las instalaciones del taller te\u00f3rico-pr\u00e1ctico de construcci\u00f3n puesto en marcha en el marco del proyecto estrat\u00e9gico de inserci\u00f3n sociolaboral de personas en riesgo o situaci\u00f3n de exclusi\u00f3n en Urola Erdia, Elkar-Ekin Lanean\",\"datePublished\":\"2023-02-02T07:22:40+00:00\",\"mainEntityOfPage\":{\"@id\":\"https:\\\/\\\/iraurgiberritzen.eus\\\/es\\\/iraurgi-berritzen-visita-las-instalaciones-del-taller-teorico-practico-de-construccion-puesto-en-marcha-en-el-marco-del-proyecto-estrategico-de-insercion-sociolaboral-de-personas-en-riesgo-o-situacion\\\/\"},\"wordCount\":287,\"publisher\":{\"@id\":\"https:\\\/\\\/iraurgiberritzen.eus\\\/es\\\/#organization\"},\"image\":{\"@id\":\"https:\\\/\\\/iraurgiberritzen.eus\\\/es\\\/iraurgi-berritzen-visita-las-instalaciones-del-taller-teorico-practico-de-construccion-puesto-en-marcha-en-el-marco-del-proyecto-estrategico-de-insercion-sociolaboral-de-personas-en-riesgo-o-situacion\\\/#primaryimage\"},\"thumbnailUrl\":\"https:\\\/\\\/iraurgiberritzen.eus\\\/wp-content\\\/uploads\\\/2023\\\/09\\\/9b4b83db49346e5b15829e01f450dbde.jpg\",\"articleSection\":[\"Noticias\"],\"inLanguage\":\"es\"},{\"@type\":\"WebPage\",\"@id\":\"https:\\\/\\\/iraurgiberritzen.eus\\\/es\\\/iraurgi-berritzen-visita-las-instalaciones-del-taller-teorico-practico-de-construccion-puesto-en-marcha-en-el-marco-del-proyecto-estrategico-de-insercion-sociolaboral-de-personas-en-riesgo-o-situacion\\\/\",\"url\":\"https:\\\/\\\/iraurgiberritzen.eus\\\/es\\\/iraurgi-berritzen-visita-las-instalaciones-del-taller-teorico-practico-de-construccion-puesto-en-marcha-en-el-marco-del-proyecto-estrategico-de-insercion-sociolaboral-de-personas-en-riesgo-o-situacion\\\/\",\"name\":\"Iraurgi Berritzen visita las instalaciones del taller te\u00f3rico-pr\u00e1ctico de construcci\u00f3n puesto en marcha en el marco del proyecto estrat\u00e9gico de inserci\u00f3n sociolaboral de personas en riesgo o situaci\u00f3n de exclusi\u00f3n en Urola Erdia, Elkar-Ekin Lanean - Iraurgi Berritzen\",\"isPartOf\":{\"@id\":\"https:\\\/\\\/iraurgiberritzen.eus\\\/es\\\/#website\"},\"primaryImageOfPage\":{\"@id\":\"https:\\\/\\\/iraurgiberritzen.eus\\\/es\\\/iraurgi-berritzen-visita-las-instalaciones-del-taller-teorico-practico-de-construccion-puesto-en-marcha-en-el-marco-del-proyecto-estrategico-de-insercion-sociolaboral-de-personas-en-riesgo-o-situacion\\\/#primaryimage\"},\"image\":{\"@id\":\"https:\\\/\\\/iraurgiberritzen.eus\\\/es\\\/iraurgi-berritzen-visita-las-instalaciones-del-taller-teorico-practico-de-construccion-puesto-en-marcha-en-el-marco-del-proyecto-estrategico-de-insercion-sociolaboral-de-personas-en-riesgo-o-situacion\\\/#primaryimage\"},\"thumbnailUrl\":\"https:\\\/\\\/iraurgiberritzen.eus\\\/wp-content\\\/uploads\\\/2023\\\/09\\\/9b4b83db49346e5b15829e01f450dbde.jpg\",\"datePublished\":\"2023-02-02T07:22:40+00:00\",\"breadcrumb\":{\"@id\":\"https:\\\/\\\/iraurgiberritzen.eus\\\/es\\\/iraurgi-berritzen-visita-las-instalaciones-del-taller-teorico-practico-de-construccion-puesto-en-marcha-en-el-marco-del-proyecto-estrategico-de-insercion-sociolaboral-de-personas-en-riesgo-o-situacion\\\/#breadcrumb\"},\"inLanguage\":\"es\",\"potentialAction\":[{\"@type\":\"ReadAction\",\"target\":[\"https:\\\/\\\/iraurgiberritzen.eus\\\/es\\\/iraurgi-berritzen-visita-las-instalaciones-del-taller-teorico-practico-de-construccion-puesto-en-marcha-en-el-marco-del-proyecto-estrategico-de-insercion-sociolaboral-de-personas-en-riesgo-o-situacion\\\/\"]}]},{\"@type\":\"ImageObject\",\"inLanguage\":\"es\",\"@id\":\"https:\\\/\\\/iraurgiberritzen.eus\\\/es\\\/iraurgi-berritzen-visita-las-instalaciones-del-taller-teorico-practico-de-construccion-puesto-en-marcha-en-el-marco-del-proyecto-estrategico-de-insercion-sociolaboral-de-personas-en-riesgo-o-situacion\\\/#primaryimage\",\"url\":\"https:\\\/\\\/iraurgiberritzen.eus\\\/wp-content\\\/uploads\\\/2023\\\/09\\\/9b4b83db49346e5b15829e01f450dbde.jpg\",\"contentUrl\":\"https:\\\/\\\/iraurgiberritzen.eus\\\/wp-content\\\/uploads\\\/2023\\\/09\\\/9b4b83db49346e5b15829e01f450dbde.jpg\",\"width\":400,\"height\":257},{\"@type\":\"BreadcrumbList\",\"@id\":\"https:\\\/\\\/iraurgiberritzen.eus\\\/es\\\/iraurgi-berritzen-visita-las-instalaciones-del-taller-teorico-practico-de-construccion-puesto-en-marcha-en-el-marco-del-proyecto-estrategico-de-insercion-sociolaboral-de-personas-en-riesgo-o-situacion\\\/#breadcrumb\",\"itemListElement\":[{\"@type\":\"ListItem\",\"position\":1,\"name\":\"Home\",\"item\":\"https:\\\/\\\/iraurgiberritzen.eus\\\/es\\\/\"},{\"@type\":\"ListItem\",\"position\":2,\"name\":\"Iraurgi Berritzen visita las instalaciones del taller te\u00f3rico-pr\u00e1ctico de construcci\u00f3n puesto en marcha en el marco del proyecto estrat\u00e9gico de inserci\u00f3n sociolaboral de personas en riesgo o situaci\u00f3n de exclusi\u00f3n en Urola Erdia, Elkar-Ekin Lanean\"}]},{\"@type\":\"WebSite\",\"@id\":\"https:\\\/\\\/iraurgiberritzen.eus\\\/es\\\/#website\",\"url\":\"https:\\\/\\\/iraurgiberritzen.eus\\\/es\\\/\",\"name\":\"Iraurgi Berritzen\",\"description\":\"Urola Erdiko Garapen Agentzia\",\"publisher\":{\"@id\":\"https:\\\/\\\/iraurgiberritzen.eus\\\/es\\\/#organization\"},\"potentialAction\":[{\"@type\":\"SearchAction\",\"target\":{\"@type\":\"EntryPoint\",\"urlTemplate\":\"https:\\\/\\\/iraurgiberritzen.eus\\\/es\\\/?s={search_term_string}\"},\"query-input\":{\"@type\":\"PropertyValueSpecification\",\"valueRequired\":true,\"valueName\":\"search_term_string\"}}],\"inLanguage\":\"es\"},{\"@type\":\"Organization\",\"@id\":\"https:\\\/\\\/iraurgiberritzen.eus\\\/es\\\/#organization\",\"name\":\"Iraurgi Berritzen\",\"url\":\"https:\\\/\\\/iraurgiberritzen.eus\\\/es\\\/\",\"logo\":{\"@type\":\"ImageObject\",\"inLanguage\":\"es\",\"@id\":\"https:\\\/\\\/iraurgiberritzen.eus\\\/es\\\/#\\\/schema\\\/logo\\\/image\\\/\",\"url\":\"https:\\\/\\\/iraurgiberritzen.eus\\\/wp-content\\\/uploads\\\/2024\\\/02\\\/IRAURGI-BERRITZEN-logotipoa_2.png\",\"contentUrl\":\"https:\\\/\\\/iraurgiberritzen.eus\\\/wp-content\\\/uploads\\\/2024\\\/02\\\/IRAURGI-BERRITZEN-logotipoa_2.png\",\"width\":496,\"height\":190,\"caption\":\"Iraurgi Berritzen\"},\"image\":{\"@id\":\"https:\\\/\\\/iraurgiberritzen.eus\\\/es\\\/#\\\/schema\\\/logo\\\/image\\\/\"}},{\"@type\":\"Person\",\"@id\":\"https:\\\/\\\/iraurgiberritzen.eus\\\/es\\\/#\\\/schema\\\/person\\\/5ab41aaf388a9097177601ebf45738d2\",\"name\":\"kudeatzailea\",\"sameAs\":[\"https:\\\/\\\/iraurgiberritzen.eus\"]}]}<\/script>\n<!-- \/ Yoast SEO plugin. -->","yoast_head_json":{"title":"Iraurgi Berritzen visita las instalaciones del taller te\u00f3rico-pr\u00e1ctico de construcci\u00f3n puesto en marcha en el marco del proyecto estrat\u00e9gico de inserci\u00f3n sociolaboral de personas en riesgo o situaci\u00f3n de exclusi\u00f3n en Urola Erdia, Elkar-Ekin Lanean - Iraurgi Berritzen","robots":{"index":"index","follow":"follow","max-snippet":"max-snippet:-1","max-image-preview":"max-image-preview:large","max-video-preview":"max-video-preview:-1"},"canonical":"https:\/\/iraurgiberritzen.eus\/es\/iraurgi-berritzen-visita-las-instalaciones-del-taller-teorico-practico-de-construccion-puesto-en-marcha-en-el-marco-del-proyecto-estrategico-de-insercion-sociolaboral-de-personas-en-riesgo-o-situacion\/","og_locale":"es_ES","og_type":"article","og_title":"Iraurgi Berritzen visita las instalaciones del taller te\u00f3rico-pr\u00e1ctico de construcci\u00f3n puesto en marcha en el marco del proyecto estrat\u00e9gico de inserci\u00f3n sociolaboral de personas en riesgo o situaci\u00f3n de exclusi\u00f3n en Urola Erdia, Elkar-Ekin Lanean - Iraurgi Berritzen","og_description":"El pasado mes de Noviembre comenz\u00f3 el taller de Formaci\u00f3n en Construcci\u00f3n para la Inserci\u00f3n Laboral dirigido a personas desempleadas de la comarca. Con una duraci\u00f3n total de 500 horas, esta formaci\u00f3n te\u00f3rico-pr\u00e1ctica se prolongar\u00e1 hasta mayo. Debido a la incorporaci\u00f3n laboral de 2 de las 13 personas desempleadas que inicialmente comenzaron el curso, en [&hellip;]","og_url":"https:\/\/iraurgiberritzen.eus\/es\/iraurgi-berritzen-visita-las-instalaciones-del-taller-teorico-practico-de-construccion-puesto-en-marcha-en-el-marco-del-proyecto-estrategico-de-insercion-sociolaboral-de-personas-en-riesgo-o-situacion\/","og_site_name":"Iraurgi Berritzen","article_published_time":"2023-02-02T07:22:40+00:00","author":"kudeatzailea","twitter_card":"summary_large_image","twitter_misc":{"Escrito por":"kudeatzailea","Tiempo de lectura":"1 minuto"},"schema":{"@context":"https:\/\/schema.org","@graph":[{"@type":"Article","@id":"https:\/\/iraurgiberritzen.eus\/es\/iraurgi-berritzen-visita-las-instalaciones-del-taller-teorico-practico-de-construccion-puesto-en-marcha-en-el-marco-del-proyecto-estrategico-de-insercion-sociolaboral-de-personas-en-riesgo-o-situacion\/#article","isPartOf":{"@id":"https:\/\/iraurgiberritzen.eus\/es\/iraurgi-berritzen-visita-las-instalaciones-del-taller-teorico-practico-de-construccion-puesto-en-marcha-en-el-marco-del-proyecto-estrategico-de-insercion-sociolaboral-de-personas-en-riesgo-o-situacion\/"},"author":{"name":"kudeatzailea","@id":"https:\/\/iraurgiberritzen.eus\/es\/#\/schema\/person\/5ab41aaf388a9097177601ebf45738d2"},"headline":"Iraurgi Berritzen visita las instalaciones del taller te\u00f3rico-pr\u00e1ctico de construcci\u00f3n puesto en marcha en el marco del proyecto estrat\u00e9gico de inserci\u00f3n sociolaboral de personas en riesgo o situaci\u00f3n de exclusi\u00f3n en Urola Erdia, Elkar-Ekin Lanean","datePublished":"2023-02-02T07:22:40+00:00","mainEntityOfPage":{"@id":"https:\/\/iraurgiberritzen.eus\/es\/iraurgi-berritzen-visita-las-instalaciones-del-taller-teorico-practico-de-construccion-puesto-en-marcha-en-el-marco-del-proyecto-estrategico-de-insercion-sociolaboral-de-personas-en-riesgo-o-situacion\/"},"wordCount":287,"publisher":{"@id":"https:\/\/iraurgiberritzen.eus\/es\/#organization"},"image":{"@id":"https:\/\/iraurgiberritzen.eus\/es\/iraurgi-berritzen-visita-las-instalaciones-del-taller-teorico-practico-de-construccion-puesto-en-marcha-en-el-marco-del-proyecto-estrategico-de-insercion-sociolaboral-de-personas-en-riesgo-o-situacion\/#primaryimage"},"thumbnailUrl":"https:\/\/iraurgiberritzen.eus\/wp-content\/uploads\/2023\/09\/9b4b83db49346e5b15829e01f450dbde.jpg","articleSection":["Noticias"],"inLanguage":"es"},{"@type":"WebPage","@id":"https:\/\/iraurgiberritzen.eus\/es\/iraurgi-berritzen-visita-las-instalaciones-del-taller-teorico-practico-de-construccion-puesto-en-marcha-en-el-marco-del-proyecto-estrategico-de-insercion-sociolaboral-de-personas-en-riesgo-o-situacion\/","url":"https:\/\/iraurgiberritzen.eus\/es\/iraurgi-berritzen-visita-las-instalaciones-del-taller-teorico-practico-de-construccion-puesto-en-marcha-en-el-marco-del-proyecto-estrategico-de-insercion-sociolaboral-de-personas-en-riesgo-o-situacion\/","name":"Iraurgi Berritzen visita las instalaciones del taller te\u00f3rico-pr\u00e1ctico de construcci\u00f3n puesto en marcha en el marco del proyecto estrat\u00e9gico de inserci\u00f3n sociolaboral de personas en riesgo o situaci\u00f3n de exclusi\u00f3n en Urola Erdia, Elkar-Ekin Lanean - Iraurgi Berritzen","isPartOf":{"@id":"https:\/\/iraurgiberritzen.eus\/es\/#website"},"primaryImageOfPage":{"@id":"https:\/\/iraurgiberritzen.eus\/es\/iraurgi-berritzen-visita-las-instalaciones-del-taller-teorico-practico-de-construccion-puesto-en-marcha-en-el-marco-del-proyecto-estrategico-de-insercion-sociolaboral-de-personas-en-riesgo-o-situacion\/#primaryimage"},"image":{"@id":"https:\/\/iraurgiberritzen.eus\/es\/iraurgi-berritzen-visita-las-instalaciones-del-taller-teorico-practico-de-construccion-puesto-en-marcha-en-el-marco-del-proyecto-estrategico-de-insercion-sociolaboral-de-personas-en-riesgo-o-situacion\/#primaryimage"},"thumbnailUrl":"https:\/\/iraurgiberritzen.eus\/wp-content\/uploads\/2023\/09\/9b4b83db49346e5b15829e01f450dbde.jpg","datePublished":"2023-02-02T07:22:40+00:00","breadcrumb":{"@id":"https:\/\/iraurgiberritzen.eus\/es\/iraurgi-berritzen-visita-las-instalaciones-del-taller-teorico-practico-de-construccion-puesto-en-marcha-en-el-marco-del-proyecto-estrategico-de-insercion-sociolaboral-de-personas-en-riesgo-o-situacion\/#breadcrumb"},"inLanguage":"es","potentialAction":[{"@type":"ReadAction","target":["https:\/\/iraurgiberritzen.eus\/es\/iraurgi-berritzen-visita-las-instalaciones-del-taller-teorico-practico-de-construccion-puesto-en-marcha-en-el-marco-del-proyecto-estrategico-de-insercion-sociolaboral-de-personas-en-riesgo-o-situacion\/"]}]},{"@type":"ImageObject","inLanguage":"es","@id":"https:\/\/iraurgiberritzen.eus\/es\/iraurgi-berritzen-visita-las-instalaciones-del-taller-teorico-practico-de-construccion-puesto-en-marcha-en-el-marco-del-proyecto-estrategico-de-insercion-sociolaboral-de-personas-en-riesgo-o-situacion\/#primaryimage","url":"https:\/\/iraurgiberritzen.eus\/wp-content\/uploads\/2023\/09\/9b4b83db49346e5b15829e01f450dbde.jpg","contentUrl":"https:\/\/iraurgiberritzen.eus\/wp-content\/uploads\/2023\/09\/9b4b83db49346e5b15829e01f450dbde.jpg","width":400,"height":257},{"@type":"BreadcrumbList","@id":"https:\/\/iraurgiberritzen.eus\/es\/iraurgi-berritzen-visita-las-instalaciones-del-taller-teorico-practico-de-construccion-puesto-en-marcha-en-el-marco-del-proyecto-estrategico-de-insercion-sociolaboral-de-personas-en-riesgo-o-situacion\/#breadcrumb","itemListElement":[{"@type":"ListItem","position":1,"name":"Home","item":"https:\/\/iraurgiberritzen.eus\/es\/"},{"@type":"ListItem","position":2,"name":"Iraurgi Berritzen visita las instalaciones del taller te\u00f3rico-pr\u00e1ctico de construcci\u00f3n puesto en marcha en el marco del proyecto estrat\u00e9gico de inserci\u00f3n sociolaboral de personas en riesgo o situaci\u00f3n de exclusi\u00f3n en Urola Erdia, Elkar-Ekin Lanean"}]},{"@type":"WebSite","@id":"https:\/\/iraurgiberritzen.eus\/es\/#website","url":"https:\/\/iraurgiberritzen.eus\/es\/","name":"Iraurgi Berritzen","description":"Urola Erdiko Garapen Agentzia","publisher":{"@id":"https:\/\/iraurgiberritzen.eus\/es\/#organization"},"potentialAction":[{"@type":"SearchAction","target":{"@type":"EntryPoint","urlTemplate":"https:\/\/iraurgiberritzen.eus\/es\/?s={search_term_string}"},"query-input":{"@type":"PropertyValueSpecification","valueRequired":true,"valueName":"search_term_string"}}],"inLanguage":"es"},{"@type":"Organization","@id":"https:\/\/iraurgiberritzen.eus\/es\/#organization","name":"Iraurgi Berritzen","url":"https:\/\/iraurgiberritzen.eus\/es\/","logo":{"@type":"ImageObject","inLanguage":"es","@id":"https:\/\/iraurgiberritzen.eus\/es\/#\/schema\/logo\/image\/","url":"https:\/\/iraurgiberritzen.eus\/wp-content\/uploads\/2024\/02\/IRAURGI-BERRITZEN-logotipoa_2.png","contentUrl":"https:\/\/iraurgiberritzen.eus\/wp-content\/uploads\/2024\/02\/IRAURGI-BERRITZEN-logotipoa_2.png","width":496,"height":190,"caption":"Iraurgi Berritzen"},"image":{"@id":"https:\/\/iraurgiberritzen.eus\/es\/#\/schema\/logo\/image\/"}},{"@type":"Person","@id":"https:\/\/iraurgiberritzen.eus\/es\/#\/schema\/person\/5ab41aaf388a9097177601ebf45738d2","name":"kudeatzailea","sameAs":["https:\/\/iraurgiberritzen.eus"]}]}},"_links":{"self":[{"href":"https:\/\/iraurgiberritzen.eus\/es\/wp-json\/wp\/v2\/posts\/14307","targetHints":{"allow":["GET"]}}],"collection":[{"href":"https:\/\/iraurgiberritzen.eus\/es\/wp-json\/wp\/v2\/posts"}],"about":[{"href":"https:\/\/iraurgiberritzen.eus\/es\/wp-json\/wp\/v2\/types\/post"}],"author":[{"embeddable":true,"href":"https:\/\/iraurgiberritzen.eus\/es\/wp-json\/wp\/v2\/users\/1"}],"replies":[{"embeddable":true,"href":"https:\/\/iraurgiberritzen.eus\/es\/wp-json\/wp\/v2\/comments?post=14307"}],"version-history":[{"count":0,"href":"https:\/\/iraurgiberritzen.eus\/es\/wp-json\/wp\/v2\/posts\/14307\/revisions"}],"wp:featuredmedia":[{"embeddable":true,"href":"https:\/\/iraurgiberritzen.eus\/es\/wp-json\/wp\/v2\/media\/17263"}],"wp:attachment":[{"href":"https:\/\/iraurgiberritzen.eus\/es\/wp-json\/wp\/v2\/media?parent=14307"}],"wp:term":[{"taxonomy":"category","embeddable":true,"href":"https:\/\/iraurgiberritzen.eus\/es\/wp-json\/wp\/v2\/categories?post=14307"},{"taxonomy":"post_tag","embeddable":true,"href":"https:\/\/iraurgiberritzen.eus\/es\/wp-json\/wp\/v2\/tags?post=14307"}],"curies":[{"name":"wp","href":"https:\/\/api.w.org\/{rel}","templated":true}]}}