{"id":14310,"date":"2023-02-10T12:07:41","date_gmt":"2023-02-10T10:07:41","guid":{"rendered":"https:\/\/iraurgiberritzen.eus\/este-ano-se-imponen-las-ideas-de-negocio-sociales-y-de-medioambiente-en-la-iv-edicion-de-los-premios-al-emprendimiento\/"},"modified":"2023-02-10T12:07:41","modified_gmt":"2023-02-10T10:07:41","slug":"este-ano-se-imponen-las-ideas-de-negocio-sociales-y-de-medioambiente-en-la-iv-edicion-de-los-premios-al-emprendimiento","status":"publish","type":"post","link":"https:\/\/iraurgiberritzen.eus\/es\/este-ano-se-imponen-las-ideas-de-negocio-sociales-y-de-medioambiente-en-la-iv-edicion-de-los-premios-al-emprendimiento\/","title":{"rendered":"Este a\u00f1o se imponen las ideas de negocio sociales y de medioambiente en la IV Edici\u00f3n de los Premios al Emprendimiento"},"content":{"rendered":"<p style=\"text-align: justify;\">Por cuarto a\u00f1o consecutivo, Iraurgi Berritzen ha participado en la <strong>IV. Edici\u00f3n de los Premios al Emprendimiento<\/strong>, organizado en el marco del programa URRATS BAT, en colaboraci\u00f3n con Izarraitz Lanbide Heziketa.<\/p>\n<p style=\"text-align: justify;\">Las diferentes ideas de negocio que se presentan y trabajan desde los diferentes ciclos son proyectos cada vez m\u00e1s realizables y tratan de dar respuesta a las necesidades y retos de la sociedad en general.<\/p>\n<p style=\"text-align: justify;\">En esta edici\u00f3n, se han entregado tres premios; Mejor Idea de Negocio de Grado Medio, Mejor Idea de Negocio de Grado Superior y un premio especial a un proyecto innovador, sostenible y con visi\u00f3n de responsabilidad social.<\/p>\n<p style=\"text-align: justify;\"><strong>El premiado en el Grado Medio<\/strong>, ha sido <strong>Eragin<\/strong>, idea cuyo objetivo es, ofrecer servicios que ofrezcan diferentes actividades de ocio para personas de 3\u00aa edad y discapacidad f\u00edsica en situaci\u00f3n de dependencia.<\/p>\n<p style=\"text-align: justify;\"><strong>La idea premiada entre los ciclos de Grado Superior<\/strong>, ha sido <strong>Onix<\/strong>, una cooperativa cuyo objetivo es ayudar a la inserci\u00f3n social y laboral de las mujeres maltratadas y que no pueden dejar a sus hijos e hijas.<\/p>\n<p style=\"text-align: justify;\"><strong>El premio especial<\/strong>, ha sido para el proyecto <strong>Ethical Wear<\/strong> y su objetivo es crear certificados para el etiquetado de la ropa de los comercios textiles. Para conseguirlo plantean definir unos standares ecol\u00f3gicos\/sociales. Adem\u00e1s, desarrollaran una app m\u00f3vil para que los consumidores puedan leer el QR de este certificado. En este QR aparecer\u00e1 la huella que esta ropa ha dejado en su producci\u00f3n, como tintes usados, materiales, transporte, condiciones laborales de los trabajadores&#8230;<\/p>\n<p style=\"text-align: justify;\">Los premiados han recibido bonos para gastar en los comercios asociados tanto a la Asociaci\u00f3n de Comerciantes de Azkoitia Herrixen, como a la Asociaci\u00f3n de Comerciantes de Azpeitia Bertan. En total han sido 900 \u20ac los repartidos.<\/p>\n<p>Enhorabuena a todos los que se han presentado este a\u00f1o y han resultado ganadores.<\/p>\n","protected":false},"excerpt":{"rendered":"<p>Por cuarto a\u00f1o consecutivo, Iraurgi Berritzen ha participado en la IV. Edici\u00f3n de los Premios al Emprendimiento, organizado en el marco del programa URRATS BAT, en colaboraci\u00f3n con Izarraitz Lanbide Heziketa. Las diferentes ideas de negocio que se presentan y trabajan desde los diferentes ciclos son proyectos cada vez m\u00e1s realizables y tratan de dar [&hellip;]<\/p>\n","protected":false},"author":1,"featured_media":17264,"comment_status":"","ping_status":"closed","sticky":false,"template":"","format":"standard","meta":{"_acf_changed":false,"footnotes":""},"categories":[4],"tags":[],"class_list":["post-14310","post","type-post","status-publish","format-standard","has-post-thumbnail","hentry","category-noticias"],"acf":[],"yoast_head":"<!-- This site is optimized with the Yoast SEO plugin v27.4 - https:\/\/yoast.com\/product\/yoast-seo-wordpress\/ -->\n<title>Este a\u00f1o se imponen las ideas de negocio sociales y de medioambiente en la IV Edici\u00f3n de los Premios al Emprendimiento - Iraurgi Berritzen<\/title>\n<meta name=\"robots\" content=\"index, follow, max-snippet:-1, max-image-preview:large, max-video-preview:-1\" \/>\n<link rel=\"canonical\" href=\"https:\/\/iraurgiberritzen.eus\/es\/este-ano-se-imponen-las-ideas-de-negocio-sociales-y-de-medioambiente-en-la-iv-edicion-de-los-premios-al-emprendimiento\/\" \/>\n<meta property=\"og:locale\" content=\"es_ES\" \/>\n<meta property=\"og:type\" content=\"article\" \/>\n<meta property=\"og:title\" content=\"Este a\u00f1o se imponen las ideas de negocio sociales y de medioambiente en la IV Edici\u00f3n de los Premios al Emprendimiento - Iraurgi Berritzen\" \/>\n<meta property=\"og:description\" content=\"Por cuarto a\u00f1o consecutivo, Iraurgi Berritzen ha participado en la IV. Edici\u00f3n de los Premios al Emprendimiento, organizado en el marco del programa URRATS BAT, en colaboraci\u00f3n con Izarraitz Lanbide Heziketa. Las diferentes ideas de negocio que se presentan y trabajan desde los diferentes ciclos son proyectos cada vez m\u00e1s realizables y tratan de dar [&hellip;]\" \/>\n<meta property=\"og:url\" content=\"https:\/\/iraurgiberritzen.eus\/es\/este-ano-se-imponen-las-ideas-de-negocio-sociales-y-de-medioambiente-en-la-iv-edicion-de-los-premios-al-emprendimiento\/\" \/>\n<meta property=\"og:site_name\" content=\"Iraurgi Berritzen\" \/>\n<meta property=\"article:published_time\" content=\"2023-02-10T10:07:41+00:00\" \/>\n<meta name=\"author\" content=\"kudeatzailea\" \/>\n<meta name=\"twitter:card\" content=\"summary_large_image\" \/>\n<meta name=\"twitter:label1\" content=\"Escrito por\" \/>\n\t<meta name=\"twitter:data1\" content=\"kudeatzailea\" \/>\n\t<meta name=\"twitter:label2\" content=\"Tiempo de lectura\" \/>\n\t<meta name=\"twitter:data2\" content=\"2 minutos\" \/>\n<script type=\"application\/ld+json\" class=\"yoast-schema-graph\">{\"@context\":\"https:\\\/\\\/schema.org\",\"@graph\":[{\"@type\":\"Article\",\"@id\":\"https:\\\/\\\/iraurgiberritzen.eus\\\/es\\\/este-ano-se-imponen-las-ideas-de-negocio-sociales-y-de-medioambiente-en-la-iv-edicion-de-los-premios-al-emprendimiento\\\/#article\",\"isPartOf\":{\"@id\":\"https:\\\/\\\/iraurgiberritzen.eus\\\/es\\\/este-ano-se-imponen-las-ideas-de-negocio-sociales-y-de-medioambiente-en-la-iv-edicion-de-los-premios-al-emprendimiento\\\/\"},\"author\":{\"name\":\"kudeatzailea\",\"@id\":\"https:\\\/\\\/iraurgiberritzen.eus\\\/es\\\/#\\\/schema\\\/person\\\/5ab41aaf388a9097177601ebf45738d2\"},\"headline\":\"Este a\u00f1o se imponen las ideas de negocio sociales y de medioambiente en la IV Edici\u00f3n de los Premios al Emprendimiento\",\"datePublished\":\"2023-02-10T10:07:41+00:00\",\"mainEntityOfPage\":{\"@id\":\"https:\\\/\\\/iraurgiberritzen.eus\\\/es\\\/este-ano-se-imponen-las-ideas-de-negocio-sociales-y-de-medioambiente-en-la-iv-edicion-de-los-premios-al-emprendimiento\\\/\"},\"wordCount\":335,\"publisher\":{\"@id\":\"https:\\\/\\\/iraurgiberritzen.eus\\\/es\\\/#organization\"},\"image\":{\"@id\":\"https:\\\/\\\/iraurgiberritzen.eus\\\/es\\\/este-ano-se-imponen-las-ideas-de-negocio-sociales-y-de-medioambiente-en-la-iv-edicion-de-los-premios-al-emprendimiento\\\/#primaryimage\"},\"thumbnailUrl\":\"https:\\\/\\\/iraurgiberritzen.eus\\\/wp-content\\\/uploads\\\/2023\\\/09\\\/e3823fe2e02931eee83f491ba1ee32af.jpg\",\"articleSection\":[\"Noticias\"],\"inLanguage\":\"es\"},{\"@type\":\"WebPage\",\"@id\":\"https:\\\/\\\/iraurgiberritzen.eus\\\/es\\\/este-ano-se-imponen-las-ideas-de-negocio-sociales-y-de-medioambiente-en-la-iv-edicion-de-los-premios-al-emprendimiento\\\/\",\"url\":\"https:\\\/\\\/iraurgiberritzen.eus\\\/es\\\/este-ano-se-imponen-las-ideas-de-negocio-sociales-y-de-medioambiente-en-la-iv-edicion-de-los-premios-al-emprendimiento\\\/\",\"name\":\"Este a\u00f1o se imponen las ideas de negocio sociales y de medioambiente en la IV Edici\u00f3n de los Premios al Emprendimiento - Iraurgi Berritzen\",\"isPartOf\":{\"@id\":\"https:\\\/\\\/iraurgiberritzen.eus\\\/es\\\/#website\"},\"primaryImageOfPage\":{\"@id\":\"https:\\\/\\\/iraurgiberritzen.eus\\\/es\\\/este-ano-se-imponen-las-ideas-de-negocio-sociales-y-de-medioambiente-en-la-iv-edicion-de-los-premios-al-emprendimiento\\\/#primaryimage\"},\"image\":{\"@id\":\"https:\\\/\\\/iraurgiberritzen.eus\\\/es\\\/este-ano-se-imponen-las-ideas-de-negocio-sociales-y-de-medioambiente-en-la-iv-edicion-de-los-premios-al-emprendimiento\\\/#primaryimage\"},\"thumbnailUrl\":\"https:\\\/\\\/iraurgiberritzen.eus\\\/wp-content\\\/uploads\\\/2023\\\/09\\\/e3823fe2e02931eee83f491ba1ee32af.jpg\",\"datePublished\":\"2023-02-10T10:07:41+00:00\",\"breadcrumb\":{\"@id\":\"https:\\\/\\\/iraurgiberritzen.eus\\\/es\\\/este-ano-se-imponen-las-ideas-de-negocio-sociales-y-de-medioambiente-en-la-iv-edicion-de-los-premios-al-emprendimiento\\\/#breadcrumb\"},\"inLanguage\":\"es\",\"potentialAction\":[{\"@type\":\"ReadAction\",\"target\":[\"https:\\\/\\\/iraurgiberritzen.eus\\\/es\\\/este-ano-se-imponen-las-ideas-de-negocio-sociales-y-de-medioambiente-en-la-iv-edicion-de-los-premios-al-emprendimiento\\\/\"]}]},{\"@type\":\"ImageObject\",\"inLanguage\":\"es\",\"@id\":\"https:\\\/\\\/iraurgiberritzen.eus\\\/es\\\/este-ano-se-imponen-las-ideas-de-negocio-sociales-y-de-medioambiente-en-la-iv-edicion-de-los-premios-al-emprendimiento\\\/#primaryimage\",\"url\":\"https:\\\/\\\/iraurgiberritzen.eus\\\/wp-content\\\/uploads\\\/2023\\\/09\\\/e3823fe2e02931eee83f491ba1ee32af.jpg\",\"contentUrl\":\"https:\\\/\\\/iraurgiberritzen.eus\\\/wp-content\\\/uploads\\\/2023\\\/09\\\/e3823fe2e02931eee83f491ba1ee32af.jpg\",\"width\":400,\"height\":257},{\"@type\":\"BreadcrumbList\",\"@id\":\"https:\\\/\\\/iraurgiberritzen.eus\\\/es\\\/este-ano-se-imponen-las-ideas-de-negocio-sociales-y-de-medioambiente-en-la-iv-edicion-de-los-premios-al-emprendimiento\\\/#breadcrumb\",\"itemListElement\":[{\"@type\":\"ListItem\",\"position\":1,\"name\":\"Home\",\"item\":\"https:\\\/\\\/iraurgiberritzen.eus\\\/es\\\/\"},{\"@type\":\"ListItem\",\"position\":2,\"name\":\"Este a\u00f1o se imponen las ideas de negocio sociales y de medioambiente en la IV Edici\u00f3n de los Premios al Emprendimiento\"}]},{\"@type\":\"WebSite\",\"@id\":\"https:\\\/\\\/iraurgiberritzen.eus\\\/es\\\/#website\",\"url\":\"https:\\\/\\\/iraurgiberritzen.eus\\\/es\\\/\",\"name\":\"Iraurgi Berritzen\",\"description\":\"Urola Erdiko Garapen Agentzia\",\"publisher\":{\"@id\":\"https:\\\/\\\/iraurgiberritzen.eus\\\/es\\\/#organization\"},\"potentialAction\":[{\"@type\":\"SearchAction\",\"target\":{\"@type\":\"EntryPoint\",\"urlTemplate\":\"https:\\\/\\\/iraurgiberritzen.eus\\\/es\\\/?s={search_term_string}\"},\"query-input\":{\"@type\":\"PropertyValueSpecification\",\"valueRequired\":true,\"valueName\":\"search_term_string\"}}],\"inLanguage\":\"es\"},{\"@type\":\"Organization\",\"@id\":\"https:\\\/\\\/iraurgiberritzen.eus\\\/es\\\/#organization\",\"name\":\"Iraurgi Berritzen\",\"url\":\"https:\\\/\\\/iraurgiberritzen.eus\\\/es\\\/\",\"logo\":{\"@type\":\"ImageObject\",\"inLanguage\":\"es\",\"@id\":\"https:\\\/\\\/iraurgiberritzen.eus\\\/es\\\/#\\\/schema\\\/logo\\\/image\\\/\",\"url\":\"https:\\\/\\\/iraurgiberritzen.eus\\\/wp-content\\\/uploads\\\/2024\\\/02\\\/IRAURGI-BERRITZEN-logotipoa_2.png\",\"contentUrl\":\"https:\\\/\\\/iraurgiberritzen.eus\\\/wp-content\\\/uploads\\\/2024\\\/02\\\/IRAURGI-BERRITZEN-logotipoa_2.png\",\"width\":496,\"height\":190,\"caption\":\"Iraurgi Berritzen\"},\"image\":{\"@id\":\"https:\\\/\\\/iraurgiberritzen.eus\\\/es\\\/#\\\/schema\\\/logo\\\/image\\\/\"}},{\"@type\":\"Person\",\"@id\":\"https:\\\/\\\/iraurgiberritzen.eus\\\/es\\\/#\\\/schema\\\/person\\\/5ab41aaf388a9097177601ebf45738d2\",\"name\":\"kudeatzailea\",\"sameAs\":[\"https:\\\/\\\/iraurgiberritzen.eus\"]}]}<\/script>\n<!-- \/ Yoast SEO plugin. -->","yoast_head_json":{"title":"Este a\u00f1o se imponen las ideas de negocio sociales y de medioambiente en la IV Edici\u00f3n de los Premios al Emprendimiento - Iraurgi Berritzen","robots":{"index":"index","follow":"follow","max-snippet":"max-snippet:-1","max-image-preview":"max-image-preview:large","max-video-preview":"max-video-preview:-1"},"canonical":"https:\/\/iraurgiberritzen.eus\/es\/este-ano-se-imponen-las-ideas-de-negocio-sociales-y-de-medioambiente-en-la-iv-edicion-de-los-premios-al-emprendimiento\/","og_locale":"es_ES","og_type":"article","og_title":"Este a\u00f1o se imponen las ideas de negocio sociales y de medioambiente en la IV Edici\u00f3n de los Premios al Emprendimiento - Iraurgi Berritzen","og_description":"Por cuarto a\u00f1o consecutivo, Iraurgi Berritzen ha participado en la IV. Edici\u00f3n de los Premios al Emprendimiento, organizado en el marco del programa URRATS BAT, en colaboraci\u00f3n con Izarraitz Lanbide Heziketa. Las diferentes ideas de negocio que se presentan y trabajan desde los diferentes ciclos son proyectos cada vez m\u00e1s realizables y tratan de dar [&hellip;]","og_url":"https:\/\/iraurgiberritzen.eus\/es\/este-ano-se-imponen-las-ideas-de-negocio-sociales-y-de-medioambiente-en-la-iv-edicion-de-los-premios-al-emprendimiento\/","og_site_name":"Iraurgi Berritzen","article_published_time":"2023-02-10T10:07:41+00:00","author":"kudeatzailea","twitter_card":"summary_large_image","twitter_misc":{"Escrito por":"kudeatzailea","Tiempo de lectura":"2 minutos"},"schema":{"@context":"https:\/\/schema.org","@graph":[{"@type":"Article","@id":"https:\/\/iraurgiberritzen.eus\/es\/este-ano-se-imponen-las-ideas-de-negocio-sociales-y-de-medioambiente-en-la-iv-edicion-de-los-premios-al-emprendimiento\/#article","isPartOf":{"@id":"https:\/\/iraurgiberritzen.eus\/es\/este-ano-se-imponen-las-ideas-de-negocio-sociales-y-de-medioambiente-en-la-iv-edicion-de-los-premios-al-emprendimiento\/"},"author":{"name":"kudeatzailea","@id":"https:\/\/iraurgiberritzen.eus\/es\/#\/schema\/person\/5ab41aaf388a9097177601ebf45738d2"},"headline":"Este a\u00f1o se imponen las ideas de negocio sociales y de medioambiente en la IV Edici\u00f3n de los Premios al Emprendimiento","datePublished":"2023-02-10T10:07:41+00:00","mainEntityOfPage":{"@id":"https:\/\/iraurgiberritzen.eus\/es\/este-ano-se-imponen-las-ideas-de-negocio-sociales-y-de-medioambiente-en-la-iv-edicion-de-los-premios-al-emprendimiento\/"},"wordCount":335,"publisher":{"@id":"https:\/\/iraurgiberritzen.eus\/es\/#organization"},"image":{"@id":"https:\/\/iraurgiberritzen.eus\/es\/este-ano-se-imponen-las-ideas-de-negocio-sociales-y-de-medioambiente-en-la-iv-edicion-de-los-premios-al-emprendimiento\/#primaryimage"},"thumbnailUrl":"https:\/\/iraurgiberritzen.eus\/wp-content\/uploads\/2023\/09\/e3823fe2e02931eee83f491ba1ee32af.jpg","articleSection":["Noticias"],"inLanguage":"es"},{"@type":"WebPage","@id":"https:\/\/iraurgiberritzen.eus\/es\/este-ano-se-imponen-las-ideas-de-negocio-sociales-y-de-medioambiente-en-la-iv-edicion-de-los-premios-al-emprendimiento\/","url":"https:\/\/iraurgiberritzen.eus\/es\/este-ano-se-imponen-las-ideas-de-negocio-sociales-y-de-medioambiente-en-la-iv-edicion-de-los-premios-al-emprendimiento\/","name":"Este a\u00f1o se imponen las ideas de negocio sociales y de medioambiente en la IV Edici\u00f3n de los Premios al Emprendimiento - Iraurgi Berritzen","isPartOf":{"@id":"https:\/\/iraurgiberritzen.eus\/es\/#website"},"primaryImageOfPage":{"@id":"https:\/\/iraurgiberritzen.eus\/es\/este-ano-se-imponen-las-ideas-de-negocio-sociales-y-de-medioambiente-en-la-iv-edicion-de-los-premios-al-emprendimiento\/#primaryimage"},"image":{"@id":"https:\/\/iraurgiberritzen.eus\/es\/este-ano-se-imponen-las-ideas-de-negocio-sociales-y-de-medioambiente-en-la-iv-edicion-de-los-premios-al-emprendimiento\/#primaryimage"},"thumbnailUrl":"https:\/\/iraurgiberritzen.eus\/wp-content\/uploads\/2023\/09\/e3823fe2e02931eee83f491ba1ee32af.jpg","datePublished":"2023-02-10T10:07:41+00:00","breadcrumb":{"@id":"https:\/\/iraurgiberritzen.eus\/es\/este-ano-se-imponen-las-ideas-de-negocio-sociales-y-de-medioambiente-en-la-iv-edicion-de-los-premios-al-emprendimiento\/#breadcrumb"},"inLanguage":"es","potentialAction":[{"@type":"ReadAction","target":["https:\/\/iraurgiberritzen.eus\/es\/este-ano-se-imponen-las-ideas-de-negocio-sociales-y-de-medioambiente-en-la-iv-edicion-de-los-premios-al-emprendimiento\/"]}]},{"@type":"ImageObject","inLanguage":"es","@id":"https:\/\/iraurgiberritzen.eus\/es\/este-ano-se-imponen-las-ideas-de-negocio-sociales-y-de-medioambiente-en-la-iv-edicion-de-los-premios-al-emprendimiento\/#primaryimage","url":"https:\/\/iraurgiberritzen.eus\/wp-content\/uploads\/2023\/09\/e3823fe2e02931eee83f491ba1ee32af.jpg","contentUrl":"https:\/\/iraurgiberritzen.eus\/wp-content\/uploads\/2023\/09\/e3823fe2e02931eee83f491ba1ee32af.jpg","width":400,"height":257},{"@type":"BreadcrumbList","@id":"https:\/\/iraurgiberritzen.eus\/es\/este-ano-se-imponen-las-ideas-de-negocio-sociales-y-de-medioambiente-en-la-iv-edicion-de-los-premios-al-emprendimiento\/#breadcrumb","itemListElement":[{"@type":"ListItem","position":1,"name":"Home","item":"https:\/\/iraurgiberritzen.eus\/es\/"},{"@type":"ListItem","position":2,"name":"Este a\u00f1o se imponen las ideas de negocio sociales y de medioambiente en la IV Edici\u00f3n de los Premios al Emprendimiento"}]},{"@type":"WebSite","@id":"https:\/\/iraurgiberritzen.eus\/es\/#website","url":"https:\/\/iraurgiberritzen.eus\/es\/","name":"Iraurgi Berritzen","description":"Urola Erdiko Garapen Agentzia","publisher":{"@id":"https:\/\/iraurgiberritzen.eus\/es\/#organization"},"potentialAction":[{"@type":"SearchAction","target":{"@type":"EntryPoint","urlTemplate":"https:\/\/iraurgiberritzen.eus\/es\/?s={search_term_string}"},"query-input":{"@type":"PropertyValueSpecification","valueRequired":true,"valueName":"search_term_string"}}],"inLanguage":"es"},{"@type":"Organization","@id":"https:\/\/iraurgiberritzen.eus\/es\/#organization","name":"Iraurgi Berritzen","url":"https:\/\/iraurgiberritzen.eus\/es\/","logo":{"@type":"ImageObject","inLanguage":"es","@id":"https:\/\/iraurgiberritzen.eus\/es\/#\/schema\/logo\/image\/","url":"https:\/\/iraurgiberritzen.eus\/wp-content\/uploads\/2024\/02\/IRAURGI-BERRITZEN-logotipoa_2.png","contentUrl":"https:\/\/iraurgiberritzen.eus\/wp-content\/uploads\/2024\/02\/IRAURGI-BERRITZEN-logotipoa_2.png","width":496,"height":190,"caption":"Iraurgi Berritzen"},"image":{"@id":"https:\/\/iraurgiberritzen.eus\/es\/#\/schema\/logo\/image\/"}},{"@type":"Person","@id":"https:\/\/iraurgiberritzen.eus\/es\/#\/schema\/person\/5ab41aaf388a9097177601ebf45738d2","name":"kudeatzailea","sameAs":["https:\/\/iraurgiberritzen.eus"]}]}},"_links":{"self":[{"href":"https:\/\/iraurgiberritzen.eus\/es\/wp-json\/wp\/v2\/posts\/14310","targetHints":{"allow":["GET"]}}],"collection":[{"href":"https:\/\/iraurgiberritzen.eus\/es\/wp-json\/wp\/v2\/posts"}],"about":[{"href":"https:\/\/iraurgiberritzen.eus\/es\/wp-json\/wp\/v2\/types\/post"}],"author":[{"embeddable":true,"href":"https:\/\/iraurgiberritzen.eus\/es\/wp-json\/wp\/v2\/users\/1"}],"replies":[{"embeddable":true,"href":"https:\/\/iraurgiberritzen.eus\/es\/wp-json\/wp\/v2\/comments?post=14310"}],"version-history":[{"count":0,"href":"https:\/\/iraurgiberritzen.eus\/es\/wp-json\/wp\/v2\/posts\/14310\/revisions"}],"wp:featuredmedia":[{"embeddable":true,"href":"https:\/\/iraurgiberritzen.eus\/es\/wp-json\/wp\/v2\/media\/17264"}],"wp:attachment":[{"href":"https:\/\/iraurgiberritzen.eus\/es\/wp-json\/wp\/v2\/media?parent=14310"}],"wp:term":[{"taxonomy":"category","embeddable":true,"href":"https:\/\/iraurgiberritzen.eus\/es\/wp-json\/wp\/v2\/categories?post=14310"},{"taxonomy":"post_tag","embeddable":true,"href":"https:\/\/iraurgiberritzen.eus\/es\/wp-json\/wp\/v2\/tags?post=14310"}],"curies":[{"name":"wp","href":"https:\/\/api.w.org\/{rel}","templated":true}]}}