{"id":14319,"date":"2023-02-17T06:59:26","date_gmt":"2023-02-17T04:59:26","guid":{"rendered":"https:\/\/iraurgiberritzen.eus\/iraurgi-berritzen-participa-en-el-encuentro-internacional-sobre-el-futuro-del-empleo-organizado-por-la-fundacion-iseak-y-el-departamento-de-trabajo-y-empleo\/"},"modified":"2023-02-17T06:59:26","modified_gmt":"2023-02-17T04:59:26","slug":"iraurgi-berritzen-participa-en-el-encuentro-internacional-sobre-el-futuro-del-empleo-organizado-por-la-fundacion-iseak-y-el-departamento-de-trabajo-y-empleo","status":"publish","type":"post","link":"https:\/\/iraurgiberritzen.eus\/es\/iraurgi-berritzen-participa-en-el-encuentro-internacional-sobre-el-futuro-del-empleo-organizado-por-la-fundacion-iseak-y-el-departamento-de-trabajo-y-empleo\/","title":{"rendered":"Iraurgi Berritzen participa en el encuentro internacional sobre el futuro del empleo organizado por La Fundaci\u00f3n Iseak y el Departamento de Trabajo y Empleo"},"content":{"rendered":"<ul>\n<li>El Premio Nobel David Card ha abierto el evento en el que Sara de la Rica ha presentado el Libro Blanco del Empleo.<\/li>\n<li>Comisi\u00f3n Europea, Gobierno de Espa\u00f1a, Gobierno Vasco, Diputaciones y Ayuntamientos han expuesto su visi\u00f3n y sus iniciativas para ofrecer oportunidades ante las grandes transiciones.<\/li>\n<\/ul>\n<p style=\"text-align: justify;\">El Departamento de Trabajo y Empleo del Gobierno Vasco y la Fundaci\u00f3n Iseak han organizado el WORKINLan Summit-El Empleo en la Euskadi que seremos, dos jornadas internacionales de debate, reflexi\u00f3n, an\u00e1lisis y propuestas sobre el empleo que necesita Euskadi en el futuro a corto y medio plazo, para lo que se ha contado con la participaci\u00f3n de la Comisi\u00f3n Europea, Gobierno de Espa\u00f1a, las Diputaciones y los Ayuntamientos, as\u00ed como de personalidades del \u00e1mbito cient\u00edfico y acad\u00e9mico como el Premio Nobel de Econom\u00eda 2021, David Card. El encuentro ha generado un gran inter\u00e9s y, en este han participado m\u00e1s de 600 personas entre las que se encuentra el equipo t\u00e9cnico de Empleo y Formaci\u00f3n de Iraurgi Berritzen.<\/p>\n<p style=\"text-align: justify;\">Las sesiones se han celebrado d\u00edas 16 y 17 de febrero en el Palacio Euskalduna de Bilbao, y tienen su origen en la elaboraci\u00f3n del <strong>Libro Blanco del Empleo en Euskadi<\/strong>, realizado a lo largo del pasado a\u00f1o por la Fundaci\u00f3n Iseak a propuesta del Departamento de Trabajo y Empleo, \u201cque pretende entender el pasado, presente y futuro del empleo en Euskadi, atendiendo especialmente a los grandes retos a los que se enfrenta: las transiciones demogr\u00e1fica, tecnol\u00f3gica y clim\u00e1tica\u201d, en palabras de la directora de la Fundaci\u00f3n y del proyecto, Sara de la Rica.<\/p>\n<p style=\"text-align: justify;\">Este libro, que se ha entregado a los participantes del WORKINLan Summit, estar\u00e1 disponible a partir de ese d\u00eda para todas las entidades y personas interesadas, propone un marco de reflexi\u00f3n que sirva para encauzar medidas concretas que impulsen la productividad y el empleo de calidad para toda la sociedad vasca, y especialmente para aprovechar las oportunidades que brindan estos cambios profundos no s\u00f3lo para crear m\u00e1s y mejor empleo, sino \u201cpara construir una sociedad menos desigual y m\u00e1s justa y equitativa\u201d.<\/p>\n<p style=\"text-align: justify;\">Para ello, se ha contado con m\u00faltiples fuentes y referencias cient\u00edficas, algunas de las cuales han participado en el evento, como el Premio Nobel de Econom\u00eda David Card, que ha abierto el encuentro acad\u00e9mico con la ponencia <strong>\u201cLa investigaci\u00f3n econ\u00f3mica y las pol\u00edticas: Inmigraci\u00f3n y Salario m\u00ednimo\u201d<\/strong>. En esa misma sesi\u00f3n, y tras la exposici\u00f3n del Libro Blanco, se han celebrado tres mesas redondas en las que se han contrastado teor\u00eda y pr\u00e1ctica sobre las transiciones energ\u00e9tico-clim\u00e1tica, demogr\u00e1fica y digital, y su influencia en el empleo.<\/p>\n","protected":false},"excerpt":{"rendered":"<p>El Premio Nobel David Card ha abierto el evento en el que Sara de la Rica ha presentado el Libro Blanco del Empleo. Comisi\u00f3n Europea, Gobierno de Espa\u00f1a, Gobierno Vasco, Diputaciones y Ayuntamientos han expuesto su visi\u00f3n y sus iniciativas para ofrecer oportunidades ante las grandes transiciones. El Departamento de Trabajo y Empleo del Gobierno [&hellip;]<\/p>\n","protected":false},"author":1,"featured_media":17267,"comment_status":"","ping_status":"closed","sticky":false,"template":"","format":"standard","meta":{"_acf_changed":false,"footnotes":""},"categories":[4],"tags":[],"class_list":["post-14319","post","type-post","status-publish","format-standard","has-post-thumbnail","hentry","category-noticias"],"acf":[],"yoast_head":"<!-- This site is optimized with the Yoast SEO plugin v27.4 - https:\/\/yoast.com\/product\/yoast-seo-wordpress\/ -->\n<title>Iraurgi Berritzen participa en el encuentro internacional sobre el futuro del empleo organizado por La Fundaci\u00f3n Iseak y el Departamento de Trabajo y Empleo - Iraurgi Berritzen<\/title>\n<meta name=\"robots\" content=\"index, follow, max-snippet:-1, max-image-preview:large, max-video-preview:-1\" \/>\n<link rel=\"canonical\" href=\"https:\/\/iraurgiberritzen.eus\/es\/iraurgi-berritzen-participa-en-el-encuentro-internacional-sobre-el-futuro-del-empleo-organizado-por-la-fundacion-iseak-y-el-departamento-de-trabajo-y-empleo\/\" \/>\n<meta property=\"og:locale\" content=\"es_ES\" \/>\n<meta property=\"og:type\" content=\"article\" \/>\n<meta property=\"og:title\" content=\"Iraurgi Berritzen participa en el encuentro internacional sobre el futuro del empleo organizado por La Fundaci\u00f3n Iseak y el Departamento de Trabajo y Empleo - Iraurgi Berritzen\" \/>\n<meta property=\"og:description\" content=\"El Premio Nobel David Card ha abierto el evento en el que Sara de la Rica ha presentado el Libro Blanco del Empleo. Comisi\u00f3n Europea, Gobierno de Espa\u00f1a, Gobierno Vasco, Diputaciones y Ayuntamientos han expuesto su visi\u00f3n y sus iniciativas para ofrecer oportunidades ante las grandes transiciones. El Departamento de Trabajo y Empleo del Gobierno [&hellip;]\" \/>\n<meta property=\"og:url\" content=\"https:\/\/iraurgiberritzen.eus\/es\/iraurgi-berritzen-participa-en-el-encuentro-internacional-sobre-el-futuro-del-empleo-organizado-por-la-fundacion-iseak-y-el-departamento-de-trabajo-y-empleo\/\" \/>\n<meta property=\"og:site_name\" content=\"Iraurgi Berritzen\" \/>\n<meta property=\"article:published_time\" content=\"2023-02-17T04:59:26+00:00\" \/>\n<meta name=\"author\" content=\"kudeatzailea\" \/>\n<meta name=\"twitter:card\" content=\"summary_large_image\" \/>\n<meta name=\"twitter:label1\" content=\"Escrito por\" \/>\n\t<meta name=\"twitter:data1\" content=\"kudeatzailea\" \/>\n\t<meta name=\"twitter:label2\" content=\"Tiempo de lectura\" \/>\n\t<meta name=\"twitter:data2\" content=\"2 minutos\" \/>\n<script type=\"application\/ld+json\" class=\"yoast-schema-graph\">{\"@context\":\"https:\\\/\\\/schema.org\",\"@graph\":[{\"@type\":\"Article\",\"@id\":\"https:\\\/\\\/iraurgiberritzen.eus\\\/es\\\/iraurgi-berritzen-participa-en-el-encuentro-internacional-sobre-el-futuro-del-empleo-organizado-por-la-fundacion-iseak-y-el-departamento-de-trabajo-y-empleo\\\/#article\",\"isPartOf\":{\"@id\":\"https:\\\/\\\/iraurgiberritzen.eus\\\/es\\\/iraurgi-berritzen-participa-en-el-encuentro-internacional-sobre-el-futuro-del-empleo-organizado-por-la-fundacion-iseak-y-el-departamento-de-trabajo-y-empleo\\\/\"},\"author\":{\"name\":\"kudeatzailea\",\"@id\":\"https:\\\/\\\/iraurgiberritzen.eus\\\/es\\\/#\\\/schema\\\/person\\\/5ab41aaf388a9097177601ebf45738d2\"},\"headline\":\"Iraurgi Berritzen participa en el encuentro internacional sobre el futuro del empleo organizado por La Fundaci\u00f3n Iseak y el Departamento de Trabajo y Empleo\",\"datePublished\":\"2023-02-17T04:59:26+00:00\",\"mainEntityOfPage\":{\"@id\":\"https:\\\/\\\/iraurgiberritzen.eus\\\/es\\\/iraurgi-berritzen-participa-en-el-encuentro-internacional-sobre-el-futuro-del-empleo-organizado-por-la-fundacion-iseak-y-el-departamento-de-trabajo-y-empleo\\\/\"},\"wordCount\":492,\"publisher\":{\"@id\":\"https:\\\/\\\/iraurgiberritzen.eus\\\/es\\\/#organization\"},\"image\":{\"@id\":\"https:\\\/\\\/iraurgiberritzen.eus\\\/es\\\/iraurgi-berritzen-participa-en-el-encuentro-internacional-sobre-el-futuro-del-empleo-organizado-por-la-fundacion-iseak-y-el-departamento-de-trabajo-y-empleo\\\/#primaryimage\"},\"thumbnailUrl\":\"https:\\\/\\\/iraurgiberritzen.eus\\\/wp-content\\\/uploads\\\/2023\\\/09\\\/98fdc3265bfa7288cc6112ee2171482a.jpg\",\"articleSection\":[\"Noticias\"],\"inLanguage\":\"es\"},{\"@type\":\"WebPage\",\"@id\":\"https:\\\/\\\/iraurgiberritzen.eus\\\/es\\\/iraurgi-berritzen-participa-en-el-encuentro-internacional-sobre-el-futuro-del-empleo-organizado-por-la-fundacion-iseak-y-el-departamento-de-trabajo-y-empleo\\\/\",\"url\":\"https:\\\/\\\/iraurgiberritzen.eus\\\/es\\\/iraurgi-berritzen-participa-en-el-encuentro-internacional-sobre-el-futuro-del-empleo-organizado-por-la-fundacion-iseak-y-el-departamento-de-trabajo-y-empleo\\\/\",\"name\":\"Iraurgi Berritzen participa en el encuentro internacional sobre el futuro del empleo organizado por La Fundaci\u00f3n Iseak y el Departamento de Trabajo y Empleo - Iraurgi Berritzen\",\"isPartOf\":{\"@id\":\"https:\\\/\\\/iraurgiberritzen.eus\\\/es\\\/#website\"},\"primaryImageOfPage\":{\"@id\":\"https:\\\/\\\/iraurgiberritzen.eus\\\/es\\\/iraurgi-berritzen-participa-en-el-encuentro-internacional-sobre-el-futuro-del-empleo-organizado-por-la-fundacion-iseak-y-el-departamento-de-trabajo-y-empleo\\\/#primaryimage\"},\"image\":{\"@id\":\"https:\\\/\\\/iraurgiberritzen.eus\\\/es\\\/iraurgi-berritzen-participa-en-el-encuentro-internacional-sobre-el-futuro-del-empleo-organizado-por-la-fundacion-iseak-y-el-departamento-de-trabajo-y-empleo\\\/#primaryimage\"},\"thumbnailUrl\":\"https:\\\/\\\/iraurgiberritzen.eus\\\/wp-content\\\/uploads\\\/2023\\\/09\\\/98fdc3265bfa7288cc6112ee2171482a.jpg\",\"datePublished\":\"2023-02-17T04:59:26+00:00\",\"breadcrumb\":{\"@id\":\"https:\\\/\\\/iraurgiberritzen.eus\\\/es\\\/iraurgi-berritzen-participa-en-el-encuentro-internacional-sobre-el-futuro-del-empleo-organizado-por-la-fundacion-iseak-y-el-departamento-de-trabajo-y-empleo\\\/#breadcrumb\"},\"inLanguage\":\"es\",\"potentialAction\":[{\"@type\":\"ReadAction\",\"target\":[\"https:\\\/\\\/iraurgiberritzen.eus\\\/es\\\/iraurgi-berritzen-participa-en-el-encuentro-internacional-sobre-el-futuro-del-empleo-organizado-por-la-fundacion-iseak-y-el-departamento-de-trabajo-y-empleo\\\/\"]}]},{\"@type\":\"ImageObject\",\"inLanguage\":\"es\",\"@id\":\"https:\\\/\\\/iraurgiberritzen.eus\\\/es\\\/iraurgi-berritzen-participa-en-el-encuentro-internacional-sobre-el-futuro-del-empleo-organizado-por-la-fundacion-iseak-y-el-departamento-de-trabajo-y-empleo\\\/#primaryimage\",\"url\":\"https:\\\/\\\/iraurgiberritzen.eus\\\/wp-content\\\/uploads\\\/2023\\\/09\\\/98fdc3265bfa7288cc6112ee2171482a.jpg\",\"contentUrl\":\"https:\\\/\\\/iraurgiberritzen.eus\\\/wp-content\\\/uploads\\\/2023\\\/09\\\/98fdc3265bfa7288cc6112ee2171482a.jpg\",\"width\":400,\"height\":257},{\"@type\":\"BreadcrumbList\",\"@id\":\"https:\\\/\\\/iraurgiberritzen.eus\\\/es\\\/iraurgi-berritzen-participa-en-el-encuentro-internacional-sobre-el-futuro-del-empleo-organizado-por-la-fundacion-iseak-y-el-departamento-de-trabajo-y-empleo\\\/#breadcrumb\",\"itemListElement\":[{\"@type\":\"ListItem\",\"position\":1,\"name\":\"Home\",\"item\":\"https:\\\/\\\/iraurgiberritzen.eus\\\/es\\\/\"},{\"@type\":\"ListItem\",\"position\":2,\"name\":\"Iraurgi Berritzen participa en el encuentro internacional sobre el futuro del empleo organizado por La Fundaci\u00f3n Iseak y el Departamento de Trabajo y Empleo\"}]},{\"@type\":\"WebSite\",\"@id\":\"https:\\\/\\\/iraurgiberritzen.eus\\\/es\\\/#website\",\"url\":\"https:\\\/\\\/iraurgiberritzen.eus\\\/es\\\/\",\"name\":\"Iraurgi Berritzen\",\"description\":\"Urola Erdiko Garapen Agentzia\",\"publisher\":{\"@id\":\"https:\\\/\\\/iraurgiberritzen.eus\\\/es\\\/#organization\"},\"potentialAction\":[{\"@type\":\"SearchAction\",\"target\":{\"@type\":\"EntryPoint\",\"urlTemplate\":\"https:\\\/\\\/iraurgiberritzen.eus\\\/es\\\/?s={search_term_string}\"},\"query-input\":{\"@type\":\"PropertyValueSpecification\",\"valueRequired\":true,\"valueName\":\"search_term_string\"}}],\"inLanguage\":\"es\"},{\"@type\":\"Organization\",\"@id\":\"https:\\\/\\\/iraurgiberritzen.eus\\\/es\\\/#organization\",\"name\":\"Iraurgi Berritzen\",\"url\":\"https:\\\/\\\/iraurgiberritzen.eus\\\/es\\\/\",\"logo\":{\"@type\":\"ImageObject\",\"inLanguage\":\"es\",\"@id\":\"https:\\\/\\\/iraurgiberritzen.eus\\\/es\\\/#\\\/schema\\\/logo\\\/image\\\/\",\"url\":\"https:\\\/\\\/iraurgiberritzen.eus\\\/wp-content\\\/uploads\\\/2024\\\/02\\\/IRAURGI-BERRITZEN-logotipoa_2.png\",\"contentUrl\":\"https:\\\/\\\/iraurgiberritzen.eus\\\/wp-content\\\/uploads\\\/2024\\\/02\\\/IRAURGI-BERRITZEN-logotipoa_2.png\",\"width\":496,\"height\":190,\"caption\":\"Iraurgi Berritzen\"},\"image\":{\"@id\":\"https:\\\/\\\/iraurgiberritzen.eus\\\/es\\\/#\\\/schema\\\/logo\\\/image\\\/\"}},{\"@type\":\"Person\",\"@id\":\"https:\\\/\\\/iraurgiberritzen.eus\\\/es\\\/#\\\/schema\\\/person\\\/5ab41aaf388a9097177601ebf45738d2\",\"name\":\"kudeatzailea\",\"sameAs\":[\"https:\\\/\\\/iraurgiberritzen.eus\"]}]}<\/script>\n<!-- \/ Yoast SEO plugin. -->","yoast_head_json":{"title":"Iraurgi Berritzen participa en el encuentro internacional sobre el futuro del empleo organizado por La Fundaci\u00f3n Iseak y el Departamento de Trabajo y Empleo - Iraurgi Berritzen","robots":{"index":"index","follow":"follow","max-snippet":"max-snippet:-1","max-image-preview":"max-image-preview:large","max-video-preview":"max-video-preview:-1"},"canonical":"https:\/\/iraurgiberritzen.eus\/es\/iraurgi-berritzen-participa-en-el-encuentro-internacional-sobre-el-futuro-del-empleo-organizado-por-la-fundacion-iseak-y-el-departamento-de-trabajo-y-empleo\/","og_locale":"es_ES","og_type":"article","og_title":"Iraurgi Berritzen participa en el encuentro internacional sobre el futuro del empleo organizado por La Fundaci\u00f3n Iseak y el Departamento de Trabajo y Empleo - Iraurgi Berritzen","og_description":"El Premio Nobel David Card ha abierto el evento en el que Sara de la Rica ha presentado el Libro Blanco del Empleo. Comisi\u00f3n Europea, Gobierno de Espa\u00f1a, Gobierno Vasco, Diputaciones y Ayuntamientos han expuesto su visi\u00f3n y sus iniciativas para ofrecer oportunidades ante las grandes transiciones. El Departamento de Trabajo y Empleo del Gobierno [&hellip;]","og_url":"https:\/\/iraurgiberritzen.eus\/es\/iraurgi-berritzen-participa-en-el-encuentro-internacional-sobre-el-futuro-del-empleo-organizado-por-la-fundacion-iseak-y-el-departamento-de-trabajo-y-empleo\/","og_site_name":"Iraurgi Berritzen","article_published_time":"2023-02-17T04:59:26+00:00","author":"kudeatzailea","twitter_card":"summary_large_image","twitter_misc":{"Escrito por":"kudeatzailea","Tiempo de lectura":"2 minutos"},"schema":{"@context":"https:\/\/schema.org","@graph":[{"@type":"Article","@id":"https:\/\/iraurgiberritzen.eus\/es\/iraurgi-berritzen-participa-en-el-encuentro-internacional-sobre-el-futuro-del-empleo-organizado-por-la-fundacion-iseak-y-el-departamento-de-trabajo-y-empleo\/#article","isPartOf":{"@id":"https:\/\/iraurgiberritzen.eus\/es\/iraurgi-berritzen-participa-en-el-encuentro-internacional-sobre-el-futuro-del-empleo-organizado-por-la-fundacion-iseak-y-el-departamento-de-trabajo-y-empleo\/"},"author":{"name":"kudeatzailea","@id":"https:\/\/iraurgiberritzen.eus\/es\/#\/schema\/person\/5ab41aaf388a9097177601ebf45738d2"},"headline":"Iraurgi Berritzen participa en el encuentro internacional sobre el futuro del empleo organizado por La Fundaci\u00f3n Iseak y el Departamento de Trabajo y Empleo","datePublished":"2023-02-17T04:59:26+00:00","mainEntityOfPage":{"@id":"https:\/\/iraurgiberritzen.eus\/es\/iraurgi-berritzen-participa-en-el-encuentro-internacional-sobre-el-futuro-del-empleo-organizado-por-la-fundacion-iseak-y-el-departamento-de-trabajo-y-empleo\/"},"wordCount":492,"publisher":{"@id":"https:\/\/iraurgiberritzen.eus\/es\/#organization"},"image":{"@id":"https:\/\/iraurgiberritzen.eus\/es\/iraurgi-berritzen-participa-en-el-encuentro-internacional-sobre-el-futuro-del-empleo-organizado-por-la-fundacion-iseak-y-el-departamento-de-trabajo-y-empleo\/#primaryimage"},"thumbnailUrl":"https:\/\/iraurgiberritzen.eus\/wp-content\/uploads\/2023\/09\/98fdc3265bfa7288cc6112ee2171482a.jpg","articleSection":["Noticias"],"inLanguage":"es"},{"@type":"WebPage","@id":"https:\/\/iraurgiberritzen.eus\/es\/iraurgi-berritzen-participa-en-el-encuentro-internacional-sobre-el-futuro-del-empleo-organizado-por-la-fundacion-iseak-y-el-departamento-de-trabajo-y-empleo\/","url":"https:\/\/iraurgiberritzen.eus\/es\/iraurgi-berritzen-participa-en-el-encuentro-internacional-sobre-el-futuro-del-empleo-organizado-por-la-fundacion-iseak-y-el-departamento-de-trabajo-y-empleo\/","name":"Iraurgi Berritzen participa en el encuentro internacional sobre el futuro del empleo organizado por La Fundaci\u00f3n Iseak y el Departamento de Trabajo y Empleo - Iraurgi Berritzen","isPartOf":{"@id":"https:\/\/iraurgiberritzen.eus\/es\/#website"},"primaryImageOfPage":{"@id":"https:\/\/iraurgiberritzen.eus\/es\/iraurgi-berritzen-participa-en-el-encuentro-internacional-sobre-el-futuro-del-empleo-organizado-por-la-fundacion-iseak-y-el-departamento-de-trabajo-y-empleo\/#primaryimage"},"image":{"@id":"https:\/\/iraurgiberritzen.eus\/es\/iraurgi-berritzen-participa-en-el-encuentro-internacional-sobre-el-futuro-del-empleo-organizado-por-la-fundacion-iseak-y-el-departamento-de-trabajo-y-empleo\/#primaryimage"},"thumbnailUrl":"https:\/\/iraurgiberritzen.eus\/wp-content\/uploads\/2023\/09\/98fdc3265bfa7288cc6112ee2171482a.jpg","datePublished":"2023-02-17T04:59:26+00:00","breadcrumb":{"@id":"https:\/\/iraurgiberritzen.eus\/es\/iraurgi-berritzen-participa-en-el-encuentro-internacional-sobre-el-futuro-del-empleo-organizado-por-la-fundacion-iseak-y-el-departamento-de-trabajo-y-empleo\/#breadcrumb"},"inLanguage":"es","potentialAction":[{"@type":"ReadAction","target":["https:\/\/iraurgiberritzen.eus\/es\/iraurgi-berritzen-participa-en-el-encuentro-internacional-sobre-el-futuro-del-empleo-organizado-por-la-fundacion-iseak-y-el-departamento-de-trabajo-y-empleo\/"]}]},{"@type":"ImageObject","inLanguage":"es","@id":"https:\/\/iraurgiberritzen.eus\/es\/iraurgi-berritzen-participa-en-el-encuentro-internacional-sobre-el-futuro-del-empleo-organizado-por-la-fundacion-iseak-y-el-departamento-de-trabajo-y-empleo\/#primaryimage","url":"https:\/\/iraurgiberritzen.eus\/wp-content\/uploads\/2023\/09\/98fdc3265bfa7288cc6112ee2171482a.jpg","contentUrl":"https:\/\/iraurgiberritzen.eus\/wp-content\/uploads\/2023\/09\/98fdc3265bfa7288cc6112ee2171482a.jpg","width":400,"height":257},{"@type":"BreadcrumbList","@id":"https:\/\/iraurgiberritzen.eus\/es\/iraurgi-berritzen-participa-en-el-encuentro-internacional-sobre-el-futuro-del-empleo-organizado-por-la-fundacion-iseak-y-el-departamento-de-trabajo-y-empleo\/#breadcrumb","itemListElement":[{"@type":"ListItem","position":1,"name":"Home","item":"https:\/\/iraurgiberritzen.eus\/es\/"},{"@type":"ListItem","position":2,"name":"Iraurgi Berritzen participa en el encuentro internacional sobre el futuro del empleo organizado por La Fundaci\u00f3n Iseak y el Departamento de Trabajo y Empleo"}]},{"@type":"WebSite","@id":"https:\/\/iraurgiberritzen.eus\/es\/#website","url":"https:\/\/iraurgiberritzen.eus\/es\/","name":"Iraurgi Berritzen","description":"Urola Erdiko Garapen Agentzia","publisher":{"@id":"https:\/\/iraurgiberritzen.eus\/es\/#organization"},"potentialAction":[{"@type":"SearchAction","target":{"@type":"EntryPoint","urlTemplate":"https:\/\/iraurgiberritzen.eus\/es\/?s={search_term_string}"},"query-input":{"@type":"PropertyValueSpecification","valueRequired":true,"valueName":"search_term_string"}}],"inLanguage":"es"},{"@type":"Organization","@id":"https:\/\/iraurgiberritzen.eus\/es\/#organization","name":"Iraurgi Berritzen","url":"https:\/\/iraurgiberritzen.eus\/es\/","logo":{"@type":"ImageObject","inLanguage":"es","@id":"https:\/\/iraurgiberritzen.eus\/es\/#\/schema\/logo\/image\/","url":"https:\/\/iraurgiberritzen.eus\/wp-content\/uploads\/2024\/02\/IRAURGI-BERRITZEN-logotipoa_2.png","contentUrl":"https:\/\/iraurgiberritzen.eus\/wp-content\/uploads\/2024\/02\/IRAURGI-BERRITZEN-logotipoa_2.png","width":496,"height":190,"caption":"Iraurgi Berritzen"},"image":{"@id":"https:\/\/iraurgiberritzen.eus\/es\/#\/schema\/logo\/image\/"}},{"@type":"Person","@id":"https:\/\/iraurgiberritzen.eus\/es\/#\/schema\/person\/5ab41aaf388a9097177601ebf45738d2","name":"kudeatzailea","sameAs":["https:\/\/iraurgiberritzen.eus"]}]}},"_links":{"self":[{"href":"https:\/\/iraurgiberritzen.eus\/es\/wp-json\/wp\/v2\/posts\/14319","targetHints":{"allow":["GET"]}}],"collection":[{"href":"https:\/\/iraurgiberritzen.eus\/es\/wp-json\/wp\/v2\/posts"}],"about":[{"href":"https:\/\/iraurgiberritzen.eus\/es\/wp-json\/wp\/v2\/types\/post"}],"author":[{"embeddable":true,"href":"https:\/\/iraurgiberritzen.eus\/es\/wp-json\/wp\/v2\/users\/1"}],"replies":[{"embeddable":true,"href":"https:\/\/iraurgiberritzen.eus\/es\/wp-json\/wp\/v2\/comments?post=14319"}],"version-history":[{"count":0,"href":"https:\/\/iraurgiberritzen.eus\/es\/wp-json\/wp\/v2\/posts\/14319\/revisions"}],"wp:featuredmedia":[{"embeddable":true,"href":"https:\/\/iraurgiberritzen.eus\/es\/wp-json\/wp\/v2\/media\/17267"}],"wp:attachment":[{"href":"https:\/\/iraurgiberritzen.eus\/es\/wp-json\/wp\/v2\/media?parent=14319"}],"wp:term":[{"taxonomy":"category","embeddable":true,"href":"https:\/\/iraurgiberritzen.eus\/es\/wp-json\/wp\/v2\/categories?post=14319"},{"taxonomy":"post_tag","embeddable":true,"href":"https:\/\/iraurgiberritzen.eus\/es\/wp-json\/wp\/v2\/tags?post=14319"}],"curies":[{"name":"wp","href":"https:\/\/api.w.org\/{rel}","templated":true}]}}