{"id":14325,"date":"2023-02-20T07:57:01","date_gmt":"2023-02-20T05:57:01","guid":{"rendered":"https:\/\/iraurgiberritzen.eus\/de-la-mano-de-tknika-se-presentara-la-iniciativa-descubriendo-las-oportunindades-de-negocio-en-los-objetivos-de-desarrrollo-sostenible\/"},"modified":"2023-02-20T07:57:01","modified_gmt":"2023-02-20T05:57:01","slug":"de-la-mano-de-tknika-se-presentara-la-iniciativa-descubriendo-las-oportunindades-de-negocio-en-los-objetivos-de-desarrrollo-sostenible","status":"publish","type":"post","link":"https:\/\/iraurgiberritzen.eus\/es\/de-la-mano-de-tknika-se-presentara-la-iniciativa-descubriendo-las-oportunindades-de-negocio-en-los-objetivos-de-desarrrollo-sostenible\/","title":{"rendered":"De la mano de Tknika se presentar\u00e1 la iniciativa \u201cDescubriendo las oportunindades de negocio en los Objetivos de Desarrrollo Sostenible\u201d"},"content":{"rendered":"<p style=\"text-align: justify;\">El pr\u00f3ximo 1 de marzo, de 9:00 a 13:30 de la ma\u00f1ana, de la mano de Tknika, se celebrar\u00e1 en las instalaciones de Tknika (Barrio Zamalbide s\/n, 20100 Errenteria) una sesi\u00f3n de presentaci\u00f3n sobre l<strong>as oportunidades de negocio relacionadas con los Objetivos de Desarrollo Sostenible<\/strong>.<\/p>\n<p style=\"text-align: justify;\">Tknika es un centro impulsado por la Viceconsejer\u00eda de Formaci\u00f3n Profesional del Departamento de Educaci\u00f3n del Gobierno Vasco que se centra en la investigaci\u00f3n y la innovaci\u00f3n aplicada. Apuesta por un crecimiento humano sostenible en el que la sociedad, el medio ambiente, la cultura y la econom\u00eda est\u00e9n interconectados.<\/p>\n<p style=\"text-align: justify;\">Entiende la sostenibilidad como una oportunidad para el crecimiento empresarial. La inclusi\u00f3n de criterios verdes en la estrategia y los planes de negocio de una empresa es necesaria, e impulsa tanto el crecimiento como la ventaja competitiva.<\/p>\n<p style=\"text-align: justify;\">El proyecto SDG4BIZ, realizado en colaboraci\u00f3n con universidades y organizaciones de Finlandia, Austria, Eslovaquia, Turqu\u00eda e Italia, tiene como objetivos dise\u00f1ar y pilotar un curso formativo online para visibilizar las oportunidades de negocio en los ODS. El curso tiene 5 m\u00f3dulos, un primer m\u00f3dulo general y 4 m\u00f3dulos enfocados a \u00e1mbitos m\u00e1s espec\u00edficos:<\/p>\n<ol>\n<li>Reconocimiento de oportunidades de negocio en los ODS.<\/li>\n<li>Oportunidades de negocio en el \u00e1mbito de la alimentaci\u00f3n y la agricultura.<\/li>\n<li>Oportunidades de negocio en el \u00e1mbito de las ciudades.<\/li>\n<li>Oportunidades de negocio en el \u00e1mbito de la energ\u00eda y los materiales.<\/li>\n<li>Oportunidades de negocio en el \u00e1mbito de la salud y el bienestar.<\/li>\n<\/ol>\n<p style=\"text-align: justify;\">En la sesi\u00f3n de presentaci\u00f3n, que se celebrar\u00e1 el 1 de marzo, tendr\u00e1n la oportunidad de participar todas las empresas de la comarca interesadas en este tema, en la que se presentar\u00e1n los pormenores del proyecto y en la que tambi\u00e9n participar\u00e1n, de la mano de Tknika, representantes de IHOBE y de la Fundaci\u00f3n Adinberri. <\/p>\n<p>La inscripci\u00f3n se puede realizar a trav\u00e9s del siguiente <a href=\"https:\/\/docs.google.com\/forms\/d\/e\/1FAIpQLSe-4lmwaE5ZPzhB5YYmC8Kf1_5YSBwsMavG3OF7sCNMDQUNQw\/viewform\" target=\"_blank\" rel=\"noopener\">enlace<\/a> o llamando al 688 71 87 77 (Alazne Larra\u00f1aga).<\/p>\n","protected":false},"excerpt":{"rendered":"<p>El pr\u00f3ximo 1 de marzo, de 9:00 a 13:30 de la ma\u00f1ana, de la mano de Tknika, se celebrar\u00e1 en las instalaciones de Tknika (Barrio Zamalbide s\/n, 20100 Errenteria) una sesi\u00f3n de presentaci\u00f3n sobre las oportunidades de negocio relacionadas con los Objetivos de Desarrollo Sostenible. Tknika es un centro impulsado por la Viceconsejer\u00eda de Formaci\u00f3n [&hellip;]<\/p>\n","protected":false},"author":1,"featured_media":17269,"comment_status":"","ping_status":"closed","sticky":false,"template":"","format":"standard","meta":{"_acf_changed":false,"footnotes":""},"categories":[4],"tags":[],"class_list":["post-14325","post","type-post","status-publish","format-standard","has-post-thumbnail","hentry","category-noticias"],"acf":[],"yoast_head":"<!-- This site is optimized with the Yoast SEO plugin v27.4 - https:\/\/yoast.com\/product\/yoast-seo-wordpress\/ -->\n<title>De la mano de Tknika se presentar\u00e1 la iniciativa \u201cDescubriendo las oportunindades de negocio en los Objetivos de Desarrrollo Sostenible\u201d - Iraurgi Berritzen<\/title>\n<meta name=\"robots\" content=\"index, follow, max-snippet:-1, max-image-preview:large, max-video-preview:-1\" \/>\n<link rel=\"canonical\" href=\"https:\/\/iraurgiberritzen.eus\/es\/de-la-mano-de-tknika-se-presentara-la-iniciativa-descubriendo-las-oportunindades-de-negocio-en-los-objetivos-de-desarrrollo-sostenible\/\" \/>\n<meta property=\"og:locale\" content=\"es_ES\" \/>\n<meta property=\"og:type\" content=\"article\" \/>\n<meta property=\"og:title\" content=\"De la mano de Tknika se presentar\u00e1 la iniciativa \u201cDescubriendo las oportunindades de negocio en los Objetivos de Desarrrollo Sostenible\u201d - Iraurgi Berritzen\" \/>\n<meta property=\"og:description\" content=\"El pr\u00f3ximo 1 de marzo, de 9:00 a 13:30 de la ma\u00f1ana, de la mano de Tknika, se celebrar\u00e1 en las instalaciones de Tknika (Barrio Zamalbide s\/n, 20100 Errenteria) una sesi\u00f3n de presentaci\u00f3n sobre las oportunidades de negocio relacionadas con los Objetivos de Desarrollo Sostenible. Tknika es un centro impulsado por la Viceconsejer\u00eda de Formaci\u00f3n [&hellip;]\" \/>\n<meta property=\"og:url\" content=\"https:\/\/iraurgiberritzen.eus\/es\/de-la-mano-de-tknika-se-presentara-la-iniciativa-descubriendo-las-oportunindades-de-negocio-en-los-objetivos-de-desarrrollo-sostenible\/\" \/>\n<meta property=\"og:site_name\" content=\"Iraurgi Berritzen\" \/>\n<meta property=\"article:published_time\" content=\"2023-02-20T05:57:01+00:00\" \/>\n<meta name=\"author\" content=\"kudeatzailea\" \/>\n<meta name=\"twitter:card\" content=\"summary_large_image\" \/>\n<meta name=\"twitter:label1\" content=\"Escrito por\" \/>\n\t<meta name=\"twitter:data1\" content=\"kudeatzailea\" \/>\n\t<meta name=\"twitter:label2\" content=\"Tiempo de lectura\" \/>\n\t<meta name=\"twitter:data2\" content=\"2 minutos\" \/>\n<script type=\"application\/ld+json\" class=\"yoast-schema-graph\">{\"@context\":\"https:\\\/\\\/schema.org\",\"@graph\":[{\"@type\":\"Article\",\"@id\":\"https:\\\/\\\/iraurgiberritzen.eus\\\/es\\\/de-la-mano-de-tknika-se-presentara-la-iniciativa-descubriendo-las-oportunindades-de-negocio-en-los-objetivos-de-desarrrollo-sostenible\\\/#article\",\"isPartOf\":{\"@id\":\"https:\\\/\\\/iraurgiberritzen.eus\\\/es\\\/de-la-mano-de-tknika-se-presentara-la-iniciativa-descubriendo-las-oportunindades-de-negocio-en-los-objetivos-de-desarrrollo-sostenible\\\/\"},\"author\":{\"name\":\"kudeatzailea\",\"@id\":\"https:\\\/\\\/iraurgiberritzen.eus\\\/es\\\/#\\\/schema\\\/person\\\/5ab41aaf388a9097177601ebf45738d2\"},\"headline\":\"De la mano de Tknika se presentar\u00e1 la iniciativa \u201cDescubriendo las oportunindades de negocio en los Objetivos de Desarrrollo Sostenible\u201d\",\"datePublished\":\"2023-02-20T05:57:01+00:00\",\"mainEntityOfPage\":{\"@id\":\"https:\\\/\\\/iraurgiberritzen.eus\\\/es\\\/de-la-mano-de-tknika-se-presentara-la-iniciativa-descubriendo-las-oportunindades-de-negocio-en-los-objetivos-de-desarrrollo-sostenible\\\/\"},\"wordCount\":354,\"publisher\":{\"@id\":\"https:\\\/\\\/iraurgiberritzen.eus\\\/es\\\/#organization\"},\"image\":{\"@id\":\"https:\\\/\\\/iraurgiberritzen.eus\\\/es\\\/de-la-mano-de-tknika-se-presentara-la-iniciativa-descubriendo-las-oportunindades-de-negocio-en-los-objetivos-de-desarrrollo-sostenible\\\/#primaryimage\"},\"thumbnailUrl\":\"https:\\\/\\\/iraurgiberritzen.eus\\\/wp-content\\\/uploads\\\/2023\\\/09\\\/abbce1a53d0691c5315bde73acfc67cc.jpg\",\"articleSection\":[\"Noticias\"],\"inLanguage\":\"es\"},{\"@type\":\"WebPage\",\"@id\":\"https:\\\/\\\/iraurgiberritzen.eus\\\/es\\\/de-la-mano-de-tknika-se-presentara-la-iniciativa-descubriendo-las-oportunindades-de-negocio-en-los-objetivos-de-desarrrollo-sostenible\\\/\",\"url\":\"https:\\\/\\\/iraurgiberritzen.eus\\\/es\\\/de-la-mano-de-tknika-se-presentara-la-iniciativa-descubriendo-las-oportunindades-de-negocio-en-los-objetivos-de-desarrrollo-sostenible\\\/\",\"name\":\"De la mano de Tknika se presentar\u00e1 la iniciativa \u201cDescubriendo las oportunindades de negocio en los Objetivos de Desarrrollo Sostenible\u201d - Iraurgi Berritzen\",\"isPartOf\":{\"@id\":\"https:\\\/\\\/iraurgiberritzen.eus\\\/es\\\/#website\"},\"primaryImageOfPage\":{\"@id\":\"https:\\\/\\\/iraurgiberritzen.eus\\\/es\\\/de-la-mano-de-tknika-se-presentara-la-iniciativa-descubriendo-las-oportunindades-de-negocio-en-los-objetivos-de-desarrrollo-sostenible\\\/#primaryimage\"},\"image\":{\"@id\":\"https:\\\/\\\/iraurgiberritzen.eus\\\/es\\\/de-la-mano-de-tknika-se-presentara-la-iniciativa-descubriendo-las-oportunindades-de-negocio-en-los-objetivos-de-desarrrollo-sostenible\\\/#primaryimage\"},\"thumbnailUrl\":\"https:\\\/\\\/iraurgiberritzen.eus\\\/wp-content\\\/uploads\\\/2023\\\/09\\\/abbce1a53d0691c5315bde73acfc67cc.jpg\",\"datePublished\":\"2023-02-20T05:57:01+00:00\",\"breadcrumb\":{\"@id\":\"https:\\\/\\\/iraurgiberritzen.eus\\\/es\\\/de-la-mano-de-tknika-se-presentara-la-iniciativa-descubriendo-las-oportunindades-de-negocio-en-los-objetivos-de-desarrrollo-sostenible\\\/#breadcrumb\"},\"inLanguage\":\"es\",\"potentialAction\":[{\"@type\":\"ReadAction\",\"target\":[\"https:\\\/\\\/iraurgiberritzen.eus\\\/es\\\/de-la-mano-de-tknika-se-presentara-la-iniciativa-descubriendo-las-oportunindades-de-negocio-en-los-objetivos-de-desarrrollo-sostenible\\\/\"]}]},{\"@type\":\"ImageObject\",\"inLanguage\":\"es\",\"@id\":\"https:\\\/\\\/iraurgiberritzen.eus\\\/es\\\/de-la-mano-de-tknika-se-presentara-la-iniciativa-descubriendo-las-oportunindades-de-negocio-en-los-objetivos-de-desarrrollo-sostenible\\\/#primaryimage\",\"url\":\"https:\\\/\\\/iraurgiberritzen.eus\\\/wp-content\\\/uploads\\\/2023\\\/09\\\/abbce1a53d0691c5315bde73acfc67cc.jpg\",\"contentUrl\":\"https:\\\/\\\/iraurgiberritzen.eus\\\/wp-content\\\/uploads\\\/2023\\\/09\\\/abbce1a53d0691c5315bde73acfc67cc.jpg\",\"width\":400,\"height\":257},{\"@type\":\"BreadcrumbList\",\"@id\":\"https:\\\/\\\/iraurgiberritzen.eus\\\/es\\\/de-la-mano-de-tknika-se-presentara-la-iniciativa-descubriendo-las-oportunindades-de-negocio-en-los-objetivos-de-desarrrollo-sostenible\\\/#breadcrumb\",\"itemListElement\":[{\"@type\":\"ListItem\",\"position\":1,\"name\":\"Home\",\"item\":\"https:\\\/\\\/iraurgiberritzen.eus\\\/es\\\/\"},{\"@type\":\"ListItem\",\"position\":2,\"name\":\"De la mano de Tknika se presentar\u00e1 la iniciativa \u201cDescubriendo las oportunindades de negocio en los Objetivos de Desarrrollo Sostenible\u201d\"}]},{\"@type\":\"WebSite\",\"@id\":\"https:\\\/\\\/iraurgiberritzen.eus\\\/es\\\/#website\",\"url\":\"https:\\\/\\\/iraurgiberritzen.eus\\\/es\\\/\",\"name\":\"Iraurgi Berritzen\",\"description\":\"Urola Erdiko Garapen Agentzia\",\"publisher\":{\"@id\":\"https:\\\/\\\/iraurgiberritzen.eus\\\/es\\\/#organization\"},\"potentialAction\":[{\"@type\":\"SearchAction\",\"target\":{\"@type\":\"EntryPoint\",\"urlTemplate\":\"https:\\\/\\\/iraurgiberritzen.eus\\\/es\\\/?s={search_term_string}\"},\"query-input\":{\"@type\":\"PropertyValueSpecification\",\"valueRequired\":true,\"valueName\":\"search_term_string\"}}],\"inLanguage\":\"es\"},{\"@type\":\"Organization\",\"@id\":\"https:\\\/\\\/iraurgiberritzen.eus\\\/es\\\/#organization\",\"name\":\"Iraurgi Berritzen\",\"url\":\"https:\\\/\\\/iraurgiberritzen.eus\\\/es\\\/\",\"logo\":{\"@type\":\"ImageObject\",\"inLanguage\":\"es\",\"@id\":\"https:\\\/\\\/iraurgiberritzen.eus\\\/es\\\/#\\\/schema\\\/logo\\\/image\\\/\",\"url\":\"https:\\\/\\\/iraurgiberritzen.eus\\\/wp-content\\\/uploads\\\/2024\\\/02\\\/IRAURGI-BERRITZEN-logotipoa_2.png\",\"contentUrl\":\"https:\\\/\\\/iraurgiberritzen.eus\\\/wp-content\\\/uploads\\\/2024\\\/02\\\/IRAURGI-BERRITZEN-logotipoa_2.png\",\"width\":496,\"height\":190,\"caption\":\"Iraurgi Berritzen\"},\"image\":{\"@id\":\"https:\\\/\\\/iraurgiberritzen.eus\\\/es\\\/#\\\/schema\\\/logo\\\/image\\\/\"}},{\"@type\":\"Person\",\"@id\":\"https:\\\/\\\/iraurgiberritzen.eus\\\/es\\\/#\\\/schema\\\/person\\\/5ab41aaf388a9097177601ebf45738d2\",\"name\":\"kudeatzailea\",\"sameAs\":[\"https:\\\/\\\/iraurgiberritzen.eus\"]}]}<\/script>\n<!-- \/ Yoast SEO plugin. -->","yoast_head_json":{"title":"De la mano de Tknika se presentar\u00e1 la iniciativa \u201cDescubriendo las oportunindades de negocio en los Objetivos de Desarrrollo Sostenible\u201d - Iraurgi Berritzen","robots":{"index":"index","follow":"follow","max-snippet":"max-snippet:-1","max-image-preview":"max-image-preview:large","max-video-preview":"max-video-preview:-1"},"canonical":"https:\/\/iraurgiberritzen.eus\/es\/de-la-mano-de-tknika-se-presentara-la-iniciativa-descubriendo-las-oportunindades-de-negocio-en-los-objetivos-de-desarrrollo-sostenible\/","og_locale":"es_ES","og_type":"article","og_title":"De la mano de Tknika se presentar\u00e1 la iniciativa \u201cDescubriendo las oportunindades de negocio en los Objetivos de Desarrrollo Sostenible\u201d - Iraurgi Berritzen","og_description":"El pr\u00f3ximo 1 de marzo, de 9:00 a 13:30 de la ma\u00f1ana, de la mano de Tknika, se celebrar\u00e1 en las instalaciones de Tknika (Barrio Zamalbide s\/n, 20100 Errenteria) una sesi\u00f3n de presentaci\u00f3n sobre las oportunidades de negocio relacionadas con los Objetivos de Desarrollo Sostenible. Tknika es un centro impulsado por la Viceconsejer\u00eda de Formaci\u00f3n [&hellip;]","og_url":"https:\/\/iraurgiberritzen.eus\/es\/de-la-mano-de-tknika-se-presentara-la-iniciativa-descubriendo-las-oportunindades-de-negocio-en-los-objetivos-de-desarrrollo-sostenible\/","og_site_name":"Iraurgi Berritzen","article_published_time":"2023-02-20T05:57:01+00:00","author":"kudeatzailea","twitter_card":"summary_large_image","twitter_misc":{"Escrito por":"kudeatzailea","Tiempo de lectura":"2 minutos"},"schema":{"@context":"https:\/\/schema.org","@graph":[{"@type":"Article","@id":"https:\/\/iraurgiberritzen.eus\/es\/de-la-mano-de-tknika-se-presentara-la-iniciativa-descubriendo-las-oportunindades-de-negocio-en-los-objetivos-de-desarrrollo-sostenible\/#article","isPartOf":{"@id":"https:\/\/iraurgiberritzen.eus\/es\/de-la-mano-de-tknika-se-presentara-la-iniciativa-descubriendo-las-oportunindades-de-negocio-en-los-objetivos-de-desarrrollo-sostenible\/"},"author":{"name":"kudeatzailea","@id":"https:\/\/iraurgiberritzen.eus\/es\/#\/schema\/person\/5ab41aaf388a9097177601ebf45738d2"},"headline":"De la mano de Tknika se presentar\u00e1 la iniciativa \u201cDescubriendo las oportunindades de negocio en los Objetivos de Desarrrollo Sostenible\u201d","datePublished":"2023-02-20T05:57:01+00:00","mainEntityOfPage":{"@id":"https:\/\/iraurgiberritzen.eus\/es\/de-la-mano-de-tknika-se-presentara-la-iniciativa-descubriendo-las-oportunindades-de-negocio-en-los-objetivos-de-desarrrollo-sostenible\/"},"wordCount":354,"publisher":{"@id":"https:\/\/iraurgiberritzen.eus\/es\/#organization"},"image":{"@id":"https:\/\/iraurgiberritzen.eus\/es\/de-la-mano-de-tknika-se-presentara-la-iniciativa-descubriendo-las-oportunindades-de-negocio-en-los-objetivos-de-desarrrollo-sostenible\/#primaryimage"},"thumbnailUrl":"https:\/\/iraurgiberritzen.eus\/wp-content\/uploads\/2023\/09\/abbce1a53d0691c5315bde73acfc67cc.jpg","articleSection":["Noticias"],"inLanguage":"es"},{"@type":"WebPage","@id":"https:\/\/iraurgiberritzen.eus\/es\/de-la-mano-de-tknika-se-presentara-la-iniciativa-descubriendo-las-oportunindades-de-negocio-en-los-objetivos-de-desarrrollo-sostenible\/","url":"https:\/\/iraurgiberritzen.eus\/es\/de-la-mano-de-tknika-se-presentara-la-iniciativa-descubriendo-las-oportunindades-de-negocio-en-los-objetivos-de-desarrrollo-sostenible\/","name":"De la mano de Tknika se presentar\u00e1 la iniciativa \u201cDescubriendo las oportunindades de negocio en los Objetivos de Desarrrollo Sostenible\u201d - Iraurgi Berritzen","isPartOf":{"@id":"https:\/\/iraurgiberritzen.eus\/es\/#website"},"primaryImageOfPage":{"@id":"https:\/\/iraurgiberritzen.eus\/es\/de-la-mano-de-tknika-se-presentara-la-iniciativa-descubriendo-las-oportunindades-de-negocio-en-los-objetivos-de-desarrrollo-sostenible\/#primaryimage"},"image":{"@id":"https:\/\/iraurgiberritzen.eus\/es\/de-la-mano-de-tknika-se-presentara-la-iniciativa-descubriendo-las-oportunindades-de-negocio-en-los-objetivos-de-desarrrollo-sostenible\/#primaryimage"},"thumbnailUrl":"https:\/\/iraurgiberritzen.eus\/wp-content\/uploads\/2023\/09\/abbce1a53d0691c5315bde73acfc67cc.jpg","datePublished":"2023-02-20T05:57:01+00:00","breadcrumb":{"@id":"https:\/\/iraurgiberritzen.eus\/es\/de-la-mano-de-tknika-se-presentara-la-iniciativa-descubriendo-las-oportunindades-de-negocio-en-los-objetivos-de-desarrrollo-sostenible\/#breadcrumb"},"inLanguage":"es","potentialAction":[{"@type":"ReadAction","target":["https:\/\/iraurgiberritzen.eus\/es\/de-la-mano-de-tknika-se-presentara-la-iniciativa-descubriendo-las-oportunindades-de-negocio-en-los-objetivos-de-desarrrollo-sostenible\/"]}]},{"@type":"ImageObject","inLanguage":"es","@id":"https:\/\/iraurgiberritzen.eus\/es\/de-la-mano-de-tknika-se-presentara-la-iniciativa-descubriendo-las-oportunindades-de-negocio-en-los-objetivos-de-desarrrollo-sostenible\/#primaryimage","url":"https:\/\/iraurgiberritzen.eus\/wp-content\/uploads\/2023\/09\/abbce1a53d0691c5315bde73acfc67cc.jpg","contentUrl":"https:\/\/iraurgiberritzen.eus\/wp-content\/uploads\/2023\/09\/abbce1a53d0691c5315bde73acfc67cc.jpg","width":400,"height":257},{"@type":"BreadcrumbList","@id":"https:\/\/iraurgiberritzen.eus\/es\/de-la-mano-de-tknika-se-presentara-la-iniciativa-descubriendo-las-oportunindades-de-negocio-en-los-objetivos-de-desarrrollo-sostenible\/#breadcrumb","itemListElement":[{"@type":"ListItem","position":1,"name":"Home","item":"https:\/\/iraurgiberritzen.eus\/es\/"},{"@type":"ListItem","position":2,"name":"De la mano de Tknika se presentar\u00e1 la iniciativa \u201cDescubriendo las oportunindades de negocio en los Objetivos de Desarrrollo Sostenible\u201d"}]},{"@type":"WebSite","@id":"https:\/\/iraurgiberritzen.eus\/es\/#website","url":"https:\/\/iraurgiberritzen.eus\/es\/","name":"Iraurgi Berritzen","description":"Urola Erdiko Garapen Agentzia","publisher":{"@id":"https:\/\/iraurgiberritzen.eus\/es\/#organization"},"potentialAction":[{"@type":"SearchAction","target":{"@type":"EntryPoint","urlTemplate":"https:\/\/iraurgiberritzen.eus\/es\/?s={search_term_string}"},"query-input":{"@type":"PropertyValueSpecification","valueRequired":true,"valueName":"search_term_string"}}],"inLanguage":"es"},{"@type":"Organization","@id":"https:\/\/iraurgiberritzen.eus\/es\/#organization","name":"Iraurgi Berritzen","url":"https:\/\/iraurgiberritzen.eus\/es\/","logo":{"@type":"ImageObject","inLanguage":"es","@id":"https:\/\/iraurgiberritzen.eus\/es\/#\/schema\/logo\/image\/","url":"https:\/\/iraurgiberritzen.eus\/wp-content\/uploads\/2024\/02\/IRAURGI-BERRITZEN-logotipoa_2.png","contentUrl":"https:\/\/iraurgiberritzen.eus\/wp-content\/uploads\/2024\/02\/IRAURGI-BERRITZEN-logotipoa_2.png","width":496,"height":190,"caption":"Iraurgi Berritzen"},"image":{"@id":"https:\/\/iraurgiberritzen.eus\/es\/#\/schema\/logo\/image\/"}},{"@type":"Person","@id":"https:\/\/iraurgiberritzen.eus\/es\/#\/schema\/person\/5ab41aaf388a9097177601ebf45738d2","name":"kudeatzailea","sameAs":["https:\/\/iraurgiberritzen.eus"]}]}},"_links":{"self":[{"href":"https:\/\/iraurgiberritzen.eus\/es\/wp-json\/wp\/v2\/posts\/14325","targetHints":{"allow":["GET"]}}],"collection":[{"href":"https:\/\/iraurgiberritzen.eus\/es\/wp-json\/wp\/v2\/posts"}],"about":[{"href":"https:\/\/iraurgiberritzen.eus\/es\/wp-json\/wp\/v2\/types\/post"}],"author":[{"embeddable":true,"href":"https:\/\/iraurgiberritzen.eus\/es\/wp-json\/wp\/v2\/users\/1"}],"replies":[{"embeddable":true,"href":"https:\/\/iraurgiberritzen.eus\/es\/wp-json\/wp\/v2\/comments?post=14325"}],"version-history":[{"count":0,"href":"https:\/\/iraurgiberritzen.eus\/es\/wp-json\/wp\/v2\/posts\/14325\/revisions"}],"wp:featuredmedia":[{"embeddable":true,"href":"https:\/\/iraurgiberritzen.eus\/es\/wp-json\/wp\/v2\/media\/17269"}],"wp:attachment":[{"href":"https:\/\/iraurgiberritzen.eus\/es\/wp-json\/wp\/v2\/media?parent=14325"}],"wp:term":[{"taxonomy":"category","embeddable":true,"href":"https:\/\/iraurgiberritzen.eus\/es\/wp-json\/wp\/v2\/categories?post=14325"},{"taxonomy":"post_tag","embeddable":true,"href":"https:\/\/iraurgiberritzen.eus\/es\/wp-json\/wp\/v2\/tags?post=14325"}],"curies":[{"name":"wp","href":"https:\/\/api.w.org\/{rel}","templated":true}]}}