{"id":14328,"date":"2023-02-21T18:19:53","date_gmt":"2023-02-21T16:19:53","guid":{"rendered":"https:\/\/iraurgiberritzen.eus\/iraurgi-berritzen-participa-en-la-jornada-re-think-industry-jornada-para-compartir-aprender-reflexionar-sobre-como-la-transformacion-digital-y-sostenible-esta-impulsando-la-innovacion-de-las-pymes-de\/"},"modified":"2023-02-21T18:19:53","modified_gmt":"2023-02-21T16:19:53","slug":"iraurgi-berritzen-participa-en-la-jornada-re-think-industry-jornada-para-compartir-aprender-reflexionar-sobre-como-la-transformacion-digital-y-sostenible-esta-impulsando-la-innovacion-de-las-pymes-de","status":"publish","type":"post","link":"https:\/\/iraurgiberritzen.eus\/es\/iraurgi-berritzen-participa-en-la-jornada-re-think-industry-jornada-para-compartir-aprender-reflexionar-sobre-como-la-transformacion-digital-y-sostenible-esta-impulsando-la-innovacion-de-las-pymes-de\/","title":{"rendered":"Iraurgi Berritzen participa en la jornada Re-Think Industry. Jornada para compartir, aprender, reflexionar sobre c\u00f3mo la transformaci\u00f3n digital y sostenible est\u00e1 impulsando la innovaci\u00f3n de las PYMEs de Gipuzkoa"},"content":{"rendered":"<p style=\"text-align: justify;\">La II. jornada \u2018Re-think Industry\u2019 ha reunido en el Kursaal en torno a 450 representantes de empresas y agentes econ\u00f3micos.<\/p>\n<p style=\"text-align: justify;\">El palacio de congresos de Kursaal ha albergado hoy la segunda edici\u00f3n jornada \u2018Re-Think Industry\u2019, organizada por la Diputaci\u00f3n Foral dentro de la din\u00e1mica de gobernanza colaborativa Etorkizuna Eraikiz, con el objetivo de poner en com\u00fan los logros y los retos de las pymes de Gipuzkoa en materia de transformaci\u00f3n digital y sostenible, para ayudar a \u00e9stas a fortalecer su competitividad. La cita se ha desarrollado con un importante \u00e9xito de participaci\u00f3n, ya que en torno a 450 representantes de empresas, agentes econ\u00f3micos, asociaciones sectoriales y centros de I+D del territorio se han dado cita en el Kursaal con el fin de intercambiar experiencias y conocer casos de \u00e9xito de compa\u00f1\u00edas de Gipuzkoa que han afrontado con \u00e9xito los desaf\u00edos ligados a la transici\u00f3n digital y ecol\u00f3gica. Entre ellas cabe destacar la participaci\u00f3n de las empresas <strong>Domusa Teknik y Bernardo Ecenarro SA, ubicadas en Urola Erdia<\/strong>, las cuales han contado sus experiencias. <\/p>\n<p style=\"text-align: justify;\">La apertura institucional del evento ha contado con la participaci\u00f3n del diputado general Markel Olano, el alcalde de Donostia \/ San Sebasti\u00e1n Eneko Goia y la Consejera de Desarrollo Econ\u00f3mico, Sostenibilidad y Medio Ambiente Arantxa Tapia.<\/p>\n<p style=\"text-align: justify;\"><strong>Cuatro mesas de trabajo<\/strong><\/p>\n<p style=\"text-align: justify;\">El prop\u00f3sito de \u2018Re-think industry\u2019 ha sido ayudar a entender el alcance de la transformaci\u00f3n digital y sostenible y c\u00f3mo est\u00e1 impactando en los negocios; identificar qu\u00e9 agentes clave de nuestro ecosistema ofrecen apoyo para llevar a cabo este proceso; dar a conocer la experiencia de empresas avanzadas del territorio; y ofrecer un espacio para que puedan compartir inquietudes y experiencias con otras compa\u00f1\u00edas, fomentando el trabajo en red y abriendo nuevas v\u00edas de colaboraci\u00f3n. Con la doble premisa de sensibilizar y capacitar a las pymes, pensando tanto en aquellas empresas que ya han empezado a dar pasos en la transformaci\u00f3n digital y sostenible de su negocio, como en las que todav\u00eda no lo han hecho, el n\u00facleo de la jornada lo han conformado cuatro sesiones paralelas, liderada cada una de ellas por un agente, en las que se han presentado distintos casos de \u00e9xito para posteriormente realizar una mesa redonda.<\/p>\n<p style=\"text-align: justify;\">La primera de ellas, \u2018Haciendo mis procesos m\u00e1s eficientes\u2019, ha estado liderada por AFM Cl\u00faster y ha contado con la participaci\u00f3n de Ekide, Gurelan y Talleres Teller\u00eda. La segunda, \u2018Compitiendo con nuevos productos m\u00e1s inteligentes y verdes\u2019, la ha dirigido Innobasque y se han expuesto los casos de Iruko Berri, Apel y <strong>Domusa Teknik<\/strong>. La tercera, \u2018Acerc\u00e1ndonos a nuestros clientes\u2019, ha contado con la direcci\u00f3n de C\u00e1mara de Gipuzkoa y la aportaci\u00f3n de Alfa Hogar, Reiner y <strong>Bernardo Ecenarro SA<\/strong>. La cuarta sesi\u00f3n, \u2018Liderando el cambio en la organizaci\u00f3n para ganar en agilidad\u2019, ha tenido como eje la transformaci\u00f3n organizativa, y con el liderazgo de Adegi, se han dado a conocer las experiencias de Casa Eceiza, Spanset y Game SA.<\/p>\n<p style=\"text-align: justify;\">Por otra parte, el programa ha incluido dos ponencias inspiracionales de nivel, una de apertura y otra de cierre. La primera de ellas ha corrido a cargo del consultor Javier Mart\u00ednez Aldanondo, con el t\u00edtulo \u2018Hacia un mundo de organizaciones inteligentes\u2019. Graduado en Derecho por la UPV-EHU y M\u00e1ster en Internet Management en el Institut Catal\u00e0 de la Tecnolog\u00eda, este guipuzcoano afincado en Chile es socio de Knowledge Works y director de Knoco (red internacional de consultor\u00eda con sede en Inglaterra). <\/p>\n<p style=\"text-align: justify;\">\u201cNo hay nada m\u00e1s importante que la inteligencia porque es el mecanismo que desarrolla nuestro cerebro para asegurarse de que sobrevivimos \u2013ha explicado-. Si una empresa no es lo suficientemente inteligente, desaparece. La inteligencia es el principal atributo de los seres humanos y se define por la capacidad de tomar buenas decisiones. Para que un individuo o una organizaci\u00f3n tomen buenas decisiones necesitan dos elementos imprescindibles: conocimiento y aprendizaje. Los pa\u00edses m\u00e1s desarrollados del mundo son pa\u00edses productores de conocimiento y no de materias primas. Si lo sabemos aprovechar, se trata de buenas noticias porque Gipuzkoa no podemos competir por tama\u00f1o, fuerza o recursos naturales. Si colocamos la prioridad en incrementar el nivel de inteligencia de todos nuestros ciudadanos y organizaciones y aprovechamos la palanca de la transformaci\u00f3n digital, tenemos muchas posibilidades de alcanzar nuestro objetivo de mejorar la sostenibilidad\u201d.<\/p>\n<p style=\"text-align: justify;\">La ponencia de cierre, \u2018La transformaci\u00f3n digital del sector de fabricaci\u00f3n: innovaci\u00f3n y talento como factores de alto impacto\u2019, la ha ofrecido Nerea Aranguren, directora de Innovaci\u00f3n de Danobat Group y directora gerente de Ideko. \u201cLa transformaci\u00f3n digital de la Industria es un proceso irreversible que ya se ha puesto en marcha. Muchos son los factores que pueden favorecer su correcto desarrollo pero tal vez dos destacan entre los dem\u00e1s: las innovaciones tecnol\u00f3gicas y las personas implicadas\u201d, ha aseverado. Durante la ponencia ha repasado algunas claves relativas a ambos factores que puedan ayudar a las pymes industriales a acercarse con garant\u00edas de \u00e9xito a esta transformaci\u00f3n.<\/p>\n","protected":false},"excerpt":{"rendered":"<p>La II. jornada \u2018Re-think Industry\u2019 ha reunido en el Kursaal en torno a 450 representantes de empresas y agentes econ\u00f3micos. El palacio de congresos de Kursaal ha albergado hoy la segunda edici\u00f3n jornada \u2018Re-Think Industry\u2019, organizada por la Diputaci\u00f3n Foral dentro de la din\u00e1mica de gobernanza colaborativa Etorkizuna Eraikiz, con el objetivo de poner en [&hellip;]<\/p>\n","protected":false},"author":1,"featured_media":17270,"comment_status":"","ping_status":"closed","sticky":false,"template":"","format":"standard","meta":{"_acf_changed":false,"footnotes":""},"categories":[4],"tags":[],"class_list":["post-14328","post","type-post","status-publish","format-standard","has-post-thumbnail","hentry","category-noticias"],"acf":[],"yoast_head":"<!-- This site is optimized with the Yoast SEO plugin v27.4 - https:\/\/yoast.com\/product\/yoast-seo-wordpress\/ -->\n<title>Iraurgi Berritzen participa en la jornada Re-Think Industry. Jornada para compartir, aprender, reflexionar sobre c\u00f3mo la transformaci\u00f3n digital y sostenible est\u00e1 impulsando la innovaci\u00f3n de las PYMEs de Gipuzkoa - Iraurgi Berritzen<\/title>\n<meta name=\"robots\" content=\"index, follow, max-snippet:-1, max-image-preview:large, max-video-preview:-1\" \/>\n<link rel=\"canonical\" href=\"https:\/\/iraurgiberritzen.eus\/es\/iraurgi-berritzen-participa-en-la-jornada-re-think-industry-jornada-para-compartir-aprender-reflexionar-sobre-como-la-transformacion-digital-y-sostenible-esta-impulsando-la-innovacion-de-las-pymes-de\/\" \/>\n<meta property=\"og:locale\" content=\"es_ES\" \/>\n<meta property=\"og:type\" content=\"article\" \/>\n<meta property=\"og:title\" content=\"Iraurgi Berritzen participa en la jornada Re-Think Industry. Jornada para compartir, aprender, reflexionar sobre c\u00f3mo la transformaci\u00f3n digital y sostenible est\u00e1 impulsando la innovaci\u00f3n de las PYMEs de Gipuzkoa - Iraurgi Berritzen\" \/>\n<meta property=\"og:description\" content=\"La II. jornada \u2018Re-think Industry\u2019 ha reunido en el Kursaal en torno a 450 representantes de empresas y agentes econ\u00f3micos. El palacio de congresos de Kursaal ha albergado hoy la segunda edici\u00f3n jornada \u2018Re-Think Industry\u2019, organizada por la Diputaci\u00f3n Foral dentro de la din\u00e1mica de gobernanza colaborativa Etorkizuna Eraikiz, con el objetivo de poner en [&hellip;]\" \/>\n<meta property=\"og:url\" content=\"https:\/\/iraurgiberritzen.eus\/es\/iraurgi-berritzen-participa-en-la-jornada-re-think-industry-jornada-para-compartir-aprender-reflexionar-sobre-como-la-transformacion-digital-y-sostenible-esta-impulsando-la-innovacion-de-las-pymes-de\/\" \/>\n<meta property=\"og:site_name\" content=\"Iraurgi Berritzen\" \/>\n<meta property=\"article:published_time\" content=\"2023-02-21T16:19:53+00:00\" \/>\n<meta name=\"author\" content=\"kudeatzailea\" \/>\n<meta name=\"twitter:card\" content=\"summary_large_image\" \/>\n<meta name=\"twitter:label1\" content=\"Escrito por\" \/>\n\t<meta name=\"twitter:data1\" content=\"kudeatzailea\" \/>\n\t<meta name=\"twitter:label2\" content=\"Tiempo de lectura\" \/>\n\t<meta name=\"twitter:data2\" content=\"4 minutos\" \/>\n<script type=\"application\/ld+json\" class=\"yoast-schema-graph\">{\"@context\":\"https:\\\/\\\/schema.org\",\"@graph\":[{\"@type\":\"Article\",\"@id\":\"https:\\\/\\\/iraurgiberritzen.eus\\\/es\\\/iraurgi-berritzen-participa-en-la-jornada-re-think-industry-jornada-para-compartir-aprender-reflexionar-sobre-como-la-transformacion-digital-y-sostenible-esta-impulsando-la-innovacion-de-las-pymes-de\\\/#article\",\"isPartOf\":{\"@id\":\"https:\\\/\\\/iraurgiberritzen.eus\\\/es\\\/iraurgi-berritzen-participa-en-la-jornada-re-think-industry-jornada-para-compartir-aprender-reflexionar-sobre-como-la-transformacion-digital-y-sostenible-esta-impulsando-la-innovacion-de-las-pymes-de\\\/\"},\"author\":{\"name\":\"kudeatzailea\",\"@id\":\"https:\\\/\\\/iraurgiberritzen.eus\\\/es\\\/#\\\/schema\\\/person\\\/5ab41aaf388a9097177601ebf45738d2\"},\"headline\":\"Iraurgi Berritzen participa en la jornada Re-Think Industry. Jornada para compartir, aprender, reflexionar sobre c\u00f3mo la transformaci\u00f3n digital y sostenible est\u00e1 impulsando la innovaci\u00f3n de las PYMEs de Gipuzkoa\",\"datePublished\":\"2023-02-21T16:19:53+00:00\",\"mainEntityOfPage\":{\"@id\":\"https:\\\/\\\/iraurgiberritzen.eus\\\/es\\\/iraurgi-berritzen-participa-en-la-jornada-re-think-industry-jornada-para-compartir-aprender-reflexionar-sobre-como-la-transformacion-digital-y-sostenible-esta-impulsando-la-innovacion-de-las-pymes-de\\\/\"},\"wordCount\":898,\"publisher\":{\"@id\":\"https:\\\/\\\/iraurgiberritzen.eus\\\/es\\\/#organization\"},\"image\":{\"@id\":\"https:\\\/\\\/iraurgiberritzen.eus\\\/es\\\/iraurgi-berritzen-participa-en-la-jornada-re-think-industry-jornada-para-compartir-aprender-reflexionar-sobre-como-la-transformacion-digital-y-sostenible-esta-impulsando-la-innovacion-de-las-pymes-de\\\/#primaryimage\"},\"thumbnailUrl\":\"https:\\\/\\\/iraurgiberritzen.eus\\\/wp-content\\\/uploads\\\/2023\\\/09\\\/2afca3f53c0e96b8eb32503314e80c62.jpg\",\"articleSection\":[\"Noticias\"],\"inLanguage\":\"es\"},{\"@type\":\"WebPage\",\"@id\":\"https:\\\/\\\/iraurgiberritzen.eus\\\/es\\\/iraurgi-berritzen-participa-en-la-jornada-re-think-industry-jornada-para-compartir-aprender-reflexionar-sobre-como-la-transformacion-digital-y-sostenible-esta-impulsando-la-innovacion-de-las-pymes-de\\\/\",\"url\":\"https:\\\/\\\/iraurgiberritzen.eus\\\/es\\\/iraurgi-berritzen-participa-en-la-jornada-re-think-industry-jornada-para-compartir-aprender-reflexionar-sobre-como-la-transformacion-digital-y-sostenible-esta-impulsando-la-innovacion-de-las-pymes-de\\\/\",\"name\":\"Iraurgi Berritzen participa en la jornada Re-Think Industry. Jornada para compartir, aprender, reflexionar sobre c\u00f3mo la transformaci\u00f3n digital y sostenible est\u00e1 impulsando la innovaci\u00f3n de las PYMEs de Gipuzkoa - Iraurgi Berritzen\",\"isPartOf\":{\"@id\":\"https:\\\/\\\/iraurgiberritzen.eus\\\/es\\\/#website\"},\"primaryImageOfPage\":{\"@id\":\"https:\\\/\\\/iraurgiberritzen.eus\\\/es\\\/iraurgi-berritzen-participa-en-la-jornada-re-think-industry-jornada-para-compartir-aprender-reflexionar-sobre-como-la-transformacion-digital-y-sostenible-esta-impulsando-la-innovacion-de-las-pymes-de\\\/#primaryimage\"},\"image\":{\"@id\":\"https:\\\/\\\/iraurgiberritzen.eus\\\/es\\\/iraurgi-berritzen-participa-en-la-jornada-re-think-industry-jornada-para-compartir-aprender-reflexionar-sobre-como-la-transformacion-digital-y-sostenible-esta-impulsando-la-innovacion-de-las-pymes-de\\\/#primaryimage\"},\"thumbnailUrl\":\"https:\\\/\\\/iraurgiberritzen.eus\\\/wp-content\\\/uploads\\\/2023\\\/09\\\/2afca3f53c0e96b8eb32503314e80c62.jpg\",\"datePublished\":\"2023-02-21T16:19:53+00:00\",\"breadcrumb\":{\"@id\":\"https:\\\/\\\/iraurgiberritzen.eus\\\/es\\\/iraurgi-berritzen-participa-en-la-jornada-re-think-industry-jornada-para-compartir-aprender-reflexionar-sobre-como-la-transformacion-digital-y-sostenible-esta-impulsando-la-innovacion-de-las-pymes-de\\\/#breadcrumb\"},\"inLanguage\":\"es\",\"potentialAction\":[{\"@type\":\"ReadAction\",\"target\":[\"https:\\\/\\\/iraurgiberritzen.eus\\\/es\\\/iraurgi-berritzen-participa-en-la-jornada-re-think-industry-jornada-para-compartir-aprender-reflexionar-sobre-como-la-transformacion-digital-y-sostenible-esta-impulsando-la-innovacion-de-las-pymes-de\\\/\"]}]},{\"@type\":\"ImageObject\",\"inLanguage\":\"es\",\"@id\":\"https:\\\/\\\/iraurgiberritzen.eus\\\/es\\\/iraurgi-berritzen-participa-en-la-jornada-re-think-industry-jornada-para-compartir-aprender-reflexionar-sobre-como-la-transformacion-digital-y-sostenible-esta-impulsando-la-innovacion-de-las-pymes-de\\\/#primaryimage\",\"url\":\"https:\\\/\\\/iraurgiberritzen.eus\\\/wp-content\\\/uploads\\\/2023\\\/09\\\/2afca3f53c0e96b8eb32503314e80c62.jpg\",\"contentUrl\":\"https:\\\/\\\/iraurgiberritzen.eus\\\/wp-content\\\/uploads\\\/2023\\\/09\\\/2afca3f53c0e96b8eb32503314e80c62.jpg\",\"width\":400,\"height\":257},{\"@type\":\"BreadcrumbList\",\"@id\":\"https:\\\/\\\/iraurgiberritzen.eus\\\/es\\\/iraurgi-berritzen-participa-en-la-jornada-re-think-industry-jornada-para-compartir-aprender-reflexionar-sobre-como-la-transformacion-digital-y-sostenible-esta-impulsando-la-innovacion-de-las-pymes-de\\\/#breadcrumb\",\"itemListElement\":[{\"@type\":\"ListItem\",\"position\":1,\"name\":\"Home\",\"item\":\"https:\\\/\\\/iraurgiberritzen.eus\\\/es\\\/\"},{\"@type\":\"ListItem\",\"position\":2,\"name\":\"Iraurgi Berritzen participa en la jornada Re-Think Industry. Jornada para compartir, aprender, reflexionar sobre c\u00f3mo la transformaci\u00f3n digital y sostenible est\u00e1 impulsando la innovaci\u00f3n de las PYMEs de Gipuzkoa\"}]},{\"@type\":\"WebSite\",\"@id\":\"https:\\\/\\\/iraurgiberritzen.eus\\\/es\\\/#website\",\"url\":\"https:\\\/\\\/iraurgiberritzen.eus\\\/es\\\/\",\"name\":\"Iraurgi Berritzen\",\"description\":\"Urola Erdiko Garapen Agentzia\",\"publisher\":{\"@id\":\"https:\\\/\\\/iraurgiberritzen.eus\\\/es\\\/#organization\"},\"potentialAction\":[{\"@type\":\"SearchAction\",\"target\":{\"@type\":\"EntryPoint\",\"urlTemplate\":\"https:\\\/\\\/iraurgiberritzen.eus\\\/es\\\/?s={search_term_string}\"},\"query-input\":{\"@type\":\"PropertyValueSpecification\",\"valueRequired\":true,\"valueName\":\"search_term_string\"}}],\"inLanguage\":\"es\"},{\"@type\":\"Organization\",\"@id\":\"https:\\\/\\\/iraurgiberritzen.eus\\\/es\\\/#organization\",\"name\":\"Iraurgi Berritzen\",\"url\":\"https:\\\/\\\/iraurgiberritzen.eus\\\/es\\\/\",\"logo\":{\"@type\":\"ImageObject\",\"inLanguage\":\"es\",\"@id\":\"https:\\\/\\\/iraurgiberritzen.eus\\\/es\\\/#\\\/schema\\\/logo\\\/image\\\/\",\"url\":\"https:\\\/\\\/iraurgiberritzen.eus\\\/wp-content\\\/uploads\\\/2024\\\/02\\\/IRAURGI-BERRITZEN-logotipoa_2.png\",\"contentUrl\":\"https:\\\/\\\/iraurgiberritzen.eus\\\/wp-content\\\/uploads\\\/2024\\\/02\\\/IRAURGI-BERRITZEN-logotipoa_2.png\",\"width\":496,\"height\":190,\"caption\":\"Iraurgi Berritzen\"},\"image\":{\"@id\":\"https:\\\/\\\/iraurgiberritzen.eus\\\/es\\\/#\\\/schema\\\/logo\\\/image\\\/\"}},{\"@type\":\"Person\",\"@id\":\"https:\\\/\\\/iraurgiberritzen.eus\\\/es\\\/#\\\/schema\\\/person\\\/5ab41aaf388a9097177601ebf45738d2\",\"name\":\"kudeatzailea\",\"sameAs\":[\"https:\\\/\\\/iraurgiberritzen.eus\"]}]}<\/script>\n<!-- \/ Yoast SEO plugin. -->","yoast_head_json":{"title":"Iraurgi Berritzen participa en la jornada Re-Think Industry. Jornada para compartir, aprender, reflexionar sobre c\u00f3mo la transformaci\u00f3n digital y sostenible est\u00e1 impulsando la innovaci\u00f3n de las PYMEs de Gipuzkoa - Iraurgi Berritzen","robots":{"index":"index","follow":"follow","max-snippet":"max-snippet:-1","max-image-preview":"max-image-preview:large","max-video-preview":"max-video-preview:-1"},"canonical":"https:\/\/iraurgiberritzen.eus\/es\/iraurgi-berritzen-participa-en-la-jornada-re-think-industry-jornada-para-compartir-aprender-reflexionar-sobre-como-la-transformacion-digital-y-sostenible-esta-impulsando-la-innovacion-de-las-pymes-de\/","og_locale":"es_ES","og_type":"article","og_title":"Iraurgi Berritzen participa en la jornada Re-Think Industry. Jornada para compartir, aprender, reflexionar sobre c\u00f3mo la transformaci\u00f3n digital y sostenible est\u00e1 impulsando la innovaci\u00f3n de las PYMEs de Gipuzkoa - Iraurgi Berritzen","og_description":"La II. jornada \u2018Re-think Industry\u2019 ha reunido en el Kursaal en torno a 450 representantes de empresas y agentes econ\u00f3micos. El palacio de congresos de Kursaal ha albergado hoy la segunda edici\u00f3n jornada \u2018Re-Think Industry\u2019, organizada por la Diputaci\u00f3n Foral dentro de la din\u00e1mica de gobernanza colaborativa Etorkizuna Eraikiz, con el objetivo de poner en [&hellip;]","og_url":"https:\/\/iraurgiberritzen.eus\/es\/iraurgi-berritzen-participa-en-la-jornada-re-think-industry-jornada-para-compartir-aprender-reflexionar-sobre-como-la-transformacion-digital-y-sostenible-esta-impulsando-la-innovacion-de-las-pymes-de\/","og_site_name":"Iraurgi Berritzen","article_published_time":"2023-02-21T16:19:53+00:00","author":"kudeatzailea","twitter_card":"summary_large_image","twitter_misc":{"Escrito por":"kudeatzailea","Tiempo de lectura":"4 minutos"},"schema":{"@context":"https:\/\/schema.org","@graph":[{"@type":"Article","@id":"https:\/\/iraurgiberritzen.eus\/es\/iraurgi-berritzen-participa-en-la-jornada-re-think-industry-jornada-para-compartir-aprender-reflexionar-sobre-como-la-transformacion-digital-y-sostenible-esta-impulsando-la-innovacion-de-las-pymes-de\/#article","isPartOf":{"@id":"https:\/\/iraurgiberritzen.eus\/es\/iraurgi-berritzen-participa-en-la-jornada-re-think-industry-jornada-para-compartir-aprender-reflexionar-sobre-como-la-transformacion-digital-y-sostenible-esta-impulsando-la-innovacion-de-las-pymes-de\/"},"author":{"name":"kudeatzailea","@id":"https:\/\/iraurgiberritzen.eus\/es\/#\/schema\/person\/5ab41aaf388a9097177601ebf45738d2"},"headline":"Iraurgi Berritzen participa en la jornada Re-Think Industry. Jornada para compartir, aprender, reflexionar sobre c\u00f3mo la transformaci\u00f3n digital y sostenible est\u00e1 impulsando la innovaci\u00f3n de las PYMEs de Gipuzkoa","datePublished":"2023-02-21T16:19:53+00:00","mainEntityOfPage":{"@id":"https:\/\/iraurgiberritzen.eus\/es\/iraurgi-berritzen-participa-en-la-jornada-re-think-industry-jornada-para-compartir-aprender-reflexionar-sobre-como-la-transformacion-digital-y-sostenible-esta-impulsando-la-innovacion-de-las-pymes-de\/"},"wordCount":898,"publisher":{"@id":"https:\/\/iraurgiberritzen.eus\/es\/#organization"},"image":{"@id":"https:\/\/iraurgiberritzen.eus\/es\/iraurgi-berritzen-participa-en-la-jornada-re-think-industry-jornada-para-compartir-aprender-reflexionar-sobre-como-la-transformacion-digital-y-sostenible-esta-impulsando-la-innovacion-de-las-pymes-de\/#primaryimage"},"thumbnailUrl":"https:\/\/iraurgiberritzen.eus\/wp-content\/uploads\/2023\/09\/2afca3f53c0e96b8eb32503314e80c62.jpg","articleSection":["Noticias"],"inLanguage":"es"},{"@type":"WebPage","@id":"https:\/\/iraurgiberritzen.eus\/es\/iraurgi-berritzen-participa-en-la-jornada-re-think-industry-jornada-para-compartir-aprender-reflexionar-sobre-como-la-transformacion-digital-y-sostenible-esta-impulsando-la-innovacion-de-las-pymes-de\/","url":"https:\/\/iraurgiberritzen.eus\/es\/iraurgi-berritzen-participa-en-la-jornada-re-think-industry-jornada-para-compartir-aprender-reflexionar-sobre-como-la-transformacion-digital-y-sostenible-esta-impulsando-la-innovacion-de-las-pymes-de\/","name":"Iraurgi Berritzen participa en la jornada Re-Think Industry. Jornada para compartir, aprender, reflexionar sobre c\u00f3mo la transformaci\u00f3n digital y sostenible est\u00e1 impulsando la innovaci\u00f3n de las PYMEs de Gipuzkoa - Iraurgi Berritzen","isPartOf":{"@id":"https:\/\/iraurgiberritzen.eus\/es\/#website"},"primaryImageOfPage":{"@id":"https:\/\/iraurgiberritzen.eus\/es\/iraurgi-berritzen-participa-en-la-jornada-re-think-industry-jornada-para-compartir-aprender-reflexionar-sobre-como-la-transformacion-digital-y-sostenible-esta-impulsando-la-innovacion-de-las-pymes-de\/#primaryimage"},"image":{"@id":"https:\/\/iraurgiberritzen.eus\/es\/iraurgi-berritzen-participa-en-la-jornada-re-think-industry-jornada-para-compartir-aprender-reflexionar-sobre-como-la-transformacion-digital-y-sostenible-esta-impulsando-la-innovacion-de-las-pymes-de\/#primaryimage"},"thumbnailUrl":"https:\/\/iraurgiberritzen.eus\/wp-content\/uploads\/2023\/09\/2afca3f53c0e96b8eb32503314e80c62.jpg","datePublished":"2023-02-21T16:19:53+00:00","breadcrumb":{"@id":"https:\/\/iraurgiberritzen.eus\/es\/iraurgi-berritzen-participa-en-la-jornada-re-think-industry-jornada-para-compartir-aprender-reflexionar-sobre-como-la-transformacion-digital-y-sostenible-esta-impulsando-la-innovacion-de-las-pymes-de\/#breadcrumb"},"inLanguage":"es","potentialAction":[{"@type":"ReadAction","target":["https:\/\/iraurgiberritzen.eus\/es\/iraurgi-berritzen-participa-en-la-jornada-re-think-industry-jornada-para-compartir-aprender-reflexionar-sobre-como-la-transformacion-digital-y-sostenible-esta-impulsando-la-innovacion-de-las-pymes-de\/"]}]},{"@type":"ImageObject","inLanguage":"es","@id":"https:\/\/iraurgiberritzen.eus\/es\/iraurgi-berritzen-participa-en-la-jornada-re-think-industry-jornada-para-compartir-aprender-reflexionar-sobre-como-la-transformacion-digital-y-sostenible-esta-impulsando-la-innovacion-de-las-pymes-de\/#primaryimage","url":"https:\/\/iraurgiberritzen.eus\/wp-content\/uploads\/2023\/09\/2afca3f53c0e96b8eb32503314e80c62.jpg","contentUrl":"https:\/\/iraurgiberritzen.eus\/wp-content\/uploads\/2023\/09\/2afca3f53c0e96b8eb32503314e80c62.jpg","width":400,"height":257},{"@type":"BreadcrumbList","@id":"https:\/\/iraurgiberritzen.eus\/es\/iraurgi-berritzen-participa-en-la-jornada-re-think-industry-jornada-para-compartir-aprender-reflexionar-sobre-como-la-transformacion-digital-y-sostenible-esta-impulsando-la-innovacion-de-las-pymes-de\/#breadcrumb","itemListElement":[{"@type":"ListItem","position":1,"name":"Home","item":"https:\/\/iraurgiberritzen.eus\/es\/"},{"@type":"ListItem","position":2,"name":"Iraurgi Berritzen participa en la jornada Re-Think Industry. Jornada para compartir, aprender, reflexionar sobre c\u00f3mo la transformaci\u00f3n digital y sostenible est\u00e1 impulsando la innovaci\u00f3n de las PYMEs de Gipuzkoa"}]},{"@type":"WebSite","@id":"https:\/\/iraurgiberritzen.eus\/es\/#website","url":"https:\/\/iraurgiberritzen.eus\/es\/","name":"Iraurgi Berritzen","description":"Urola Erdiko Garapen Agentzia","publisher":{"@id":"https:\/\/iraurgiberritzen.eus\/es\/#organization"},"potentialAction":[{"@type":"SearchAction","target":{"@type":"EntryPoint","urlTemplate":"https:\/\/iraurgiberritzen.eus\/es\/?s={search_term_string}"},"query-input":{"@type":"PropertyValueSpecification","valueRequired":true,"valueName":"search_term_string"}}],"inLanguage":"es"},{"@type":"Organization","@id":"https:\/\/iraurgiberritzen.eus\/es\/#organization","name":"Iraurgi Berritzen","url":"https:\/\/iraurgiberritzen.eus\/es\/","logo":{"@type":"ImageObject","inLanguage":"es","@id":"https:\/\/iraurgiberritzen.eus\/es\/#\/schema\/logo\/image\/","url":"https:\/\/iraurgiberritzen.eus\/wp-content\/uploads\/2024\/02\/IRAURGI-BERRITZEN-logotipoa_2.png","contentUrl":"https:\/\/iraurgiberritzen.eus\/wp-content\/uploads\/2024\/02\/IRAURGI-BERRITZEN-logotipoa_2.png","width":496,"height":190,"caption":"Iraurgi Berritzen"},"image":{"@id":"https:\/\/iraurgiberritzen.eus\/es\/#\/schema\/logo\/image\/"}},{"@type":"Person","@id":"https:\/\/iraurgiberritzen.eus\/es\/#\/schema\/person\/5ab41aaf388a9097177601ebf45738d2","name":"kudeatzailea","sameAs":["https:\/\/iraurgiberritzen.eus"]}]}},"_links":{"self":[{"href":"https:\/\/iraurgiberritzen.eus\/es\/wp-json\/wp\/v2\/posts\/14328","targetHints":{"allow":["GET"]}}],"collection":[{"href":"https:\/\/iraurgiberritzen.eus\/es\/wp-json\/wp\/v2\/posts"}],"about":[{"href":"https:\/\/iraurgiberritzen.eus\/es\/wp-json\/wp\/v2\/types\/post"}],"author":[{"embeddable":true,"href":"https:\/\/iraurgiberritzen.eus\/es\/wp-json\/wp\/v2\/users\/1"}],"replies":[{"embeddable":true,"href":"https:\/\/iraurgiberritzen.eus\/es\/wp-json\/wp\/v2\/comments?post=14328"}],"version-history":[{"count":0,"href":"https:\/\/iraurgiberritzen.eus\/es\/wp-json\/wp\/v2\/posts\/14328\/revisions"}],"wp:featuredmedia":[{"embeddable":true,"href":"https:\/\/iraurgiberritzen.eus\/es\/wp-json\/wp\/v2\/media\/17270"}],"wp:attachment":[{"href":"https:\/\/iraurgiberritzen.eus\/es\/wp-json\/wp\/v2\/media?parent=14328"}],"wp:term":[{"taxonomy":"category","embeddable":true,"href":"https:\/\/iraurgiberritzen.eus\/es\/wp-json\/wp\/v2\/categories?post=14328"},{"taxonomy":"post_tag","embeddable":true,"href":"https:\/\/iraurgiberritzen.eus\/es\/wp-json\/wp\/v2\/tags?post=14328"}],"curies":[{"name":"wp","href":"https:\/\/api.w.org\/{rel}","templated":true}]}}