{"id":14337,"date":"2023-03-01T07:44:48","date_gmt":"2023-03-01T05:44:48","guid":{"rendered":"https:\/\/iraurgiberritzen.eus\/lineas-de-trabajo-priorizadas-por-el-gune-de-agentes-de-emprendimiento\/"},"modified":"2023-03-01T07:44:48","modified_gmt":"2023-03-01T05:44:48","slug":"lineas-de-trabajo-priorizadas-por-el-gune-de-agentes-de-emprendimiento","status":"publish","type":"post","link":"https:\/\/iraurgiberritzen.eus\/es\/lineas-de-trabajo-priorizadas-por-el-gune-de-agentes-de-emprendimiento\/","title":{"rendered":"L\u00edneas de trabajo priorizadas por el gune de agentes de emprendimiento"},"content":{"rendered":"<p style=\"text-align: justify;\"><span data-ccp-props=\"{&quot;201341983&quot;:0,&quot;335559739&quot;:160,&quot;335559740&quot;:259}\">Una vez finalizado el proceso de Reflexi\u00f3n Estrat\u00e9gica Comarcal y de cara a su ejecuci\u00f3n, hoy se han reunido los miembros del grupo de trabajo que conforman el gune de emprendimiento (Urkome, Izarraitz Lanbide Heziketa, TKNIKA y BIC Gipuzkoa).<\/span>&nbsp;<\/p>\n<p style=\"text-align: justify;\"><span data-ccp-props=\"{&quot;201341983&quot;:0,&quot;335559739&quot;:160,&quot;335559740&quot;:259}\"> Teniendo en cuenta las l\u00edneas de trabajo extra\u00eddas del an\u00e1lisis del ecosistema de emprendimiento y las correspondientes al proceso de reflexi\u00f3n estrat\u00e9gica, se ha realizado un ejercicio de priorizaci\u00f3n para definir las l\u00edneas de trabajo de este gune.&nbsp;<\/span><\/p>\n<p>&nbsp;Se han priorizado dos grandes l\u00edneas de trabajo, por un lado, <strong>el fomento de la cultura emprendedora<\/strong> en su globalidad, la activaci\u00f3n social, la valorizaci\u00f3n del emprendimiento y el talento emprendedor y en paralelo, se trabajar\u00e1 <strong>el fomento de nuevas iniciativas emprendedoras en actividades econ\u00f3micas estrat\u00e9gicas <\/strong>incluyendo el emprendimiento tecnol\u00f3gico y el vinculado al primer sector.<\/p>\n<p style=\"text-align: justify;\">En cuanto al Consejo Gestor de IB Sarea (red de cooperaci\u00f3n de agentes socioecon\u00f3micos de Urola Erdia), tambi\u00e9n se ha acordado la persona representante que formar\u00e1 parte de este espacio. La representaci\u00f3n correr\u00e1 a cargo de BIC Gipuzkoa, que ser\u00e1 la encargada de representar al gune de emprendimiento en las reuniones celebradas a lo largo del a\u00f1o y de ser el v\u00ednculo de los proyectos que en \u00e9l se traten. Este espacio, que hasta ahora lo conformaban representantes de empresas, educaci\u00f3n, agentes de empleo y ayuntamientos, se ampliar\u00e1 y en adelante participar\u00e1n tambi\u00e9n representantes del \u00e1mbito del emprendimiento, el comercio y el turismo.<\/p>\n<p style=\"text-align: justify;\">El Consejo Gestor de IB Sarea, desde una perspectiva de comarca, tiene como objetivo el desarrollo y la innovaci\u00f3n tanto de los miembros que lo forman como de la propia comarca, desarrollando para ello proyectos transformadores en cooperaci\u00f3n.<\/p>\n","protected":false},"excerpt":{"rendered":"<p>Una vez finalizado el proceso de Reflexi\u00f3n Estrat\u00e9gica Comarcal y de cara a su ejecuci\u00f3n, hoy se han reunido los miembros del grupo de trabajo que conforman el gune de emprendimiento (Urkome, Izarraitz Lanbide Heziketa, TKNIKA y BIC Gipuzkoa).&nbsp; Teniendo en cuenta las l\u00edneas de trabajo extra\u00eddas del an\u00e1lisis del ecosistema de emprendimiento y las [&hellip;]<\/p>\n","protected":false},"author":1,"featured_media":17253,"comment_status":"","ping_status":"closed","sticky":false,"template":"","format":"standard","meta":{"_acf_changed":false,"footnotes":""},"categories":[4],"tags":[],"class_list":["post-14337","post","type-post","status-publish","format-standard","has-post-thumbnail","hentry","category-noticias"],"acf":[],"yoast_head":"<!-- This site is optimized with the Yoast SEO plugin v27.4 - https:\/\/yoast.com\/product\/yoast-seo-wordpress\/ -->\n<title>L\u00edneas de trabajo priorizadas por el gune de agentes de emprendimiento - Iraurgi Berritzen<\/title>\n<meta name=\"robots\" content=\"index, follow, max-snippet:-1, max-image-preview:large, max-video-preview:-1\" \/>\n<link rel=\"canonical\" href=\"https:\/\/iraurgiberritzen.eus\/es\/lineas-de-trabajo-priorizadas-por-el-gune-de-agentes-de-emprendimiento\/\" \/>\n<meta property=\"og:locale\" content=\"es_ES\" \/>\n<meta property=\"og:type\" content=\"article\" \/>\n<meta property=\"og:title\" content=\"L\u00edneas de trabajo priorizadas por el gune de agentes de emprendimiento - Iraurgi Berritzen\" \/>\n<meta property=\"og:description\" content=\"Una vez finalizado el proceso de Reflexi\u00f3n Estrat\u00e9gica Comarcal y de cara a su ejecuci\u00f3n, hoy se han reunido los miembros del grupo de trabajo que conforman el gune de emprendimiento (Urkome, Izarraitz Lanbide Heziketa, TKNIKA y BIC Gipuzkoa).&nbsp; Teniendo en cuenta las l\u00edneas de trabajo extra\u00eddas del an\u00e1lisis del ecosistema de emprendimiento y las [&hellip;]\" \/>\n<meta property=\"og:url\" content=\"https:\/\/iraurgiberritzen.eus\/es\/lineas-de-trabajo-priorizadas-por-el-gune-de-agentes-de-emprendimiento\/\" \/>\n<meta property=\"og:site_name\" content=\"Iraurgi Berritzen\" \/>\n<meta property=\"article:published_time\" content=\"2023-03-01T05:44:48+00:00\" \/>\n<meta name=\"author\" content=\"kudeatzailea\" \/>\n<meta name=\"twitter:card\" content=\"summary_large_image\" \/>\n<meta name=\"twitter:label1\" content=\"Escrito por\" \/>\n\t<meta name=\"twitter:data1\" content=\"kudeatzailea\" \/>\n\t<meta name=\"twitter:label2\" content=\"Tiempo de lectura\" \/>\n\t<meta name=\"twitter:data2\" content=\"2 minutos\" \/>\n<script type=\"application\/ld+json\" class=\"yoast-schema-graph\">{\"@context\":\"https:\\\/\\\/schema.org\",\"@graph\":[{\"@type\":\"Article\",\"@id\":\"https:\\\/\\\/iraurgiberritzen.eus\\\/es\\\/lineas-de-trabajo-priorizadas-por-el-gune-de-agentes-de-emprendimiento\\\/#article\",\"isPartOf\":{\"@id\":\"https:\\\/\\\/iraurgiberritzen.eus\\\/es\\\/lineas-de-trabajo-priorizadas-por-el-gune-de-agentes-de-emprendimiento\\\/\"},\"author\":{\"name\":\"kudeatzailea\",\"@id\":\"https:\\\/\\\/iraurgiberritzen.eus\\\/es\\\/#\\\/schema\\\/person\\\/5ab41aaf388a9097177601ebf45738d2\"},\"headline\":\"L\u00edneas de trabajo priorizadas por el gune de agentes de emprendimiento\",\"datePublished\":\"2023-03-01T05:44:48+00:00\",\"mainEntityOfPage\":{\"@id\":\"https:\\\/\\\/iraurgiberritzen.eus\\\/es\\\/lineas-de-trabajo-priorizadas-por-el-gune-de-agentes-de-emprendimiento\\\/\"},\"wordCount\":316,\"publisher\":{\"@id\":\"https:\\\/\\\/iraurgiberritzen.eus\\\/es\\\/#organization\"},\"image\":{\"@id\":\"https:\\\/\\\/iraurgiberritzen.eus\\\/es\\\/lineas-de-trabajo-priorizadas-por-el-gune-de-agentes-de-emprendimiento\\\/#primaryimage\"},\"thumbnailUrl\":\"https:\\\/\\\/iraurgiberritzen.eus\\\/wp-content\\\/uploads\\\/2023\\\/09\\\/a48f7e83259bb07b7a730fbccb7e8ddc.jpg\",\"articleSection\":[\"Noticias\"],\"inLanguage\":\"es\"},{\"@type\":\"WebPage\",\"@id\":\"https:\\\/\\\/iraurgiberritzen.eus\\\/es\\\/lineas-de-trabajo-priorizadas-por-el-gune-de-agentes-de-emprendimiento\\\/\",\"url\":\"https:\\\/\\\/iraurgiberritzen.eus\\\/es\\\/lineas-de-trabajo-priorizadas-por-el-gune-de-agentes-de-emprendimiento\\\/\",\"name\":\"L\u00edneas de trabajo priorizadas por el gune de agentes de emprendimiento - Iraurgi Berritzen\",\"isPartOf\":{\"@id\":\"https:\\\/\\\/iraurgiberritzen.eus\\\/es\\\/#website\"},\"primaryImageOfPage\":{\"@id\":\"https:\\\/\\\/iraurgiberritzen.eus\\\/es\\\/lineas-de-trabajo-priorizadas-por-el-gune-de-agentes-de-emprendimiento\\\/#primaryimage\"},\"image\":{\"@id\":\"https:\\\/\\\/iraurgiberritzen.eus\\\/es\\\/lineas-de-trabajo-priorizadas-por-el-gune-de-agentes-de-emprendimiento\\\/#primaryimage\"},\"thumbnailUrl\":\"https:\\\/\\\/iraurgiberritzen.eus\\\/wp-content\\\/uploads\\\/2023\\\/09\\\/a48f7e83259bb07b7a730fbccb7e8ddc.jpg\",\"datePublished\":\"2023-03-01T05:44:48+00:00\",\"breadcrumb\":{\"@id\":\"https:\\\/\\\/iraurgiberritzen.eus\\\/es\\\/lineas-de-trabajo-priorizadas-por-el-gune-de-agentes-de-emprendimiento\\\/#breadcrumb\"},\"inLanguage\":\"es\",\"potentialAction\":[{\"@type\":\"ReadAction\",\"target\":[\"https:\\\/\\\/iraurgiberritzen.eus\\\/es\\\/lineas-de-trabajo-priorizadas-por-el-gune-de-agentes-de-emprendimiento\\\/\"]}]},{\"@type\":\"ImageObject\",\"inLanguage\":\"es\",\"@id\":\"https:\\\/\\\/iraurgiberritzen.eus\\\/es\\\/lineas-de-trabajo-priorizadas-por-el-gune-de-agentes-de-emprendimiento\\\/#primaryimage\",\"url\":\"https:\\\/\\\/iraurgiberritzen.eus\\\/wp-content\\\/uploads\\\/2023\\\/09\\\/a48f7e83259bb07b7a730fbccb7e8ddc.jpg\",\"contentUrl\":\"https:\\\/\\\/iraurgiberritzen.eus\\\/wp-content\\\/uploads\\\/2023\\\/09\\\/a48f7e83259bb07b7a730fbccb7e8ddc.jpg\",\"width\":400,\"height\":257},{\"@type\":\"BreadcrumbList\",\"@id\":\"https:\\\/\\\/iraurgiberritzen.eus\\\/es\\\/lineas-de-trabajo-priorizadas-por-el-gune-de-agentes-de-emprendimiento\\\/#breadcrumb\",\"itemListElement\":[{\"@type\":\"ListItem\",\"position\":1,\"name\":\"Home\",\"item\":\"https:\\\/\\\/iraurgiberritzen.eus\\\/es\\\/\"},{\"@type\":\"ListItem\",\"position\":2,\"name\":\"L\u00edneas de trabajo priorizadas por el gune de agentes de emprendimiento\"}]},{\"@type\":\"WebSite\",\"@id\":\"https:\\\/\\\/iraurgiberritzen.eus\\\/es\\\/#website\",\"url\":\"https:\\\/\\\/iraurgiberritzen.eus\\\/es\\\/\",\"name\":\"Iraurgi Berritzen\",\"description\":\"Urola Erdiko Garapen Agentzia\",\"publisher\":{\"@id\":\"https:\\\/\\\/iraurgiberritzen.eus\\\/es\\\/#organization\"},\"potentialAction\":[{\"@type\":\"SearchAction\",\"target\":{\"@type\":\"EntryPoint\",\"urlTemplate\":\"https:\\\/\\\/iraurgiberritzen.eus\\\/es\\\/?s={search_term_string}\"},\"query-input\":{\"@type\":\"PropertyValueSpecification\",\"valueRequired\":true,\"valueName\":\"search_term_string\"}}],\"inLanguage\":\"es\"},{\"@type\":\"Organization\",\"@id\":\"https:\\\/\\\/iraurgiberritzen.eus\\\/es\\\/#organization\",\"name\":\"Iraurgi Berritzen\",\"url\":\"https:\\\/\\\/iraurgiberritzen.eus\\\/es\\\/\",\"logo\":{\"@type\":\"ImageObject\",\"inLanguage\":\"es\",\"@id\":\"https:\\\/\\\/iraurgiberritzen.eus\\\/es\\\/#\\\/schema\\\/logo\\\/image\\\/\",\"url\":\"https:\\\/\\\/iraurgiberritzen.eus\\\/wp-content\\\/uploads\\\/2024\\\/02\\\/IRAURGI-BERRITZEN-logotipoa_2.png\",\"contentUrl\":\"https:\\\/\\\/iraurgiberritzen.eus\\\/wp-content\\\/uploads\\\/2024\\\/02\\\/IRAURGI-BERRITZEN-logotipoa_2.png\",\"width\":496,\"height\":190,\"caption\":\"Iraurgi Berritzen\"},\"image\":{\"@id\":\"https:\\\/\\\/iraurgiberritzen.eus\\\/es\\\/#\\\/schema\\\/logo\\\/image\\\/\"}},{\"@type\":\"Person\",\"@id\":\"https:\\\/\\\/iraurgiberritzen.eus\\\/es\\\/#\\\/schema\\\/person\\\/5ab41aaf388a9097177601ebf45738d2\",\"name\":\"kudeatzailea\",\"sameAs\":[\"https:\\\/\\\/iraurgiberritzen.eus\"]}]}<\/script>\n<!-- \/ Yoast SEO plugin. -->","yoast_head_json":{"title":"L\u00edneas de trabajo priorizadas por el gune de agentes de emprendimiento - Iraurgi Berritzen","robots":{"index":"index","follow":"follow","max-snippet":"max-snippet:-1","max-image-preview":"max-image-preview:large","max-video-preview":"max-video-preview:-1"},"canonical":"https:\/\/iraurgiberritzen.eus\/es\/lineas-de-trabajo-priorizadas-por-el-gune-de-agentes-de-emprendimiento\/","og_locale":"es_ES","og_type":"article","og_title":"L\u00edneas de trabajo priorizadas por el gune de agentes de emprendimiento - Iraurgi Berritzen","og_description":"Una vez finalizado el proceso de Reflexi\u00f3n Estrat\u00e9gica Comarcal y de cara a su ejecuci\u00f3n, hoy se han reunido los miembros del grupo de trabajo que conforman el gune de emprendimiento (Urkome, Izarraitz Lanbide Heziketa, TKNIKA y BIC Gipuzkoa).&nbsp; Teniendo en cuenta las l\u00edneas de trabajo extra\u00eddas del an\u00e1lisis del ecosistema de emprendimiento y las [&hellip;]","og_url":"https:\/\/iraurgiberritzen.eus\/es\/lineas-de-trabajo-priorizadas-por-el-gune-de-agentes-de-emprendimiento\/","og_site_name":"Iraurgi Berritzen","article_published_time":"2023-03-01T05:44:48+00:00","author":"kudeatzailea","twitter_card":"summary_large_image","twitter_misc":{"Escrito por":"kudeatzailea","Tiempo de lectura":"2 minutos"},"schema":{"@context":"https:\/\/schema.org","@graph":[{"@type":"Article","@id":"https:\/\/iraurgiberritzen.eus\/es\/lineas-de-trabajo-priorizadas-por-el-gune-de-agentes-de-emprendimiento\/#article","isPartOf":{"@id":"https:\/\/iraurgiberritzen.eus\/es\/lineas-de-trabajo-priorizadas-por-el-gune-de-agentes-de-emprendimiento\/"},"author":{"name":"kudeatzailea","@id":"https:\/\/iraurgiberritzen.eus\/es\/#\/schema\/person\/5ab41aaf388a9097177601ebf45738d2"},"headline":"L\u00edneas de trabajo priorizadas por el gune de agentes de emprendimiento","datePublished":"2023-03-01T05:44:48+00:00","mainEntityOfPage":{"@id":"https:\/\/iraurgiberritzen.eus\/es\/lineas-de-trabajo-priorizadas-por-el-gune-de-agentes-de-emprendimiento\/"},"wordCount":316,"publisher":{"@id":"https:\/\/iraurgiberritzen.eus\/es\/#organization"},"image":{"@id":"https:\/\/iraurgiberritzen.eus\/es\/lineas-de-trabajo-priorizadas-por-el-gune-de-agentes-de-emprendimiento\/#primaryimage"},"thumbnailUrl":"https:\/\/iraurgiberritzen.eus\/wp-content\/uploads\/2023\/09\/a48f7e83259bb07b7a730fbccb7e8ddc.jpg","articleSection":["Noticias"],"inLanguage":"es"},{"@type":"WebPage","@id":"https:\/\/iraurgiberritzen.eus\/es\/lineas-de-trabajo-priorizadas-por-el-gune-de-agentes-de-emprendimiento\/","url":"https:\/\/iraurgiberritzen.eus\/es\/lineas-de-trabajo-priorizadas-por-el-gune-de-agentes-de-emprendimiento\/","name":"L\u00edneas de trabajo priorizadas por el gune de agentes de emprendimiento - Iraurgi Berritzen","isPartOf":{"@id":"https:\/\/iraurgiberritzen.eus\/es\/#website"},"primaryImageOfPage":{"@id":"https:\/\/iraurgiberritzen.eus\/es\/lineas-de-trabajo-priorizadas-por-el-gune-de-agentes-de-emprendimiento\/#primaryimage"},"image":{"@id":"https:\/\/iraurgiberritzen.eus\/es\/lineas-de-trabajo-priorizadas-por-el-gune-de-agentes-de-emprendimiento\/#primaryimage"},"thumbnailUrl":"https:\/\/iraurgiberritzen.eus\/wp-content\/uploads\/2023\/09\/a48f7e83259bb07b7a730fbccb7e8ddc.jpg","datePublished":"2023-03-01T05:44:48+00:00","breadcrumb":{"@id":"https:\/\/iraurgiberritzen.eus\/es\/lineas-de-trabajo-priorizadas-por-el-gune-de-agentes-de-emprendimiento\/#breadcrumb"},"inLanguage":"es","potentialAction":[{"@type":"ReadAction","target":["https:\/\/iraurgiberritzen.eus\/es\/lineas-de-trabajo-priorizadas-por-el-gune-de-agentes-de-emprendimiento\/"]}]},{"@type":"ImageObject","inLanguage":"es","@id":"https:\/\/iraurgiberritzen.eus\/es\/lineas-de-trabajo-priorizadas-por-el-gune-de-agentes-de-emprendimiento\/#primaryimage","url":"https:\/\/iraurgiberritzen.eus\/wp-content\/uploads\/2023\/09\/a48f7e83259bb07b7a730fbccb7e8ddc.jpg","contentUrl":"https:\/\/iraurgiberritzen.eus\/wp-content\/uploads\/2023\/09\/a48f7e83259bb07b7a730fbccb7e8ddc.jpg","width":400,"height":257},{"@type":"BreadcrumbList","@id":"https:\/\/iraurgiberritzen.eus\/es\/lineas-de-trabajo-priorizadas-por-el-gune-de-agentes-de-emprendimiento\/#breadcrumb","itemListElement":[{"@type":"ListItem","position":1,"name":"Home","item":"https:\/\/iraurgiberritzen.eus\/es\/"},{"@type":"ListItem","position":2,"name":"L\u00edneas de trabajo priorizadas por el gune de agentes de emprendimiento"}]},{"@type":"WebSite","@id":"https:\/\/iraurgiberritzen.eus\/es\/#website","url":"https:\/\/iraurgiberritzen.eus\/es\/","name":"Iraurgi Berritzen","description":"Urola Erdiko Garapen Agentzia","publisher":{"@id":"https:\/\/iraurgiberritzen.eus\/es\/#organization"},"potentialAction":[{"@type":"SearchAction","target":{"@type":"EntryPoint","urlTemplate":"https:\/\/iraurgiberritzen.eus\/es\/?s={search_term_string}"},"query-input":{"@type":"PropertyValueSpecification","valueRequired":true,"valueName":"search_term_string"}}],"inLanguage":"es"},{"@type":"Organization","@id":"https:\/\/iraurgiberritzen.eus\/es\/#organization","name":"Iraurgi Berritzen","url":"https:\/\/iraurgiberritzen.eus\/es\/","logo":{"@type":"ImageObject","inLanguage":"es","@id":"https:\/\/iraurgiberritzen.eus\/es\/#\/schema\/logo\/image\/","url":"https:\/\/iraurgiberritzen.eus\/wp-content\/uploads\/2024\/02\/IRAURGI-BERRITZEN-logotipoa_2.png","contentUrl":"https:\/\/iraurgiberritzen.eus\/wp-content\/uploads\/2024\/02\/IRAURGI-BERRITZEN-logotipoa_2.png","width":496,"height":190,"caption":"Iraurgi Berritzen"},"image":{"@id":"https:\/\/iraurgiberritzen.eus\/es\/#\/schema\/logo\/image\/"}},{"@type":"Person","@id":"https:\/\/iraurgiberritzen.eus\/es\/#\/schema\/person\/5ab41aaf388a9097177601ebf45738d2","name":"kudeatzailea","sameAs":["https:\/\/iraurgiberritzen.eus"]}]}},"_links":{"self":[{"href":"https:\/\/iraurgiberritzen.eus\/es\/wp-json\/wp\/v2\/posts\/14337","targetHints":{"allow":["GET"]}}],"collection":[{"href":"https:\/\/iraurgiberritzen.eus\/es\/wp-json\/wp\/v2\/posts"}],"about":[{"href":"https:\/\/iraurgiberritzen.eus\/es\/wp-json\/wp\/v2\/types\/post"}],"author":[{"embeddable":true,"href":"https:\/\/iraurgiberritzen.eus\/es\/wp-json\/wp\/v2\/users\/1"}],"replies":[{"embeddable":true,"href":"https:\/\/iraurgiberritzen.eus\/es\/wp-json\/wp\/v2\/comments?post=14337"}],"version-history":[{"count":0,"href":"https:\/\/iraurgiberritzen.eus\/es\/wp-json\/wp\/v2\/posts\/14337\/revisions"}],"wp:featuredmedia":[{"embeddable":true,"href":"https:\/\/iraurgiberritzen.eus\/es\/wp-json\/wp\/v2\/media\/17253"}],"wp:attachment":[{"href":"https:\/\/iraurgiberritzen.eus\/es\/wp-json\/wp\/v2\/media?parent=14337"}],"wp:term":[{"taxonomy":"category","embeddable":true,"href":"https:\/\/iraurgiberritzen.eus\/es\/wp-json\/wp\/v2\/categories?post=14337"},{"taxonomy":"post_tag","embeddable":true,"href":"https:\/\/iraurgiberritzen.eus\/es\/wp-json\/wp\/v2\/tags?post=14337"}],"curies":[{"name":"wp","href":"https:\/\/api.w.org\/{rel}","templated":true}]}}