{"id":14340,"date":"2023-03-02T10:25:00","date_gmt":"2023-03-02T08:25:00","guid":{"rendered":"https:\/\/iraurgiberritzen.eus\/enpresa-gunea-formado-por-representantes-de-las-empresas-de-la-comarca-prioriza-las-lineas-de-trabajo-y-proyectos-del-plan-de-accion\/"},"modified":"2023-03-02T10:25:00","modified_gmt":"2023-03-02T08:25:00","slug":"enpresa-gunea-formado-por-representantes-de-las-empresas-de-la-comarca-prioriza-las-lineas-de-trabajo-y-proyectos-del-plan-de-accion","status":"publish","type":"post","link":"https:\/\/iraurgiberritzen.eus\/es\/enpresa-gunea-formado-por-representantes-de-las-empresas-de-la-comarca-prioriza-las-lineas-de-trabajo-y-proyectos-del-plan-de-accion\/","title":{"rendered":"Enpresa Gunea formado por representantes de las empresas de la comarca, prioriza las l\u00edneas de trabajo y proyectos del plan de acci\u00f3n 2023"},"content":{"rendered":"<p style=\"text-align: justify;\">Dentro del modelo de gobernanza de Iraurgi Berritzen, el 2 de marzo se ha celebrado en el Palacio Basazabal de Azpeitia la primera reuni\u00f3n de trabajo del a\u00f1o de Enpresa Gunea de Urola Erdia, contando con la participaci\u00f3n de representantes de las 12 empresas de la comarca que actualmente conforman este Gune.<\/p>\n<p style=\"text-align: justify;\">En la primera parte de la reuni\u00f3n se ha reflexionado sobre el contexto econ\u00f3mico, sus perspectivas para 2023, las tendencias del mercado, los clientes, los proveedores, o sus preocupaciones, oportunidades y\/o prioridades actuales.<\/p>\n<p style=\"text-align: justify;\">A continuaci\u00f3n, han abordado el <strong>Plan de Acci\u00f3n y el seguimiento del Proceso de Reflexi\u00f3n de Urola Erdia 2022-2027<\/strong>.<\/p>\n<p style=\"text-align: justify;\">Seguidamente se han presentado los datos relativos a los proyectos y servicios desarrollados con las empresas de la comarca en el a\u00f1o 2022, a trav\u00e9s del audiovisual elaborado con este fin.<\/p>\n<p style=\"text-align: justify;\">Finalmente, se han priorizado las l\u00edneas de trabajo y proyectos que se trabajar\u00e1n con las empresas de la comarca de cara a este a\u00f1o:<\/p>\n<ul>\n<li style=\"text-align: justify;\">Se continuar\u00e1 con la<strong> gesti\u00f3n y dinamizaci\u00f3n de Enpresa Gunea<\/strong> y se prev\u00e9 el desarrollo de un plan de fortalecimiento del mismo.<\/li>\n<li style=\"text-align: justify;\">Fomentar la Competitividad de las empresas a trav\u00e9s de la capacitaci\u00f3n, abordando los temas propuestos previamente por las empresas.\n<ul>\n<li style=\"text-align: justify;\">Jornadas de sensibilizaci\u00f3n con expertos dentro del Programa <strong>Ikasiz<\/strong>.<\/li>\n<li style=\"text-align: justify;\">Diferentes sesiones de capacitaci\u00f3n con grupos de trabajo seg\u00fan perfiles de empresas en el proyecto <strong>Ikasiz Lan Taldeak<\/strong>.<\/li>\n<li style=\"text-align: justify;\">Desarrollo de proyectos piloto orientados a acciones mediante metodolog\u00eda formativa en los diferentes \u00e1mbitos de la empresa. En el marco del proyecto <strong>IkasEkin<\/strong> 2023, se desarrollar\u00e1n proyectos relacionados con la transformaci\u00f3n digital de las empresas, energ\u00edas renovables, transformaci\u00f3n de la gesti\u00f3n del talento de las personas e innovaci\u00f3n de las empresas. Dentro del Programa Hazinnova, se impulsar\u00e1n proyectos piloto orientados a la organizaci\u00f3n, el marketing y la comercializaci\u00f3n de las empresas de la comarca.<\/li>\n<\/ul>\n<\/li>\n<li style=\"text-align: justify;\">Se ofrecer\u00e1 un <strong>servicio de mediaci\u00f3n de subvenciones<\/strong> a trav\u00e9s de la difusi\u00f3n y gesti\u00f3n de las mismas a las empresas.<\/li>\n<\/ul>\n","protected":false},"excerpt":{"rendered":"<p>Dentro del modelo de gobernanza de Iraurgi Berritzen, el 2 de marzo se ha celebrado en el Palacio Basazabal de Azpeitia la primera reuni\u00f3n de trabajo del a\u00f1o de Enpresa Gunea de Urola Erdia, contando con la participaci\u00f3n de representantes de las 12 empresas de la comarca que actualmente conforman este Gune. En la primera [&hellip;]<\/p>\n","protected":false},"author":1,"featured_media":17254,"comment_status":"","ping_status":"closed","sticky":false,"template":"","format":"standard","meta":{"_acf_changed":false,"footnotes":""},"categories":[4],"tags":[],"class_list":["post-14340","post","type-post","status-publish","format-standard","has-post-thumbnail","hentry","category-noticias"],"acf":[],"yoast_head":"<!-- This site is optimized with the Yoast SEO plugin v27.4 - https:\/\/yoast.com\/product\/yoast-seo-wordpress\/ -->\n<title>Enpresa Gunea formado por representantes de las empresas de la comarca, prioriza las l\u00edneas de trabajo y proyectos del plan de acci\u00f3n 2023 - Iraurgi Berritzen<\/title>\n<meta name=\"robots\" content=\"index, follow, max-snippet:-1, max-image-preview:large, max-video-preview:-1\" \/>\n<link rel=\"canonical\" href=\"https:\/\/iraurgiberritzen.eus\/es\/enpresa-gunea-formado-por-representantes-de-las-empresas-de-la-comarca-prioriza-las-lineas-de-trabajo-y-proyectos-del-plan-de-accion\/\" \/>\n<meta property=\"og:locale\" content=\"es_ES\" \/>\n<meta property=\"og:type\" content=\"article\" \/>\n<meta property=\"og:title\" content=\"Enpresa Gunea formado por representantes de las empresas de la comarca, prioriza las l\u00edneas de trabajo y proyectos del plan de acci\u00f3n 2023 - Iraurgi Berritzen\" \/>\n<meta property=\"og:description\" content=\"Dentro del modelo de gobernanza de Iraurgi Berritzen, el 2 de marzo se ha celebrado en el Palacio Basazabal de Azpeitia la primera reuni\u00f3n de trabajo del a\u00f1o de Enpresa Gunea de Urola Erdia, contando con la participaci\u00f3n de representantes de las 12 empresas de la comarca que actualmente conforman este Gune. En la primera [&hellip;]\" \/>\n<meta property=\"og:url\" content=\"https:\/\/iraurgiberritzen.eus\/es\/enpresa-gunea-formado-por-representantes-de-las-empresas-de-la-comarca-prioriza-las-lineas-de-trabajo-y-proyectos-del-plan-de-accion\/\" \/>\n<meta property=\"og:site_name\" content=\"Iraurgi Berritzen\" \/>\n<meta property=\"article:published_time\" content=\"2023-03-02T08:25:00+00:00\" \/>\n<meta name=\"author\" content=\"kudeatzailea\" \/>\n<meta name=\"twitter:card\" content=\"summary_large_image\" \/>\n<meta name=\"twitter:label1\" content=\"Escrito por\" \/>\n\t<meta name=\"twitter:data1\" content=\"kudeatzailea\" \/>\n\t<meta name=\"twitter:label2\" content=\"Tiempo de lectura\" \/>\n\t<meta name=\"twitter:data2\" content=\"2 minutos\" \/>\n<script type=\"application\/ld+json\" class=\"yoast-schema-graph\">{\"@context\":\"https:\\\/\\\/schema.org\",\"@graph\":[{\"@type\":\"Article\",\"@id\":\"https:\\\/\\\/iraurgiberritzen.eus\\\/es\\\/enpresa-gunea-formado-por-representantes-de-las-empresas-de-la-comarca-prioriza-las-lineas-de-trabajo-y-proyectos-del-plan-de-accion\\\/#article\",\"isPartOf\":{\"@id\":\"https:\\\/\\\/iraurgiberritzen.eus\\\/es\\\/enpresa-gunea-formado-por-representantes-de-las-empresas-de-la-comarca-prioriza-las-lineas-de-trabajo-y-proyectos-del-plan-de-accion\\\/\"},\"author\":{\"name\":\"kudeatzailea\",\"@id\":\"https:\\\/\\\/iraurgiberritzen.eus\\\/es\\\/#\\\/schema\\\/person\\\/5ab41aaf388a9097177601ebf45738d2\"},\"headline\":\"Enpresa Gunea formado por representantes de las empresas de la comarca, prioriza las l\u00edneas de trabajo y proyectos del plan de acci\u00f3n 2023\",\"datePublished\":\"2023-03-02T08:25:00+00:00\",\"mainEntityOfPage\":{\"@id\":\"https:\\\/\\\/iraurgiberritzen.eus\\\/es\\\/enpresa-gunea-formado-por-representantes-de-las-empresas-de-la-comarca-prioriza-las-lineas-de-trabajo-y-proyectos-del-plan-de-accion\\\/\"},\"wordCount\":376,\"publisher\":{\"@id\":\"https:\\\/\\\/iraurgiberritzen.eus\\\/es\\\/#organization\"},\"image\":{\"@id\":\"https:\\\/\\\/iraurgiberritzen.eus\\\/es\\\/enpresa-gunea-formado-por-representantes-de-las-empresas-de-la-comarca-prioriza-las-lineas-de-trabajo-y-proyectos-del-plan-de-accion\\\/#primaryimage\"},\"thumbnailUrl\":\"https:\\\/\\\/iraurgiberritzen.eus\\\/wp-content\\\/uploads\\\/2023\\\/09\\\/8d00d7ae4f3b1af3be8d6d077cf2f6c4.jpg\",\"articleSection\":[\"Noticias\"],\"inLanguage\":\"es\"},{\"@type\":\"WebPage\",\"@id\":\"https:\\\/\\\/iraurgiberritzen.eus\\\/es\\\/enpresa-gunea-formado-por-representantes-de-las-empresas-de-la-comarca-prioriza-las-lineas-de-trabajo-y-proyectos-del-plan-de-accion\\\/\",\"url\":\"https:\\\/\\\/iraurgiberritzen.eus\\\/es\\\/enpresa-gunea-formado-por-representantes-de-las-empresas-de-la-comarca-prioriza-las-lineas-de-trabajo-y-proyectos-del-plan-de-accion\\\/\",\"name\":\"Enpresa Gunea formado por representantes de las empresas de la comarca, prioriza las l\u00edneas de trabajo y proyectos del plan de acci\u00f3n 2023 - Iraurgi Berritzen\",\"isPartOf\":{\"@id\":\"https:\\\/\\\/iraurgiberritzen.eus\\\/es\\\/#website\"},\"primaryImageOfPage\":{\"@id\":\"https:\\\/\\\/iraurgiberritzen.eus\\\/es\\\/enpresa-gunea-formado-por-representantes-de-las-empresas-de-la-comarca-prioriza-las-lineas-de-trabajo-y-proyectos-del-plan-de-accion\\\/#primaryimage\"},\"image\":{\"@id\":\"https:\\\/\\\/iraurgiberritzen.eus\\\/es\\\/enpresa-gunea-formado-por-representantes-de-las-empresas-de-la-comarca-prioriza-las-lineas-de-trabajo-y-proyectos-del-plan-de-accion\\\/#primaryimage\"},\"thumbnailUrl\":\"https:\\\/\\\/iraurgiberritzen.eus\\\/wp-content\\\/uploads\\\/2023\\\/09\\\/8d00d7ae4f3b1af3be8d6d077cf2f6c4.jpg\",\"datePublished\":\"2023-03-02T08:25:00+00:00\",\"breadcrumb\":{\"@id\":\"https:\\\/\\\/iraurgiberritzen.eus\\\/es\\\/enpresa-gunea-formado-por-representantes-de-las-empresas-de-la-comarca-prioriza-las-lineas-de-trabajo-y-proyectos-del-plan-de-accion\\\/#breadcrumb\"},\"inLanguage\":\"es\",\"potentialAction\":[{\"@type\":\"ReadAction\",\"target\":[\"https:\\\/\\\/iraurgiberritzen.eus\\\/es\\\/enpresa-gunea-formado-por-representantes-de-las-empresas-de-la-comarca-prioriza-las-lineas-de-trabajo-y-proyectos-del-plan-de-accion\\\/\"]}]},{\"@type\":\"ImageObject\",\"inLanguage\":\"es\",\"@id\":\"https:\\\/\\\/iraurgiberritzen.eus\\\/es\\\/enpresa-gunea-formado-por-representantes-de-las-empresas-de-la-comarca-prioriza-las-lineas-de-trabajo-y-proyectos-del-plan-de-accion\\\/#primaryimage\",\"url\":\"https:\\\/\\\/iraurgiberritzen.eus\\\/wp-content\\\/uploads\\\/2023\\\/09\\\/8d00d7ae4f3b1af3be8d6d077cf2f6c4.jpg\",\"contentUrl\":\"https:\\\/\\\/iraurgiberritzen.eus\\\/wp-content\\\/uploads\\\/2023\\\/09\\\/8d00d7ae4f3b1af3be8d6d077cf2f6c4.jpg\",\"width\":400,\"height\":257},{\"@type\":\"BreadcrumbList\",\"@id\":\"https:\\\/\\\/iraurgiberritzen.eus\\\/es\\\/enpresa-gunea-formado-por-representantes-de-las-empresas-de-la-comarca-prioriza-las-lineas-de-trabajo-y-proyectos-del-plan-de-accion\\\/#breadcrumb\",\"itemListElement\":[{\"@type\":\"ListItem\",\"position\":1,\"name\":\"Home\",\"item\":\"https:\\\/\\\/iraurgiberritzen.eus\\\/es\\\/\"},{\"@type\":\"ListItem\",\"position\":2,\"name\":\"Enpresa Gunea formado por representantes de las empresas de la comarca, prioriza las l\u00edneas de trabajo y proyectos del plan de acci\u00f3n 2023\"}]},{\"@type\":\"WebSite\",\"@id\":\"https:\\\/\\\/iraurgiberritzen.eus\\\/es\\\/#website\",\"url\":\"https:\\\/\\\/iraurgiberritzen.eus\\\/es\\\/\",\"name\":\"Iraurgi Berritzen\",\"description\":\"Urola Erdiko Garapen Agentzia\",\"publisher\":{\"@id\":\"https:\\\/\\\/iraurgiberritzen.eus\\\/es\\\/#organization\"},\"potentialAction\":[{\"@type\":\"SearchAction\",\"target\":{\"@type\":\"EntryPoint\",\"urlTemplate\":\"https:\\\/\\\/iraurgiberritzen.eus\\\/es\\\/?s={search_term_string}\"},\"query-input\":{\"@type\":\"PropertyValueSpecification\",\"valueRequired\":true,\"valueName\":\"search_term_string\"}}],\"inLanguage\":\"es\"},{\"@type\":\"Organization\",\"@id\":\"https:\\\/\\\/iraurgiberritzen.eus\\\/es\\\/#organization\",\"name\":\"Iraurgi Berritzen\",\"url\":\"https:\\\/\\\/iraurgiberritzen.eus\\\/es\\\/\",\"logo\":{\"@type\":\"ImageObject\",\"inLanguage\":\"es\",\"@id\":\"https:\\\/\\\/iraurgiberritzen.eus\\\/es\\\/#\\\/schema\\\/logo\\\/image\\\/\",\"url\":\"https:\\\/\\\/iraurgiberritzen.eus\\\/wp-content\\\/uploads\\\/2024\\\/02\\\/IRAURGI-BERRITZEN-logotipoa_2.png\",\"contentUrl\":\"https:\\\/\\\/iraurgiberritzen.eus\\\/wp-content\\\/uploads\\\/2024\\\/02\\\/IRAURGI-BERRITZEN-logotipoa_2.png\",\"width\":496,\"height\":190,\"caption\":\"Iraurgi Berritzen\"},\"image\":{\"@id\":\"https:\\\/\\\/iraurgiberritzen.eus\\\/es\\\/#\\\/schema\\\/logo\\\/image\\\/\"}},{\"@type\":\"Person\",\"@id\":\"https:\\\/\\\/iraurgiberritzen.eus\\\/es\\\/#\\\/schema\\\/person\\\/5ab41aaf388a9097177601ebf45738d2\",\"name\":\"kudeatzailea\",\"sameAs\":[\"https:\\\/\\\/iraurgiberritzen.eus\"]}]}<\/script>\n<!-- \/ Yoast SEO plugin. -->","yoast_head_json":{"title":"Enpresa Gunea formado por representantes de las empresas de la comarca, prioriza las l\u00edneas de trabajo y proyectos del plan de acci\u00f3n 2023 - Iraurgi Berritzen","robots":{"index":"index","follow":"follow","max-snippet":"max-snippet:-1","max-image-preview":"max-image-preview:large","max-video-preview":"max-video-preview:-1"},"canonical":"https:\/\/iraurgiberritzen.eus\/es\/enpresa-gunea-formado-por-representantes-de-las-empresas-de-la-comarca-prioriza-las-lineas-de-trabajo-y-proyectos-del-plan-de-accion\/","og_locale":"es_ES","og_type":"article","og_title":"Enpresa Gunea formado por representantes de las empresas de la comarca, prioriza las l\u00edneas de trabajo y proyectos del plan de acci\u00f3n 2023 - Iraurgi Berritzen","og_description":"Dentro del modelo de gobernanza de Iraurgi Berritzen, el 2 de marzo se ha celebrado en el Palacio Basazabal de Azpeitia la primera reuni\u00f3n de trabajo del a\u00f1o de Enpresa Gunea de Urola Erdia, contando con la participaci\u00f3n de representantes de las 12 empresas de la comarca que actualmente conforman este Gune. En la primera [&hellip;]","og_url":"https:\/\/iraurgiberritzen.eus\/es\/enpresa-gunea-formado-por-representantes-de-las-empresas-de-la-comarca-prioriza-las-lineas-de-trabajo-y-proyectos-del-plan-de-accion\/","og_site_name":"Iraurgi Berritzen","article_published_time":"2023-03-02T08:25:00+00:00","author":"kudeatzailea","twitter_card":"summary_large_image","twitter_misc":{"Escrito por":"kudeatzailea","Tiempo de lectura":"2 minutos"},"schema":{"@context":"https:\/\/schema.org","@graph":[{"@type":"Article","@id":"https:\/\/iraurgiberritzen.eus\/es\/enpresa-gunea-formado-por-representantes-de-las-empresas-de-la-comarca-prioriza-las-lineas-de-trabajo-y-proyectos-del-plan-de-accion\/#article","isPartOf":{"@id":"https:\/\/iraurgiberritzen.eus\/es\/enpresa-gunea-formado-por-representantes-de-las-empresas-de-la-comarca-prioriza-las-lineas-de-trabajo-y-proyectos-del-plan-de-accion\/"},"author":{"name":"kudeatzailea","@id":"https:\/\/iraurgiberritzen.eus\/es\/#\/schema\/person\/5ab41aaf388a9097177601ebf45738d2"},"headline":"Enpresa Gunea formado por representantes de las empresas de la comarca, prioriza las l\u00edneas de trabajo y proyectos del plan de acci\u00f3n 2023","datePublished":"2023-03-02T08:25:00+00:00","mainEntityOfPage":{"@id":"https:\/\/iraurgiberritzen.eus\/es\/enpresa-gunea-formado-por-representantes-de-las-empresas-de-la-comarca-prioriza-las-lineas-de-trabajo-y-proyectos-del-plan-de-accion\/"},"wordCount":376,"publisher":{"@id":"https:\/\/iraurgiberritzen.eus\/es\/#organization"},"image":{"@id":"https:\/\/iraurgiberritzen.eus\/es\/enpresa-gunea-formado-por-representantes-de-las-empresas-de-la-comarca-prioriza-las-lineas-de-trabajo-y-proyectos-del-plan-de-accion\/#primaryimage"},"thumbnailUrl":"https:\/\/iraurgiberritzen.eus\/wp-content\/uploads\/2023\/09\/8d00d7ae4f3b1af3be8d6d077cf2f6c4.jpg","articleSection":["Noticias"],"inLanguage":"es"},{"@type":"WebPage","@id":"https:\/\/iraurgiberritzen.eus\/es\/enpresa-gunea-formado-por-representantes-de-las-empresas-de-la-comarca-prioriza-las-lineas-de-trabajo-y-proyectos-del-plan-de-accion\/","url":"https:\/\/iraurgiberritzen.eus\/es\/enpresa-gunea-formado-por-representantes-de-las-empresas-de-la-comarca-prioriza-las-lineas-de-trabajo-y-proyectos-del-plan-de-accion\/","name":"Enpresa Gunea formado por representantes de las empresas de la comarca, prioriza las l\u00edneas de trabajo y proyectos del plan de acci\u00f3n 2023 - Iraurgi Berritzen","isPartOf":{"@id":"https:\/\/iraurgiberritzen.eus\/es\/#website"},"primaryImageOfPage":{"@id":"https:\/\/iraurgiberritzen.eus\/es\/enpresa-gunea-formado-por-representantes-de-las-empresas-de-la-comarca-prioriza-las-lineas-de-trabajo-y-proyectos-del-plan-de-accion\/#primaryimage"},"image":{"@id":"https:\/\/iraurgiberritzen.eus\/es\/enpresa-gunea-formado-por-representantes-de-las-empresas-de-la-comarca-prioriza-las-lineas-de-trabajo-y-proyectos-del-plan-de-accion\/#primaryimage"},"thumbnailUrl":"https:\/\/iraurgiberritzen.eus\/wp-content\/uploads\/2023\/09\/8d00d7ae4f3b1af3be8d6d077cf2f6c4.jpg","datePublished":"2023-03-02T08:25:00+00:00","breadcrumb":{"@id":"https:\/\/iraurgiberritzen.eus\/es\/enpresa-gunea-formado-por-representantes-de-las-empresas-de-la-comarca-prioriza-las-lineas-de-trabajo-y-proyectos-del-plan-de-accion\/#breadcrumb"},"inLanguage":"es","potentialAction":[{"@type":"ReadAction","target":["https:\/\/iraurgiberritzen.eus\/es\/enpresa-gunea-formado-por-representantes-de-las-empresas-de-la-comarca-prioriza-las-lineas-de-trabajo-y-proyectos-del-plan-de-accion\/"]}]},{"@type":"ImageObject","inLanguage":"es","@id":"https:\/\/iraurgiberritzen.eus\/es\/enpresa-gunea-formado-por-representantes-de-las-empresas-de-la-comarca-prioriza-las-lineas-de-trabajo-y-proyectos-del-plan-de-accion\/#primaryimage","url":"https:\/\/iraurgiberritzen.eus\/wp-content\/uploads\/2023\/09\/8d00d7ae4f3b1af3be8d6d077cf2f6c4.jpg","contentUrl":"https:\/\/iraurgiberritzen.eus\/wp-content\/uploads\/2023\/09\/8d00d7ae4f3b1af3be8d6d077cf2f6c4.jpg","width":400,"height":257},{"@type":"BreadcrumbList","@id":"https:\/\/iraurgiberritzen.eus\/es\/enpresa-gunea-formado-por-representantes-de-las-empresas-de-la-comarca-prioriza-las-lineas-de-trabajo-y-proyectos-del-plan-de-accion\/#breadcrumb","itemListElement":[{"@type":"ListItem","position":1,"name":"Home","item":"https:\/\/iraurgiberritzen.eus\/es\/"},{"@type":"ListItem","position":2,"name":"Enpresa Gunea formado por representantes de las empresas de la comarca, prioriza las l\u00edneas de trabajo y proyectos del plan de acci\u00f3n 2023"}]},{"@type":"WebSite","@id":"https:\/\/iraurgiberritzen.eus\/es\/#website","url":"https:\/\/iraurgiberritzen.eus\/es\/","name":"Iraurgi Berritzen","description":"Urola Erdiko Garapen Agentzia","publisher":{"@id":"https:\/\/iraurgiberritzen.eus\/es\/#organization"},"potentialAction":[{"@type":"SearchAction","target":{"@type":"EntryPoint","urlTemplate":"https:\/\/iraurgiberritzen.eus\/es\/?s={search_term_string}"},"query-input":{"@type":"PropertyValueSpecification","valueRequired":true,"valueName":"search_term_string"}}],"inLanguage":"es"},{"@type":"Organization","@id":"https:\/\/iraurgiberritzen.eus\/es\/#organization","name":"Iraurgi Berritzen","url":"https:\/\/iraurgiberritzen.eus\/es\/","logo":{"@type":"ImageObject","inLanguage":"es","@id":"https:\/\/iraurgiberritzen.eus\/es\/#\/schema\/logo\/image\/","url":"https:\/\/iraurgiberritzen.eus\/wp-content\/uploads\/2024\/02\/IRAURGI-BERRITZEN-logotipoa_2.png","contentUrl":"https:\/\/iraurgiberritzen.eus\/wp-content\/uploads\/2024\/02\/IRAURGI-BERRITZEN-logotipoa_2.png","width":496,"height":190,"caption":"Iraurgi Berritzen"},"image":{"@id":"https:\/\/iraurgiberritzen.eus\/es\/#\/schema\/logo\/image\/"}},{"@type":"Person","@id":"https:\/\/iraurgiberritzen.eus\/es\/#\/schema\/person\/5ab41aaf388a9097177601ebf45738d2","name":"kudeatzailea","sameAs":["https:\/\/iraurgiberritzen.eus"]}]}},"_links":{"self":[{"href":"https:\/\/iraurgiberritzen.eus\/es\/wp-json\/wp\/v2\/posts\/14340","targetHints":{"allow":["GET"]}}],"collection":[{"href":"https:\/\/iraurgiberritzen.eus\/es\/wp-json\/wp\/v2\/posts"}],"about":[{"href":"https:\/\/iraurgiberritzen.eus\/es\/wp-json\/wp\/v2\/types\/post"}],"author":[{"embeddable":true,"href":"https:\/\/iraurgiberritzen.eus\/es\/wp-json\/wp\/v2\/users\/1"}],"replies":[{"embeddable":true,"href":"https:\/\/iraurgiberritzen.eus\/es\/wp-json\/wp\/v2\/comments?post=14340"}],"version-history":[{"count":0,"href":"https:\/\/iraurgiberritzen.eus\/es\/wp-json\/wp\/v2\/posts\/14340\/revisions"}],"wp:featuredmedia":[{"embeddable":true,"href":"https:\/\/iraurgiberritzen.eus\/es\/wp-json\/wp\/v2\/media\/17254"}],"wp:attachment":[{"href":"https:\/\/iraurgiberritzen.eus\/es\/wp-json\/wp\/v2\/media?parent=14340"}],"wp:term":[{"taxonomy":"category","embeddable":true,"href":"https:\/\/iraurgiberritzen.eus\/es\/wp-json\/wp\/v2\/categories?post=14340"},{"taxonomy":"post_tag","embeddable":true,"href":"https:\/\/iraurgiberritzen.eus\/es\/wp-json\/wp\/v2\/tags?post=14340"}],"curies":[{"name":"wp","href":"https:\/\/api.w.org\/{rel}","templated":true}]}}