{"id":14346,"date":"2023-03-09T06:57:27","date_gmt":"2023-03-09T04:57:27","guid":{"rendered":"https:\/\/iraurgiberritzen.eus\/50-alumnos-as-de-la-comarca-conocen-los-ciclos-de-grado-superior-de-izarraitz-lanbide-heziketa-y-visitan-empresas-que-solicitan-estos-perfiles\/"},"modified":"2023-03-09T06:57:27","modified_gmt":"2023-03-09T04:57:27","slug":"50-alumnos-as-de-la-comarca-conocen-los-ciclos-de-grado-superior-de-izarraitz-lanbide-heziketa-y-visitan-empresas-que-solicitan-estos-perfiles","status":"publish","type":"post","link":"https:\/\/iraurgiberritzen.eus\/es\/50-alumnos-as-de-la-comarca-conocen-los-ciclos-de-grado-superior-de-izarraitz-lanbide-heziketa-y-visitan-empresas-que-solicitan-estos-perfiles\/","title":{"rendered":"50 alumnos\/as de la comarca conocen los ciclos de Grado Superior de Izarraitz Lanbide Heziketa y visitan empresas que solicitan estos perfiles"},"content":{"rendered":"<p style=\"text-align: justify;\">Hoy, 9 de marzo, en el seno del proyecto Gerolan, que se estructura en el marco de Educaci\u00f3n de Iraurgi Berritzen, <strong>alrededor de 50 alumnos\/as de los 5 centros escolares de la comarca<\/strong> han podido conocer la oferta de Ciclos de Grado Superior de Izarraitz Lanbide Heziketa, en funci\u00f3n de sus intereses concretos.<\/p>\n<p style=\"text-align: justify;\">Asimismo, han tenido la oportunidad de conocer de cerca la realidad de un agente socioecon\u00f3mico relacionado a los ciclos a trav\u00e9s de visitas concretas.<\/p>\n<ul>\n<li>Los j\u00f3venes interesados en los estudios del ciclo de \u201cAdministraci\u00f3n y Finanzas\u201d han visitado la asesor\u00eda ABELUR KOOP.<\/li>\n<li>Los interesados en el ciclo \u00abDesarrollo de aplicaciones multiplataforma\u201d han visitado Elkarmedia.<\/li>\n<li>Los interesados en los ciclos \u201cMecatr\u00f3nica Industrial\u201d y \u201cProgramaci\u00f3n de la Producci\u00f3n Mec\u00e1nica\u201d han tenido la oportunidad de conocer Ibarmia.<\/li>\n<li>Los interesados en el ciclo de \u00abIntegraci\u00f3n socia\u00bb han visitado la Asociaci\u00f3n GAUTENA.<\/li>\n<\/ul>\n<p style=\"text-align: justify;\">La valoraci\u00f3n realizada sobre esta din\u00e1mica por parte de los agentes que forman parte activa de este proceso ha sido muy positiva. Alumnos\/as, orientadores\/as de los 5 centros, representantes de Izarraitz Lanbide Heziketa y de las empresas.<\/p>\n<p style=\"text-align: justify;\"><a href=\"https:\/\/www.flickr.com\/photos\/114305137@N06\/albums\/72177720306595618\" title=\"2023_03_09_Izarraitz Lanbide Heziketara bisita\" data-flickr-embed=\"true\"><img loading=\"lazy\" decoding=\"async\" src=\"https:\/\/live.staticflickr.com\/65535\/52736345324_d17f402643_z.jpg\" alt=\"2023_03_09_Izarraitz Lanbide Heziketara bisita\" width=\"640\" height=\"480\" \/><\/a><\/p>\n<p><script src=\"\/\/embedr.flickr.com\/assets\/client-code.js\" async=\"async\" type=\"text\/javascript\" charset=\"utf-8\"><\/script><\/p>\n","protected":false},"excerpt":{"rendered":"<p>Hoy, 9 de marzo, en el seno del proyecto Gerolan, que se estructura en el marco de Educaci\u00f3n de Iraurgi Berritzen, alrededor de 50 alumnos\/as de los 5 centros escolares de la comarca han podido conocer la oferta de Ciclos de Grado Superior de Izarraitz Lanbide Heziketa, en funci\u00f3n de sus intereses concretos. Asimismo, han [&hellip;]<\/p>\n","protected":false},"author":1,"featured_media":17256,"comment_status":"","ping_status":"closed","sticky":false,"template":"","format":"standard","meta":{"_acf_changed":false,"footnotes":""},"categories":[4],"tags":[],"class_list":["post-14346","post","type-post","status-publish","format-standard","has-post-thumbnail","hentry","category-noticias"],"acf":[],"yoast_head":"<!-- This site is optimized with the Yoast SEO plugin v27.4 - https:\/\/yoast.com\/product\/yoast-seo-wordpress\/ -->\n<title>50 alumnos\/as de la comarca conocen los ciclos de Grado Superior de Izarraitz Lanbide Heziketa y visitan empresas que solicitan estos perfiles - Iraurgi Berritzen<\/title>\n<meta name=\"robots\" content=\"index, follow, max-snippet:-1, max-image-preview:large, max-video-preview:-1\" \/>\n<link rel=\"canonical\" href=\"https:\/\/iraurgiberritzen.eus\/es\/50-alumnos-as-de-la-comarca-conocen-los-ciclos-de-grado-superior-de-izarraitz-lanbide-heziketa-y-visitan-empresas-que-solicitan-estos-perfiles\/\" \/>\n<meta property=\"og:locale\" content=\"es_ES\" \/>\n<meta property=\"og:type\" content=\"article\" \/>\n<meta property=\"og:title\" content=\"50 alumnos\/as de la comarca conocen los ciclos de Grado Superior de Izarraitz Lanbide Heziketa y visitan empresas que solicitan estos perfiles - Iraurgi Berritzen\" \/>\n<meta property=\"og:description\" content=\"Hoy, 9 de marzo, en el seno del proyecto Gerolan, que se estructura en el marco de Educaci\u00f3n de Iraurgi Berritzen, alrededor de 50 alumnos\/as de los 5 centros escolares de la comarca han podido conocer la oferta de Ciclos de Grado Superior de Izarraitz Lanbide Heziketa, en funci\u00f3n de sus intereses concretos. Asimismo, han [&hellip;]\" \/>\n<meta property=\"og:url\" content=\"https:\/\/iraurgiberritzen.eus\/es\/50-alumnos-as-de-la-comarca-conocen-los-ciclos-de-grado-superior-de-izarraitz-lanbide-heziketa-y-visitan-empresas-que-solicitan-estos-perfiles\/\" \/>\n<meta property=\"og:site_name\" content=\"Iraurgi Berritzen\" \/>\n<meta property=\"article:published_time\" content=\"2023-03-09T04:57:27+00:00\" \/>\n<meta property=\"og:image\" content=\"https:\/\/live.staticflickr.com\/65535\/52736345324_d17f402643_z.jpg\" \/>\n<meta name=\"author\" content=\"kudeatzailea\" \/>\n<meta name=\"twitter:card\" content=\"summary_large_image\" \/>\n<meta name=\"twitter:label1\" content=\"Escrito por\" \/>\n\t<meta name=\"twitter:data1\" content=\"kudeatzailea\" \/>\n\t<meta name=\"twitter:label2\" content=\"Tiempo de lectura\" \/>\n\t<meta name=\"twitter:data2\" content=\"1 minuto\" \/>\n<script type=\"application\/ld+json\" class=\"yoast-schema-graph\">{\"@context\":\"https:\\\/\\\/schema.org\",\"@graph\":[{\"@type\":\"Article\",\"@id\":\"https:\\\/\\\/iraurgiberritzen.eus\\\/es\\\/50-alumnos-as-de-la-comarca-conocen-los-ciclos-de-grado-superior-de-izarraitz-lanbide-heziketa-y-visitan-empresas-que-solicitan-estos-perfiles\\\/#article\",\"isPartOf\":{\"@id\":\"https:\\\/\\\/iraurgiberritzen.eus\\\/es\\\/50-alumnos-as-de-la-comarca-conocen-los-ciclos-de-grado-superior-de-izarraitz-lanbide-heziketa-y-visitan-empresas-que-solicitan-estos-perfiles\\\/\"},\"author\":{\"name\":\"kudeatzailea\",\"@id\":\"https:\\\/\\\/iraurgiberritzen.eus\\\/es\\\/#\\\/schema\\\/person\\\/5ab41aaf388a9097177601ebf45738d2\"},\"headline\":\"50 alumnos\\\/as de la comarca conocen los ciclos de Grado Superior de Izarraitz Lanbide Heziketa y visitan empresas que solicitan estos perfiles\",\"datePublished\":\"2023-03-09T04:57:27+00:00\",\"mainEntityOfPage\":{\"@id\":\"https:\\\/\\\/iraurgiberritzen.eus\\\/es\\\/50-alumnos-as-de-la-comarca-conocen-los-ciclos-de-grado-superior-de-izarraitz-lanbide-heziketa-y-visitan-empresas-que-solicitan-estos-perfiles\\\/\"},\"wordCount\":213,\"publisher\":{\"@id\":\"https:\\\/\\\/iraurgiberritzen.eus\\\/es\\\/#organization\"},\"image\":{\"@id\":\"https:\\\/\\\/iraurgiberritzen.eus\\\/es\\\/50-alumnos-as-de-la-comarca-conocen-los-ciclos-de-grado-superior-de-izarraitz-lanbide-heziketa-y-visitan-empresas-que-solicitan-estos-perfiles\\\/#primaryimage\"},\"thumbnailUrl\":\"https:\\\/\\\/iraurgiberritzen.eus\\\/wp-content\\\/uploads\\\/2023\\\/09\\\/b414e2ba4719c9b4ceec2e3c09e2491b.jpg\",\"articleSection\":[\"Noticias\"],\"inLanguage\":\"es\"},{\"@type\":\"WebPage\",\"@id\":\"https:\\\/\\\/iraurgiberritzen.eus\\\/es\\\/50-alumnos-as-de-la-comarca-conocen-los-ciclos-de-grado-superior-de-izarraitz-lanbide-heziketa-y-visitan-empresas-que-solicitan-estos-perfiles\\\/\",\"url\":\"https:\\\/\\\/iraurgiberritzen.eus\\\/es\\\/50-alumnos-as-de-la-comarca-conocen-los-ciclos-de-grado-superior-de-izarraitz-lanbide-heziketa-y-visitan-empresas-que-solicitan-estos-perfiles\\\/\",\"name\":\"50 alumnos\\\/as de la comarca conocen los ciclos de Grado Superior de Izarraitz Lanbide Heziketa y visitan empresas que solicitan estos perfiles - Iraurgi Berritzen\",\"isPartOf\":{\"@id\":\"https:\\\/\\\/iraurgiberritzen.eus\\\/es\\\/#website\"},\"primaryImageOfPage\":{\"@id\":\"https:\\\/\\\/iraurgiberritzen.eus\\\/es\\\/50-alumnos-as-de-la-comarca-conocen-los-ciclos-de-grado-superior-de-izarraitz-lanbide-heziketa-y-visitan-empresas-que-solicitan-estos-perfiles\\\/#primaryimage\"},\"image\":{\"@id\":\"https:\\\/\\\/iraurgiberritzen.eus\\\/es\\\/50-alumnos-as-de-la-comarca-conocen-los-ciclos-de-grado-superior-de-izarraitz-lanbide-heziketa-y-visitan-empresas-que-solicitan-estos-perfiles\\\/#primaryimage\"},\"thumbnailUrl\":\"https:\\\/\\\/iraurgiberritzen.eus\\\/wp-content\\\/uploads\\\/2023\\\/09\\\/b414e2ba4719c9b4ceec2e3c09e2491b.jpg\",\"datePublished\":\"2023-03-09T04:57:27+00:00\",\"breadcrumb\":{\"@id\":\"https:\\\/\\\/iraurgiberritzen.eus\\\/es\\\/50-alumnos-as-de-la-comarca-conocen-los-ciclos-de-grado-superior-de-izarraitz-lanbide-heziketa-y-visitan-empresas-que-solicitan-estos-perfiles\\\/#breadcrumb\"},\"inLanguage\":\"es\",\"potentialAction\":[{\"@type\":\"ReadAction\",\"target\":[\"https:\\\/\\\/iraurgiberritzen.eus\\\/es\\\/50-alumnos-as-de-la-comarca-conocen-los-ciclos-de-grado-superior-de-izarraitz-lanbide-heziketa-y-visitan-empresas-que-solicitan-estos-perfiles\\\/\"]}]},{\"@type\":\"ImageObject\",\"inLanguage\":\"es\",\"@id\":\"https:\\\/\\\/iraurgiberritzen.eus\\\/es\\\/50-alumnos-as-de-la-comarca-conocen-los-ciclos-de-grado-superior-de-izarraitz-lanbide-heziketa-y-visitan-empresas-que-solicitan-estos-perfiles\\\/#primaryimage\",\"url\":\"https:\\\/\\\/iraurgiberritzen.eus\\\/wp-content\\\/uploads\\\/2023\\\/09\\\/b414e2ba4719c9b4ceec2e3c09e2491b.jpg\",\"contentUrl\":\"https:\\\/\\\/iraurgiberritzen.eus\\\/wp-content\\\/uploads\\\/2023\\\/09\\\/b414e2ba4719c9b4ceec2e3c09e2491b.jpg\",\"width\":400,\"height\":257},{\"@type\":\"BreadcrumbList\",\"@id\":\"https:\\\/\\\/iraurgiberritzen.eus\\\/es\\\/50-alumnos-as-de-la-comarca-conocen-los-ciclos-de-grado-superior-de-izarraitz-lanbide-heziketa-y-visitan-empresas-que-solicitan-estos-perfiles\\\/#breadcrumb\",\"itemListElement\":[{\"@type\":\"ListItem\",\"position\":1,\"name\":\"Home\",\"item\":\"https:\\\/\\\/iraurgiberritzen.eus\\\/es\\\/\"},{\"@type\":\"ListItem\",\"position\":2,\"name\":\"50 alumnos\\\/as de la comarca conocen los ciclos de Grado Superior de Izarraitz Lanbide Heziketa y visitan empresas que solicitan estos perfiles\"}]},{\"@type\":\"WebSite\",\"@id\":\"https:\\\/\\\/iraurgiberritzen.eus\\\/es\\\/#website\",\"url\":\"https:\\\/\\\/iraurgiberritzen.eus\\\/es\\\/\",\"name\":\"Iraurgi Berritzen\",\"description\":\"Urola Erdiko Garapen Agentzia\",\"publisher\":{\"@id\":\"https:\\\/\\\/iraurgiberritzen.eus\\\/es\\\/#organization\"},\"potentialAction\":[{\"@type\":\"SearchAction\",\"target\":{\"@type\":\"EntryPoint\",\"urlTemplate\":\"https:\\\/\\\/iraurgiberritzen.eus\\\/es\\\/?s={search_term_string}\"},\"query-input\":{\"@type\":\"PropertyValueSpecification\",\"valueRequired\":true,\"valueName\":\"search_term_string\"}}],\"inLanguage\":\"es\"},{\"@type\":\"Organization\",\"@id\":\"https:\\\/\\\/iraurgiberritzen.eus\\\/es\\\/#organization\",\"name\":\"Iraurgi Berritzen\",\"url\":\"https:\\\/\\\/iraurgiberritzen.eus\\\/es\\\/\",\"logo\":{\"@type\":\"ImageObject\",\"inLanguage\":\"es\",\"@id\":\"https:\\\/\\\/iraurgiberritzen.eus\\\/es\\\/#\\\/schema\\\/logo\\\/image\\\/\",\"url\":\"https:\\\/\\\/iraurgiberritzen.eus\\\/wp-content\\\/uploads\\\/2024\\\/02\\\/IRAURGI-BERRITZEN-logotipoa_2.png\",\"contentUrl\":\"https:\\\/\\\/iraurgiberritzen.eus\\\/wp-content\\\/uploads\\\/2024\\\/02\\\/IRAURGI-BERRITZEN-logotipoa_2.png\",\"width\":496,\"height\":190,\"caption\":\"Iraurgi Berritzen\"},\"image\":{\"@id\":\"https:\\\/\\\/iraurgiberritzen.eus\\\/es\\\/#\\\/schema\\\/logo\\\/image\\\/\"}},{\"@type\":\"Person\",\"@id\":\"https:\\\/\\\/iraurgiberritzen.eus\\\/es\\\/#\\\/schema\\\/person\\\/5ab41aaf388a9097177601ebf45738d2\",\"name\":\"kudeatzailea\",\"sameAs\":[\"https:\\\/\\\/iraurgiberritzen.eus\"]}]}<\/script>\n<!-- \/ Yoast SEO plugin. -->","yoast_head_json":{"title":"50 alumnos\/as de la comarca conocen los ciclos de Grado Superior de Izarraitz Lanbide Heziketa y visitan empresas que solicitan estos perfiles - Iraurgi Berritzen","robots":{"index":"index","follow":"follow","max-snippet":"max-snippet:-1","max-image-preview":"max-image-preview:large","max-video-preview":"max-video-preview:-1"},"canonical":"https:\/\/iraurgiberritzen.eus\/es\/50-alumnos-as-de-la-comarca-conocen-los-ciclos-de-grado-superior-de-izarraitz-lanbide-heziketa-y-visitan-empresas-que-solicitan-estos-perfiles\/","og_locale":"es_ES","og_type":"article","og_title":"50 alumnos\/as de la comarca conocen los ciclos de Grado Superior de Izarraitz Lanbide Heziketa y visitan empresas que solicitan estos perfiles - Iraurgi Berritzen","og_description":"Hoy, 9 de marzo, en el seno del proyecto Gerolan, que se estructura en el marco de Educaci\u00f3n de Iraurgi Berritzen, alrededor de 50 alumnos\/as de los 5 centros escolares de la comarca han podido conocer la oferta de Ciclos de Grado Superior de Izarraitz Lanbide Heziketa, en funci\u00f3n de sus intereses concretos. Asimismo, han [&hellip;]","og_url":"https:\/\/iraurgiberritzen.eus\/es\/50-alumnos-as-de-la-comarca-conocen-los-ciclos-de-grado-superior-de-izarraitz-lanbide-heziketa-y-visitan-empresas-que-solicitan-estos-perfiles\/","og_site_name":"Iraurgi Berritzen","article_published_time":"2023-03-09T04:57:27+00:00","og_image":[{"url":"https:\/\/live.staticflickr.com\/65535\/52736345324_d17f402643_z.jpg","type":"","width":"","height":""}],"author":"kudeatzailea","twitter_card":"summary_large_image","twitter_misc":{"Escrito por":"kudeatzailea","Tiempo de lectura":"1 minuto"},"schema":{"@context":"https:\/\/schema.org","@graph":[{"@type":"Article","@id":"https:\/\/iraurgiberritzen.eus\/es\/50-alumnos-as-de-la-comarca-conocen-los-ciclos-de-grado-superior-de-izarraitz-lanbide-heziketa-y-visitan-empresas-que-solicitan-estos-perfiles\/#article","isPartOf":{"@id":"https:\/\/iraurgiberritzen.eus\/es\/50-alumnos-as-de-la-comarca-conocen-los-ciclos-de-grado-superior-de-izarraitz-lanbide-heziketa-y-visitan-empresas-que-solicitan-estos-perfiles\/"},"author":{"name":"kudeatzailea","@id":"https:\/\/iraurgiberritzen.eus\/es\/#\/schema\/person\/5ab41aaf388a9097177601ebf45738d2"},"headline":"50 alumnos\/as de la comarca conocen los ciclos de Grado Superior de Izarraitz Lanbide Heziketa y visitan empresas que solicitan estos perfiles","datePublished":"2023-03-09T04:57:27+00:00","mainEntityOfPage":{"@id":"https:\/\/iraurgiberritzen.eus\/es\/50-alumnos-as-de-la-comarca-conocen-los-ciclos-de-grado-superior-de-izarraitz-lanbide-heziketa-y-visitan-empresas-que-solicitan-estos-perfiles\/"},"wordCount":213,"publisher":{"@id":"https:\/\/iraurgiberritzen.eus\/es\/#organization"},"image":{"@id":"https:\/\/iraurgiberritzen.eus\/es\/50-alumnos-as-de-la-comarca-conocen-los-ciclos-de-grado-superior-de-izarraitz-lanbide-heziketa-y-visitan-empresas-que-solicitan-estos-perfiles\/#primaryimage"},"thumbnailUrl":"https:\/\/iraurgiberritzen.eus\/wp-content\/uploads\/2023\/09\/b414e2ba4719c9b4ceec2e3c09e2491b.jpg","articleSection":["Noticias"],"inLanguage":"es"},{"@type":"WebPage","@id":"https:\/\/iraurgiberritzen.eus\/es\/50-alumnos-as-de-la-comarca-conocen-los-ciclos-de-grado-superior-de-izarraitz-lanbide-heziketa-y-visitan-empresas-que-solicitan-estos-perfiles\/","url":"https:\/\/iraurgiberritzen.eus\/es\/50-alumnos-as-de-la-comarca-conocen-los-ciclos-de-grado-superior-de-izarraitz-lanbide-heziketa-y-visitan-empresas-que-solicitan-estos-perfiles\/","name":"50 alumnos\/as de la comarca conocen los ciclos de Grado Superior de Izarraitz Lanbide Heziketa y visitan empresas que solicitan estos perfiles - Iraurgi Berritzen","isPartOf":{"@id":"https:\/\/iraurgiberritzen.eus\/es\/#website"},"primaryImageOfPage":{"@id":"https:\/\/iraurgiberritzen.eus\/es\/50-alumnos-as-de-la-comarca-conocen-los-ciclos-de-grado-superior-de-izarraitz-lanbide-heziketa-y-visitan-empresas-que-solicitan-estos-perfiles\/#primaryimage"},"image":{"@id":"https:\/\/iraurgiberritzen.eus\/es\/50-alumnos-as-de-la-comarca-conocen-los-ciclos-de-grado-superior-de-izarraitz-lanbide-heziketa-y-visitan-empresas-que-solicitan-estos-perfiles\/#primaryimage"},"thumbnailUrl":"https:\/\/iraurgiberritzen.eus\/wp-content\/uploads\/2023\/09\/b414e2ba4719c9b4ceec2e3c09e2491b.jpg","datePublished":"2023-03-09T04:57:27+00:00","breadcrumb":{"@id":"https:\/\/iraurgiberritzen.eus\/es\/50-alumnos-as-de-la-comarca-conocen-los-ciclos-de-grado-superior-de-izarraitz-lanbide-heziketa-y-visitan-empresas-que-solicitan-estos-perfiles\/#breadcrumb"},"inLanguage":"es","potentialAction":[{"@type":"ReadAction","target":["https:\/\/iraurgiberritzen.eus\/es\/50-alumnos-as-de-la-comarca-conocen-los-ciclos-de-grado-superior-de-izarraitz-lanbide-heziketa-y-visitan-empresas-que-solicitan-estos-perfiles\/"]}]},{"@type":"ImageObject","inLanguage":"es","@id":"https:\/\/iraurgiberritzen.eus\/es\/50-alumnos-as-de-la-comarca-conocen-los-ciclos-de-grado-superior-de-izarraitz-lanbide-heziketa-y-visitan-empresas-que-solicitan-estos-perfiles\/#primaryimage","url":"https:\/\/iraurgiberritzen.eus\/wp-content\/uploads\/2023\/09\/b414e2ba4719c9b4ceec2e3c09e2491b.jpg","contentUrl":"https:\/\/iraurgiberritzen.eus\/wp-content\/uploads\/2023\/09\/b414e2ba4719c9b4ceec2e3c09e2491b.jpg","width":400,"height":257},{"@type":"BreadcrumbList","@id":"https:\/\/iraurgiberritzen.eus\/es\/50-alumnos-as-de-la-comarca-conocen-los-ciclos-de-grado-superior-de-izarraitz-lanbide-heziketa-y-visitan-empresas-que-solicitan-estos-perfiles\/#breadcrumb","itemListElement":[{"@type":"ListItem","position":1,"name":"Home","item":"https:\/\/iraurgiberritzen.eus\/es\/"},{"@type":"ListItem","position":2,"name":"50 alumnos\/as de la comarca conocen los ciclos de Grado Superior de Izarraitz Lanbide Heziketa y visitan empresas que solicitan estos perfiles"}]},{"@type":"WebSite","@id":"https:\/\/iraurgiberritzen.eus\/es\/#website","url":"https:\/\/iraurgiberritzen.eus\/es\/","name":"Iraurgi Berritzen","description":"Urola Erdiko Garapen Agentzia","publisher":{"@id":"https:\/\/iraurgiberritzen.eus\/es\/#organization"},"potentialAction":[{"@type":"SearchAction","target":{"@type":"EntryPoint","urlTemplate":"https:\/\/iraurgiberritzen.eus\/es\/?s={search_term_string}"},"query-input":{"@type":"PropertyValueSpecification","valueRequired":true,"valueName":"search_term_string"}}],"inLanguage":"es"},{"@type":"Organization","@id":"https:\/\/iraurgiberritzen.eus\/es\/#organization","name":"Iraurgi Berritzen","url":"https:\/\/iraurgiberritzen.eus\/es\/","logo":{"@type":"ImageObject","inLanguage":"es","@id":"https:\/\/iraurgiberritzen.eus\/es\/#\/schema\/logo\/image\/","url":"https:\/\/iraurgiberritzen.eus\/wp-content\/uploads\/2024\/02\/IRAURGI-BERRITZEN-logotipoa_2.png","contentUrl":"https:\/\/iraurgiberritzen.eus\/wp-content\/uploads\/2024\/02\/IRAURGI-BERRITZEN-logotipoa_2.png","width":496,"height":190,"caption":"Iraurgi Berritzen"},"image":{"@id":"https:\/\/iraurgiberritzen.eus\/es\/#\/schema\/logo\/image\/"}},{"@type":"Person","@id":"https:\/\/iraurgiberritzen.eus\/es\/#\/schema\/person\/5ab41aaf388a9097177601ebf45738d2","name":"kudeatzailea","sameAs":["https:\/\/iraurgiberritzen.eus"]}]}},"_links":{"self":[{"href":"https:\/\/iraurgiberritzen.eus\/es\/wp-json\/wp\/v2\/posts\/14346","targetHints":{"allow":["GET"]}}],"collection":[{"href":"https:\/\/iraurgiberritzen.eus\/es\/wp-json\/wp\/v2\/posts"}],"about":[{"href":"https:\/\/iraurgiberritzen.eus\/es\/wp-json\/wp\/v2\/types\/post"}],"author":[{"embeddable":true,"href":"https:\/\/iraurgiberritzen.eus\/es\/wp-json\/wp\/v2\/users\/1"}],"replies":[{"embeddable":true,"href":"https:\/\/iraurgiberritzen.eus\/es\/wp-json\/wp\/v2\/comments?post=14346"}],"version-history":[{"count":0,"href":"https:\/\/iraurgiberritzen.eus\/es\/wp-json\/wp\/v2\/posts\/14346\/revisions"}],"wp:featuredmedia":[{"embeddable":true,"href":"https:\/\/iraurgiberritzen.eus\/es\/wp-json\/wp\/v2\/media\/17256"}],"wp:attachment":[{"href":"https:\/\/iraurgiberritzen.eus\/es\/wp-json\/wp\/v2\/media?parent=14346"}],"wp:term":[{"taxonomy":"category","embeddable":true,"href":"https:\/\/iraurgiberritzen.eus\/es\/wp-json\/wp\/v2\/categories?post=14346"},{"taxonomy":"post_tag","embeddable":true,"href":"https:\/\/iraurgiberritzen.eus\/es\/wp-json\/wp\/v2\/tags?post=14346"}],"curies":[{"name":"wp","href":"https:\/\/api.w.org\/{rel}","templated":true}]}}