{"id":14361,"date":"2023-03-13T12:01:55","date_gmt":"2023-03-13T10:01:55","guid":{"rendered":"https:\/\/iraurgiberritzen.eus\/en-el-marco-de-la-estrategia-elkarekin-de-la-dfg-y-con-el-objetivo-de-promover-el-empleo-inclusivo-desde-el-departamento-de-empleo-de-ib-en-colaboracion-con-biltzen-se-ofrece-asesoramiento-en-materia\/"},"modified":"2023-03-13T12:01:55","modified_gmt":"2023-03-13T10:01:55","slug":"en-el-marco-de-la-estrategia-elkarekin-de-la-dfg-y-con-el-objetivo-de-promover-el-empleo-inclusivo-desde-el-departamento-de-empleo-de-ib-en-colaboracion-con-biltzen-se-ofrece-asesoramiento-en-materia","status":"publish","type":"post","link":"https:\/\/iraurgiberritzen.eus\/es\/en-el-marco-de-la-estrategia-elkarekin-de-la-dfg-y-con-el-objetivo-de-promover-el-empleo-inclusivo-desde-el-departamento-de-empleo-de-ib-en-colaboracion-con-biltzen-se-ofrece-asesoramiento-en-materia\/","title":{"rendered":"En colaboraci\u00f3n con Biltzen, IB ofrece intermediaci\u00f3n en el asesoramiento para la contrataci\u00f3n de personas extranjeras a las empresas de la comarca"},"content":{"rendered":"<p style=\"text-align: justify;\">Dada la cambiante situaci\u00f3n que est\u00e1 viviendo actualmente el mercado laboral y el reto demogr\u00e1fico que se avecina, desde IB se ha detectado que las empresas de la comarca pueden estar interesadas en conocer la legislaci\u00f3n b\u00e1sica de contrataci\u00f3n de personas extranjeras.<\/p>\n<p style=\"text-align: justify;\">Para ello, en colaboraci\u00f3n con el Servicio Vasco de Inserci\u00f3n y Convivencia Intercultural, <strong>BILTZEN<\/strong>, se ofrece un servicio de asesoramiento con el fin de ofrecer a las empresas de la comarca herramientas b\u00e1sicas para facilitar la <strong>contrataci\u00f3n<\/strong> (conceptos b\u00e1sicos, derechos y deberes de las personas extranjeras, residencia laboral y permisos, renovaci\u00f3n de permisos,) <strong>la aproximaci\u00f3n de personas extranjeras, as\u00ed como el conocimiento sobre el marco jur\u00eddico en extranjer\u00eda<\/strong>.<\/p>\n<p>Para cualquier aclaraci\u00f3n llamar al&nbsp;<strong>688 759 590<\/strong> (Maialen).&nbsp;<\/p>\n","protected":false},"excerpt":{"rendered":"<p>Dada la cambiante situaci\u00f3n que est\u00e1 viviendo actualmente el mercado laboral y el reto demogr\u00e1fico que se avecina, desde IB se ha detectado que las empresas de la comarca pueden estar interesadas en conocer la legislaci\u00f3n b\u00e1sica de contrataci\u00f3n de personas extranjeras. Para ello, en colaboraci\u00f3n con el Servicio Vasco de Inserci\u00f3n y Convivencia Intercultural, [&hellip;]<\/p>\n","protected":false},"author":1,"featured_media":17261,"comment_status":"","ping_status":"closed","sticky":false,"template":"","format":"standard","meta":{"_acf_changed":false,"footnotes":""},"categories":[4],"tags":[],"class_list":["post-14361","post","type-post","status-publish","format-standard","has-post-thumbnail","hentry","category-noticias"],"acf":[],"yoast_head":"<!-- This site is optimized with the Yoast SEO plugin v27.4 - https:\/\/yoast.com\/product\/yoast-seo-wordpress\/ -->\n<title>En colaboraci\u00f3n con Biltzen, IB ofrece intermediaci\u00f3n en el asesoramiento para la contrataci\u00f3n de personas extranjeras a las empresas de la comarca - Iraurgi Berritzen<\/title>\n<meta name=\"robots\" content=\"index, follow, max-snippet:-1, max-image-preview:large, max-video-preview:-1\" \/>\n<link rel=\"canonical\" href=\"https:\/\/iraurgiberritzen.eus\/es\/en-el-marco-de-la-estrategia-elkarekin-de-la-dfg-y-con-el-objetivo-de-promover-el-empleo-inclusivo-desde-el-departamento-de-empleo-de-ib-en-colaboracion-con-biltzen-se-ofrece-asesoramiento-en-materia\/\" \/>\n<meta property=\"og:locale\" content=\"es_ES\" \/>\n<meta property=\"og:type\" content=\"article\" \/>\n<meta property=\"og:title\" content=\"En colaboraci\u00f3n con Biltzen, IB ofrece intermediaci\u00f3n en el asesoramiento para la contrataci\u00f3n de personas extranjeras a las empresas de la comarca - Iraurgi Berritzen\" \/>\n<meta property=\"og:description\" content=\"Dada la cambiante situaci\u00f3n que est\u00e1 viviendo actualmente el mercado laboral y el reto demogr\u00e1fico que se avecina, desde IB se ha detectado que las empresas de la comarca pueden estar interesadas en conocer la legislaci\u00f3n b\u00e1sica de contrataci\u00f3n de personas extranjeras. Para ello, en colaboraci\u00f3n con el Servicio Vasco de Inserci\u00f3n y Convivencia Intercultural, [&hellip;]\" \/>\n<meta property=\"og:url\" content=\"https:\/\/iraurgiberritzen.eus\/es\/en-el-marco-de-la-estrategia-elkarekin-de-la-dfg-y-con-el-objetivo-de-promover-el-empleo-inclusivo-desde-el-departamento-de-empleo-de-ib-en-colaboracion-con-biltzen-se-ofrece-asesoramiento-en-materia\/\" \/>\n<meta property=\"og:site_name\" content=\"Iraurgi Berritzen\" \/>\n<meta property=\"article:published_time\" content=\"2023-03-13T10:01:55+00:00\" \/>\n<meta name=\"author\" content=\"kudeatzailea\" \/>\n<meta name=\"twitter:card\" content=\"summary_large_image\" \/>\n<meta name=\"twitter:label1\" content=\"Escrito por\" \/>\n\t<meta name=\"twitter:data1\" content=\"kudeatzailea\" \/>\n\t<meta name=\"twitter:label2\" content=\"Tiempo de lectura\" \/>\n\t<meta name=\"twitter:data2\" content=\"1 minuto\" \/>\n<script type=\"application\/ld+json\" class=\"yoast-schema-graph\">{\"@context\":\"https:\\\/\\\/schema.org\",\"@graph\":[{\"@type\":\"Article\",\"@id\":\"https:\\\/\\\/iraurgiberritzen.eus\\\/es\\\/en-el-marco-de-la-estrategia-elkarekin-de-la-dfg-y-con-el-objetivo-de-promover-el-empleo-inclusivo-desde-el-departamento-de-empleo-de-ib-en-colaboracion-con-biltzen-se-ofrece-asesoramiento-en-materia\\\/#article\",\"isPartOf\":{\"@id\":\"https:\\\/\\\/iraurgiberritzen.eus\\\/es\\\/en-el-marco-de-la-estrategia-elkarekin-de-la-dfg-y-con-el-objetivo-de-promover-el-empleo-inclusivo-desde-el-departamento-de-empleo-de-ib-en-colaboracion-con-biltzen-se-ofrece-asesoramiento-en-materia\\\/\"},\"author\":{\"name\":\"kudeatzailea\",\"@id\":\"https:\\\/\\\/iraurgiberritzen.eus\\\/es\\\/#\\\/schema\\\/person\\\/5ab41aaf388a9097177601ebf45738d2\"},\"headline\":\"En colaboraci\u00f3n con Biltzen, IB ofrece intermediaci\u00f3n en el asesoramiento para la contrataci\u00f3n de personas extranjeras a las empresas de la comarca\",\"datePublished\":\"2023-03-13T10:01:55+00:00\",\"mainEntityOfPage\":{\"@id\":\"https:\\\/\\\/iraurgiberritzen.eus\\\/es\\\/en-el-marco-de-la-estrategia-elkarekin-de-la-dfg-y-con-el-objetivo-de-promover-el-empleo-inclusivo-desde-el-departamento-de-empleo-de-ib-en-colaboracion-con-biltzen-se-ofrece-asesoramiento-en-materia\\\/\"},\"wordCount\":158,\"publisher\":{\"@id\":\"https:\\\/\\\/iraurgiberritzen.eus\\\/es\\\/#organization\"},\"image\":{\"@id\":\"https:\\\/\\\/iraurgiberritzen.eus\\\/es\\\/en-el-marco-de-la-estrategia-elkarekin-de-la-dfg-y-con-el-objetivo-de-promover-el-empleo-inclusivo-desde-el-departamento-de-empleo-de-ib-en-colaboracion-con-biltzen-se-ofrece-asesoramiento-en-materia\\\/#primaryimage\"},\"thumbnailUrl\":\"https:\\\/\\\/iraurgiberritzen.eus\\\/wp-content\\\/uploads\\\/2023\\\/09\\\/9cc108fd5f8513df18fc8f42f7effdeb.jpg\",\"articleSection\":[\"Noticias\"],\"inLanguage\":\"es\"},{\"@type\":\"WebPage\",\"@id\":\"https:\\\/\\\/iraurgiberritzen.eus\\\/es\\\/en-el-marco-de-la-estrategia-elkarekin-de-la-dfg-y-con-el-objetivo-de-promover-el-empleo-inclusivo-desde-el-departamento-de-empleo-de-ib-en-colaboracion-con-biltzen-se-ofrece-asesoramiento-en-materia\\\/\",\"url\":\"https:\\\/\\\/iraurgiberritzen.eus\\\/es\\\/en-el-marco-de-la-estrategia-elkarekin-de-la-dfg-y-con-el-objetivo-de-promover-el-empleo-inclusivo-desde-el-departamento-de-empleo-de-ib-en-colaboracion-con-biltzen-se-ofrece-asesoramiento-en-materia\\\/\",\"name\":\"En colaboraci\u00f3n con Biltzen, IB ofrece intermediaci\u00f3n en el asesoramiento para la contrataci\u00f3n de personas extranjeras a las empresas de la comarca - Iraurgi Berritzen\",\"isPartOf\":{\"@id\":\"https:\\\/\\\/iraurgiberritzen.eus\\\/es\\\/#website\"},\"primaryImageOfPage\":{\"@id\":\"https:\\\/\\\/iraurgiberritzen.eus\\\/es\\\/en-el-marco-de-la-estrategia-elkarekin-de-la-dfg-y-con-el-objetivo-de-promover-el-empleo-inclusivo-desde-el-departamento-de-empleo-de-ib-en-colaboracion-con-biltzen-se-ofrece-asesoramiento-en-materia\\\/#primaryimage\"},\"image\":{\"@id\":\"https:\\\/\\\/iraurgiberritzen.eus\\\/es\\\/en-el-marco-de-la-estrategia-elkarekin-de-la-dfg-y-con-el-objetivo-de-promover-el-empleo-inclusivo-desde-el-departamento-de-empleo-de-ib-en-colaboracion-con-biltzen-se-ofrece-asesoramiento-en-materia\\\/#primaryimage\"},\"thumbnailUrl\":\"https:\\\/\\\/iraurgiberritzen.eus\\\/wp-content\\\/uploads\\\/2023\\\/09\\\/9cc108fd5f8513df18fc8f42f7effdeb.jpg\",\"datePublished\":\"2023-03-13T10:01:55+00:00\",\"breadcrumb\":{\"@id\":\"https:\\\/\\\/iraurgiberritzen.eus\\\/es\\\/en-el-marco-de-la-estrategia-elkarekin-de-la-dfg-y-con-el-objetivo-de-promover-el-empleo-inclusivo-desde-el-departamento-de-empleo-de-ib-en-colaboracion-con-biltzen-se-ofrece-asesoramiento-en-materia\\\/#breadcrumb\"},\"inLanguage\":\"es\",\"potentialAction\":[{\"@type\":\"ReadAction\",\"target\":[\"https:\\\/\\\/iraurgiberritzen.eus\\\/es\\\/en-el-marco-de-la-estrategia-elkarekin-de-la-dfg-y-con-el-objetivo-de-promover-el-empleo-inclusivo-desde-el-departamento-de-empleo-de-ib-en-colaboracion-con-biltzen-se-ofrece-asesoramiento-en-materia\\\/\"]}]},{\"@type\":\"ImageObject\",\"inLanguage\":\"es\",\"@id\":\"https:\\\/\\\/iraurgiberritzen.eus\\\/es\\\/en-el-marco-de-la-estrategia-elkarekin-de-la-dfg-y-con-el-objetivo-de-promover-el-empleo-inclusivo-desde-el-departamento-de-empleo-de-ib-en-colaboracion-con-biltzen-se-ofrece-asesoramiento-en-materia\\\/#primaryimage\",\"url\":\"https:\\\/\\\/iraurgiberritzen.eus\\\/wp-content\\\/uploads\\\/2023\\\/09\\\/9cc108fd5f8513df18fc8f42f7effdeb.jpg\",\"contentUrl\":\"https:\\\/\\\/iraurgiberritzen.eus\\\/wp-content\\\/uploads\\\/2023\\\/09\\\/9cc108fd5f8513df18fc8f42f7effdeb.jpg\",\"width\":400,\"height\":257},{\"@type\":\"BreadcrumbList\",\"@id\":\"https:\\\/\\\/iraurgiberritzen.eus\\\/es\\\/en-el-marco-de-la-estrategia-elkarekin-de-la-dfg-y-con-el-objetivo-de-promover-el-empleo-inclusivo-desde-el-departamento-de-empleo-de-ib-en-colaboracion-con-biltzen-se-ofrece-asesoramiento-en-materia\\\/#breadcrumb\",\"itemListElement\":[{\"@type\":\"ListItem\",\"position\":1,\"name\":\"Home\",\"item\":\"https:\\\/\\\/iraurgiberritzen.eus\\\/es\\\/\"},{\"@type\":\"ListItem\",\"position\":2,\"name\":\"En colaboraci\u00f3n con Biltzen, IB ofrece intermediaci\u00f3n en el asesoramiento para la contrataci\u00f3n de personas extranjeras a las empresas de la comarca\"}]},{\"@type\":\"WebSite\",\"@id\":\"https:\\\/\\\/iraurgiberritzen.eus\\\/es\\\/#website\",\"url\":\"https:\\\/\\\/iraurgiberritzen.eus\\\/es\\\/\",\"name\":\"Iraurgi Berritzen\",\"description\":\"Urola Erdiko Garapen Agentzia\",\"publisher\":{\"@id\":\"https:\\\/\\\/iraurgiberritzen.eus\\\/es\\\/#organization\"},\"potentialAction\":[{\"@type\":\"SearchAction\",\"target\":{\"@type\":\"EntryPoint\",\"urlTemplate\":\"https:\\\/\\\/iraurgiberritzen.eus\\\/es\\\/?s={search_term_string}\"},\"query-input\":{\"@type\":\"PropertyValueSpecification\",\"valueRequired\":true,\"valueName\":\"search_term_string\"}}],\"inLanguage\":\"es\"},{\"@type\":\"Organization\",\"@id\":\"https:\\\/\\\/iraurgiberritzen.eus\\\/es\\\/#organization\",\"name\":\"Iraurgi Berritzen\",\"url\":\"https:\\\/\\\/iraurgiberritzen.eus\\\/es\\\/\",\"logo\":{\"@type\":\"ImageObject\",\"inLanguage\":\"es\",\"@id\":\"https:\\\/\\\/iraurgiberritzen.eus\\\/es\\\/#\\\/schema\\\/logo\\\/image\\\/\",\"url\":\"https:\\\/\\\/iraurgiberritzen.eus\\\/wp-content\\\/uploads\\\/2024\\\/02\\\/IRAURGI-BERRITZEN-logotipoa_2.png\",\"contentUrl\":\"https:\\\/\\\/iraurgiberritzen.eus\\\/wp-content\\\/uploads\\\/2024\\\/02\\\/IRAURGI-BERRITZEN-logotipoa_2.png\",\"width\":496,\"height\":190,\"caption\":\"Iraurgi Berritzen\"},\"image\":{\"@id\":\"https:\\\/\\\/iraurgiberritzen.eus\\\/es\\\/#\\\/schema\\\/logo\\\/image\\\/\"}},{\"@type\":\"Person\",\"@id\":\"https:\\\/\\\/iraurgiberritzen.eus\\\/es\\\/#\\\/schema\\\/person\\\/5ab41aaf388a9097177601ebf45738d2\",\"name\":\"kudeatzailea\",\"sameAs\":[\"https:\\\/\\\/iraurgiberritzen.eus\"]}]}<\/script>\n<!-- \/ Yoast SEO plugin. -->","yoast_head_json":{"title":"En colaboraci\u00f3n con Biltzen, IB ofrece intermediaci\u00f3n en el asesoramiento para la contrataci\u00f3n de personas extranjeras a las empresas de la comarca - Iraurgi Berritzen","robots":{"index":"index","follow":"follow","max-snippet":"max-snippet:-1","max-image-preview":"max-image-preview:large","max-video-preview":"max-video-preview:-1"},"canonical":"https:\/\/iraurgiberritzen.eus\/es\/en-el-marco-de-la-estrategia-elkarekin-de-la-dfg-y-con-el-objetivo-de-promover-el-empleo-inclusivo-desde-el-departamento-de-empleo-de-ib-en-colaboracion-con-biltzen-se-ofrece-asesoramiento-en-materia\/","og_locale":"es_ES","og_type":"article","og_title":"En colaboraci\u00f3n con Biltzen, IB ofrece intermediaci\u00f3n en el asesoramiento para la contrataci\u00f3n de personas extranjeras a las empresas de la comarca - Iraurgi Berritzen","og_description":"Dada la cambiante situaci\u00f3n que est\u00e1 viviendo actualmente el mercado laboral y el reto demogr\u00e1fico que se avecina, desde IB se ha detectado que las empresas de la comarca pueden estar interesadas en conocer la legislaci\u00f3n b\u00e1sica de contrataci\u00f3n de personas extranjeras. Para ello, en colaboraci\u00f3n con el Servicio Vasco de Inserci\u00f3n y Convivencia Intercultural, [&hellip;]","og_url":"https:\/\/iraurgiberritzen.eus\/es\/en-el-marco-de-la-estrategia-elkarekin-de-la-dfg-y-con-el-objetivo-de-promover-el-empleo-inclusivo-desde-el-departamento-de-empleo-de-ib-en-colaboracion-con-biltzen-se-ofrece-asesoramiento-en-materia\/","og_site_name":"Iraurgi Berritzen","article_published_time":"2023-03-13T10:01:55+00:00","author":"kudeatzailea","twitter_card":"summary_large_image","twitter_misc":{"Escrito por":"kudeatzailea","Tiempo de lectura":"1 minuto"},"schema":{"@context":"https:\/\/schema.org","@graph":[{"@type":"Article","@id":"https:\/\/iraurgiberritzen.eus\/es\/en-el-marco-de-la-estrategia-elkarekin-de-la-dfg-y-con-el-objetivo-de-promover-el-empleo-inclusivo-desde-el-departamento-de-empleo-de-ib-en-colaboracion-con-biltzen-se-ofrece-asesoramiento-en-materia\/#article","isPartOf":{"@id":"https:\/\/iraurgiberritzen.eus\/es\/en-el-marco-de-la-estrategia-elkarekin-de-la-dfg-y-con-el-objetivo-de-promover-el-empleo-inclusivo-desde-el-departamento-de-empleo-de-ib-en-colaboracion-con-biltzen-se-ofrece-asesoramiento-en-materia\/"},"author":{"name":"kudeatzailea","@id":"https:\/\/iraurgiberritzen.eus\/es\/#\/schema\/person\/5ab41aaf388a9097177601ebf45738d2"},"headline":"En colaboraci\u00f3n con Biltzen, IB ofrece intermediaci\u00f3n en el asesoramiento para la contrataci\u00f3n de personas extranjeras a las empresas de la comarca","datePublished":"2023-03-13T10:01:55+00:00","mainEntityOfPage":{"@id":"https:\/\/iraurgiberritzen.eus\/es\/en-el-marco-de-la-estrategia-elkarekin-de-la-dfg-y-con-el-objetivo-de-promover-el-empleo-inclusivo-desde-el-departamento-de-empleo-de-ib-en-colaboracion-con-biltzen-se-ofrece-asesoramiento-en-materia\/"},"wordCount":158,"publisher":{"@id":"https:\/\/iraurgiberritzen.eus\/es\/#organization"},"image":{"@id":"https:\/\/iraurgiberritzen.eus\/es\/en-el-marco-de-la-estrategia-elkarekin-de-la-dfg-y-con-el-objetivo-de-promover-el-empleo-inclusivo-desde-el-departamento-de-empleo-de-ib-en-colaboracion-con-biltzen-se-ofrece-asesoramiento-en-materia\/#primaryimage"},"thumbnailUrl":"https:\/\/iraurgiberritzen.eus\/wp-content\/uploads\/2023\/09\/9cc108fd5f8513df18fc8f42f7effdeb.jpg","articleSection":["Noticias"],"inLanguage":"es"},{"@type":"WebPage","@id":"https:\/\/iraurgiberritzen.eus\/es\/en-el-marco-de-la-estrategia-elkarekin-de-la-dfg-y-con-el-objetivo-de-promover-el-empleo-inclusivo-desde-el-departamento-de-empleo-de-ib-en-colaboracion-con-biltzen-se-ofrece-asesoramiento-en-materia\/","url":"https:\/\/iraurgiberritzen.eus\/es\/en-el-marco-de-la-estrategia-elkarekin-de-la-dfg-y-con-el-objetivo-de-promover-el-empleo-inclusivo-desde-el-departamento-de-empleo-de-ib-en-colaboracion-con-biltzen-se-ofrece-asesoramiento-en-materia\/","name":"En colaboraci\u00f3n con Biltzen, IB ofrece intermediaci\u00f3n en el asesoramiento para la contrataci\u00f3n de personas extranjeras a las empresas de la comarca - Iraurgi Berritzen","isPartOf":{"@id":"https:\/\/iraurgiberritzen.eus\/es\/#website"},"primaryImageOfPage":{"@id":"https:\/\/iraurgiberritzen.eus\/es\/en-el-marco-de-la-estrategia-elkarekin-de-la-dfg-y-con-el-objetivo-de-promover-el-empleo-inclusivo-desde-el-departamento-de-empleo-de-ib-en-colaboracion-con-biltzen-se-ofrece-asesoramiento-en-materia\/#primaryimage"},"image":{"@id":"https:\/\/iraurgiberritzen.eus\/es\/en-el-marco-de-la-estrategia-elkarekin-de-la-dfg-y-con-el-objetivo-de-promover-el-empleo-inclusivo-desde-el-departamento-de-empleo-de-ib-en-colaboracion-con-biltzen-se-ofrece-asesoramiento-en-materia\/#primaryimage"},"thumbnailUrl":"https:\/\/iraurgiberritzen.eus\/wp-content\/uploads\/2023\/09\/9cc108fd5f8513df18fc8f42f7effdeb.jpg","datePublished":"2023-03-13T10:01:55+00:00","breadcrumb":{"@id":"https:\/\/iraurgiberritzen.eus\/es\/en-el-marco-de-la-estrategia-elkarekin-de-la-dfg-y-con-el-objetivo-de-promover-el-empleo-inclusivo-desde-el-departamento-de-empleo-de-ib-en-colaboracion-con-biltzen-se-ofrece-asesoramiento-en-materia\/#breadcrumb"},"inLanguage":"es","potentialAction":[{"@type":"ReadAction","target":["https:\/\/iraurgiberritzen.eus\/es\/en-el-marco-de-la-estrategia-elkarekin-de-la-dfg-y-con-el-objetivo-de-promover-el-empleo-inclusivo-desde-el-departamento-de-empleo-de-ib-en-colaboracion-con-biltzen-se-ofrece-asesoramiento-en-materia\/"]}]},{"@type":"ImageObject","inLanguage":"es","@id":"https:\/\/iraurgiberritzen.eus\/es\/en-el-marco-de-la-estrategia-elkarekin-de-la-dfg-y-con-el-objetivo-de-promover-el-empleo-inclusivo-desde-el-departamento-de-empleo-de-ib-en-colaboracion-con-biltzen-se-ofrece-asesoramiento-en-materia\/#primaryimage","url":"https:\/\/iraurgiberritzen.eus\/wp-content\/uploads\/2023\/09\/9cc108fd5f8513df18fc8f42f7effdeb.jpg","contentUrl":"https:\/\/iraurgiberritzen.eus\/wp-content\/uploads\/2023\/09\/9cc108fd5f8513df18fc8f42f7effdeb.jpg","width":400,"height":257},{"@type":"BreadcrumbList","@id":"https:\/\/iraurgiberritzen.eus\/es\/en-el-marco-de-la-estrategia-elkarekin-de-la-dfg-y-con-el-objetivo-de-promover-el-empleo-inclusivo-desde-el-departamento-de-empleo-de-ib-en-colaboracion-con-biltzen-se-ofrece-asesoramiento-en-materia\/#breadcrumb","itemListElement":[{"@type":"ListItem","position":1,"name":"Home","item":"https:\/\/iraurgiberritzen.eus\/es\/"},{"@type":"ListItem","position":2,"name":"En colaboraci\u00f3n con Biltzen, IB ofrece intermediaci\u00f3n en el asesoramiento para la contrataci\u00f3n de personas extranjeras a las empresas de la comarca"}]},{"@type":"WebSite","@id":"https:\/\/iraurgiberritzen.eus\/es\/#website","url":"https:\/\/iraurgiberritzen.eus\/es\/","name":"Iraurgi Berritzen","description":"Urola Erdiko Garapen Agentzia","publisher":{"@id":"https:\/\/iraurgiberritzen.eus\/es\/#organization"},"potentialAction":[{"@type":"SearchAction","target":{"@type":"EntryPoint","urlTemplate":"https:\/\/iraurgiberritzen.eus\/es\/?s={search_term_string}"},"query-input":{"@type":"PropertyValueSpecification","valueRequired":true,"valueName":"search_term_string"}}],"inLanguage":"es"},{"@type":"Organization","@id":"https:\/\/iraurgiberritzen.eus\/es\/#organization","name":"Iraurgi Berritzen","url":"https:\/\/iraurgiberritzen.eus\/es\/","logo":{"@type":"ImageObject","inLanguage":"es","@id":"https:\/\/iraurgiberritzen.eus\/es\/#\/schema\/logo\/image\/","url":"https:\/\/iraurgiberritzen.eus\/wp-content\/uploads\/2024\/02\/IRAURGI-BERRITZEN-logotipoa_2.png","contentUrl":"https:\/\/iraurgiberritzen.eus\/wp-content\/uploads\/2024\/02\/IRAURGI-BERRITZEN-logotipoa_2.png","width":496,"height":190,"caption":"Iraurgi Berritzen"},"image":{"@id":"https:\/\/iraurgiberritzen.eus\/es\/#\/schema\/logo\/image\/"}},{"@type":"Person","@id":"https:\/\/iraurgiberritzen.eus\/es\/#\/schema\/person\/5ab41aaf388a9097177601ebf45738d2","name":"kudeatzailea","sameAs":["https:\/\/iraurgiberritzen.eus"]}]}},"_links":{"self":[{"href":"https:\/\/iraurgiberritzen.eus\/es\/wp-json\/wp\/v2\/posts\/14361","targetHints":{"allow":["GET"]}}],"collection":[{"href":"https:\/\/iraurgiberritzen.eus\/es\/wp-json\/wp\/v2\/posts"}],"about":[{"href":"https:\/\/iraurgiberritzen.eus\/es\/wp-json\/wp\/v2\/types\/post"}],"author":[{"embeddable":true,"href":"https:\/\/iraurgiberritzen.eus\/es\/wp-json\/wp\/v2\/users\/1"}],"replies":[{"embeddable":true,"href":"https:\/\/iraurgiberritzen.eus\/es\/wp-json\/wp\/v2\/comments?post=14361"}],"version-history":[{"count":0,"href":"https:\/\/iraurgiberritzen.eus\/es\/wp-json\/wp\/v2\/posts\/14361\/revisions"}],"wp:featuredmedia":[{"embeddable":true,"href":"https:\/\/iraurgiberritzen.eus\/es\/wp-json\/wp\/v2\/media\/17261"}],"wp:attachment":[{"href":"https:\/\/iraurgiberritzen.eus\/es\/wp-json\/wp\/v2\/media?parent=14361"}],"wp:term":[{"taxonomy":"category","embeddable":true,"href":"https:\/\/iraurgiberritzen.eus\/es\/wp-json\/wp\/v2\/categories?post=14361"},{"taxonomy":"post_tag","embeddable":true,"href":"https:\/\/iraurgiberritzen.eus\/es\/wp-json\/wp\/v2\/tags?post=14361"}],"curies":[{"name":"wp","href":"https:\/\/api.w.org\/{rel}","templated":true}]}}