{"id":14364,"date":"2023-03-17T12:39:40","date_gmt":"2023-03-17T10:39:40","guid":{"rendered":"https:\/\/iraurgiberritzen.eus\/la-comision-del-proyecto-urola-erdian-elkarekinez-lanean-iii-valora-positivamente-el-grado-de-avance-de-la-iniciativa-el-proyecto-financiado-por-la-dfg-en-el-marco-de-etorkizuna-eraikiz-tiene-como-obj\/"},"modified":"2023-03-17T12:39:40","modified_gmt":"2023-03-17T10:39:40","slug":"la-comision-del-proyecto-urola-erdian-elkarekinez-lanean-iii-valora-positivamente-el-grado-de-avance-de-la-iniciativa-el-proyecto-financiado-por-la-dfg-en-el-marco-de-etorkizuna-eraikiz-tiene-como-obj","status":"publish","type":"post","link":"https:\/\/iraurgiberritzen.eus\/es\/la-comision-del-proyecto-urola-erdian-elkarekinez-lanean-iii-valora-positivamente-el-grado-de-avance-de-la-iniciativa-el-proyecto-financiado-por-la-dfg-en-el-marco-de-etorkizuna-eraikiz-tiene-como-obj\/","title":{"rendered":"La comisi\u00f3n del proyecto puesto en marcha para fomentar la empleabilidad de personas en riesgo de exclusi\u00f3n, valora positivamente el grado de avance de la iniciativa"},"content":{"rendered":"<p style=\"text-align: justify;\">Dando continuidad a la din\u00e1mica de cooperaci\u00f3n de UrolanEkin impulsado por IB, se ha celebrado el 17 de marzo en Azkoitia, la reuni\u00f3n de la comisi\u00f3n de agentes, para realizar el seguimiento del grado de avance del proyecto, compartir la situaci\u00f3n de proyectos en ejecuci\u00f3n, y consensuar los siguientes pasos a dar.<\/p>\n<p style=\"text-align: justify;\">En la misma se han presentado, las l\u00edneas de trabajo que est\u00e1n en marcha, itinerarios de formaci\u00f3n &#8211; empleo, iniciativas desplegadas con empresas y as\u00ed como pr\u00f3ximas acciones previstas:<\/p>\n<ul>\n<li style=\"text-align: justify;\">Actualmente, participan 52 personas en el marco de los itinerarios integrales de formaci\u00f3n e inserci\u00f3n laboral, un total de 5 cursos, 4 de competencias b\u00e1sicas y 1 Taller de Formaci\u00f3n en Construcci\u00f3n. En esta l\u00ednea, desde IB se han activado acciones de intermediaci\u00f3n con 25 empresas de la comarca para lograr la empleabilidad de estas personas.<\/li>\n<li style=\"text-align: justify;\">A partir de mayo est\u00e1 previsto el inicio de 2 nuevos cursos, de Atensi\u00f3n Socio Sanitaria, con 15 personas y de Soldadura, de 12 personas.<\/li>\n<li style=\"text-align: justify;\">A partir de Setiembre, se pondr\u00e1n en marcha 5 nuevos cursos de formaci\u00f3n, un nuevo itinerario de competencias b\u00e1sicas y t\u00e9cnicas para lograr la inserci\u00f3n socio-laboral de estas personas.<\/li>\n<\/ul>\n<p>Agentes participantes: Lanbide, representantes Municipales y de Servicios Sociales de Azkoitia y Azpeitia, y Departamentos de Servicios Sociales, Zabaltzen Sartu, Izarraitz Lanbide Heziketa.<\/p>\n","protected":false},"excerpt":{"rendered":"<p>Dando continuidad a la din\u00e1mica de cooperaci\u00f3n de UrolanEkin impulsado por IB, se ha celebrado el 17 de marzo en Azkoitia, la reuni\u00f3n de la comisi\u00f3n de agentes, para realizar el seguimiento del grado de avance del proyecto, compartir la situaci\u00f3n de proyectos en ejecuci\u00f3n, y consensuar los siguientes pasos a dar. En la misma [&hellip;]<\/p>\n","protected":false},"author":1,"featured_media":17262,"comment_status":"","ping_status":"closed","sticky":false,"template":"","format":"standard","meta":{"_acf_changed":false,"footnotes":""},"categories":[4],"tags":[],"class_list":["post-14364","post","type-post","status-publish","format-standard","has-post-thumbnail","hentry","category-noticias"],"acf":[],"yoast_head":"<!-- This site is optimized with the Yoast SEO plugin v27.4 - https:\/\/yoast.com\/product\/yoast-seo-wordpress\/ -->\n<title>La comisi\u00f3n del proyecto puesto en marcha para fomentar la empleabilidad de personas en riesgo de exclusi\u00f3n, valora positivamente el grado de avance de la iniciativa - Iraurgi Berritzen<\/title>\n<meta name=\"robots\" content=\"index, follow, max-snippet:-1, max-image-preview:large, max-video-preview:-1\" \/>\n<link rel=\"canonical\" href=\"https:\/\/iraurgiberritzen.eus\/es\/la-comision-del-proyecto-urola-erdian-elkarekinez-lanean-iii-valora-positivamente-el-grado-de-avance-de-la-iniciativa-el-proyecto-financiado-por-la-dfg-en-el-marco-de-etorkizuna-eraikiz-tiene-como-obj\/\" \/>\n<meta property=\"og:locale\" content=\"es_ES\" \/>\n<meta property=\"og:type\" content=\"article\" \/>\n<meta property=\"og:title\" content=\"La comisi\u00f3n del proyecto puesto en marcha para fomentar la empleabilidad de personas en riesgo de exclusi\u00f3n, valora positivamente el grado de avance de la iniciativa - Iraurgi Berritzen\" \/>\n<meta property=\"og:description\" content=\"Dando continuidad a la din\u00e1mica de cooperaci\u00f3n de UrolanEkin impulsado por IB, se ha celebrado el 17 de marzo en Azkoitia, la reuni\u00f3n de la comisi\u00f3n de agentes, para realizar el seguimiento del grado de avance del proyecto, compartir la situaci\u00f3n de proyectos en ejecuci\u00f3n, y consensuar los siguientes pasos a dar. En la misma [&hellip;]\" \/>\n<meta property=\"og:url\" content=\"https:\/\/iraurgiberritzen.eus\/es\/la-comision-del-proyecto-urola-erdian-elkarekinez-lanean-iii-valora-positivamente-el-grado-de-avance-de-la-iniciativa-el-proyecto-financiado-por-la-dfg-en-el-marco-de-etorkizuna-eraikiz-tiene-como-obj\/\" \/>\n<meta property=\"og:site_name\" content=\"Iraurgi Berritzen\" \/>\n<meta property=\"article:published_time\" content=\"2023-03-17T10:39:40+00:00\" \/>\n<meta name=\"author\" content=\"kudeatzailea\" \/>\n<meta name=\"twitter:card\" content=\"summary_large_image\" \/>\n<meta name=\"twitter:label1\" content=\"Escrito por\" \/>\n\t<meta name=\"twitter:data1\" content=\"kudeatzailea\" \/>\n\t<meta name=\"twitter:label2\" content=\"Tiempo de lectura\" \/>\n\t<meta name=\"twitter:data2\" content=\"1 minuto\" \/>\n<script type=\"application\/ld+json\" class=\"yoast-schema-graph\">{\"@context\":\"https:\\\/\\\/schema.org\",\"@graph\":[{\"@type\":\"Article\",\"@id\":\"https:\\\/\\\/iraurgiberritzen.eus\\\/es\\\/la-comision-del-proyecto-urola-erdian-elkarekinez-lanean-iii-valora-positivamente-el-grado-de-avance-de-la-iniciativa-el-proyecto-financiado-por-la-dfg-en-el-marco-de-etorkizuna-eraikiz-tiene-como-obj\\\/#article\",\"isPartOf\":{\"@id\":\"https:\\\/\\\/iraurgiberritzen.eus\\\/es\\\/la-comision-del-proyecto-urola-erdian-elkarekinez-lanean-iii-valora-positivamente-el-grado-de-avance-de-la-iniciativa-el-proyecto-financiado-por-la-dfg-en-el-marco-de-etorkizuna-eraikiz-tiene-como-obj\\\/\"},\"author\":{\"name\":\"kudeatzailea\",\"@id\":\"https:\\\/\\\/iraurgiberritzen.eus\\\/es\\\/#\\\/schema\\\/person\\\/5ab41aaf388a9097177601ebf45738d2\"},\"headline\":\"La comisi\u00f3n del proyecto puesto en marcha para fomentar la empleabilidad de personas en riesgo de exclusi\u00f3n, valora positivamente el grado de avance de la iniciativa\",\"datePublished\":\"2023-03-17T10:39:40+00:00\",\"mainEntityOfPage\":{\"@id\":\"https:\\\/\\\/iraurgiberritzen.eus\\\/es\\\/la-comision-del-proyecto-urola-erdian-elkarekinez-lanean-iii-valora-positivamente-el-grado-de-avance-de-la-iniciativa-el-proyecto-financiado-por-la-dfg-en-el-marco-de-etorkizuna-eraikiz-tiene-como-obj\\\/\"},\"wordCount\":255,\"publisher\":{\"@id\":\"https:\\\/\\\/iraurgiberritzen.eus\\\/es\\\/#organization\"},\"image\":{\"@id\":\"https:\\\/\\\/iraurgiberritzen.eus\\\/es\\\/la-comision-del-proyecto-urola-erdian-elkarekinez-lanean-iii-valora-positivamente-el-grado-de-avance-de-la-iniciativa-el-proyecto-financiado-por-la-dfg-en-el-marco-de-etorkizuna-eraikiz-tiene-como-obj\\\/#primaryimage\"},\"thumbnailUrl\":\"https:\\\/\\\/iraurgiberritzen.eus\\\/wp-content\\\/uploads\\\/2023\\\/09\\\/2fd51e50d4280300b6a627d74d4b08b8.jpg\",\"articleSection\":[\"Noticias\"],\"inLanguage\":\"es\"},{\"@type\":\"WebPage\",\"@id\":\"https:\\\/\\\/iraurgiberritzen.eus\\\/es\\\/la-comision-del-proyecto-urola-erdian-elkarekinez-lanean-iii-valora-positivamente-el-grado-de-avance-de-la-iniciativa-el-proyecto-financiado-por-la-dfg-en-el-marco-de-etorkizuna-eraikiz-tiene-como-obj\\\/\",\"url\":\"https:\\\/\\\/iraurgiberritzen.eus\\\/es\\\/la-comision-del-proyecto-urola-erdian-elkarekinez-lanean-iii-valora-positivamente-el-grado-de-avance-de-la-iniciativa-el-proyecto-financiado-por-la-dfg-en-el-marco-de-etorkizuna-eraikiz-tiene-como-obj\\\/\",\"name\":\"La comisi\u00f3n del proyecto puesto en marcha para fomentar la empleabilidad de personas en riesgo de exclusi\u00f3n, valora positivamente el grado de avance de la iniciativa - Iraurgi Berritzen\",\"isPartOf\":{\"@id\":\"https:\\\/\\\/iraurgiberritzen.eus\\\/es\\\/#website\"},\"primaryImageOfPage\":{\"@id\":\"https:\\\/\\\/iraurgiberritzen.eus\\\/es\\\/la-comision-del-proyecto-urola-erdian-elkarekinez-lanean-iii-valora-positivamente-el-grado-de-avance-de-la-iniciativa-el-proyecto-financiado-por-la-dfg-en-el-marco-de-etorkizuna-eraikiz-tiene-como-obj\\\/#primaryimage\"},\"image\":{\"@id\":\"https:\\\/\\\/iraurgiberritzen.eus\\\/es\\\/la-comision-del-proyecto-urola-erdian-elkarekinez-lanean-iii-valora-positivamente-el-grado-de-avance-de-la-iniciativa-el-proyecto-financiado-por-la-dfg-en-el-marco-de-etorkizuna-eraikiz-tiene-como-obj\\\/#primaryimage\"},\"thumbnailUrl\":\"https:\\\/\\\/iraurgiberritzen.eus\\\/wp-content\\\/uploads\\\/2023\\\/09\\\/2fd51e50d4280300b6a627d74d4b08b8.jpg\",\"datePublished\":\"2023-03-17T10:39:40+00:00\",\"breadcrumb\":{\"@id\":\"https:\\\/\\\/iraurgiberritzen.eus\\\/es\\\/la-comision-del-proyecto-urola-erdian-elkarekinez-lanean-iii-valora-positivamente-el-grado-de-avance-de-la-iniciativa-el-proyecto-financiado-por-la-dfg-en-el-marco-de-etorkizuna-eraikiz-tiene-como-obj\\\/#breadcrumb\"},\"inLanguage\":\"es\",\"potentialAction\":[{\"@type\":\"ReadAction\",\"target\":[\"https:\\\/\\\/iraurgiberritzen.eus\\\/es\\\/la-comision-del-proyecto-urola-erdian-elkarekinez-lanean-iii-valora-positivamente-el-grado-de-avance-de-la-iniciativa-el-proyecto-financiado-por-la-dfg-en-el-marco-de-etorkizuna-eraikiz-tiene-como-obj\\\/\"]}]},{\"@type\":\"ImageObject\",\"inLanguage\":\"es\",\"@id\":\"https:\\\/\\\/iraurgiberritzen.eus\\\/es\\\/la-comision-del-proyecto-urola-erdian-elkarekinez-lanean-iii-valora-positivamente-el-grado-de-avance-de-la-iniciativa-el-proyecto-financiado-por-la-dfg-en-el-marco-de-etorkizuna-eraikiz-tiene-como-obj\\\/#primaryimage\",\"url\":\"https:\\\/\\\/iraurgiberritzen.eus\\\/wp-content\\\/uploads\\\/2023\\\/09\\\/2fd51e50d4280300b6a627d74d4b08b8.jpg\",\"contentUrl\":\"https:\\\/\\\/iraurgiberritzen.eus\\\/wp-content\\\/uploads\\\/2023\\\/09\\\/2fd51e50d4280300b6a627d74d4b08b8.jpg\",\"width\":400,\"height\":257},{\"@type\":\"BreadcrumbList\",\"@id\":\"https:\\\/\\\/iraurgiberritzen.eus\\\/es\\\/la-comision-del-proyecto-urola-erdian-elkarekinez-lanean-iii-valora-positivamente-el-grado-de-avance-de-la-iniciativa-el-proyecto-financiado-por-la-dfg-en-el-marco-de-etorkizuna-eraikiz-tiene-como-obj\\\/#breadcrumb\",\"itemListElement\":[{\"@type\":\"ListItem\",\"position\":1,\"name\":\"Home\",\"item\":\"https:\\\/\\\/iraurgiberritzen.eus\\\/es\\\/\"},{\"@type\":\"ListItem\",\"position\":2,\"name\":\"La comisi\u00f3n del proyecto puesto en marcha para fomentar la empleabilidad de personas en riesgo de exclusi\u00f3n, valora positivamente el grado de avance de la iniciativa\"}]},{\"@type\":\"WebSite\",\"@id\":\"https:\\\/\\\/iraurgiberritzen.eus\\\/es\\\/#website\",\"url\":\"https:\\\/\\\/iraurgiberritzen.eus\\\/es\\\/\",\"name\":\"Iraurgi Berritzen\",\"description\":\"Urola Erdiko Garapen Agentzia\",\"publisher\":{\"@id\":\"https:\\\/\\\/iraurgiberritzen.eus\\\/es\\\/#organization\"},\"potentialAction\":[{\"@type\":\"SearchAction\",\"target\":{\"@type\":\"EntryPoint\",\"urlTemplate\":\"https:\\\/\\\/iraurgiberritzen.eus\\\/es\\\/?s={search_term_string}\"},\"query-input\":{\"@type\":\"PropertyValueSpecification\",\"valueRequired\":true,\"valueName\":\"search_term_string\"}}],\"inLanguage\":\"es\"},{\"@type\":\"Organization\",\"@id\":\"https:\\\/\\\/iraurgiberritzen.eus\\\/es\\\/#organization\",\"name\":\"Iraurgi Berritzen\",\"url\":\"https:\\\/\\\/iraurgiberritzen.eus\\\/es\\\/\",\"logo\":{\"@type\":\"ImageObject\",\"inLanguage\":\"es\",\"@id\":\"https:\\\/\\\/iraurgiberritzen.eus\\\/es\\\/#\\\/schema\\\/logo\\\/image\\\/\",\"url\":\"https:\\\/\\\/iraurgiberritzen.eus\\\/wp-content\\\/uploads\\\/2024\\\/02\\\/IRAURGI-BERRITZEN-logotipoa_2.png\",\"contentUrl\":\"https:\\\/\\\/iraurgiberritzen.eus\\\/wp-content\\\/uploads\\\/2024\\\/02\\\/IRAURGI-BERRITZEN-logotipoa_2.png\",\"width\":496,\"height\":190,\"caption\":\"Iraurgi Berritzen\"},\"image\":{\"@id\":\"https:\\\/\\\/iraurgiberritzen.eus\\\/es\\\/#\\\/schema\\\/logo\\\/image\\\/\"}},{\"@type\":\"Person\",\"@id\":\"https:\\\/\\\/iraurgiberritzen.eus\\\/es\\\/#\\\/schema\\\/person\\\/5ab41aaf388a9097177601ebf45738d2\",\"name\":\"kudeatzailea\",\"sameAs\":[\"https:\\\/\\\/iraurgiberritzen.eus\"]}]}<\/script>\n<!-- \/ Yoast SEO plugin. -->","yoast_head_json":{"title":"La comisi\u00f3n del proyecto puesto en marcha para fomentar la empleabilidad de personas en riesgo de exclusi\u00f3n, valora positivamente el grado de avance de la iniciativa - Iraurgi Berritzen","robots":{"index":"index","follow":"follow","max-snippet":"max-snippet:-1","max-image-preview":"max-image-preview:large","max-video-preview":"max-video-preview:-1"},"canonical":"https:\/\/iraurgiberritzen.eus\/es\/la-comision-del-proyecto-urola-erdian-elkarekinez-lanean-iii-valora-positivamente-el-grado-de-avance-de-la-iniciativa-el-proyecto-financiado-por-la-dfg-en-el-marco-de-etorkizuna-eraikiz-tiene-como-obj\/","og_locale":"es_ES","og_type":"article","og_title":"La comisi\u00f3n del proyecto puesto en marcha para fomentar la empleabilidad de personas en riesgo de exclusi\u00f3n, valora positivamente el grado de avance de la iniciativa - Iraurgi Berritzen","og_description":"Dando continuidad a la din\u00e1mica de cooperaci\u00f3n de UrolanEkin impulsado por IB, se ha celebrado el 17 de marzo en Azkoitia, la reuni\u00f3n de la comisi\u00f3n de agentes, para realizar el seguimiento del grado de avance del proyecto, compartir la situaci\u00f3n de proyectos en ejecuci\u00f3n, y consensuar los siguientes pasos a dar. En la misma [&hellip;]","og_url":"https:\/\/iraurgiberritzen.eus\/es\/la-comision-del-proyecto-urola-erdian-elkarekinez-lanean-iii-valora-positivamente-el-grado-de-avance-de-la-iniciativa-el-proyecto-financiado-por-la-dfg-en-el-marco-de-etorkizuna-eraikiz-tiene-como-obj\/","og_site_name":"Iraurgi Berritzen","article_published_time":"2023-03-17T10:39:40+00:00","author":"kudeatzailea","twitter_card":"summary_large_image","twitter_misc":{"Escrito por":"kudeatzailea","Tiempo de lectura":"1 minuto"},"schema":{"@context":"https:\/\/schema.org","@graph":[{"@type":"Article","@id":"https:\/\/iraurgiberritzen.eus\/es\/la-comision-del-proyecto-urola-erdian-elkarekinez-lanean-iii-valora-positivamente-el-grado-de-avance-de-la-iniciativa-el-proyecto-financiado-por-la-dfg-en-el-marco-de-etorkizuna-eraikiz-tiene-como-obj\/#article","isPartOf":{"@id":"https:\/\/iraurgiberritzen.eus\/es\/la-comision-del-proyecto-urola-erdian-elkarekinez-lanean-iii-valora-positivamente-el-grado-de-avance-de-la-iniciativa-el-proyecto-financiado-por-la-dfg-en-el-marco-de-etorkizuna-eraikiz-tiene-como-obj\/"},"author":{"name":"kudeatzailea","@id":"https:\/\/iraurgiberritzen.eus\/es\/#\/schema\/person\/5ab41aaf388a9097177601ebf45738d2"},"headline":"La comisi\u00f3n del proyecto puesto en marcha para fomentar la empleabilidad de personas en riesgo de exclusi\u00f3n, valora positivamente el grado de avance de la iniciativa","datePublished":"2023-03-17T10:39:40+00:00","mainEntityOfPage":{"@id":"https:\/\/iraurgiberritzen.eus\/es\/la-comision-del-proyecto-urola-erdian-elkarekinez-lanean-iii-valora-positivamente-el-grado-de-avance-de-la-iniciativa-el-proyecto-financiado-por-la-dfg-en-el-marco-de-etorkizuna-eraikiz-tiene-como-obj\/"},"wordCount":255,"publisher":{"@id":"https:\/\/iraurgiberritzen.eus\/es\/#organization"},"image":{"@id":"https:\/\/iraurgiberritzen.eus\/es\/la-comision-del-proyecto-urola-erdian-elkarekinez-lanean-iii-valora-positivamente-el-grado-de-avance-de-la-iniciativa-el-proyecto-financiado-por-la-dfg-en-el-marco-de-etorkizuna-eraikiz-tiene-como-obj\/#primaryimage"},"thumbnailUrl":"https:\/\/iraurgiberritzen.eus\/wp-content\/uploads\/2023\/09\/2fd51e50d4280300b6a627d74d4b08b8.jpg","articleSection":["Noticias"],"inLanguage":"es"},{"@type":"WebPage","@id":"https:\/\/iraurgiberritzen.eus\/es\/la-comision-del-proyecto-urola-erdian-elkarekinez-lanean-iii-valora-positivamente-el-grado-de-avance-de-la-iniciativa-el-proyecto-financiado-por-la-dfg-en-el-marco-de-etorkizuna-eraikiz-tiene-como-obj\/","url":"https:\/\/iraurgiberritzen.eus\/es\/la-comision-del-proyecto-urola-erdian-elkarekinez-lanean-iii-valora-positivamente-el-grado-de-avance-de-la-iniciativa-el-proyecto-financiado-por-la-dfg-en-el-marco-de-etorkizuna-eraikiz-tiene-como-obj\/","name":"La comisi\u00f3n del proyecto puesto en marcha para fomentar la empleabilidad de personas en riesgo de exclusi\u00f3n, valora positivamente el grado de avance de la iniciativa - Iraurgi Berritzen","isPartOf":{"@id":"https:\/\/iraurgiberritzen.eus\/es\/#website"},"primaryImageOfPage":{"@id":"https:\/\/iraurgiberritzen.eus\/es\/la-comision-del-proyecto-urola-erdian-elkarekinez-lanean-iii-valora-positivamente-el-grado-de-avance-de-la-iniciativa-el-proyecto-financiado-por-la-dfg-en-el-marco-de-etorkizuna-eraikiz-tiene-como-obj\/#primaryimage"},"image":{"@id":"https:\/\/iraurgiberritzen.eus\/es\/la-comision-del-proyecto-urola-erdian-elkarekinez-lanean-iii-valora-positivamente-el-grado-de-avance-de-la-iniciativa-el-proyecto-financiado-por-la-dfg-en-el-marco-de-etorkizuna-eraikiz-tiene-como-obj\/#primaryimage"},"thumbnailUrl":"https:\/\/iraurgiberritzen.eus\/wp-content\/uploads\/2023\/09\/2fd51e50d4280300b6a627d74d4b08b8.jpg","datePublished":"2023-03-17T10:39:40+00:00","breadcrumb":{"@id":"https:\/\/iraurgiberritzen.eus\/es\/la-comision-del-proyecto-urola-erdian-elkarekinez-lanean-iii-valora-positivamente-el-grado-de-avance-de-la-iniciativa-el-proyecto-financiado-por-la-dfg-en-el-marco-de-etorkizuna-eraikiz-tiene-como-obj\/#breadcrumb"},"inLanguage":"es","potentialAction":[{"@type":"ReadAction","target":["https:\/\/iraurgiberritzen.eus\/es\/la-comision-del-proyecto-urola-erdian-elkarekinez-lanean-iii-valora-positivamente-el-grado-de-avance-de-la-iniciativa-el-proyecto-financiado-por-la-dfg-en-el-marco-de-etorkizuna-eraikiz-tiene-como-obj\/"]}]},{"@type":"ImageObject","inLanguage":"es","@id":"https:\/\/iraurgiberritzen.eus\/es\/la-comision-del-proyecto-urola-erdian-elkarekinez-lanean-iii-valora-positivamente-el-grado-de-avance-de-la-iniciativa-el-proyecto-financiado-por-la-dfg-en-el-marco-de-etorkizuna-eraikiz-tiene-como-obj\/#primaryimage","url":"https:\/\/iraurgiberritzen.eus\/wp-content\/uploads\/2023\/09\/2fd51e50d4280300b6a627d74d4b08b8.jpg","contentUrl":"https:\/\/iraurgiberritzen.eus\/wp-content\/uploads\/2023\/09\/2fd51e50d4280300b6a627d74d4b08b8.jpg","width":400,"height":257},{"@type":"BreadcrumbList","@id":"https:\/\/iraurgiberritzen.eus\/es\/la-comision-del-proyecto-urola-erdian-elkarekinez-lanean-iii-valora-positivamente-el-grado-de-avance-de-la-iniciativa-el-proyecto-financiado-por-la-dfg-en-el-marco-de-etorkizuna-eraikiz-tiene-como-obj\/#breadcrumb","itemListElement":[{"@type":"ListItem","position":1,"name":"Home","item":"https:\/\/iraurgiberritzen.eus\/es\/"},{"@type":"ListItem","position":2,"name":"La comisi\u00f3n del proyecto puesto en marcha para fomentar la empleabilidad de personas en riesgo de exclusi\u00f3n, valora positivamente el grado de avance de la iniciativa"}]},{"@type":"WebSite","@id":"https:\/\/iraurgiberritzen.eus\/es\/#website","url":"https:\/\/iraurgiberritzen.eus\/es\/","name":"Iraurgi Berritzen","description":"Urola Erdiko Garapen Agentzia","publisher":{"@id":"https:\/\/iraurgiberritzen.eus\/es\/#organization"},"potentialAction":[{"@type":"SearchAction","target":{"@type":"EntryPoint","urlTemplate":"https:\/\/iraurgiberritzen.eus\/es\/?s={search_term_string}"},"query-input":{"@type":"PropertyValueSpecification","valueRequired":true,"valueName":"search_term_string"}}],"inLanguage":"es"},{"@type":"Organization","@id":"https:\/\/iraurgiberritzen.eus\/es\/#organization","name":"Iraurgi Berritzen","url":"https:\/\/iraurgiberritzen.eus\/es\/","logo":{"@type":"ImageObject","inLanguage":"es","@id":"https:\/\/iraurgiberritzen.eus\/es\/#\/schema\/logo\/image\/","url":"https:\/\/iraurgiberritzen.eus\/wp-content\/uploads\/2024\/02\/IRAURGI-BERRITZEN-logotipoa_2.png","contentUrl":"https:\/\/iraurgiberritzen.eus\/wp-content\/uploads\/2024\/02\/IRAURGI-BERRITZEN-logotipoa_2.png","width":496,"height":190,"caption":"Iraurgi Berritzen"},"image":{"@id":"https:\/\/iraurgiberritzen.eus\/es\/#\/schema\/logo\/image\/"}},{"@type":"Person","@id":"https:\/\/iraurgiberritzen.eus\/es\/#\/schema\/person\/5ab41aaf388a9097177601ebf45738d2","name":"kudeatzailea","sameAs":["https:\/\/iraurgiberritzen.eus"]}]}},"_links":{"self":[{"href":"https:\/\/iraurgiberritzen.eus\/es\/wp-json\/wp\/v2\/posts\/14364","targetHints":{"allow":["GET"]}}],"collection":[{"href":"https:\/\/iraurgiberritzen.eus\/es\/wp-json\/wp\/v2\/posts"}],"about":[{"href":"https:\/\/iraurgiberritzen.eus\/es\/wp-json\/wp\/v2\/types\/post"}],"author":[{"embeddable":true,"href":"https:\/\/iraurgiberritzen.eus\/es\/wp-json\/wp\/v2\/users\/1"}],"replies":[{"embeddable":true,"href":"https:\/\/iraurgiberritzen.eus\/es\/wp-json\/wp\/v2\/comments?post=14364"}],"version-history":[{"count":0,"href":"https:\/\/iraurgiberritzen.eus\/es\/wp-json\/wp\/v2\/posts\/14364\/revisions"}],"wp:featuredmedia":[{"embeddable":true,"href":"https:\/\/iraurgiberritzen.eus\/es\/wp-json\/wp\/v2\/media\/17262"}],"wp:attachment":[{"href":"https:\/\/iraurgiberritzen.eus\/es\/wp-json\/wp\/v2\/media?parent=14364"}],"wp:term":[{"taxonomy":"category","embeddable":true,"href":"https:\/\/iraurgiberritzen.eus\/es\/wp-json\/wp\/v2\/categories?post=14364"},{"taxonomy":"post_tag","embeddable":true,"href":"https:\/\/iraurgiberritzen.eus\/es\/wp-json\/wp\/v2\/tags?post=14364"}],"curies":[{"name":"wp","href":"https:\/\/api.w.org\/{rel}","templated":true}]}}