{"id":14367,"date":"2023-03-17T10:16:37","date_gmt":"2023-03-17T08:16:37","guid":{"rendered":"https:\/\/iraurgiberritzen.eus\/las-empresas-de-la-comarca-abordan-el-tema-de-los-costes-energeticos\/"},"modified":"2023-03-17T10:16:37","modified_gmt":"2023-03-17T08:16:37","slug":"las-empresas-de-la-comarca-abordan-el-tema-de-los-costes-energeticos","status":"publish","type":"post","link":"https:\/\/iraurgiberritzen.eus\/es\/las-empresas-de-la-comarca-abordan-el-tema-de-los-costes-energeticos\/","title":{"rendered":"Las empresas de la comarca abordan el tema de los Costes Energ\u00e9ticos"},"content":{"rendered":"<p style=\"text-align: justify;\">Dentro del <strong>proyecto UrolEner<\/strong> que Iraurgi Berritzen, y en colaboraci\u00f3n con Txekalde Aholkularitza, se celebr\u00f3, hoy, jueves, 16 de marzo, en el Palacio Basazabal de Azpeitia, la cuarta jornada que se enmarca dentro de la planificaci\u00f3n de todo el proyecto.<\/p>\n<p style=\"text-align: justify;\">En esta cuarta sesi\u00f3n de hoy, representantes de las empresas de la comarca que est\u00e1n participando en el proyecto han tenido la oportunidad de analizar las siguientes cuestiones:\u202flos <strong>Costes Energ\u00e9ticos.<\/strong><\/p>\n<p style=\"text-align: justify;\">Entre otros, se han analizado los siguientes aspectos:<\/p>\n<ul style=\"text-align: justify;\">\n<li>Mercado libre vs fijo.<\/li>\n<li>Excepcionalidad ib\u00e9rica.<\/li>\n<li>Tendencias a futuros, previsiones.<\/li>\n<li>P\u00e1ginas de consulta.<\/li>\n<li>Indicadores particulares para negociaci\u00f3n, KPIs<\/li>\n<\/ul>\n<p style=\"text-align: justify;\">Adem\u00e1s, han tenido la oportunidad de debatir y analizar entre todos las dudas o consultas sobre este tema.<\/p>\n<p style=\"text-align: justify;\">Este proyecto se est\u00e1 desarrollando gracias a la financiaci\u00f3n recibida por la Mesa Comarcal de Energ\u00eda por parte del Departamento de Medio Ambiente y Obras Hidr\u00e1ulicas de la Diputaci\u00f3n Foral de Gipuzkoa.<\/p>\n","protected":false},"excerpt":{"rendered":"<p>Dentro del proyecto UrolEner que Iraurgi Berritzen, y en colaboraci\u00f3n con Txekalde Aholkularitza, se celebr\u00f3, hoy, jueves, 16 de marzo, en el Palacio Basazabal de Azpeitia, la cuarta jornada que se enmarca dentro de la planificaci\u00f3n de todo el proyecto. En esta cuarta sesi\u00f3n de hoy, representantes de las empresas de la comarca que est\u00e1n [&hellip;]<\/p>\n","protected":false},"author":1,"featured_media":17243,"comment_status":"","ping_status":"closed","sticky":false,"template":"","format":"standard","meta":{"_acf_changed":false,"footnotes":""},"categories":[4],"tags":[],"class_list":["post-14367","post","type-post","status-publish","format-standard","has-post-thumbnail","hentry","category-noticias"],"acf":[],"yoast_head":"<!-- This site is optimized with the Yoast SEO plugin v27.4 - https:\/\/yoast.com\/product\/yoast-seo-wordpress\/ -->\n<title>Las empresas de la comarca abordan el tema de los Costes Energ\u00e9ticos - Iraurgi Berritzen<\/title>\n<meta name=\"robots\" content=\"index, follow, max-snippet:-1, max-image-preview:large, max-video-preview:-1\" \/>\n<link rel=\"canonical\" href=\"https:\/\/iraurgiberritzen.eus\/es\/las-empresas-de-la-comarca-abordan-el-tema-de-los-costes-energeticos\/\" \/>\n<meta property=\"og:locale\" content=\"es_ES\" \/>\n<meta property=\"og:type\" content=\"article\" \/>\n<meta property=\"og:title\" content=\"Las empresas de la comarca abordan el tema de los Costes Energ\u00e9ticos - Iraurgi Berritzen\" \/>\n<meta property=\"og:description\" content=\"Dentro del proyecto UrolEner que Iraurgi Berritzen, y en colaboraci\u00f3n con Txekalde Aholkularitza, se celebr\u00f3, hoy, jueves, 16 de marzo, en el Palacio Basazabal de Azpeitia, la cuarta jornada que se enmarca dentro de la planificaci\u00f3n de todo el proyecto. En esta cuarta sesi\u00f3n de hoy, representantes de las empresas de la comarca que est\u00e1n [&hellip;]\" \/>\n<meta property=\"og:url\" content=\"https:\/\/iraurgiberritzen.eus\/es\/las-empresas-de-la-comarca-abordan-el-tema-de-los-costes-energeticos\/\" \/>\n<meta property=\"og:site_name\" content=\"Iraurgi Berritzen\" \/>\n<meta property=\"article:published_time\" content=\"2023-03-17T08:16:37+00:00\" \/>\n<meta name=\"author\" content=\"kudeatzailea\" \/>\n<meta name=\"twitter:card\" content=\"summary_large_image\" \/>\n<meta name=\"twitter:label1\" content=\"Escrito por\" \/>\n\t<meta name=\"twitter:data1\" content=\"kudeatzailea\" \/>\n\t<meta name=\"twitter:label2\" content=\"Tiempo de lectura\" \/>\n\t<meta name=\"twitter:data2\" content=\"1 minuto\" \/>\n<script type=\"application\/ld+json\" class=\"yoast-schema-graph\">{\"@context\":\"https:\\\/\\\/schema.org\",\"@graph\":[{\"@type\":\"Article\",\"@id\":\"https:\\\/\\\/iraurgiberritzen.eus\\\/es\\\/las-empresas-de-la-comarca-abordan-el-tema-de-los-costes-energeticos\\\/#article\",\"isPartOf\":{\"@id\":\"https:\\\/\\\/iraurgiberritzen.eus\\\/es\\\/las-empresas-de-la-comarca-abordan-el-tema-de-los-costes-energeticos\\\/\"},\"author\":{\"name\":\"kudeatzailea\",\"@id\":\"https:\\\/\\\/iraurgiberritzen.eus\\\/es\\\/#\\\/schema\\\/person\\\/5ab41aaf388a9097177601ebf45738d2\"},\"headline\":\"Las empresas de la comarca abordan el tema de los Costes Energ\u00e9ticos\",\"datePublished\":\"2023-03-17T08:16:37+00:00\",\"mainEntityOfPage\":{\"@id\":\"https:\\\/\\\/iraurgiberritzen.eus\\\/es\\\/las-empresas-de-la-comarca-abordan-el-tema-de-los-costes-energeticos\\\/\"},\"wordCount\":172,\"publisher\":{\"@id\":\"https:\\\/\\\/iraurgiberritzen.eus\\\/es\\\/#organization\"},\"image\":{\"@id\":\"https:\\\/\\\/iraurgiberritzen.eus\\\/es\\\/las-empresas-de-la-comarca-abordan-el-tema-de-los-costes-energeticos\\\/#primaryimage\"},\"thumbnailUrl\":\"https:\\\/\\\/iraurgiberritzen.eus\\\/wp-content\\\/uploads\\\/2023\\\/09\\\/284abb2acff9fb10e3d31009f15c8be7.jpg\",\"articleSection\":[\"Noticias\"],\"inLanguage\":\"es\"},{\"@type\":\"WebPage\",\"@id\":\"https:\\\/\\\/iraurgiberritzen.eus\\\/es\\\/las-empresas-de-la-comarca-abordan-el-tema-de-los-costes-energeticos\\\/\",\"url\":\"https:\\\/\\\/iraurgiberritzen.eus\\\/es\\\/las-empresas-de-la-comarca-abordan-el-tema-de-los-costes-energeticos\\\/\",\"name\":\"Las empresas de la comarca abordan el tema de los Costes Energ\u00e9ticos - Iraurgi Berritzen\",\"isPartOf\":{\"@id\":\"https:\\\/\\\/iraurgiberritzen.eus\\\/es\\\/#website\"},\"primaryImageOfPage\":{\"@id\":\"https:\\\/\\\/iraurgiberritzen.eus\\\/es\\\/las-empresas-de-la-comarca-abordan-el-tema-de-los-costes-energeticos\\\/#primaryimage\"},\"image\":{\"@id\":\"https:\\\/\\\/iraurgiberritzen.eus\\\/es\\\/las-empresas-de-la-comarca-abordan-el-tema-de-los-costes-energeticos\\\/#primaryimage\"},\"thumbnailUrl\":\"https:\\\/\\\/iraurgiberritzen.eus\\\/wp-content\\\/uploads\\\/2023\\\/09\\\/284abb2acff9fb10e3d31009f15c8be7.jpg\",\"datePublished\":\"2023-03-17T08:16:37+00:00\",\"breadcrumb\":{\"@id\":\"https:\\\/\\\/iraurgiberritzen.eus\\\/es\\\/las-empresas-de-la-comarca-abordan-el-tema-de-los-costes-energeticos\\\/#breadcrumb\"},\"inLanguage\":\"es\",\"potentialAction\":[{\"@type\":\"ReadAction\",\"target\":[\"https:\\\/\\\/iraurgiberritzen.eus\\\/es\\\/las-empresas-de-la-comarca-abordan-el-tema-de-los-costes-energeticos\\\/\"]}]},{\"@type\":\"ImageObject\",\"inLanguage\":\"es\",\"@id\":\"https:\\\/\\\/iraurgiberritzen.eus\\\/es\\\/las-empresas-de-la-comarca-abordan-el-tema-de-los-costes-energeticos\\\/#primaryimage\",\"url\":\"https:\\\/\\\/iraurgiberritzen.eus\\\/wp-content\\\/uploads\\\/2023\\\/09\\\/284abb2acff9fb10e3d31009f15c8be7.jpg\",\"contentUrl\":\"https:\\\/\\\/iraurgiberritzen.eus\\\/wp-content\\\/uploads\\\/2023\\\/09\\\/284abb2acff9fb10e3d31009f15c8be7.jpg\",\"width\":400,\"height\":257},{\"@type\":\"BreadcrumbList\",\"@id\":\"https:\\\/\\\/iraurgiberritzen.eus\\\/es\\\/las-empresas-de-la-comarca-abordan-el-tema-de-los-costes-energeticos\\\/#breadcrumb\",\"itemListElement\":[{\"@type\":\"ListItem\",\"position\":1,\"name\":\"Home\",\"item\":\"https:\\\/\\\/iraurgiberritzen.eus\\\/es\\\/\"},{\"@type\":\"ListItem\",\"position\":2,\"name\":\"Las empresas de la comarca abordan el tema de los Costes Energ\u00e9ticos\"}]},{\"@type\":\"WebSite\",\"@id\":\"https:\\\/\\\/iraurgiberritzen.eus\\\/es\\\/#website\",\"url\":\"https:\\\/\\\/iraurgiberritzen.eus\\\/es\\\/\",\"name\":\"Iraurgi Berritzen\",\"description\":\"Urola Erdiko Garapen Agentzia\",\"publisher\":{\"@id\":\"https:\\\/\\\/iraurgiberritzen.eus\\\/es\\\/#organization\"},\"potentialAction\":[{\"@type\":\"SearchAction\",\"target\":{\"@type\":\"EntryPoint\",\"urlTemplate\":\"https:\\\/\\\/iraurgiberritzen.eus\\\/es\\\/?s={search_term_string}\"},\"query-input\":{\"@type\":\"PropertyValueSpecification\",\"valueRequired\":true,\"valueName\":\"search_term_string\"}}],\"inLanguage\":\"es\"},{\"@type\":\"Organization\",\"@id\":\"https:\\\/\\\/iraurgiberritzen.eus\\\/es\\\/#organization\",\"name\":\"Iraurgi Berritzen\",\"url\":\"https:\\\/\\\/iraurgiberritzen.eus\\\/es\\\/\",\"logo\":{\"@type\":\"ImageObject\",\"inLanguage\":\"es\",\"@id\":\"https:\\\/\\\/iraurgiberritzen.eus\\\/es\\\/#\\\/schema\\\/logo\\\/image\\\/\",\"url\":\"https:\\\/\\\/iraurgiberritzen.eus\\\/wp-content\\\/uploads\\\/2024\\\/02\\\/IRAURGI-BERRITZEN-logotipoa_2.png\",\"contentUrl\":\"https:\\\/\\\/iraurgiberritzen.eus\\\/wp-content\\\/uploads\\\/2024\\\/02\\\/IRAURGI-BERRITZEN-logotipoa_2.png\",\"width\":496,\"height\":190,\"caption\":\"Iraurgi Berritzen\"},\"image\":{\"@id\":\"https:\\\/\\\/iraurgiberritzen.eus\\\/es\\\/#\\\/schema\\\/logo\\\/image\\\/\"}},{\"@type\":\"Person\",\"@id\":\"https:\\\/\\\/iraurgiberritzen.eus\\\/es\\\/#\\\/schema\\\/person\\\/5ab41aaf388a9097177601ebf45738d2\",\"name\":\"kudeatzailea\",\"sameAs\":[\"https:\\\/\\\/iraurgiberritzen.eus\"]}]}<\/script>\n<!-- \/ Yoast SEO plugin. -->","yoast_head_json":{"title":"Las empresas de la comarca abordan el tema de los Costes Energ\u00e9ticos - Iraurgi Berritzen","robots":{"index":"index","follow":"follow","max-snippet":"max-snippet:-1","max-image-preview":"max-image-preview:large","max-video-preview":"max-video-preview:-1"},"canonical":"https:\/\/iraurgiberritzen.eus\/es\/las-empresas-de-la-comarca-abordan-el-tema-de-los-costes-energeticos\/","og_locale":"es_ES","og_type":"article","og_title":"Las empresas de la comarca abordan el tema de los Costes Energ\u00e9ticos - Iraurgi Berritzen","og_description":"Dentro del proyecto UrolEner que Iraurgi Berritzen, y en colaboraci\u00f3n con Txekalde Aholkularitza, se celebr\u00f3, hoy, jueves, 16 de marzo, en el Palacio Basazabal de Azpeitia, la cuarta jornada que se enmarca dentro de la planificaci\u00f3n de todo el proyecto. En esta cuarta sesi\u00f3n de hoy, representantes de las empresas de la comarca que est\u00e1n [&hellip;]","og_url":"https:\/\/iraurgiberritzen.eus\/es\/las-empresas-de-la-comarca-abordan-el-tema-de-los-costes-energeticos\/","og_site_name":"Iraurgi Berritzen","article_published_time":"2023-03-17T08:16:37+00:00","author":"kudeatzailea","twitter_card":"summary_large_image","twitter_misc":{"Escrito por":"kudeatzailea","Tiempo de lectura":"1 minuto"},"schema":{"@context":"https:\/\/schema.org","@graph":[{"@type":"Article","@id":"https:\/\/iraurgiberritzen.eus\/es\/las-empresas-de-la-comarca-abordan-el-tema-de-los-costes-energeticos\/#article","isPartOf":{"@id":"https:\/\/iraurgiberritzen.eus\/es\/las-empresas-de-la-comarca-abordan-el-tema-de-los-costes-energeticos\/"},"author":{"name":"kudeatzailea","@id":"https:\/\/iraurgiberritzen.eus\/es\/#\/schema\/person\/5ab41aaf388a9097177601ebf45738d2"},"headline":"Las empresas de la comarca abordan el tema de los Costes Energ\u00e9ticos","datePublished":"2023-03-17T08:16:37+00:00","mainEntityOfPage":{"@id":"https:\/\/iraurgiberritzen.eus\/es\/las-empresas-de-la-comarca-abordan-el-tema-de-los-costes-energeticos\/"},"wordCount":172,"publisher":{"@id":"https:\/\/iraurgiberritzen.eus\/es\/#organization"},"image":{"@id":"https:\/\/iraurgiberritzen.eus\/es\/las-empresas-de-la-comarca-abordan-el-tema-de-los-costes-energeticos\/#primaryimage"},"thumbnailUrl":"https:\/\/iraurgiberritzen.eus\/wp-content\/uploads\/2023\/09\/284abb2acff9fb10e3d31009f15c8be7.jpg","articleSection":["Noticias"],"inLanguage":"es"},{"@type":"WebPage","@id":"https:\/\/iraurgiberritzen.eus\/es\/las-empresas-de-la-comarca-abordan-el-tema-de-los-costes-energeticos\/","url":"https:\/\/iraurgiberritzen.eus\/es\/las-empresas-de-la-comarca-abordan-el-tema-de-los-costes-energeticos\/","name":"Las empresas de la comarca abordan el tema de los Costes Energ\u00e9ticos - Iraurgi Berritzen","isPartOf":{"@id":"https:\/\/iraurgiberritzen.eus\/es\/#website"},"primaryImageOfPage":{"@id":"https:\/\/iraurgiberritzen.eus\/es\/las-empresas-de-la-comarca-abordan-el-tema-de-los-costes-energeticos\/#primaryimage"},"image":{"@id":"https:\/\/iraurgiberritzen.eus\/es\/las-empresas-de-la-comarca-abordan-el-tema-de-los-costes-energeticos\/#primaryimage"},"thumbnailUrl":"https:\/\/iraurgiberritzen.eus\/wp-content\/uploads\/2023\/09\/284abb2acff9fb10e3d31009f15c8be7.jpg","datePublished":"2023-03-17T08:16:37+00:00","breadcrumb":{"@id":"https:\/\/iraurgiberritzen.eus\/es\/las-empresas-de-la-comarca-abordan-el-tema-de-los-costes-energeticos\/#breadcrumb"},"inLanguage":"es","potentialAction":[{"@type":"ReadAction","target":["https:\/\/iraurgiberritzen.eus\/es\/las-empresas-de-la-comarca-abordan-el-tema-de-los-costes-energeticos\/"]}]},{"@type":"ImageObject","inLanguage":"es","@id":"https:\/\/iraurgiberritzen.eus\/es\/las-empresas-de-la-comarca-abordan-el-tema-de-los-costes-energeticos\/#primaryimage","url":"https:\/\/iraurgiberritzen.eus\/wp-content\/uploads\/2023\/09\/284abb2acff9fb10e3d31009f15c8be7.jpg","contentUrl":"https:\/\/iraurgiberritzen.eus\/wp-content\/uploads\/2023\/09\/284abb2acff9fb10e3d31009f15c8be7.jpg","width":400,"height":257},{"@type":"BreadcrumbList","@id":"https:\/\/iraurgiberritzen.eus\/es\/las-empresas-de-la-comarca-abordan-el-tema-de-los-costes-energeticos\/#breadcrumb","itemListElement":[{"@type":"ListItem","position":1,"name":"Home","item":"https:\/\/iraurgiberritzen.eus\/es\/"},{"@type":"ListItem","position":2,"name":"Las empresas de la comarca abordan el tema de los Costes Energ\u00e9ticos"}]},{"@type":"WebSite","@id":"https:\/\/iraurgiberritzen.eus\/es\/#website","url":"https:\/\/iraurgiberritzen.eus\/es\/","name":"Iraurgi Berritzen","description":"Urola Erdiko Garapen Agentzia","publisher":{"@id":"https:\/\/iraurgiberritzen.eus\/es\/#organization"},"potentialAction":[{"@type":"SearchAction","target":{"@type":"EntryPoint","urlTemplate":"https:\/\/iraurgiberritzen.eus\/es\/?s={search_term_string}"},"query-input":{"@type":"PropertyValueSpecification","valueRequired":true,"valueName":"search_term_string"}}],"inLanguage":"es"},{"@type":"Organization","@id":"https:\/\/iraurgiberritzen.eus\/es\/#organization","name":"Iraurgi Berritzen","url":"https:\/\/iraurgiberritzen.eus\/es\/","logo":{"@type":"ImageObject","inLanguage":"es","@id":"https:\/\/iraurgiberritzen.eus\/es\/#\/schema\/logo\/image\/","url":"https:\/\/iraurgiberritzen.eus\/wp-content\/uploads\/2024\/02\/IRAURGI-BERRITZEN-logotipoa_2.png","contentUrl":"https:\/\/iraurgiberritzen.eus\/wp-content\/uploads\/2024\/02\/IRAURGI-BERRITZEN-logotipoa_2.png","width":496,"height":190,"caption":"Iraurgi Berritzen"},"image":{"@id":"https:\/\/iraurgiberritzen.eus\/es\/#\/schema\/logo\/image\/"}},{"@type":"Person","@id":"https:\/\/iraurgiberritzen.eus\/es\/#\/schema\/person\/5ab41aaf388a9097177601ebf45738d2","name":"kudeatzailea","sameAs":["https:\/\/iraurgiberritzen.eus"]}]}},"_links":{"self":[{"href":"https:\/\/iraurgiberritzen.eus\/es\/wp-json\/wp\/v2\/posts\/14367","targetHints":{"allow":["GET"]}}],"collection":[{"href":"https:\/\/iraurgiberritzen.eus\/es\/wp-json\/wp\/v2\/posts"}],"about":[{"href":"https:\/\/iraurgiberritzen.eus\/es\/wp-json\/wp\/v2\/types\/post"}],"author":[{"embeddable":true,"href":"https:\/\/iraurgiberritzen.eus\/es\/wp-json\/wp\/v2\/users\/1"}],"replies":[{"embeddable":true,"href":"https:\/\/iraurgiberritzen.eus\/es\/wp-json\/wp\/v2\/comments?post=14367"}],"version-history":[{"count":0,"href":"https:\/\/iraurgiberritzen.eus\/es\/wp-json\/wp\/v2\/posts\/14367\/revisions"}],"wp:featuredmedia":[{"embeddable":true,"href":"https:\/\/iraurgiberritzen.eus\/es\/wp-json\/wp\/v2\/media\/17243"}],"wp:attachment":[{"href":"https:\/\/iraurgiberritzen.eus\/es\/wp-json\/wp\/v2\/media?parent=14367"}],"wp:term":[{"taxonomy":"category","embeddable":true,"href":"https:\/\/iraurgiberritzen.eus\/es\/wp-json\/wp\/v2\/categories?post=14367"},{"taxonomy":"post_tag","embeddable":true,"href":"https:\/\/iraurgiberritzen.eus\/es\/wp-json\/wp\/v2\/tags?post=14367"}],"curies":[{"name":"wp","href":"https:\/\/api.w.org\/{rel}","templated":true}]}}