{"id":14370,"date":"2023-03-29T04:54:02","date_gmt":"2023-03-29T02:54:02","guid":{"rendered":"https:\/\/iraurgiberritzen.eus\/izarraitz-lanbide-heziketa-presenta-los-nuevos-ciclos-y-especializaciones-que-ofrecera-durante-el-curso-2023-2024\/"},"modified":"2023-03-29T04:54:02","modified_gmt":"2023-03-29T02:54:02","slug":"izarraitz-lanbide-heziketa-presenta-los-nuevos-ciclos-y-especializaciones-que-ofrecera-durante-el-curso-2023-2024","status":"publish","type":"post","link":"https:\/\/iraurgiberritzen.eus\/es\/izarraitz-lanbide-heziketa-presenta-los-nuevos-ciclos-y-especializaciones-que-ofrecera-durante-el-curso-2023-2024\/","title":{"rendered":"Izarraitz Lanbide Heziketa presenta los nuevos ciclos y especializaciones que ofrecer\u00e1 durante el curso 2023-2024"},"content":{"rendered":"<p style=\"text-align: justify;\">Izarraitz Lanbide Heziketa contin\u00faa ampliando su oferta formativa con nuevas propuestas adaptadas a las necesidades del mercado laboral, as\u00ed como al contexto de la comarca.<\/p>\n<p style=\"text-align: justify;\">En ese camino, estrenar\u00e1 en el curso 2023-2024 el ciclo de grado medio \u00abT\u00e9cnico en Procesamiento y Transformaci\u00f3n de la Madera\u00bb. Es un ciclo nuevo que se impartir\u00e1 por primera vez en Azkoitia, ya que todav\u00eda no se ha puesto en marcha ni en la CAV ni en el estado. Adem\u00e1s, se ofrecer\u00e1n Cursos de Especializaci\u00f3n en Ciberseguridad, bien en entornos de las tecnolog\u00edas de la informaci\u00f3n, o bien en entornos de tecnolog\u00edas de operaci\u00f3n.<\/p>\n<p style=\"text-align: justify;\">Izarraitz Lanbide Heziketa dio ayer a conocer la nueva oferta formativa en un acto, presidido por el director Eduardo Sudupe, y en el que participaron representantes de Iraurgi Berritzen, junto con varios alcaldes, representantes de empresas, agentes y entidades de la comarca.<\/p>\n<p style=\"text-align: justify;\">En el acto de ayer se subray\u00f3 la importancia del trabajo que se realiza en la comarca de la mano de Iraurgi Berritzen, para la detecci\u00f3n de las necesidades y perfiles m\u00e1s demandados por parte de las empresas. Asimismo, se recalc\u00f3 el esfuerzo realizado y el salto cualitativo dado por Izarraitz Lanbide Heziketa durante estos \u00faltimos a\u00f1os, y m\u00e1s concretamente, desde que iniciara su andadura en 2017 como centro de Formaci\u00f3n Profesional tras la escisi\u00f3n de Urola Ikastola Azkoitia-Azpeitia BHI. El centro trabaja con el objetivo de equiparar la cualificaci\u00f3n del alumnado al perfil de personas trabajadoras que demandan las empresas, y de actualizar y ampliar la oferta formativa. Seg\u00fan se\u00f1al\u00f3 el director Eduardo Sudupe, el centro cuenta actualmente con 205 alumnos, y 142 de ellos son de la comarca. En cuanto a g\u00e9nero, 134 son hombres y 71, mujeres. Desde 2017 hasta hoy han pasado de tener seis ciclos formativos a once, m\u00e1s dos cursos de especializaci\u00f3n.<\/p>\n<p style=\"text-align: justify;\">En ese camino, y con la colaboraci\u00f3n de Iraurgi Berritzen, el centro puso en marcha el ciclo en Atenci\u00f3n a Personas en Situaci\u00f3n de Dependencia. En 2018, lleg\u00f3 Mecatr\u00f3nica Industrial. Posteriormente, la oferta se reforz\u00f3 con el ciclo de Integraci\u00f3n Social, y ahora se suma la formaci\u00f3n en torno a la madera y a la ciberseguridad.<\/p>\n<p style=\"text-align: justify;\">El acto cont\u00f3 con la presencia de aizkolaris como s\u00edmbolo de la importancia que tiene la madera como material en nuestra comarca.<\/p>\n","protected":false},"excerpt":{"rendered":"<p>Izarraitz Lanbide Heziketa contin\u00faa ampliando su oferta formativa con nuevas propuestas adaptadas a las necesidades del mercado laboral, as\u00ed como al contexto de la comarca. En ese camino, estrenar\u00e1 en el curso 2023-2024 el ciclo de grado medio \u00abT\u00e9cnico en Procesamiento y Transformaci\u00f3n de la Madera\u00bb. Es un ciclo nuevo que se impartir\u00e1 por primera [&hellip;]<\/p>\n","protected":false},"author":1,"featured_media":17244,"comment_status":"","ping_status":"closed","sticky":false,"template":"","format":"standard","meta":{"_acf_changed":false,"footnotes":""},"categories":[4],"tags":[],"class_list":["post-14370","post","type-post","status-publish","format-standard","has-post-thumbnail","hentry","category-noticias"],"acf":[],"yoast_head":"<!-- This site is optimized with the Yoast SEO plugin v27.4 - https:\/\/yoast.com\/product\/yoast-seo-wordpress\/ -->\n<title>Izarraitz Lanbide Heziketa presenta los nuevos ciclos y especializaciones que ofrecer\u00e1 durante el curso 2023-2024 - Iraurgi Berritzen<\/title>\n<meta name=\"robots\" content=\"index, follow, max-snippet:-1, max-image-preview:large, max-video-preview:-1\" \/>\n<link rel=\"canonical\" href=\"https:\/\/iraurgiberritzen.eus\/es\/izarraitz-lanbide-heziketa-presenta-los-nuevos-ciclos-y-especializaciones-que-ofrecera-durante-el-curso-2023-2024\/\" \/>\n<meta property=\"og:locale\" content=\"es_ES\" \/>\n<meta property=\"og:type\" content=\"article\" \/>\n<meta property=\"og:title\" content=\"Izarraitz Lanbide Heziketa presenta los nuevos ciclos y especializaciones que ofrecer\u00e1 durante el curso 2023-2024 - Iraurgi Berritzen\" \/>\n<meta property=\"og:description\" content=\"Izarraitz Lanbide Heziketa contin\u00faa ampliando su oferta formativa con nuevas propuestas adaptadas a las necesidades del mercado laboral, as\u00ed como al contexto de la comarca. En ese camino, estrenar\u00e1 en el curso 2023-2024 el ciclo de grado medio \u00abT\u00e9cnico en Procesamiento y Transformaci\u00f3n de la Madera\u00bb. Es un ciclo nuevo que se impartir\u00e1 por primera [&hellip;]\" \/>\n<meta property=\"og:url\" content=\"https:\/\/iraurgiberritzen.eus\/es\/izarraitz-lanbide-heziketa-presenta-los-nuevos-ciclos-y-especializaciones-que-ofrecera-durante-el-curso-2023-2024\/\" \/>\n<meta property=\"og:site_name\" content=\"Iraurgi Berritzen\" \/>\n<meta property=\"article:published_time\" content=\"2023-03-29T02:54:02+00:00\" \/>\n<meta name=\"author\" content=\"kudeatzailea\" \/>\n<meta name=\"twitter:card\" content=\"summary_large_image\" \/>\n<meta name=\"twitter:label1\" content=\"Escrito por\" \/>\n\t<meta name=\"twitter:data1\" content=\"kudeatzailea\" \/>\n\t<meta name=\"twitter:label2\" content=\"Tiempo de lectura\" \/>\n\t<meta name=\"twitter:data2\" content=\"2 minutos\" \/>\n<script type=\"application\/ld+json\" class=\"yoast-schema-graph\">{\"@context\":\"https:\\\/\\\/schema.org\",\"@graph\":[{\"@type\":\"Article\",\"@id\":\"https:\\\/\\\/iraurgiberritzen.eus\\\/es\\\/izarraitz-lanbide-heziketa-presenta-los-nuevos-ciclos-y-especializaciones-que-ofrecera-durante-el-curso-2023-2024\\\/#article\",\"isPartOf\":{\"@id\":\"https:\\\/\\\/iraurgiberritzen.eus\\\/es\\\/izarraitz-lanbide-heziketa-presenta-los-nuevos-ciclos-y-especializaciones-que-ofrecera-durante-el-curso-2023-2024\\\/\"},\"author\":{\"name\":\"kudeatzailea\",\"@id\":\"https:\\\/\\\/iraurgiberritzen.eus\\\/es\\\/#\\\/schema\\\/person\\\/5ab41aaf388a9097177601ebf45738d2\"},\"headline\":\"Izarraitz Lanbide Heziketa presenta los nuevos ciclos y especializaciones que ofrecer\u00e1 durante el curso 2023-2024\",\"datePublished\":\"2023-03-29T02:54:02+00:00\",\"mainEntityOfPage\":{\"@id\":\"https:\\\/\\\/iraurgiberritzen.eus\\\/es\\\/izarraitz-lanbide-heziketa-presenta-los-nuevos-ciclos-y-especializaciones-que-ofrecera-durante-el-curso-2023-2024\\\/\"},\"wordCount\":416,\"publisher\":{\"@id\":\"https:\\\/\\\/iraurgiberritzen.eus\\\/es\\\/#organization\"},\"image\":{\"@id\":\"https:\\\/\\\/iraurgiberritzen.eus\\\/es\\\/izarraitz-lanbide-heziketa-presenta-los-nuevos-ciclos-y-especializaciones-que-ofrecera-durante-el-curso-2023-2024\\\/#primaryimage\"},\"thumbnailUrl\":\"https:\\\/\\\/iraurgiberritzen.eus\\\/wp-content\\\/uploads\\\/2023\\\/09\\\/ab62275605c41a191b9e46f582304ada.jpg\",\"articleSection\":[\"Noticias\"],\"inLanguage\":\"es\"},{\"@type\":\"WebPage\",\"@id\":\"https:\\\/\\\/iraurgiberritzen.eus\\\/es\\\/izarraitz-lanbide-heziketa-presenta-los-nuevos-ciclos-y-especializaciones-que-ofrecera-durante-el-curso-2023-2024\\\/\",\"url\":\"https:\\\/\\\/iraurgiberritzen.eus\\\/es\\\/izarraitz-lanbide-heziketa-presenta-los-nuevos-ciclos-y-especializaciones-que-ofrecera-durante-el-curso-2023-2024\\\/\",\"name\":\"Izarraitz Lanbide Heziketa presenta los nuevos ciclos y especializaciones que ofrecer\u00e1 durante el curso 2023-2024 - Iraurgi Berritzen\",\"isPartOf\":{\"@id\":\"https:\\\/\\\/iraurgiberritzen.eus\\\/es\\\/#website\"},\"primaryImageOfPage\":{\"@id\":\"https:\\\/\\\/iraurgiberritzen.eus\\\/es\\\/izarraitz-lanbide-heziketa-presenta-los-nuevos-ciclos-y-especializaciones-que-ofrecera-durante-el-curso-2023-2024\\\/#primaryimage\"},\"image\":{\"@id\":\"https:\\\/\\\/iraurgiberritzen.eus\\\/es\\\/izarraitz-lanbide-heziketa-presenta-los-nuevos-ciclos-y-especializaciones-que-ofrecera-durante-el-curso-2023-2024\\\/#primaryimage\"},\"thumbnailUrl\":\"https:\\\/\\\/iraurgiberritzen.eus\\\/wp-content\\\/uploads\\\/2023\\\/09\\\/ab62275605c41a191b9e46f582304ada.jpg\",\"datePublished\":\"2023-03-29T02:54:02+00:00\",\"breadcrumb\":{\"@id\":\"https:\\\/\\\/iraurgiberritzen.eus\\\/es\\\/izarraitz-lanbide-heziketa-presenta-los-nuevos-ciclos-y-especializaciones-que-ofrecera-durante-el-curso-2023-2024\\\/#breadcrumb\"},\"inLanguage\":\"es\",\"potentialAction\":[{\"@type\":\"ReadAction\",\"target\":[\"https:\\\/\\\/iraurgiberritzen.eus\\\/es\\\/izarraitz-lanbide-heziketa-presenta-los-nuevos-ciclos-y-especializaciones-que-ofrecera-durante-el-curso-2023-2024\\\/\"]}]},{\"@type\":\"ImageObject\",\"inLanguage\":\"es\",\"@id\":\"https:\\\/\\\/iraurgiberritzen.eus\\\/es\\\/izarraitz-lanbide-heziketa-presenta-los-nuevos-ciclos-y-especializaciones-que-ofrecera-durante-el-curso-2023-2024\\\/#primaryimage\",\"url\":\"https:\\\/\\\/iraurgiberritzen.eus\\\/wp-content\\\/uploads\\\/2023\\\/09\\\/ab62275605c41a191b9e46f582304ada.jpg\",\"contentUrl\":\"https:\\\/\\\/iraurgiberritzen.eus\\\/wp-content\\\/uploads\\\/2023\\\/09\\\/ab62275605c41a191b9e46f582304ada.jpg\",\"width\":400,\"height\":257},{\"@type\":\"BreadcrumbList\",\"@id\":\"https:\\\/\\\/iraurgiberritzen.eus\\\/es\\\/izarraitz-lanbide-heziketa-presenta-los-nuevos-ciclos-y-especializaciones-que-ofrecera-durante-el-curso-2023-2024\\\/#breadcrumb\",\"itemListElement\":[{\"@type\":\"ListItem\",\"position\":1,\"name\":\"Home\",\"item\":\"https:\\\/\\\/iraurgiberritzen.eus\\\/es\\\/\"},{\"@type\":\"ListItem\",\"position\":2,\"name\":\"Izarraitz Lanbide Heziketa presenta los nuevos ciclos y especializaciones que ofrecer\u00e1 durante el curso 2023-2024\"}]},{\"@type\":\"WebSite\",\"@id\":\"https:\\\/\\\/iraurgiberritzen.eus\\\/es\\\/#website\",\"url\":\"https:\\\/\\\/iraurgiberritzen.eus\\\/es\\\/\",\"name\":\"Iraurgi Berritzen\",\"description\":\"Urola Erdiko Garapen Agentzia\",\"publisher\":{\"@id\":\"https:\\\/\\\/iraurgiberritzen.eus\\\/es\\\/#organization\"},\"potentialAction\":[{\"@type\":\"SearchAction\",\"target\":{\"@type\":\"EntryPoint\",\"urlTemplate\":\"https:\\\/\\\/iraurgiberritzen.eus\\\/es\\\/?s={search_term_string}\"},\"query-input\":{\"@type\":\"PropertyValueSpecification\",\"valueRequired\":true,\"valueName\":\"search_term_string\"}}],\"inLanguage\":\"es\"},{\"@type\":\"Organization\",\"@id\":\"https:\\\/\\\/iraurgiberritzen.eus\\\/es\\\/#organization\",\"name\":\"Iraurgi Berritzen\",\"url\":\"https:\\\/\\\/iraurgiberritzen.eus\\\/es\\\/\",\"logo\":{\"@type\":\"ImageObject\",\"inLanguage\":\"es\",\"@id\":\"https:\\\/\\\/iraurgiberritzen.eus\\\/es\\\/#\\\/schema\\\/logo\\\/image\\\/\",\"url\":\"https:\\\/\\\/iraurgiberritzen.eus\\\/wp-content\\\/uploads\\\/2024\\\/02\\\/IRAURGI-BERRITZEN-logotipoa_2.png\",\"contentUrl\":\"https:\\\/\\\/iraurgiberritzen.eus\\\/wp-content\\\/uploads\\\/2024\\\/02\\\/IRAURGI-BERRITZEN-logotipoa_2.png\",\"width\":496,\"height\":190,\"caption\":\"Iraurgi Berritzen\"},\"image\":{\"@id\":\"https:\\\/\\\/iraurgiberritzen.eus\\\/es\\\/#\\\/schema\\\/logo\\\/image\\\/\"}},{\"@type\":\"Person\",\"@id\":\"https:\\\/\\\/iraurgiberritzen.eus\\\/es\\\/#\\\/schema\\\/person\\\/5ab41aaf388a9097177601ebf45738d2\",\"name\":\"kudeatzailea\",\"sameAs\":[\"https:\\\/\\\/iraurgiberritzen.eus\"]}]}<\/script>\n<!-- \/ Yoast SEO plugin. -->","yoast_head_json":{"title":"Izarraitz Lanbide Heziketa presenta los nuevos ciclos y especializaciones que ofrecer\u00e1 durante el curso 2023-2024 - Iraurgi Berritzen","robots":{"index":"index","follow":"follow","max-snippet":"max-snippet:-1","max-image-preview":"max-image-preview:large","max-video-preview":"max-video-preview:-1"},"canonical":"https:\/\/iraurgiberritzen.eus\/es\/izarraitz-lanbide-heziketa-presenta-los-nuevos-ciclos-y-especializaciones-que-ofrecera-durante-el-curso-2023-2024\/","og_locale":"es_ES","og_type":"article","og_title":"Izarraitz Lanbide Heziketa presenta los nuevos ciclos y especializaciones que ofrecer\u00e1 durante el curso 2023-2024 - Iraurgi Berritzen","og_description":"Izarraitz Lanbide Heziketa contin\u00faa ampliando su oferta formativa con nuevas propuestas adaptadas a las necesidades del mercado laboral, as\u00ed como al contexto de la comarca. En ese camino, estrenar\u00e1 en el curso 2023-2024 el ciclo de grado medio \u00abT\u00e9cnico en Procesamiento y Transformaci\u00f3n de la Madera\u00bb. Es un ciclo nuevo que se impartir\u00e1 por primera [&hellip;]","og_url":"https:\/\/iraurgiberritzen.eus\/es\/izarraitz-lanbide-heziketa-presenta-los-nuevos-ciclos-y-especializaciones-que-ofrecera-durante-el-curso-2023-2024\/","og_site_name":"Iraurgi Berritzen","article_published_time":"2023-03-29T02:54:02+00:00","author":"kudeatzailea","twitter_card":"summary_large_image","twitter_misc":{"Escrito por":"kudeatzailea","Tiempo de lectura":"2 minutos"},"schema":{"@context":"https:\/\/schema.org","@graph":[{"@type":"Article","@id":"https:\/\/iraurgiberritzen.eus\/es\/izarraitz-lanbide-heziketa-presenta-los-nuevos-ciclos-y-especializaciones-que-ofrecera-durante-el-curso-2023-2024\/#article","isPartOf":{"@id":"https:\/\/iraurgiberritzen.eus\/es\/izarraitz-lanbide-heziketa-presenta-los-nuevos-ciclos-y-especializaciones-que-ofrecera-durante-el-curso-2023-2024\/"},"author":{"name":"kudeatzailea","@id":"https:\/\/iraurgiberritzen.eus\/es\/#\/schema\/person\/5ab41aaf388a9097177601ebf45738d2"},"headline":"Izarraitz Lanbide Heziketa presenta los nuevos ciclos y especializaciones que ofrecer\u00e1 durante el curso 2023-2024","datePublished":"2023-03-29T02:54:02+00:00","mainEntityOfPage":{"@id":"https:\/\/iraurgiberritzen.eus\/es\/izarraitz-lanbide-heziketa-presenta-los-nuevos-ciclos-y-especializaciones-que-ofrecera-durante-el-curso-2023-2024\/"},"wordCount":416,"publisher":{"@id":"https:\/\/iraurgiberritzen.eus\/es\/#organization"},"image":{"@id":"https:\/\/iraurgiberritzen.eus\/es\/izarraitz-lanbide-heziketa-presenta-los-nuevos-ciclos-y-especializaciones-que-ofrecera-durante-el-curso-2023-2024\/#primaryimage"},"thumbnailUrl":"https:\/\/iraurgiberritzen.eus\/wp-content\/uploads\/2023\/09\/ab62275605c41a191b9e46f582304ada.jpg","articleSection":["Noticias"],"inLanguage":"es"},{"@type":"WebPage","@id":"https:\/\/iraurgiberritzen.eus\/es\/izarraitz-lanbide-heziketa-presenta-los-nuevos-ciclos-y-especializaciones-que-ofrecera-durante-el-curso-2023-2024\/","url":"https:\/\/iraurgiberritzen.eus\/es\/izarraitz-lanbide-heziketa-presenta-los-nuevos-ciclos-y-especializaciones-que-ofrecera-durante-el-curso-2023-2024\/","name":"Izarraitz Lanbide Heziketa presenta los nuevos ciclos y especializaciones que ofrecer\u00e1 durante el curso 2023-2024 - Iraurgi Berritzen","isPartOf":{"@id":"https:\/\/iraurgiberritzen.eus\/es\/#website"},"primaryImageOfPage":{"@id":"https:\/\/iraurgiberritzen.eus\/es\/izarraitz-lanbide-heziketa-presenta-los-nuevos-ciclos-y-especializaciones-que-ofrecera-durante-el-curso-2023-2024\/#primaryimage"},"image":{"@id":"https:\/\/iraurgiberritzen.eus\/es\/izarraitz-lanbide-heziketa-presenta-los-nuevos-ciclos-y-especializaciones-que-ofrecera-durante-el-curso-2023-2024\/#primaryimage"},"thumbnailUrl":"https:\/\/iraurgiberritzen.eus\/wp-content\/uploads\/2023\/09\/ab62275605c41a191b9e46f582304ada.jpg","datePublished":"2023-03-29T02:54:02+00:00","breadcrumb":{"@id":"https:\/\/iraurgiberritzen.eus\/es\/izarraitz-lanbide-heziketa-presenta-los-nuevos-ciclos-y-especializaciones-que-ofrecera-durante-el-curso-2023-2024\/#breadcrumb"},"inLanguage":"es","potentialAction":[{"@type":"ReadAction","target":["https:\/\/iraurgiberritzen.eus\/es\/izarraitz-lanbide-heziketa-presenta-los-nuevos-ciclos-y-especializaciones-que-ofrecera-durante-el-curso-2023-2024\/"]}]},{"@type":"ImageObject","inLanguage":"es","@id":"https:\/\/iraurgiberritzen.eus\/es\/izarraitz-lanbide-heziketa-presenta-los-nuevos-ciclos-y-especializaciones-que-ofrecera-durante-el-curso-2023-2024\/#primaryimage","url":"https:\/\/iraurgiberritzen.eus\/wp-content\/uploads\/2023\/09\/ab62275605c41a191b9e46f582304ada.jpg","contentUrl":"https:\/\/iraurgiberritzen.eus\/wp-content\/uploads\/2023\/09\/ab62275605c41a191b9e46f582304ada.jpg","width":400,"height":257},{"@type":"BreadcrumbList","@id":"https:\/\/iraurgiberritzen.eus\/es\/izarraitz-lanbide-heziketa-presenta-los-nuevos-ciclos-y-especializaciones-que-ofrecera-durante-el-curso-2023-2024\/#breadcrumb","itemListElement":[{"@type":"ListItem","position":1,"name":"Home","item":"https:\/\/iraurgiberritzen.eus\/es\/"},{"@type":"ListItem","position":2,"name":"Izarraitz Lanbide Heziketa presenta los nuevos ciclos y especializaciones que ofrecer\u00e1 durante el curso 2023-2024"}]},{"@type":"WebSite","@id":"https:\/\/iraurgiberritzen.eus\/es\/#website","url":"https:\/\/iraurgiberritzen.eus\/es\/","name":"Iraurgi Berritzen","description":"Urola Erdiko Garapen Agentzia","publisher":{"@id":"https:\/\/iraurgiberritzen.eus\/es\/#organization"},"potentialAction":[{"@type":"SearchAction","target":{"@type":"EntryPoint","urlTemplate":"https:\/\/iraurgiberritzen.eus\/es\/?s={search_term_string}"},"query-input":{"@type":"PropertyValueSpecification","valueRequired":true,"valueName":"search_term_string"}}],"inLanguage":"es"},{"@type":"Organization","@id":"https:\/\/iraurgiberritzen.eus\/es\/#organization","name":"Iraurgi Berritzen","url":"https:\/\/iraurgiberritzen.eus\/es\/","logo":{"@type":"ImageObject","inLanguage":"es","@id":"https:\/\/iraurgiberritzen.eus\/es\/#\/schema\/logo\/image\/","url":"https:\/\/iraurgiberritzen.eus\/wp-content\/uploads\/2024\/02\/IRAURGI-BERRITZEN-logotipoa_2.png","contentUrl":"https:\/\/iraurgiberritzen.eus\/wp-content\/uploads\/2024\/02\/IRAURGI-BERRITZEN-logotipoa_2.png","width":496,"height":190,"caption":"Iraurgi Berritzen"},"image":{"@id":"https:\/\/iraurgiberritzen.eus\/es\/#\/schema\/logo\/image\/"}},{"@type":"Person","@id":"https:\/\/iraurgiberritzen.eus\/es\/#\/schema\/person\/5ab41aaf388a9097177601ebf45738d2","name":"kudeatzailea","sameAs":["https:\/\/iraurgiberritzen.eus"]}]}},"_links":{"self":[{"href":"https:\/\/iraurgiberritzen.eus\/es\/wp-json\/wp\/v2\/posts\/14370","targetHints":{"allow":["GET"]}}],"collection":[{"href":"https:\/\/iraurgiberritzen.eus\/es\/wp-json\/wp\/v2\/posts"}],"about":[{"href":"https:\/\/iraurgiberritzen.eus\/es\/wp-json\/wp\/v2\/types\/post"}],"author":[{"embeddable":true,"href":"https:\/\/iraurgiberritzen.eus\/es\/wp-json\/wp\/v2\/users\/1"}],"replies":[{"embeddable":true,"href":"https:\/\/iraurgiberritzen.eus\/es\/wp-json\/wp\/v2\/comments?post=14370"}],"version-history":[{"count":0,"href":"https:\/\/iraurgiberritzen.eus\/es\/wp-json\/wp\/v2\/posts\/14370\/revisions"}],"wp:featuredmedia":[{"embeddable":true,"href":"https:\/\/iraurgiberritzen.eus\/es\/wp-json\/wp\/v2\/media\/17244"}],"wp:attachment":[{"href":"https:\/\/iraurgiberritzen.eus\/es\/wp-json\/wp\/v2\/media?parent=14370"}],"wp:term":[{"taxonomy":"category","embeddable":true,"href":"https:\/\/iraurgiberritzen.eus\/es\/wp-json\/wp\/v2\/categories?post=14370"},{"taxonomy":"post_tag","embeddable":true,"href":"https:\/\/iraurgiberritzen.eus\/es\/wp-json\/wp\/v2\/tags?post=14370"}],"curies":[{"name":"wp","href":"https:\/\/api.w.org\/{rel}","templated":true}]}}