{"id":14376,"date":"2023-03-22T11:42:02","date_gmt":"2023-03-22T09:42:02","guid":{"rendered":"https:\/\/iraurgiberritzen.eus\/saltokitik-enpresara-2023-el-reto-del-comercio\/"},"modified":"2023-03-22T11:42:02","modified_gmt":"2023-03-22T09:42:02","slug":"saltokitik-enpresara-2023-el-reto-del-comercio","status":"publish","type":"post","link":"https:\/\/iraurgiberritzen.eus\/es\/saltokitik-enpresara-2023-el-reto-del-comercio\/","title":{"rendered":"Saltokitik Enpresara 2023: el reto del comercio"},"content":{"rendered":"<p style=\"text-align: justify;\">En la actual situaci\u00f3n de incertidumbre, no es suficiente con tener un producto atractivo, tambi\u00e9n hay otros elementos que hay que controlar, como el margen comercial, las compras, etc.<\/p>\n<p style=\"text-align: justify;\">Siendo esto as\u00ed, el Gobierno Vasco, al igual que viene haciendo en los \u00faltimos a\u00f1os, ha activado para este a\u00f1o el programa SALTOKITIK ENPRESARA. El programa est\u00e1 financiado al 100% por el Departamento de Comercio, Consumo y Turismo del Gobierno Vasco.<\/p>\n<p style=\"text-align: justify;\">Que es Saltokitik enpresara? Programa de asesoramiento experto especialmente dirigido a establecimientos con actividad comercial. Pero \u00bfen qu\u00e9 se basa el programa? Son sesiones de asesoramiento que tienen como objetivo, la introducci\u00f3n de mejoras en la gesti\u00f3n y competitividad del comercio, con aplicaciones reales. \u00bfQu\u00e9 se trabaja en \u00e9l? La situaci\u00f3n del establecimiento con respecto a la clientela, la competencia, el mercado, herramientas de gesti\u00f3n (gesti\u00f3n econ\u00f3mica, compras), planificaci\u00f3n.<\/p>\n<p style=\"text-align: justify;\">\u00bfC\u00f3mo se trabajar\u00e1? A trav\u00e9s de 7 sesiones individuales por establecimiento y 3 sesiones de trabajo en grupo.<\/p>\n<p style=\"text-align: justify;\">Las sesiones estar\u00e1n adaptadas al horario de los comerciantes.<\/p>\n<p style=\"text-align: justify;\">Si est\u00e1 interesado en participar o ampliar informaci\u00f3n, p\u00f3ngase en contacto con su asociaci\u00f3n o si no es miembro, p\u00f3ngase en contacto con Iraurgi Berritzen. Personas de contacto: Herrixen, Asociaci\u00f3n de Comerciantes de Azkoitia &#8211; Sara Rodriguez 608313024, Bertan, Asociaci\u00f3n de Comerciantes de Azpeitia &#8211; Xabier Aldalur 68823944, Iraurgi Berritzen, Agencia de Desarrollo e Innovaci\u00f3n de Urola Erdia &#8211; Alazne Larra\u00f1aga 688718777.<\/p>\n<p>Plazo de inscripci\u00f3n: 17 de Abril.<\/p>\n","protected":false},"excerpt":{"rendered":"<p>En la actual situaci\u00f3n de incertidumbre, no es suficiente con tener un producto atractivo, tambi\u00e9n hay otros elementos que hay que controlar, como el margen comercial, las compras, etc. Siendo esto as\u00ed, el Gobierno Vasco, al igual que viene haciendo en los \u00faltimos a\u00f1os, ha activado para este a\u00f1o el programa SALTOKITIK ENPRESARA. El programa [&hellip;]<\/p>\n","protected":false},"author":1,"featured_media":17246,"comment_status":"","ping_status":"closed","sticky":false,"template":"","format":"standard","meta":{"_acf_changed":false,"footnotes":""},"categories":[4],"tags":[],"class_list":["post-14376","post","type-post","status-publish","format-standard","has-post-thumbnail","hentry","category-noticias"],"acf":[],"yoast_head":"<!-- This site is optimized with the Yoast SEO plugin v27.4 - https:\/\/yoast.com\/product\/yoast-seo-wordpress\/ -->\n<title>Saltokitik Enpresara 2023: el reto del comercio - Iraurgi Berritzen<\/title>\n<meta name=\"robots\" content=\"index, follow, max-snippet:-1, max-image-preview:large, max-video-preview:-1\" \/>\n<link rel=\"canonical\" href=\"https:\/\/iraurgiberritzen.eus\/es\/saltokitik-enpresara-2023-el-reto-del-comercio\/\" \/>\n<meta property=\"og:locale\" content=\"es_ES\" \/>\n<meta property=\"og:type\" content=\"article\" \/>\n<meta property=\"og:title\" content=\"Saltokitik Enpresara 2023: el reto del comercio - Iraurgi Berritzen\" \/>\n<meta property=\"og:description\" content=\"En la actual situaci\u00f3n de incertidumbre, no es suficiente con tener un producto atractivo, tambi\u00e9n hay otros elementos que hay que controlar, como el margen comercial, las compras, etc. Siendo esto as\u00ed, el Gobierno Vasco, al igual que viene haciendo en los \u00faltimos a\u00f1os, ha activado para este a\u00f1o el programa SALTOKITIK ENPRESARA. El programa [&hellip;]\" \/>\n<meta property=\"og:url\" content=\"https:\/\/iraurgiberritzen.eus\/es\/saltokitik-enpresara-2023-el-reto-del-comercio\/\" \/>\n<meta property=\"og:site_name\" content=\"Iraurgi Berritzen\" \/>\n<meta property=\"article:published_time\" content=\"2023-03-22T09:42:02+00:00\" \/>\n<meta name=\"author\" content=\"kudeatzailea\" \/>\n<meta name=\"twitter:card\" content=\"summary_large_image\" \/>\n<meta name=\"twitter:label1\" content=\"Escrito por\" \/>\n\t<meta name=\"twitter:data1\" content=\"kudeatzailea\" \/>\n\t<meta name=\"twitter:label2\" content=\"Tiempo de lectura\" \/>\n\t<meta name=\"twitter:data2\" content=\"1 minuto\" \/>\n<script type=\"application\/ld+json\" class=\"yoast-schema-graph\">{\"@context\":\"https:\\\/\\\/schema.org\",\"@graph\":[{\"@type\":\"Article\",\"@id\":\"https:\\\/\\\/iraurgiberritzen.eus\\\/es\\\/saltokitik-enpresara-2023-el-reto-del-comercio\\\/#article\",\"isPartOf\":{\"@id\":\"https:\\\/\\\/iraurgiberritzen.eus\\\/es\\\/saltokitik-enpresara-2023-el-reto-del-comercio\\\/\"},\"author\":{\"name\":\"kudeatzailea\",\"@id\":\"https:\\\/\\\/iraurgiberritzen.eus\\\/es\\\/#\\\/schema\\\/person\\\/5ab41aaf388a9097177601ebf45738d2\"},\"headline\":\"Saltokitik Enpresara 2023: el reto del comercio\",\"datePublished\":\"2023-03-22T09:42:02+00:00\",\"mainEntityOfPage\":{\"@id\":\"https:\\\/\\\/iraurgiberritzen.eus\\\/es\\\/saltokitik-enpresara-2023-el-reto-del-comercio\\\/\"},\"wordCount\":256,\"publisher\":{\"@id\":\"https:\\\/\\\/iraurgiberritzen.eus\\\/es\\\/#organization\"},\"image\":{\"@id\":\"https:\\\/\\\/iraurgiberritzen.eus\\\/es\\\/saltokitik-enpresara-2023-el-reto-del-comercio\\\/#primaryimage\"},\"thumbnailUrl\":\"https:\\\/\\\/iraurgiberritzen.eus\\\/wp-content\\\/uploads\\\/2023\\\/09\\\/8d5d92268957d54463f5c93c0ce4c544.jpg\",\"articleSection\":[\"Noticias\"],\"inLanguage\":\"es\"},{\"@type\":\"WebPage\",\"@id\":\"https:\\\/\\\/iraurgiberritzen.eus\\\/es\\\/saltokitik-enpresara-2023-el-reto-del-comercio\\\/\",\"url\":\"https:\\\/\\\/iraurgiberritzen.eus\\\/es\\\/saltokitik-enpresara-2023-el-reto-del-comercio\\\/\",\"name\":\"Saltokitik Enpresara 2023: el reto del comercio - Iraurgi Berritzen\",\"isPartOf\":{\"@id\":\"https:\\\/\\\/iraurgiberritzen.eus\\\/es\\\/#website\"},\"primaryImageOfPage\":{\"@id\":\"https:\\\/\\\/iraurgiberritzen.eus\\\/es\\\/saltokitik-enpresara-2023-el-reto-del-comercio\\\/#primaryimage\"},\"image\":{\"@id\":\"https:\\\/\\\/iraurgiberritzen.eus\\\/es\\\/saltokitik-enpresara-2023-el-reto-del-comercio\\\/#primaryimage\"},\"thumbnailUrl\":\"https:\\\/\\\/iraurgiberritzen.eus\\\/wp-content\\\/uploads\\\/2023\\\/09\\\/8d5d92268957d54463f5c93c0ce4c544.jpg\",\"datePublished\":\"2023-03-22T09:42:02+00:00\",\"breadcrumb\":{\"@id\":\"https:\\\/\\\/iraurgiberritzen.eus\\\/es\\\/saltokitik-enpresara-2023-el-reto-del-comercio\\\/#breadcrumb\"},\"inLanguage\":\"es\",\"potentialAction\":[{\"@type\":\"ReadAction\",\"target\":[\"https:\\\/\\\/iraurgiberritzen.eus\\\/es\\\/saltokitik-enpresara-2023-el-reto-del-comercio\\\/\"]}]},{\"@type\":\"ImageObject\",\"inLanguage\":\"es\",\"@id\":\"https:\\\/\\\/iraurgiberritzen.eus\\\/es\\\/saltokitik-enpresara-2023-el-reto-del-comercio\\\/#primaryimage\",\"url\":\"https:\\\/\\\/iraurgiberritzen.eus\\\/wp-content\\\/uploads\\\/2023\\\/09\\\/8d5d92268957d54463f5c93c0ce4c544.jpg\",\"contentUrl\":\"https:\\\/\\\/iraurgiberritzen.eus\\\/wp-content\\\/uploads\\\/2023\\\/09\\\/8d5d92268957d54463f5c93c0ce4c544.jpg\",\"width\":400,\"height\":257},{\"@type\":\"BreadcrumbList\",\"@id\":\"https:\\\/\\\/iraurgiberritzen.eus\\\/es\\\/saltokitik-enpresara-2023-el-reto-del-comercio\\\/#breadcrumb\",\"itemListElement\":[{\"@type\":\"ListItem\",\"position\":1,\"name\":\"Home\",\"item\":\"https:\\\/\\\/iraurgiberritzen.eus\\\/es\\\/\"},{\"@type\":\"ListItem\",\"position\":2,\"name\":\"Saltokitik Enpresara 2023: el reto del comercio\"}]},{\"@type\":\"WebSite\",\"@id\":\"https:\\\/\\\/iraurgiberritzen.eus\\\/es\\\/#website\",\"url\":\"https:\\\/\\\/iraurgiberritzen.eus\\\/es\\\/\",\"name\":\"Iraurgi Berritzen\",\"description\":\"Urola Erdiko Garapen Agentzia\",\"publisher\":{\"@id\":\"https:\\\/\\\/iraurgiberritzen.eus\\\/es\\\/#organization\"},\"potentialAction\":[{\"@type\":\"SearchAction\",\"target\":{\"@type\":\"EntryPoint\",\"urlTemplate\":\"https:\\\/\\\/iraurgiberritzen.eus\\\/es\\\/?s={search_term_string}\"},\"query-input\":{\"@type\":\"PropertyValueSpecification\",\"valueRequired\":true,\"valueName\":\"search_term_string\"}}],\"inLanguage\":\"es\"},{\"@type\":\"Organization\",\"@id\":\"https:\\\/\\\/iraurgiberritzen.eus\\\/es\\\/#organization\",\"name\":\"Iraurgi Berritzen\",\"url\":\"https:\\\/\\\/iraurgiberritzen.eus\\\/es\\\/\",\"logo\":{\"@type\":\"ImageObject\",\"inLanguage\":\"es\",\"@id\":\"https:\\\/\\\/iraurgiberritzen.eus\\\/es\\\/#\\\/schema\\\/logo\\\/image\\\/\",\"url\":\"https:\\\/\\\/iraurgiberritzen.eus\\\/wp-content\\\/uploads\\\/2024\\\/02\\\/IRAURGI-BERRITZEN-logotipoa_2.png\",\"contentUrl\":\"https:\\\/\\\/iraurgiberritzen.eus\\\/wp-content\\\/uploads\\\/2024\\\/02\\\/IRAURGI-BERRITZEN-logotipoa_2.png\",\"width\":496,\"height\":190,\"caption\":\"Iraurgi Berritzen\"},\"image\":{\"@id\":\"https:\\\/\\\/iraurgiberritzen.eus\\\/es\\\/#\\\/schema\\\/logo\\\/image\\\/\"}},{\"@type\":\"Person\",\"@id\":\"https:\\\/\\\/iraurgiberritzen.eus\\\/es\\\/#\\\/schema\\\/person\\\/5ab41aaf388a9097177601ebf45738d2\",\"name\":\"kudeatzailea\",\"sameAs\":[\"https:\\\/\\\/iraurgiberritzen.eus\"]}]}<\/script>\n<!-- \/ Yoast SEO plugin. -->","yoast_head_json":{"title":"Saltokitik Enpresara 2023: el reto del comercio - Iraurgi Berritzen","robots":{"index":"index","follow":"follow","max-snippet":"max-snippet:-1","max-image-preview":"max-image-preview:large","max-video-preview":"max-video-preview:-1"},"canonical":"https:\/\/iraurgiberritzen.eus\/es\/saltokitik-enpresara-2023-el-reto-del-comercio\/","og_locale":"es_ES","og_type":"article","og_title":"Saltokitik Enpresara 2023: el reto del comercio - Iraurgi Berritzen","og_description":"En la actual situaci\u00f3n de incertidumbre, no es suficiente con tener un producto atractivo, tambi\u00e9n hay otros elementos que hay que controlar, como el margen comercial, las compras, etc. Siendo esto as\u00ed, el Gobierno Vasco, al igual que viene haciendo en los \u00faltimos a\u00f1os, ha activado para este a\u00f1o el programa SALTOKITIK ENPRESARA. El programa [&hellip;]","og_url":"https:\/\/iraurgiberritzen.eus\/es\/saltokitik-enpresara-2023-el-reto-del-comercio\/","og_site_name":"Iraurgi Berritzen","article_published_time":"2023-03-22T09:42:02+00:00","author":"kudeatzailea","twitter_card":"summary_large_image","twitter_misc":{"Escrito por":"kudeatzailea","Tiempo de lectura":"1 minuto"},"schema":{"@context":"https:\/\/schema.org","@graph":[{"@type":"Article","@id":"https:\/\/iraurgiberritzen.eus\/es\/saltokitik-enpresara-2023-el-reto-del-comercio\/#article","isPartOf":{"@id":"https:\/\/iraurgiberritzen.eus\/es\/saltokitik-enpresara-2023-el-reto-del-comercio\/"},"author":{"name":"kudeatzailea","@id":"https:\/\/iraurgiberritzen.eus\/es\/#\/schema\/person\/5ab41aaf388a9097177601ebf45738d2"},"headline":"Saltokitik Enpresara 2023: el reto del comercio","datePublished":"2023-03-22T09:42:02+00:00","mainEntityOfPage":{"@id":"https:\/\/iraurgiberritzen.eus\/es\/saltokitik-enpresara-2023-el-reto-del-comercio\/"},"wordCount":256,"publisher":{"@id":"https:\/\/iraurgiberritzen.eus\/es\/#organization"},"image":{"@id":"https:\/\/iraurgiberritzen.eus\/es\/saltokitik-enpresara-2023-el-reto-del-comercio\/#primaryimage"},"thumbnailUrl":"https:\/\/iraurgiberritzen.eus\/wp-content\/uploads\/2023\/09\/8d5d92268957d54463f5c93c0ce4c544.jpg","articleSection":["Noticias"],"inLanguage":"es"},{"@type":"WebPage","@id":"https:\/\/iraurgiberritzen.eus\/es\/saltokitik-enpresara-2023-el-reto-del-comercio\/","url":"https:\/\/iraurgiberritzen.eus\/es\/saltokitik-enpresara-2023-el-reto-del-comercio\/","name":"Saltokitik Enpresara 2023: el reto del comercio - Iraurgi Berritzen","isPartOf":{"@id":"https:\/\/iraurgiberritzen.eus\/es\/#website"},"primaryImageOfPage":{"@id":"https:\/\/iraurgiberritzen.eus\/es\/saltokitik-enpresara-2023-el-reto-del-comercio\/#primaryimage"},"image":{"@id":"https:\/\/iraurgiberritzen.eus\/es\/saltokitik-enpresara-2023-el-reto-del-comercio\/#primaryimage"},"thumbnailUrl":"https:\/\/iraurgiberritzen.eus\/wp-content\/uploads\/2023\/09\/8d5d92268957d54463f5c93c0ce4c544.jpg","datePublished":"2023-03-22T09:42:02+00:00","breadcrumb":{"@id":"https:\/\/iraurgiberritzen.eus\/es\/saltokitik-enpresara-2023-el-reto-del-comercio\/#breadcrumb"},"inLanguage":"es","potentialAction":[{"@type":"ReadAction","target":["https:\/\/iraurgiberritzen.eus\/es\/saltokitik-enpresara-2023-el-reto-del-comercio\/"]}]},{"@type":"ImageObject","inLanguage":"es","@id":"https:\/\/iraurgiberritzen.eus\/es\/saltokitik-enpresara-2023-el-reto-del-comercio\/#primaryimage","url":"https:\/\/iraurgiberritzen.eus\/wp-content\/uploads\/2023\/09\/8d5d92268957d54463f5c93c0ce4c544.jpg","contentUrl":"https:\/\/iraurgiberritzen.eus\/wp-content\/uploads\/2023\/09\/8d5d92268957d54463f5c93c0ce4c544.jpg","width":400,"height":257},{"@type":"BreadcrumbList","@id":"https:\/\/iraurgiberritzen.eus\/es\/saltokitik-enpresara-2023-el-reto-del-comercio\/#breadcrumb","itemListElement":[{"@type":"ListItem","position":1,"name":"Home","item":"https:\/\/iraurgiberritzen.eus\/es\/"},{"@type":"ListItem","position":2,"name":"Saltokitik Enpresara 2023: el reto del comercio"}]},{"@type":"WebSite","@id":"https:\/\/iraurgiberritzen.eus\/es\/#website","url":"https:\/\/iraurgiberritzen.eus\/es\/","name":"Iraurgi Berritzen","description":"Urola Erdiko Garapen Agentzia","publisher":{"@id":"https:\/\/iraurgiberritzen.eus\/es\/#organization"},"potentialAction":[{"@type":"SearchAction","target":{"@type":"EntryPoint","urlTemplate":"https:\/\/iraurgiberritzen.eus\/es\/?s={search_term_string}"},"query-input":{"@type":"PropertyValueSpecification","valueRequired":true,"valueName":"search_term_string"}}],"inLanguage":"es"},{"@type":"Organization","@id":"https:\/\/iraurgiberritzen.eus\/es\/#organization","name":"Iraurgi Berritzen","url":"https:\/\/iraurgiberritzen.eus\/es\/","logo":{"@type":"ImageObject","inLanguage":"es","@id":"https:\/\/iraurgiberritzen.eus\/es\/#\/schema\/logo\/image\/","url":"https:\/\/iraurgiberritzen.eus\/wp-content\/uploads\/2024\/02\/IRAURGI-BERRITZEN-logotipoa_2.png","contentUrl":"https:\/\/iraurgiberritzen.eus\/wp-content\/uploads\/2024\/02\/IRAURGI-BERRITZEN-logotipoa_2.png","width":496,"height":190,"caption":"Iraurgi Berritzen"},"image":{"@id":"https:\/\/iraurgiberritzen.eus\/es\/#\/schema\/logo\/image\/"}},{"@type":"Person","@id":"https:\/\/iraurgiberritzen.eus\/es\/#\/schema\/person\/5ab41aaf388a9097177601ebf45738d2","name":"kudeatzailea","sameAs":["https:\/\/iraurgiberritzen.eus"]}]}},"_links":{"self":[{"href":"https:\/\/iraurgiberritzen.eus\/es\/wp-json\/wp\/v2\/posts\/14376","targetHints":{"allow":["GET"]}}],"collection":[{"href":"https:\/\/iraurgiberritzen.eus\/es\/wp-json\/wp\/v2\/posts"}],"about":[{"href":"https:\/\/iraurgiberritzen.eus\/es\/wp-json\/wp\/v2\/types\/post"}],"author":[{"embeddable":true,"href":"https:\/\/iraurgiberritzen.eus\/es\/wp-json\/wp\/v2\/users\/1"}],"replies":[{"embeddable":true,"href":"https:\/\/iraurgiberritzen.eus\/es\/wp-json\/wp\/v2\/comments?post=14376"}],"version-history":[{"count":0,"href":"https:\/\/iraurgiberritzen.eus\/es\/wp-json\/wp\/v2\/posts\/14376\/revisions"}],"wp:featuredmedia":[{"embeddable":true,"href":"https:\/\/iraurgiberritzen.eus\/es\/wp-json\/wp\/v2\/media\/17246"}],"wp:attachment":[{"href":"https:\/\/iraurgiberritzen.eus\/es\/wp-json\/wp\/v2\/media?parent=14376"}],"wp:term":[{"taxonomy":"category","embeddable":true,"href":"https:\/\/iraurgiberritzen.eus\/es\/wp-json\/wp\/v2\/categories?post=14376"},{"taxonomy":"post_tag","embeddable":true,"href":"https:\/\/iraurgiberritzen.eus\/es\/wp-json\/wp\/v2\/tags?post=14376"}],"curies":[{"name":"wp","href":"https:\/\/api.w.org\/{rel}","templated":true}]}}