{"id":14379,"date":"2023-03-23T15:47:41","date_gmt":"2023-03-23T13:47:41","guid":{"rendered":"https:\/\/iraurgiberritzen.eus\/bienestar-y-gestion-del-tiempo-rivales-y-amigos\/"},"modified":"2023-03-23T15:47:41","modified_gmt":"2023-03-23T13:47:41","slug":"bienestar-y-gestion-del-tiempo-rivales-y-amigos","status":"publish","type":"post","link":"https:\/\/iraurgiberritzen.eus\/es\/bienestar-y-gestion-del-tiempo-rivales-y-amigos\/","title":{"rendered":"Bienestar y Gesti\u00f3n del Tiempo; rivales y amigos"},"content":{"rendered":"<p style=\"text-align: justify;\">En el marco de Klink Gune, el 22 de marzo celebramos la primera tertulia de caf\u00e9 de este a\u00f1o.<\/p>\n<p style=\"text-align: justify;\">El tema tratado en \u00e9l fue la gesti\u00f3n del tiempo en nuestro d\u00eda a d\u00eda. La ponente fue Mar\u00eda D\u00edez, quien ofreci\u00f3 a los asistentes una serie de herramientas y recomendaciones para ayudar a identificar a los ladrones de tiempo, diferenciar lo importante de lo urgente y la importancia de la planificaci\u00f3n del d\u00eda a d\u00eda.<\/p>\n<p style=\"text-align: justify;\">Las tertulias de caf\u00e9, se celebran semestralmente y tienen como objetivo crear un espacio para compartir entre emprendedores y peque\u00f1as empresas de nuestra comarca, en torno a una tem\u00e1tica, y con un tiempo limitado, y sacar de \u00e9l un aprendizaje. Parece que se logr\u00f3 el objetivo y ahora es el momento de empezar a pensar en el tema para el segundo semestre. El equipo t\u00e9cnico del \u00c1rea de Emprendimiento ya tiene entre manos varias ideas, la gesti\u00f3n emocional de las personas, la asertividad, la biodanza, etc.<\/p>\n<p>&nbsp;<\/p>\n","protected":false},"excerpt":{"rendered":"<p>En el marco de Klink Gune, el 22 de marzo celebramos la primera tertulia de caf\u00e9 de este a\u00f1o. El tema tratado en \u00e9l fue la gesti\u00f3n del tiempo en nuestro d\u00eda a d\u00eda. La ponente fue Mar\u00eda D\u00edez, quien ofreci\u00f3 a los asistentes una serie de herramientas y recomendaciones para ayudar a identificar a [&hellip;]<\/p>\n","protected":false},"author":1,"featured_media":17247,"comment_status":"","ping_status":"closed","sticky":false,"template":"","format":"standard","meta":{"_acf_changed":false,"footnotes":""},"categories":[4],"tags":[],"class_list":["post-14379","post","type-post","status-publish","format-standard","has-post-thumbnail","hentry","category-noticias"],"acf":[],"yoast_head":"<!-- This site is optimized with the Yoast SEO plugin v27.4 - https:\/\/yoast.com\/product\/yoast-seo-wordpress\/ -->\n<title>Bienestar y Gesti\u00f3n del Tiempo; rivales y amigos - Iraurgi Berritzen<\/title>\n<meta name=\"robots\" content=\"index, follow, max-snippet:-1, max-image-preview:large, max-video-preview:-1\" \/>\n<link rel=\"canonical\" href=\"https:\/\/iraurgiberritzen.eus\/es\/bienestar-y-gestion-del-tiempo-rivales-y-amigos\/\" \/>\n<meta property=\"og:locale\" content=\"es_ES\" \/>\n<meta property=\"og:type\" content=\"article\" \/>\n<meta property=\"og:title\" content=\"Bienestar y Gesti\u00f3n del Tiempo; rivales y amigos - Iraurgi Berritzen\" \/>\n<meta property=\"og:description\" content=\"En el marco de Klink Gune, el 22 de marzo celebramos la primera tertulia de caf\u00e9 de este a\u00f1o. El tema tratado en \u00e9l fue la gesti\u00f3n del tiempo en nuestro d\u00eda a d\u00eda. La ponente fue Mar\u00eda D\u00edez, quien ofreci\u00f3 a los asistentes una serie de herramientas y recomendaciones para ayudar a identificar a [&hellip;]\" \/>\n<meta property=\"og:url\" content=\"https:\/\/iraurgiberritzen.eus\/es\/bienestar-y-gestion-del-tiempo-rivales-y-amigos\/\" \/>\n<meta property=\"og:site_name\" content=\"Iraurgi Berritzen\" \/>\n<meta property=\"article:published_time\" content=\"2023-03-23T13:47:41+00:00\" \/>\n<meta name=\"author\" content=\"kudeatzailea\" \/>\n<meta name=\"twitter:card\" content=\"summary_large_image\" \/>\n<meta name=\"twitter:label1\" content=\"Escrito por\" \/>\n\t<meta name=\"twitter:data1\" content=\"kudeatzailea\" \/>\n\t<meta name=\"twitter:label2\" content=\"Tiempo de lectura\" \/>\n\t<meta name=\"twitter:data2\" content=\"1 minuto\" \/>\n<script type=\"application\/ld+json\" class=\"yoast-schema-graph\">{\"@context\":\"https:\\\/\\\/schema.org\",\"@graph\":[{\"@type\":\"Article\",\"@id\":\"https:\\\/\\\/iraurgiberritzen.eus\\\/es\\\/bienestar-y-gestion-del-tiempo-rivales-y-amigos\\\/#article\",\"isPartOf\":{\"@id\":\"https:\\\/\\\/iraurgiberritzen.eus\\\/es\\\/bienestar-y-gestion-del-tiempo-rivales-y-amigos\\\/\"},\"author\":{\"name\":\"kudeatzailea\",\"@id\":\"https:\\\/\\\/iraurgiberritzen.eus\\\/es\\\/#\\\/schema\\\/person\\\/5ab41aaf388a9097177601ebf45738d2\"},\"headline\":\"Bienestar y Gesti\u00f3n del Tiempo; rivales y amigos\",\"datePublished\":\"2023-03-23T13:47:41+00:00\",\"mainEntityOfPage\":{\"@id\":\"https:\\\/\\\/iraurgiberritzen.eus\\\/es\\\/bienestar-y-gestion-del-tiempo-rivales-y-amigos\\\/\"},\"wordCount\":183,\"publisher\":{\"@id\":\"https:\\\/\\\/iraurgiberritzen.eus\\\/es\\\/#organization\"},\"image\":{\"@id\":\"https:\\\/\\\/iraurgiberritzen.eus\\\/es\\\/bienestar-y-gestion-del-tiempo-rivales-y-amigos\\\/#primaryimage\"},\"thumbnailUrl\":\"https:\\\/\\\/iraurgiberritzen.eus\\\/wp-content\\\/uploads\\\/2023\\\/09\\\/008c8534b5d3a2f55fcba82b811ebe8e.jpg\",\"articleSection\":[\"Noticias\"],\"inLanguage\":\"es\"},{\"@type\":\"WebPage\",\"@id\":\"https:\\\/\\\/iraurgiberritzen.eus\\\/es\\\/bienestar-y-gestion-del-tiempo-rivales-y-amigos\\\/\",\"url\":\"https:\\\/\\\/iraurgiberritzen.eus\\\/es\\\/bienestar-y-gestion-del-tiempo-rivales-y-amigos\\\/\",\"name\":\"Bienestar y Gesti\u00f3n del Tiempo; rivales y amigos - Iraurgi Berritzen\",\"isPartOf\":{\"@id\":\"https:\\\/\\\/iraurgiberritzen.eus\\\/es\\\/#website\"},\"primaryImageOfPage\":{\"@id\":\"https:\\\/\\\/iraurgiberritzen.eus\\\/es\\\/bienestar-y-gestion-del-tiempo-rivales-y-amigos\\\/#primaryimage\"},\"image\":{\"@id\":\"https:\\\/\\\/iraurgiberritzen.eus\\\/es\\\/bienestar-y-gestion-del-tiempo-rivales-y-amigos\\\/#primaryimage\"},\"thumbnailUrl\":\"https:\\\/\\\/iraurgiberritzen.eus\\\/wp-content\\\/uploads\\\/2023\\\/09\\\/008c8534b5d3a2f55fcba82b811ebe8e.jpg\",\"datePublished\":\"2023-03-23T13:47:41+00:00\",\"breadcrumb\":{\"@id\":\"https:\\\/\\\/iraurgiberritzen.eus\\\/es\\\/bienestar-y-gestion-del-tiempo-rivales-y-amigos\\\/#breadcrumb\"},\"inLanguage\":\"es\",\"potentialAction\":[{\"@type\":\"ReadAction\",\"target\":[\"https:\\\/\\\/iraurgiberritzen.eus\\\/es\\\/bienestar-y-gestion-del-tiempo-rivales-y-amigos\\\/\"]}]},{\"@type\":\"ImageObject\",\"inLanguage\":\"es\",\"@id\":\"https:\\\/\\\/iraurgiberritzen.eus\\\/es\\\/bienestar-y-gestion-del-tiempo-rivales-y-amigos\\\/#primaryimage\",\"url\":\"https:\\\/\\\/iraurgiberritzen.eus\\\/wp-content\\\/uploads\\\/2023\\\/09\\\/008c8534b5d3a2f55fcba82b811ebe8e.jpg\",\"contentUrl\":\"https:\\\/\\\/iraurgiberritzen.eus\\\/wp-content\\\/uploads\\\/2023\\\/09\\\/008c8534b5d3a2f55fcba82b811ebe8e.jpg\",\"width\":400,\"height\":257},{\"@type\":\"BreadcrumbList\",\"@id\":\"https:\\\/\\\/iraurgiberritzen.eus\\\/es\\\/bienestar-y-gestion-del-tiempo-rivales-y-amigos\\\/#breadcrumb\",\"itemListElement\":[{\"@type\":\"ListItem\",\"position\":1,\"name\":\"Home\",\"item\":\"https:\\\/\\\/iraurgiberritzen.eus\\\/es\\\/\"},{\"@type\":\"ListItem\",\"position\":2,\"name\":\"Bienestar y Gesti\u00f3n del Tiempo; rivales y amigos\"}]},{\"@type\":\"WebSite\",\"@id\":\"https:\\\/\\\/iraurgiberritzen.eus\\\/es\\\/#website\",\"url\":\"https:\\\/\\\/iraurgiberritzen.eus\\\/es\\\/\",\"name\":\"Iraurgi Berritzen\",\"description\":\"Urola Erdiko Garapen Agentzia\",\"publisher\":{\"@id\":\"https:\\\/\\\/iraurgiberritzen.eus\\\/es\\\/#organization\"},\"potentialAction\":[{\"@type\":\"SearchAction\",\"target\":{\"@type\":\"EntryPoint\",\"urlTemplate\":\"https:\\\/\\\/iraurgiberritzen.eus\\\/es\\\/?s={search_term_string}\"},\"query-input\":{\"@type\":\"PropertyValueSpecification\",\"valueRequired\":true,\"valueName\":\"search_term_string\"}}],\"inLanguage\":\"es\"},{\"@type\":\"Organization\",\"@id\":\"https:\\\/\\\/iraurgiberritzen.eus\\\/es\\\/#organization\",\"name\":\"Iraurgi Berritzen\",\"url\":\"https:\\\/\\\/iraurgiberritzen.eus\\\/es\\\/\",\"logo\":{\"@type\":\"ImageObject\",\"inLanguage\":\"es\",\"@id\":\"https:\\\/\\\/iraurgiberritzen.eus\\\/es\\\/#\\\/schema\\\/logo\\\/image\\\/\",\"url\":\"https:\\\/\\\/iraurgiberritzen.eus\\\/wp-content\\\/uploads\\\/2024\\\/02\\\/IRAURGI-BERRITZEN-logotipoa_2.png\",\"contentUrl\":\"https:\\\/\\\/iraurgiberritzen.eus\\\/wp-content\\\/uploads\\\/2024\\\/02\\\/IRAURGI-BERRITZEN-logotipoa_2.png\",\"width\":496,\"height\":190,\"caption\":\"Iraurgi Berritzen\"},\"image\":{\"@id\":\"https:\\\/\\\/iraurgiberritzen.eus\\\/es\\\/#\\\/schema\\\/logo\\\/image\\\/\"}},{\"@type\":\"Person\",\"@id\":\"https:\\\/\\\/iraurgiberritzen.eus\\\/es\\\/#\\\/schema\\\/person\\\/5ab41aaf388a9097177601ebf45738d2\",\"name\":\"kudeatzailea\",\"sameAs\":[\"https:\\\/\\\/iraurgiberritzen.eus\"]}]}<\/script>\n<!-- \/ Yoast SEO plugin. -->","yoast_head_json":{"title":"Bienestar y Gesti\u00f3n del Tiempo; rivales y amigos - Iraurgi Berritzen","robots":{"index":"index","follow":"follow","max-snippet":"max-snippet:-1","max-image-preview":"max-image-preview:large","max-video-preview":"max-video-preview:-1"},"canonical":"https:\/\/iraurgiberritzen.eus\/es\/bienestar-y-gestion-del-tiempo-rivales-y-amigos\/","og_locale":"es_ES","og_type":"article","og_title":"Bienestar y Gesti\u00f3n del Tiempo; rivales y amigos - Iraurgi Berritzen","og_description":"En el marco de Klink Gune, el 22 de marzo celebramos la primera tertulia de caf\u00e9 de este a\u00f1o. El tema tratado en \u00e9l fue la gesti\u00f3n del tiempo en nuestro d\u00eda a d\u00eda. La ponente fue Mar\u00eda D\u00edez, quien ofreci\u00f3 a los asistentes una serie de herramientas y recomendaciones para ayudar a identificar a [&hellip;]","og_url":"https:\/\/iraurgiberritzen.eus\/es\/bienestar-y-gestion-del-tiempo-rivales-y-amigos\/","og_site_name":"Iraurgi Berritzen","article_published_time":"2023-03-23T13:47:41+00:00","author":"kudeatzailea","twitter_card":"summary_large_image","twitter_misc":{"Escrito por":"kudeatzailea","Tiempo de lectura":"1 minuto"},"schema":{"@context":"https:\/\/schema.org","@graph":[{"@type":"Article","@id":"https:\/\/iraurgiberritzen.eus\/es\/bienestar-y-gestion-del-tiempo-rivales-y-amigos\/#article","isPartOf":{"@id":"https:\/\/iraurgiberritzen.eus\/es\/bienestar-y-gestion-del-tiempo-rivales-y-amigos\/"},"author":{"name":"kudeatzailea","@id":"https:\/\/iraurgiberritzen.eus\/es\/#\/schema\/person\/5ab41aaf388a9097177601ebf45738d2"},"headline":"Bienestar y Gesti\u00f3n del Tiempo; rivales y amigos","datePublished":"2023-03-23T13:47:41+00:00","mainEntityOfPage":{"@id":"https:\/\/iraurgiberritzen.eus\/es\/bienestar-y-gestion-del-tiempo-rivales-y-amigos\/"},"wordCount":183,"publisher":{"@id":"https:\/\/iraurgiberritzen.eus\/es\/#organization"},"image":{"@id":"https:\/\/iraurgiberritzen.eus\/es\/bienestar-y-gestion-del-tiempo-rivales-y-amigos\/#primaryimage"},"thumbnailUrl":"https:\/\/iraurgiberritzen.eus\/wp-content\/uploads\/2023\/09\/008c8534b5d3a2f55fcba82b811ebe8e.jpg","articleSection":["Noticias"],"inLanguage":"es"},{"@type":"WebPage","@id":"https:\/\/iraurgiberritzen.eus\/es\/bienestar-y-gestion-del-tiempo-rivales-y-amigos\/","url":"https:\/\/iraurgiberritzen.eus\/es\/bienestar-y-gestion-del-tiempo-rivales-y-amigos\/","name":"Bienestar y Gesti\u00f3n del Tiempo; rivales y amigos - Iraurgi Berritzen","isPartOf":{"@id":"https:\/\/iraurgiberritzen.eus\/es\/#website"},"primaryImageOfPage":{"@id":"https:\/\/iraurgiberritzen.eus\/es\/bienestar-y-gestion-del-tiempo-rivales-y-amigos\/#primaryimage"},"image":{"@id":"https:\/\/iraurgiberritzen.eus\/es\/bienestar-y-gestion-del-tiempo-rivales-y-amigos\/#primaryimage"},"thumbnailUrl":"https:\/\/iraurgiberritzen.eus\/wp-content\/uploads\/2023\/09\/008c8534b5d3a2f55fcba82b811ebe8e.jpg","datePublished":"2023-03-23T13:47:41+00:00","breadcrumb":{"@id":"https:\/\/iraurgiberritzen.eus\/es\/bienestar-y-gestion-del-tiempo-rivales-y-amigos\/#breadcrumb"},"inLanguage":"es","potentialAction":[{"@type":"ReadAction","target":["https:\/\/iraurgiberritzen.eus\/es\/bienestar-y-gestion-del-tiempo-rivales-y-amigos\/"]}]},{"@type":"ImageObject","inLanguage":"es","@id":"https:\/\/iraurgiberritzen.eus\/es\/bienestar-y-gestion-del-tiempo-rivales-y-amigos\/#primaryimage","url":"https:\/\/iraurgiberritzen.eus\/wp-content\/uploads\/2023\/09\/008c8534b5d3a2f55fcba82b811ebe8e.jpg","contentUrl":"https:\/\/iraurgiberritzen.eus\/wp-content\/uploads\/2023\/09\/008c8534b5d3a2f55fcba82b811ebe8e.jpg","width":400,"height":257},{"@type":"BreadcrumbList","@id":"https:\/\/iraurgiberritzen.eus\/es\/bienestar-y-gestion-del-tiempo-rivales-y-amigos\/#breadcrumb","itemListElement":[{"@type":"ListItem","position":1,"name":"Home","item":"https:\/\/iraurgiberritzen.eus\/es\/"},{"@type":"ListItem","position":2,"name":"Bienestar y Gesti\u00f3n del Tiempo; rivales y amigos"}]},{"@type":"WebSite","@id":"https:\/\/iraurgiberritzen.eus\/es\/#website","url":"https:\/\/iraurgiberritzen.eus\/es\/","name":"Iraurgi Berritzen","description":"Urola Erdiko Garapen Agentzia","publisher":{"@id":"https:\/\/iraurgiberritzen.eus\/es\/#organization"},"potentialAction":[{"@type":"SearchAction","target":{"@type":"EntryPoint","urlTemplate":"https:\/\/iraurgiberritzen.eus\/es\/?s={search_term_string}"},"query-input":{"@type":"PropertyValueSpecification","valueRequired":true,"valueName":"search_term_string"}}],"inLanguage":"es"},{"@type":"Organization","@id":"https:\/\/iraurgiberritzen.eus\/es\/#organization","name":"Iraurgi Berritzen","url":"https:\/\/iraurgiberritzen.eus\/es\/","logo":{"@type":"ImageObject","inLanguage":"es","@id":"https:\/\/iraurgiberritzen.eus\/es\/#\/schema\/logo\/image\/","url":"https:\/\/iraurgiberritzen.eus\/wp-content\/uploads\/2024\/02\/IRAURGI-BERRITZEN-logotipoa_2.png","contentUrl":"https:\/\/iraurgiberritzen.eus\/wp-content\/uploads\/2024\/02\/IRAURGI-BERRITZEN-logotipoa_2.png","width":496,"height":190,"caption":"Iraurgi Berritzen"},"image":{"@id":"https:\/\/iraurgiberritzen.eus\/es\/#\/schema\/logo\/image\/"}},{"@type":"Person","@id":"https:\/\/iraurgiberritzen.eus\/es\/#\/schema\/person\/5ab41aaf388a9097177601ebf45738d2","name":"kudeatzailea","sameAs":["https:\/\/iraurgiberritzen.eus"]}]}},"_links":{"self":[{"href":"https:\/\/iraurgiberritzen.eus\/es\/wp-json\/wp\/v2\/posts\/14379","targetHints":{"allow":["GET"]}}],"collection":[{"href":"https:\/\/iraurgiberritzen.eus\/es\/wp-json\/wp\/v2\/posts"}],"about":[{"href":"https:\/\/iraurgiberritzen.eus\/es\/wp-json\/wp\/v2\/types\/post"}],"author":[{"embeddable":true,"href":"https:\/\/iraurgiberritzen.eus\/es\/wp-json\/wp\/v2\/users\/1"}],"replies":[{"embeddable":true,"href":"https:\/\/iraurgiberritzen.eus\/es\/wp-json\/wp\/v2\/comments?post=14379"}],"version-history":[{"count":0,"href":"https:\/\/iraurgiberritzen.eus\/es\/wp-json\/wp\/v2\/posts\/14379\/revisions"}],"wp:featuredmedia":[{"embeddable":true,"href":"https:\/\/iraurgiberritzen.eus\/es\/wp-json\/wp\/v2\/media\/17247"}],"wp:attachment":[{"href":"https:\/\/iraurgiberritzen.eus\/es\/wp-json\/wp\/v2\/media?parent=14379"}],"wp:term":[{"taxonomy":"category","embeddable":true,"href":"https:\/\/iraurgiberritzen.eus\/es\/wp-json\/wp\/v2\/categories?post=14379"},{"taxonomy":"post_tag","embeddable":true,"href":"https:\/\/iraurgiberritzen.eus\/es\/wp-json\/wp\/v2\/tags?post=14379"}],"curies":[{"name":"wp","href":"https:\/\/api.w.org\/{rel}","templated":true}]}}