{"id":14382,"date":"2023-03-29T05:07:11","date_gmt":"2023-03-29T03:07:11","guid":{"rendered":"https:\/\/iraurgiberritzen.eus\/activadas-las-ayudas-para-la-modernizacion-de-establecimientos-comerciales-de-la-comarca-fondo-tecnologico\/"},"modified":"2023-03-29T05:07:11","modified_gmt":"2023-03-29T03:07:11","slug":"activadas-las-ayudas-para-la-modernizacion-de-establecimientos-comerciales-de-la-comarca-fondo-tecnologico","status":"publish","type":"post","link":"https:\/\/iraurgiberritzen.eus\/es\/activadas-las-ayudas-para-la-modernizacion-de-establecimientos-comerciales-de-la-comarca-fondo-tecnologico\/","title":{"rendered":"Activadas las ayudas para la modernizaci\u00f3n de establecimientos comerciales de la comarca (Fondo Tecnol\u00f3gico)"},"content":{"rendered":"<p style=\"text-align: justify;\">El objeto de estas subvenciones es apoyar e <strong>impulsar la competitividad y modernizaci\u00f3n<\/strong>, a trav\u00e9s de la <strong>transformaci\u00f3n digital y sostenible<\/strong> del sector comercial.<\/p>\n<p style=\"text-align: justify;\">Para ello, se financiar\u00e1 el desarrollo de proyectos de contenido tecnol\u00f3gico, innovador y sostenible que, presentados por las microempresas, peque\u00f1as y medianas empresas de comercio, ya sea de manera individual o a trav\u00e9s de sus asociaciones, incidan en la gesti\u00f3n de la actividad comercial y en su modelo de negocio, garantizando su adaptaci\u00f3n a los nuevos h\u00e1bitos de consumo, modalidades de venta, posicionamiento y distribuci\u00f3n, haciendo a las empresas m\u00e1s competitivas y resilientes.<br \/>Este programa se financiar\u00e1 a trav\u00e9s del Mecanismo de Recuperaci\u00f3n y Resiliencia establecido por el Reglamento (UE) 2021\/241 del Parlamento Europeo y del Consejo, de 12 de febrero de 2021, por el que se establece el Mecanismo de Recuperaci\u00f3n y Resiliencia .<\/p>\n<p style=\"text-align: justify;\">Podr\u00e1n ser beneficiarias:<\/p>\n<p style=\"text-align: justify;\"><span style=\"text-decoration: underline;\"><strong>MICROEMPRESAS, PEQUE\u00d1AS Y MEDIANAS EMPRESAS DEL SECTOR COMERCIAL<\/strong><\/span><\/p>\n<p style=\"text-align: justify;\">Tienen que cumplir los siguientes requisitos:<\/p>\n<ol style=\"list-style-type: lower-alpha; text-align: justify;\">\n<li style=\"text-align: justify;\">Las empresas del sector del comercio que tengan la <strong>consideraci\u00f3n de PYME<\/strong>, con arreglo a la definici\u00f3n establecida en el Reglamento (UE) n\u00ba 651\/2014 de la Comisi\u00f3n, de 17 de junio de 2014.<\/li>\n<li style=\"text-align: justify;\">La PYME deber\u00e1 de tener su <strong>sede social<\/strong> y fiscal <strong>en el territorio de la Comunidad Aut\u00f3noma Euskadi<\/strong>.<\/li>\n<li style=\"text-align: justify;\"><strong>La actividad principal del negocio<\/strong> deber\u00e1 corresponder <strong>con alguna de las actividades incluidas en los c\u00f3digos 45, 46 o 47 de la Clasificaci\u00f3n Nacional de Actividades Econ\u00f3micas 2009 (<\/strong>CNAE-2009) aprobada por el Real Decreto 475\/2007, de 13 de abril, por el que se aprueba la Clasificaci\u00f3n Nacional de Actividades Econ\u00f3micas 2009 (CNAE-2009).<br \/>El alta efectiva en el CNAE debe coincidir o ser anterior a la fecha de presentaci\u00f3n de la solicitud.<\/li>\n<li style=\"text-align: justify;\">Si se ejercen de manera simult\u00e1nea actividades de comercio con otras que no tengan dicha consideraci\u00f3n, el proyecto ser\u00e1 subvencionable siempre y cuando la actividad principal ejercida sea la de comercio, en funci\u00f3n del porcentaje de facturaci\u00f3n.<\/li>\n<\/ol>\n<p style=\"text-align: justify;\"><strong>El plazo de solicitud ser\u00e1 hasta el 27 de abril de 2023 y la solicitud deber\u00e1 realizarse electr\u00f3nicamente<\/strong>.<\/p>\n<p style=\"text-align: justify;\">Para m\u00e1s informaci\u00f3n, p\u00f3ngase en contacto con el t\u00e9cnico de su asociaci\u00f3n, Herrixen -Asociaci\u00f3n de Comerciantes de Azkoitia (Sara Rodriguez_608313024) o Bertan -Asociaci\u00f3n de Comerciantes de Azpeitia (Xabier Aldalur_68823944) o si no es miembro, p\u00f3ngase en contacto con Alazne Larra\u00f1aga en el tel\u00e9fono 688718777 de Iraurgi Berritzen.<\/p>\n","protected":false},"excerpt":{"rendered":"<p>El objeto de estas subvenciones es apoyar e impulsar la competitividad y modernizaci\u00f3n, a trav\u00e9s de la transformaci\u00f3n digital y sostenible del sector comercial. Para ello, se financiar\u00e1 el desarrollo de proyectos de contenido tecnol\u00f3gico, innovador y sostenible que, presentados por las microempresas, peque\u00f1as y medianas empresas de comercio, ya sea de manera individual o [&hellip;]<\/p>\n","protected":false},"author":1,"featured_media":17248,"comment_status":"","ping_status":"closed","sticky":false,"template":"","format":"standard","meta":{"_acf_changed":false,"footnotes":""},"categories":[4],"tags":[],"class_list":["post-14382","post","type-post","status-publish","format-standard","has-post-thumbnail","hentry","category-noticias"],"acf":[],"yoast_head":"<!-- This site is optimized with the Yoast SEO plugin v27.4 - https:\/\/yoast.com\/product\/yoast-seo-wordpress\/ -->\n<title>Activadas las ayudas para la modernizaci\u00f3n de establecimientos comerciales de la comarca (Fondo Tecnol\u00f3gico) - Iraurgi Berritzen<\/title>\n<meta name=\"robots\" content=\"index, follow, max-snippet:-1, max-image-preview:large, max-video-preview:-1\" \/>\n<link rel=\"canonical\" href=\"https:\/\/iraurgiberritzen.eus\/es\/activadas-las-ayudas-para-la-modernizacion-de-establecimientos-comerciales-de-la-comarca-fondo-tecnologico\/\" \/>\n<meta property=\"og:locale\" content=\"es_ES\" \/>\n<meta property=\"og:type\" content=\"article\" \/>\n<meta property=\"og:title\" content=\"Activadas las ayudas para la modernizaci\u00f3n de establecimientos comerciales de la comarca (Fondo Tecnol\u00f3gico) - Iraurgi Berritzen\" \/>\n<meta property=\"og:description\" content=\"El objeto de estas subvenciones es apoyar e impulsar la competitividad y modernizaci\u00f3n, a trav\u00e9s de la transformaci\u00f3n digital y sostenible del sector comercial. Para ello, se financiar\u00e1 el desarrollo de proyectos de contenido tecnol\u00f3gico, innovador y sostenible que, presentados por las microempresas, peque\u00f1as y medianas empresas de comercio, ya sea de manera individual o [&hellip;]\" \/>\n<meta property=\"og:url\" content=\"https:\/\/iraurgiberritzen.eus\/es\/activadas-las-ayudas-para-la-modernizacion-de-establecimientos-comerciales-de-la-comarca-fondo-tecnologico\/\" \/>\n<meta property=\"og:site_name\" content=\"Iraurgi Berritzen\" \/>\n<meta property=\"article:published_time\" content=\"2023-03-29T03:07:11+00:00\" \/>\n<meta name=\"author\" content=\"kudeatzailea\" \/>\n<meta name=\"twitter:card\" content=\"summary_large_image\" \/>\n<meta name=\"twitter:label1\" content=\"Escrito por\" \/>\n\t<meta name=\"twitter:data1\" content=\"kudeatzailea\" \/>\n\t<meta name=\"twitter:label2\" content=\"Tiempo de lectura\" \/>\n\t<meta name=\"twitter:data2\" content=\"2 minutos\" \/>\n<script type=\"application\/ld+json\" class=\"yoast-schema-graph\">{\"@context\":\"https:\\\/\\\/schema.org\",\"@graph\":[{\"@type\":\"Article\",\"@id\":\"https:\\\/\\\/iraurgiberritzen.eus\\\/es\\\/activadas-las-ayudas-para-la-modernizacion-de-establecimientos-comerciales-de-la-comarca-fondo-tecnologico\\\/#article\",\"isPartOf\":{\"@id\":\"https:\\\/\\\/iraurgiberritzen.eus\\\/es\\\/activadas-las-ayudas-para-la-modernizacion-de-establecimientos-comerciales-de-la-comarca-fondo-tecnologico\\\/\"},\"author\":{\"name\":\"kudeatzailea\",\"@id\":\"https:\\\/\\\/iraurgiberritzen.eus\\\/es\\\/#\\\/schema\\\/person\\\/5ab41aaf388a9097177601ebf45738d2\"},\"headline\":\"Activadas las ayudas para la modernizaci\u00f3n de establecimientos comerciales de la comarca (Fondo Tecnol\u00f3gico)\",\"datePublished\":\"2023-03-29T03:07:11+00:00\",\"mainEntityOfPage\":{\"@id\":\"https:\\\/\\\/iraurgiberritzen.eus\\\/es\\\/activadas-las-ayudas-para-la-modernizacion-de-establecimientos-comerciales-de-la-comarca-fondo-tecnologico\\\/\"},\"wordCount\":420,\"publisher\":{\"@id\":\"https:\\\/\\\/iraurgiberritzen.eus\\\/es\\\/#organization\"},\"image\":{\"@id\":\"https:\\\/\\\/iraurgiberritzen.eus\\\/es\\\/activadas-las-ayudas-para-la-modernizacion-de-establecimientos-comerciales-de-la-comarca-fondo-tecnologico\\\/#primaryimage\"},\"thumbnailUrl\":\"https:\\\/\\\/iraurgiberritzen.eus\\\/wp-content\\\/uploads\\\/2023\\\/09\\\/b4cd45b9dcdf28778c9b938159445747.jpg\",\"articleSection\":[\"Noticias\"],\"inLanguage\":\"es\"},{\"@type\":\"WebPage\",\"@id\":\"https:\\\/\\\/iraurgiberritzen.eus\\\/es\\\/activadas-las-ayudas-para-la-modernizacion-de-establecimientos-comerciales-de-la-comarca-fondo-tecnologico\\\/\",\"url\":\"https:\\\/\\\/iraurgiberritzen.eus\\\/es\\\/activadas-las-ayudas-para-la-modernizacion-de-establecimientos-comerciales-de-la-comarca-fondo-tecnologico\\\/\",\"name\":\"Activadas las ayudas para la modernizaci\u00f3n de establecimientos comerciales de la comarca (Fondo Tecnol\u00f3gico) - Iraurgi Berritzen\",\"isPartOf\":{\"@id\":\"https:\\\/\\\/iraurgiberritzen.eus\\\/es\\\/#website\"},\"primaryImageOfPage\":{\"@id\":\"https:\\\/\\\/iraurgiberritzen.eus\\\/es\\\/activadas-las-ayudas-para-la-modernizacion-de-establecimientos-comerciales-de-la-comarca-fondo-tecnologico\\\/#primaryimage\"},\"image\":{\"@id\":\"https:\\\/\\\/iraurgiberritzen.eus\\\/es\\\/activadas-las-ayudas-para-la-modernizacion-de-establecimientos-comerciales-de-la-comarca-fondo-tecnologico\\\/#primaryimage\"},\"thumbnailUrl\":\"https:\\\/\\\/iraurgiberritzen.eus\\\/wp-content\\\/uploads\\\/2023\\\/09\\\/b4cd45b9dcdf28778c9b938159445747.jpg\",\"datePublished\":\"2023-03-29T03:07:11+00:00\",\"breadcrumb\":{\"@id\":\"https:\\\/\\\/iraurgiberritzen.eus\\\/es\\\/activadas-las-ayudas-para-la-modernizacion-de-establecimientos-comerciales-de-la-comarca-fondo-tecnologico\\\/#breadcrumb\"},\"inLanguage\":\"es\",\"potentialAction\":[{\"@type\":\"ReadAction\",\"target\":[\"https:\\\/\\\/iraurgiberritzen.eus\\\/es\\\/activadas-las-ayudas-para-la-modernizacion-de-establecimientos-comerciales-de-la-comarca-fondo-tecnologico\\\/\"]}]},{\"@type\":\"ImageObject\",\"inLanguage\":\"es\",\"@id\":\"https:\\\/\\\/iraurgiberritzen.eus\\\/es\\\/activadas-las-ayudas-para-la-modernizacion-de-establecimientos-comerciales-de-la-comarca-fondo-tecnologico\\\/#primaryimage\",\"url\":\"https:\\\/\\\/iraurgiberritzen.eus\\\/wp-content\\\/uploads\\\/2023\\\/09\\\/b4cd45b9dcdf28778c9b938159445747.jpg\",\"contentUrl\":\"https:\\\/\\\/iraurgiberritzen.eus\\\/wp-content\\\/uploads\\\/2023\\\/09\\\/b4cd45b9dcdf28778c9b938159445747.jpg\",\"width\":400,\"height\":257},{\"@type\":\"BreadcrumbList\",\"@id\":\"https:\\\/\\\/iraurgiberritzen.eus\\\/es\\\/activadas-las-ayudas-para-la-modernizacion-de-establecimientos-comerciales-de-la-comarca-fondo-tecnologico\\\/#breadcrumb\",\"itemListElement\":[{\"@type\":\"ListItem\",\"position\":1,\"name\":\"Home\",\"item\":\"https:\\\/\\\/iraurgiberritzen.eus\\\/es\\\/\"},{\"@type\":\"ListItem\",\"position\":2,\"name\":\"Activadas las ayudas para la modernizaci\u00f3n de establecimientos comerciales de la comarca (Fondo Tecnol\u00f3gico)\"}]},{\"@type\":\"WebSite\",\"@id\":\"https:\\\/\\\/iraurgiberritzen.eus\\\/es\\\/#website\",\"url\":\"https:\\\/\\\/iraurgiberritzen.eus\\\/es\\\/\",\"name\":\"Iraurgi Berritzen\",\"description\":\"Urola Erdiko Garapen Agentzia\",\"publisher\":{\"@id\":\"https:\\\/\\\/iraurgiberritzen.eus\\\/es\\\/#organization\"},\"potentialAction\":[{\"@type\":\"SearchAction\",\"target\":{\"@type\":\"EntryPoint\",\"urlTemplate\":\"https:\\\/\\\/iraurgiberritzen.eus\\\/es\\\/?s={search_term_string}\"},\"query-input\":{\"@type\":\"PropertyValueSpecification\",\"valueRequired\":true,\"valueName\":\"search_term_string\"}}],\"inLanguage\":\"es\"},{\"@type\":\"Organization\",\"@id\":\"https:\\\/\\\/iraurgiberritzen.eus\\\/es\\\/#organization\",\"name\":\"Iraurgi Berritzen\",\"url\":\"https:\\\/\\\/iraurgiberritzen.eus\\\/es\\\/\",\"logo\":{\"@type\":\"ImageObject\",\"inLanguage\":\"es\",\"@id\":\"https:\\\/\\\/iraurgiberritzen.eus\\\/es\\\/#\\\/schema\\\/logo\\\/image\\\/\",\"url\":\"https:\\\/\\\/iraurgiberritzen.eus\\\/wp-content\\\/uploads\\\/2024\\\/02\\\/IRAURGI-BERRITZEN-logotipoa_2.png\",\"contentUrl\":\"https:\\\/\\\/iraurgiberritzen.eus\\\/wp-content\\\/uploads\\\/2024\\\/02\\\/IRAURGI-BERRITZEN-logotipoa_2.png\",\"width\":496,\"height\":190,\"caption\":\"Iraurgi Berritzen\"},\"image\":{\"@id\":\"https:\\\/\\\/iraurgiberritzen.eus\\\/es\\\/#\\\/schema\\\/logo\\\/image\\\/\"}},{\"@type\":\"Person\",\"@id\":\"https:\\\/\\\/iraurgiberritzen.eus\\\/es\\\/#\\\/schema\\\/person\\\/5ab41aaf388a9097177601ebf45738d2\",\"name\":\"kudeatzailea\",\"sameAs\":[\"https:\\\/\\\/iraurgiberritzen.eus\"]}]}<\/script>\n<!-- \/ Yoast SEO plugin. -->","yoast_head_json":{"title":"Activadas las ayudas para la modernizaci\u00f3n de establecimientos comerciales de la comarca (Fondo Tecnol\u00f3gico) - Iraurgi Berritzen","robots":{"index":"index","follow":"follow","max-snippet":"max-snippet:-1","max-image-preview":"max-image-preview:large","max-video-preview":"max-video-preview:-1"},"canonical":"https:\/\/iraurgiberritzen.eus\/es\/activadas-las-ayudas-para-la-modernizacion-de-establecimientos-comerciales-de-la-comarca-fondo-tecnologico\/","og_locale":"es_ES","og_type":"article","og_title":"Activadas las ayudas para la modernizaci\u00f3n de establecimientos comerciales de la comarca (Fondo Tecnol\u00f3gico) - Iraurgi Berritzen","og_description":"El objeto de estas subvenciones es apoyar e impulsar la competitividad y modernizaci\u00f3n, a trav\u00e9s de la transformaci\u00f3n digital y sostenible del sector comercial. Para ello, se financiar\u00e1 el desarrollo de proyectos de contenido tecnol\u00f3gico, innovador y sostenible que, presentados por las microempresas, peque\u00f1as y medianas empresas de comercio, ya sea de manera individual o [&hellip;]","og_url":"https:\/\/iraurgiberritzen.eus\/es\/activadas-las-ayudas-para-la-modernizacion-de-establecimientos-comerciales-de-la-comarca-fondo-tecnologico\/","og_site_name":"Iraurgi Berritzen","article_published_time":"2023-03-29T03:07:11+00:00","author":"kudeatzailea","twitter_card":"summary_large_image","twitter_misc":{"Escrito por":"kudeatzailea","Tiempo de lectura":"2 minutos"},"schema":{"@context":"https:\/\/schema.org","@graph":[{"@type":"Article","@id":"https:\/\/iraurgiberritzen.eus\/es\/activadas-las-ayudas-para-la-modernizacion-de-establecimientos-comerciales-de-la-comarca-fondo-tecnologico\/#article","isPartOf":{"@id":"https:\/\/iraurgiberritzen.eus\/es\/activadas-las-ayudas-para-la-modernizacion-de-establecimientos-comerciales-de-la-comarca-fondo-tecnologico\/"},"author":{"name":"kudeatzailea","@id":"https:\/\/iraurgiberritzen.eus\/es\/#\/schema\/person\/5ab41aaf388a9097177601ebf45738d2"},"headline":"Activadas las ayudas para la modernizaci\u00f3n de establecimientos comerciales de la comarca (Fondo Tecnol\u00f3gico)","datePublished":"2023-03-29T03:07:11+00:00","mainEntityOfPage":{"@id":"https:\/\/iraurgiberritzen.eus\/es\/activadas-las-ayudas-para-la-modernizacion-de-establecimientos-comerciales-de-la-comarca-fondo-tecnologico\/"},"wordCount":420,"publisher":{"@id":"https:\/\/iraurgiberritzen.eus\/es\/#organization"},"image":{"@id":"https:\/\/iraurgiberritzen.eus\/es\/activadas-las-ayudas-para-la-modernizacion-de-establecimientos-comerciales-de-la-comarca-fondo-tecnologico\/#primaryimage"},"thumbnailUrl":"https:\/\/iraurgiberritzen.eus\/wp-content\/uploads\/2023\/09\/b4cd45b9dcdf28778c9b938159445747.jpg","articleSection":["Noticias"],"inLanguage":"es"},{"@type":"WebPage","@id":"https:\/\/iraurgiberritzen.eus\/es\/activadas-las-ayudas-para-la-modernizacion-de-establecimientos-comerciales-de-la-comarca-fondo-tecnologico\/","url":"https:\/\/iraurgiberritzen.eus\/es\/activadas-las-ayudas-para-la-modernizacion-de-establecimientos-comerciales-de-la-comarca-fondo-tecnologico\/","name":"Activadas las ayudas para la modernizaci\u00f3n de establecimientos comerciales de la comarca (Fondo Tecnol\u00f3gico) - Iraurgi Berritzen","isPartOf":{"@id":"https:\/\/iraurgiberritzen.eus\/es\/#website"},"primaryImageOfPage":{"@id":"https:\/\/iraurgiberritzen.eus\/es\/activadas-las-ayudas-para-la-modernizacion-de-establecimientos-comerciales-de-la-comarca-fondo-tecnologico\/#primaryimage"},"image":{"@id":"https:\/\/iraurgiberritzen.eus\/es\/activadas-las-ayudas-para-la-modernizacion-de-establecimientos-comerciales-de-la-comarca-fondo-tecnologico\/#primaryimage"},"thumbnailUrl":"https:\/\/iraurgiberritzen.eus\/wp-content\/uploads\/2023\/09\/b4cd45b9dcdf28778c9b938159445747.jpg","datePublished":"2023-03-29T03:07:11+00:00","breadcrumb":{"@id":"https:\/\/iraurgiberritzen.eus\/es\/activadas-las-ayudas-para-la-modernizacion-de-establecimientos-comerciales-de-la-comarca-fondo-tecnologico\/#breadcrumb"},"inLanguage":"es","potentialAction":[{"@type":"ReadAction","target":["https:\/\/iraurgiberritzen.eus\/es\/activadas-las-ayudas-para-la-modernizacion-de-establecimientos-comerciales-de-la-comarca-fondo-tecnologico\/"]}]},{"@type":"ImageObject","inLanguage":"es","@id":"https:\/\/iraurgiberritzen.eus\/es\/activadas-las-ayudas-para-la-modernizacion-de-establecimientos-comerciales-de-la-comarca-fondo-tecnologico\/#primaryimage","url":"https:\/\/iraurgiberritzen.eus\/wp-content\/uploads\/2023\/09\/b4cd45b9dcdf28778c9b938159445747.jpg","contentUrl":"https:\/\/iraurgiberritzen.eus\/wp-content\/uploads\/2023\/09\/b4cd45b9dcdf28778c9b938159445747.jpg","width":400,"height":257},{"@type":"BreadcrumbList","@id":"https:\/\/iraurgiberritzen.eus\/es\/activadas-las-ayudas-para-la-modernizacion-de-establecimientos-comerciales-de-la-comarca-fondo-tecnologico\/#breadcrumb","itemListElement":[{"@type":"ListItem","position":1,"name":"Home","item":"https:\/\/iraurgiberritzen.eus\/es\/"},{"@type":"ListItem","position":2,"name":"Activadas las ayudas para la modernizaci\u00f3n de establecimientos comerciales de la comarca (Fondo Tecnol\u00f3gico)"}]},{"@type":"WebSite","@id":"https:\/\/iraurgiberritzen.eus\/es\/#website","url":"https:\/\/iraurgiberritzen.eus\/es\/","name":"Iraurgi Berritzen","description":"Urola Erdiko Garapen Agentzia","publisher":{"@id":"https:\/\/iraurgiberritzen.eus\/es\/#organization"},"potentialAction":[{"@type":"SearchAction","target":{"@type":"EntryPoint","urlTemplate":"https:\/\/iraurgiberritzen.eus\/es\/?s={search_term_string}"},"query-input":{"@type":"PropertyValueSpecification","valueRequired":true,"valueName":"search_term_string"}}],"inLanguage":"es"},{"@type":"Organization","@id":"https:\/\/iraurgiberritzen.eus\/es\/#organization","name":"Iraurgi Berritzen","url":"https:\/\/iraurgiberritzen.eus\/es\/","logo":{"@type":"ImageObject","inLanguage":"es","@id":"https:\/\/iraurgiberritzen.eus\/es\/#\/schema\/logo\/image\/","url":"https:\/\/iraurgiberritzen.eus\/wp-content\/uploads\/2024\/02\/IRAURGI-BERRITZEN-logotipoa_2.png","contentUrl":"https:\/\/iraurgiberritzen.eus\/wp-content\/uploads\/2024\/02\/IRAURGI-BERRITZEN-logotipoa_2.png","width":496,"height":190,"caption":"Iraurgi Berritzen"},"image":{"@id":"https:\/\/iraurgiberritzen.eus\/es\/#\/schema\/logo\/image\/"}},{"@type":"Person","@id":"https:\/\/iraurgiberritzen.eus\/es\/#\/schema\/person\/5ab41aaf388a9097177601ebf45738d2","name":"kudeatzailea","sameAs":["https:\/\/iraurgiberritzen.eus"]}]}},"_links":{"self":[{"href":"https:\/\/iraurgiberritzen.eus\/es\/wp-json\/wp\/v2\/posts\/14382","targetHints":{"allow":["GET"]}}],"collection":[{"href":"https:\/\/iraurgiberritzen.eus\/es\/wp-json\/wp\/v2\/posts"}],"about":[{"href":"https:\/\/iraurgiberritzen.eus\/es\/wp-json\/wp\/v2\/types\/post"}],"author":[{"embeddable":true,"href":"https:\/\/iraurgiberritzen.eus\/es\/wp-json\/wp\/v2\/users\/1"}],"replies":[{"embeddable":true,"href":"https:\/\/iraurgiberritzen.eus\/es\/wp-json\/wp\/v2\/comments?post=14382"}],"version-history":[{"count":0,"href":"https:\/\/iraurgiberritzen.eus\/es\/wp-json\/wp\/v2\/posts\/14382\/revisions"}],"wp:featuredmedia":[{"embeddable":true,"href":"https:\/\/iraurgiberritzen.eus\/es\/wp-json\/wp\/v2\/media\/17248"}],"wp:attachment":[{"href":"https:\/\/iraurgiberritzen.eus\/es\/wp-json\/wp\/v2\/media?parent=14382"}],"wp:term":[{"taxonomy":"category","embeddable":true,"href":"https:\/\/iraurgiberritzen.eus\/es\/wp-json\/wp\/v2\/categories?post=14382"},{"taxonomy":"post_tag","embeddable":true,"href":"https:\/\/iraurgiberritzen.eus\/es\/wp-json\/wp\/v2\/tags?post=14382"}],"curies":[{"name":"wp","href":"https:\/\/api.w.org\/{rel}","templated":true}]}}