{"id":14385,"date":"2023-03-29T08:24:26","date_gmt":"2023-03-29T06:24:26","guid":{"rendered":"https:\/\/iraurgiberritzen.eus\/dinamicas-de-activacion-con-los-jovenes-de-azkoitia-bhi-en-el-marco-del-proyecto-elkarrekin-eraikitzen\/"},"modified":"2023-03-29T08:24:26","modified_gmt":"2023-03-29T06:24:26","slug":"dinamicas-de-activacion-con-los-jovenes-de-azkoitia-bhi-en-el-marco-del-proyecto-elkarrekin-eraikitzen","status":"publish","type":"post","link":"https:\/\/iraurgiberritzen.eus\/es\/dinamicas-de-activacion-con-los-jovenes-de-azkoitia-bhi-en-el-marco-del-proyecto-elkarrekin-eraikitzen\/","title":{"rendered":"Din\u00e1micas de activaci\u00f3n con los j\u00f3venes de Azkoitia BHI en el marco del proyecto Elkarrekin Eraikitzen"},"content":{"rendered":"<p style=\"text-align: justify;\">En el marco del proyecto Elkarrekin Eraikitzen, que trata de fomentar las relaciones entre el alumnado de los centros escolares con los agentes de la comarca, el equipo t\u00e9cnico de Iraurgi Berritzen se ha acercado a las instalaciones de Azkoitia BHI y Urola ikastola BHI con el objetivo de activar a los\/as j\u00f3venes \u00e1ntes de iniciar el proceso.<\/p>\n<p style=\"text-align: justify;\">Con la sesi\u00f3n que tuvo lugar ayer en Urola ikastola BHI, las din\u00e1micas de sensibilizaci\u00f3n han quedado realizadas en los 5 centros escolares de la comarca, poniendose en marcha el proceso.<\/p>\n<p style=\"text-align: justify;\">&nbsp;<\/p>\n","protected":false},"excerpt":{"rendered":"<p>En el marco del proyecto Elkarrekin Eraikitzen, que trata de fomentar las relaciones entre el alumnado de los centros escolares con los agentes de la comarca, el equipo t\u00e9cnico de Iraurgi Berritzen se ha acercado a las instalaciones de Azkoitia BHI y Urola ikastola BHI con el objetivo de activar a los\/as j\u00f3venes \u00e1ntes de [&hellip;]<\/p>\n","protected":false},"author":1,"featured_media":17249,"comment_status":"closed","ping_status":"closed","sticky":false,"template":"","format":"standard","meta":{"_acf_changed":false,"footnotes":""},"categories":[4],"tags":[],"class_list":["post-14385","post","type-post","status-publish","format-standard","has-post-thumbnail","hentry","category-noticias"],"acf":[],"yoast_head":"<!-- This site is optimized with the Yoast SEO plugin v27.4 - https:\/\/yoast.com\/product\/yoast-seo-wordpress\/ -->\n<title>Din\u00e1micas de activaci\u00f3n con los j\u00f3venes de Azkoitia BHI en el marco del proyecto Elkarrekin Eraikitzen - Iraurgi Berritzen<\/title>\n<meta name=\"robots\" content=\"index, follow, max-snippet:-1, max-image-preview:large, max-video-preview:-1\" \/>\n<link rel=\"canonical\" href=\"https:\/\/iraurgiberritzen.eus\/es\/dinamicas-de-activacion-con-los-jovenes-de-azkoitia-bhi-en-el-marco-del-proyecto-elkarrekin-eraikitzen\/\" \/>\n<meta property=\"og:locale\" content=\"es_ES\" \/>\n<meta property=\"og:type\" content=\"article\" \/>\n<meta property=\"og:title\" content=\"Din\u00e1micas de activaci\u00f3n con los j\u00f3venes de Azkoitia BHI en el marco del proyecto Elkarrekin Eraikitzen - Iraurgi Berritzen\" \/>\n<meta property=\"og:description\" content=\"En el marco del proyecto Elkarrekin Eraikitzen, que trata de fomentar las relaciones entre el alumnado de los centros escolares con los agentes de la comarca, el equipo t\u00e9cnico de Iraurgi Berritzen se ha acercado a las instalaciones de Azkoitia BHI y Urola ikastola BHI con el objetivo de activar a los\/as j\u00f3venes \u00e1ntes de [&hellip;]\" \/>\n<meta property=\"og:url\" content=\"https:\/\/iraurgiberritzen.eus\/es\/dinamicas-de-activacion-con-los-jovenes-de-azkoitia-bhi-en-el-marco-del-proyecto-elkarrekin-eraikitzen\/\" \/>\n<meta property=\"og:site_name\" content=\"Iraurgi Berritzen\" \/>\n<meta property=\"article:published_time\" content=\"2023-03-29T06:24:26+00:00\" \/>\n<meta name=\"author\" content=\"kudeatzailea\" \/>\n<meta name=\"twitter:card\" content=\"summary_large_image\" \/>\n<meta name=\"twitter:label1\" content=\"Escrito por\" \/>\n\t<meta name=\"twitter:data1\" content=\"kudeatzailea\" \/>\n<script type=\"application\/ld+json\" class=\"yoast-schema-graph\">{\"@context\":\"https:\\\/\\\/schema.org\",\"@graph\":[{\"@type\":\"Article\",\"@id\":\"https:\\\/\\\/iraurgiberritzen.eus\\\/es\\\/dinamicas-de-activacion-con-los-jovenes-de-azkoitia-bhi-en-el-marco-del-proyecto-elkarrekin-eraikitzen\\\/#article\",\"isPartOf\":{\"@id\":\"https:\\\/\\\/iraurgiberritzen.eus\\\/es\\\/dinamicas-de-activacion-con-los-jovenes-de-azkoitia-bhi-en-el-marco-del-proyecto-elkarrekin-eraikitzen\\\/\"},\"author\":{\"name\":\"kudeatzailea\",\"@id\":\"https:\\\/\\\/iraurgiberritzen.eus\\\/es\\\/#\\\/schema\\\/person\\\/5ab41aaf388a9097177601ebf45738d2\"},\"headline\":\"Din\u00e1micas de activaci\u00f3n con los j\u00f3venes de Azkoitia BHI en el marco del proyecto Elkarrekin Eraikitzen\",\"datePublished\":\"2023-03-29T06:24:26+00:00\",\"mainEntityOfPage\":{\"@id\":\"https:\\\/\\\/iraurgiberritzen.eus\\\/es\\\/dinamicas-de-activacion-con-los-jovenes-de-azkoitia-bhi-en-el-marco-del-proyecto-elkarrekin-eraikitzen\\\/\"},\"wordCount\":114,\"publisher\":{\"@id\":\"https:\\\/\\\/iraurgiberritzen.eus\\\/es\\\/#organization\"},\"image\":{\"@id\":\"https:\\\/\\\/iraurgiberritzen.eus\\\/es\\\/dinamicas-de-activacion-con-los-jovenes-de-azkoitia-bhi-en-el-marco-del-proyecto-elkarrekin-eraikitzen\\\/#primaryimage\"},\"thumbnailUrl\":\"https:\\\/\\\/iraurgiberritzen.eus\\\/wp-content\\\/uploads\\\/2023\\\/09\\\/4b69d1f36462257020a88d256eebfa88.jpg\",\"articleSection\":[\"Noticias\"],\"inLanguage\":\"es\"},{\"@type\":\"WebPage\",\"@id\":\"https:\\\/\\\/iraurgiberritzen.eus\\\/es\\\/dinamicas-de-activacion-con-los-jovenes-de-azkoitia-bhi-en-el-marco-del-proyecto-elkarrekin-eraikitzen\\\/\",\"url\":\"https:\\\/\\\/iraurgiberritzen.eus\\\/es\\\/dinamicas-de-activacion-con-los-jovenes-de-azkoitia-bhi-en-el-marco-del-proyecto-elkarrekin-eraikitzen\\\/\",\"name\":\"Din\u00e1micas de activaci\u00f3n con los j\u00f3venes de Azkoitia BHI en el marco del proyecto Elkarrekin Eraikitzen - Iraurgi Berritzen\",\"isPartOf\":{\"@id\":\"https:\\\/\\\/iraurgiberritzen.eus\\\/es\\\/#website\"},\"primaryImageOfPage\":{\"@id\":\"https:\\\/\\\/iraurgiberritzen.eus\\\/es\\\/dinamicas-de-activacion-con-los-jovenes-de-azkoitia-bhi-en-el-marco-del-proyecto-elkarrekin-eraikitzen\\\/#primaryimage\"},\"image\":{\"@id\":\"https:\\\/\\\/iraurgiberritzen.eus\\\/es\\\/dinamicas-de-activacion-con-los-jovenes-de-azkoitia-bhi-en-el-marco-del-proyecto-elkarrekin-eraikitzen\\\/#primaryimage\"},\"thumbnailUrl\":\"https:\\\/\\\/iraurgiberritzen.eus\\\/wp-content\\\/uploads\\\/2023\\\/09\\\/4b69d1f36462257020a88d256eebfa88.jpg\",\"datePublished\":\"2023-03-29T06:24:26+00:00\",\"breadcrumb\":{\"@id\":\"https:\\\/\\\/iraurgiberritzen.eus\\\/es\\\/dinamicas-de-activacion-con-los-jovenes-de-azkoitia-bhi-en-el-marco-del-proyecto-elkarrekin-eraikitzen\\\/#breadcrumb\"},\"inLanguage\":\"es\",\"potentialAction\":[{\"@type\":\"ReadAction\",\"target\":[\"https:\\\/\\\/iraurgiberritzen.eus\\\/es\\\/dinamicas-de-activacion-con-los-jovenes-de-azkoitia-bhi-en-el-marco-del-proyecto-elkarrekin-eraikitzen\\\/\"]}]},{\"@type\":\"ImageObject\",\"inLanguage\":\"es\",\"@id\":\"https:\\\/\\\/iraurgiberritzen.eus\\\/es\\\/dinamicas-de-activacion-con-los-jovenes-de-azkoitia-bhi-en-el-marco-del-proyecto-elkarrekin-eraikitzen\\\/#primaryimage\",\"url\":\"https:\\\/\\\/iraurgiberritzen.eus\\\/wp-content\\\/uploads\\\/2023\\\/09\\\/4b69d1f36462257020a88d256eebfa88.jpg\",\"contentUrl\":\"https:\\\/\\\/iraurgiberritzen.eus\\\/wp-content\\\/uploads\\\/2023\\\/09\\\/4b69d1f36462257020a88d256eebfa88.jpg\",\"width\":400,\"height\":257},{\"@type\":\"BreadcrumbList\",\"@id\":\"https:\\\/\\\/iraurgiberritzen.eus\\\/es\\\/dinamicas-de-activacion-con-los-jovenes-de-azkoitia-bhi-en-el-marco-del-proyecto-elkarrekin-eraikitzen\\\/#breadcrumb\",\"itemListElement\":[{\"@type\":\"ListItem\",\"position\":1,\"name\":\"Home\",\"item\":\"https:\\\/\\\/iraurgiberritzen.eus\\\/es\\\/\"},{\"@type\":\"ListItem\",\"position\":2,\"name\":\"Din\u00e1micas de activaci\u00f3n con los j\u00f3venes de Azkoitia BHI en el marco del proyecto Elkarrekin Eraikitzen\"}]},{\"@type\":\"WebSite\",\"@id\":\"https:\\\/\\\/iraurgiberritzen.eus\\\/es\\\/#website\",\"url\":\"https:\\\/\\\/iraurgiberritzen.eus\\\/es\\\/\",\"name\":\"Iraurgi Berritzen\",\"description\":\"Urola Erdiko Garapen Agentzia\",\"publisher\":{\"@id\":\"https:\\\/\\\/iraurgiberritzen.eus\\\/es\\\/#organization\"},\"potentialAction\":[{\"@type\":\"SearchAction\",\"target\":{\"@type\":\"EntryPoint\",\"urlTemplate\":\"https:\\\/\\\/iraurgiberritzen.eus\\\/es\\\/?s={search_term_string}\"},\"query-input\":{\"@type\":\"PropertyValueSpecification\",\"valueRequired\":true,\"valueName\":\"search_term_string\"}}],\"inLanguage\":\"es\"},{\"@type\":\"Organization\",\"@id\":\"https:\\\/\\\/iraurgiberritzen.eus\\\/es\\\/#organization\",\"name\":\"Iraurgi Berritzen\",\"url\":\"https:\\\/\\\/iraurgiberritzen.eus\\\/es\\\/\",\"logo\":{\"@type\":\"ImageObject\",\"inLanguage\":\"es\",\"@id\":\"https:\\\/\\\/iraurgiberritzen.eus\\\/es\\\/#\\\/schema\\\/logo\\\/image\\\/\",\"url\":\"https:\\\/\\\/iraurgiberritzen.eus\\\/wp-content\\\/uploads\\\/2024\\\/02\\\/IRAURGI-BERRITZEN-logotipoa_2.png\",\"contentUrl\":\"https:\\\/\\\/iraurgiberritzen.eus\\\/wp-content\\\/uploads\\\/2024\\\/02\\\/IRAURGI-BERRITZEN-logotipoa_2.png\",\"width\":496,\"height\":190,\"caption\":\"Iraurgi Berritzen\"},\"image\":{\"@id\":\"https:\\\/\\\/iraurgiberritzen.eus\\\/es\\\/#\\\/schema\\\/logo\\\/image\\\/\"}},{\"@type\":\"Person\",\"@id\":\"https:\\\/\\\/iraurgiberritzen.eus\\\/es\\\/#\\\/schema\\\/person\\\/5ab41aaf388a9097177601ebf45738d2\",\"name\":\"kudeatzailea\",\"sameAs\":[\"https:\\\/\\\/iraurgiberritzen.eus\"]}]}<\/script>\n<!-- \/ Yoast SEO plugin. -->","yoast_head_json":{"title":"Din\u00e1micas de activaci\u00f3n con los j\u00f3venes de Azkoitia BHI en el marco del proyecto Elkarrekin Eraikitzen - Iraurgi Berritzen","robots":{"index":"index","follow":"follow","max-snippet":"max-snippet:-1","max-image-preview":"max-image-preview:large","max-video-preview":"max-video-preview:-1"},"canonical":"https:\/\/iraurgiberritzen.eus\/es\/dinamicas-de-activacion-con-los-jovenes-de-azkoitia-bhi-en-el-marco-del-proyecto-elkarrekin-eraikitzen\/","og_locale":"es_ES","og_type":"article","og_title":"Din\u00e1micas de activaci\u00f3n con los j\u00f3venes de Azkoitia BHI en el marco del proyecto Elkarrekin Eraikitzen - Iraurgi Berritzen","og_description":"En el marco del proyecto Elkarrekin Eraikitzen, que trata de fomentar las relaciones entre el alumnado de los centros escolares con los agentes de la comarca, el equipo t\u00e9cnico de Iraurgi Berritzen se ha acercado a las instalaciones de Azkoitia BHI y Urola ikastola BHI con el objetivo de activar a los\/as j\u00f3venes \u00e1ntes de [&hellip;]","og_url":"https:\/\/iraurgiberritzen.eus\/es\/dinamicas-de-activacion-con-los-jovenes-de-azkoitia-bhi-en-el-marco-del-proyecto-elkarrekin-eraikitzen\/","og_site_name":"Iraurgi Berritzen","article_published_time":"2023-03-29T06:24:26+00:00","author":"kudeatzailea","twitter_card":"summary_large_image","twitter_misc":{"Escrito por":"kudeatzailea"},"schema":{"@context":"https:\/\/schema.org","@graph":[{"@type":"Article","@id":"https:\/\/iraurgiberritzen.eus\/es\/dinamicas-de-activacion-con-los-jovenes-de-azkoitia-bhi-en-el-marco-del-proyecto-elkarrekin-eraikitzen\/#article","isPartOf":{"@id":"https:\/\/iraurgiberritzen.eus\/es\/dinamicas-de-activacion-con-los-jovenes-de-azkoitia-bhi-en-el-marco-del-proyecto-elkarrekin-eraikitzen\/"},"author":{"name":"kudeatzailea","@id":"https:\/\/iraurgiberritzen.eus\/es\/#\/schema\/person\/5ab41aaf388a9097177601ebf45738d2"},"headline":"Din\u00e1micas de activaci\u00f3n con los j\u00f3venes de Azkoitia BHI en el marco del proyecto Elkarrekin Eraikitzen","datePublished":"2023-03-29T06:24:26+00:00","mainEntityOfPage":{"@id":"https:\/\/iraurgiberritzen.eus\/es\/dinamicas-de-activacion-con-los-jovenes-de-azkoitia-bhi-en-el-marco-del-proyecto-elkarrekin-eraikitzen\/"},"wordCount":114,"publisher":{"@id":"https:\/\/iraurgiberritzen.eus\/es\/#organization"},"image":{"@id":"https:\/\/iraurgiberritzen.eus\/es\/dinamicas-de-activacion-con-los-jovenes-de-azkoitia-bhi-en-el-marco-del-proyecto-elkarrekin-eraikitzen\/#primaryimage"},"thumbnailUrl":"https:\/\/iraurgiberritzen.eus\/wp-content\/uploads\/2023\/09\/4b69d1f36462257020a88d256eebfa88.jpg","articleSection":["Noticias"],"inLanguage":"es"},{"@type":"WebPage","@id":"https:\/\/iraurgiberritzen.eus\/es\/dinamicas-de-activacion-con-los-jovenes-de-azkoitia-bhi-en-el-marco-del-proyecto-elkarrekin-eraikitzen\/","url":"https:\/\/iraurgiberritzen.eus\/es\/dinamicas-de-activacion-con-los-jovenes-de-azkoitia-bhi-en-el-marco-del-proyecto-elkarrekin-eraikitzen\/","name":"Din\u00e1micas de activaci\u00f3n con los j\u00f3venes de Azkoitia BHI en el marco del proyecto Elkarrekin Eraikitzen - Iraurgi Berritzen","isPartOf":{"@id":"https:\/\/iraurgiberritzen.eus\/es\/#website"},"primaryImageOfPage":{"@id":"https:\/\/iraurgiberritzen.eus\/es\/dinamicas-de-activacion-con-los-jovenes-de-azkoitia-bhi-en-el-marco-del-proyecto-elkarrekin-eraikitzen\/#primaryimage"},"image":{"@id":"https:\/\/iraurgiberritzen.eus\/es\/dinamicas-de-activacion-con-los-jovenes-de-azkoitia-bhi-en-el-marco-del-proyecto-elkarrekin-eraikitzen\/#primaryimage"},"thumbnailUrl":"https:\/\/iraurgiberritzen.eus\/wp-content\/uploads\/2023\/09\/4b69d1f36462257020a88d256eebfa88.jpg","datePublished":"2023-03-29T06:24:26+00:00","breadcrumb":{"@id":"https:\/\/iraurgiberritzen.eus\/es\/dinamicas-de-activacion-con-los-jovenes-de-azkoitia-bhi-en-el-marco-del-proyecto-elkarrekin-eraikitzen\/#breadcrumb"},"inLanguage":"es","potentialAction":[{"@type":"ReadAction","target":["https:\/\/iraurgiberritzen.eus\/es\/dinamicas-de-activacion-con-los-jovenes-de-azkoitia-bhi-en-el-marco-del-proyecto-elkarrekin-eraikitzen\/"]}]},{"@type":"ImageObject","inLanguage":"es","@id":"https:\/\/iraurgiberritzen.eus\/es\/dinamicas-de-activacion-con-los-jovenes-de-azkoitia-bhi-en-el-marco-del-proyecto-elkarrekin-eraikitzen\/#primaryimage","url":"https:\/\/iraurgiberritzen.eus\/wp-content\/uploads\/2023\/09\/4b69d1f36462257020a88d256eebfa88.jpg","contentUrl":"https:\/\/iraurgiberritzen.eus\/wp-content\/uploads\/2023\/09\/4b69d1f36462257020a88d256eebfa88.jpg","width":400,"height":257},{"@type":"BreadcrumbList","@id":"https:\/\/iraurgiberritzen.eus\/es\/dinamicas-de-activacion-con-los-jovenes-de-azkoitia-bhi-en-el-marco-del-proyecto-elkarrekin-eraikitzen\/#breadcrumb","itemListElement":[{"@type":"ListItem","position":1,"name":"Home","item":"https:\/\/iraurgiberritzen.eus\/es\/"},{"@type":"ListItem","position":2,"name":"Din\u00e1micas de activaci\u00f3n con los j\u00f3venes de Azkoitia BHI en el marco del proyecto Elkarrekin Eraikitzen"}]},{"@type":"WebSite","@id":"https:\/\/iraurgiberritzen.eus\/es\/#website","url":"https:\/\/iraurgiberritzen.eus\/es\/","name":"Iraurgi Berritzen","description":"Urola Erdiko Garapen Agentzia","publisher":{"@id":"https:\/\/iraurgiberritzen.eus\/es\/#organization"},"potentialAction":[{"@type":"SearchAction","target":{"@type":"EntryPoint","urlTemplate":"https:\/\/iraurgiberritzen.eus\/es\/?s={search_term_string}"},"query-input":{"@type":"PropertyValueSpecification","valueRequired":true,"valueName":"search_term_string"}}],"inLanguage":"es"},{"@type":"Organization","@id":"https:\/\/iraurgiberritzen.eus\/es\/#organization","name":"Iraurgi Berritzen","url":"https:\/\/iraurgiberritzen.eus\/es\/","logo":{"@type":"ImageObject","inLanguage":"es","@id":"https:\/\/iraurgiberritzen.eus\/es\/#\/schema\/logo\/image\/","url":"https:\/\/iraurgiberritzen.eus\/wp-content\/uploads\/2024\/02\/IRAURGI-BERRITZEN-logotipoa_2.png","contentUrl":"https:\/\/iraurgiberritzen.eus\/wp-content\/uploads\/2024\/02\/IRAURGI-BERRITZEN-logotipoa_2.png","width":496,"height":190,"caption":"Iraurgi Berritzen"},"image":{"@id":"https:\/\/iraurgiberritzen.eus\/es\/#\/schema\/logo\/image\/"}},{"@type":"Person","@id":"https:\/\/iraurgiberritzen.eus\/es\/#\/schema\/person\/5ab41aaf388a9097177601ebf45738d2","name":"kudeatzailea","sameAs":["https:\/\/iraurgiberritzen.eus"]}]}},"_links":{"self":[{"href":"https:\/\/iraurgiberritzen.eus\/es\/wp-json\/wp\/v2\/posts\/14385","targetHints":{"allow":["GET"]}}],"collection":[{"href":"https:\/\/iraurgiberritzen.eus\/es\/wp-json\/wp\/v2\/posts"}],"about":[{"href":"https:\/\/iraurgiberritzen.eus\/es\/wp-json\/wp\/v2\/types\/post"}],"author":[{"embeddable":true,"href":"https:\/\/iraurgiberritzen.eus\/es\/wp-json\/wp\/v2\/users\/1"}],"replies":[{"embeddable":true,"href":"https:\/\/iraurgiberritzen.eus\/es\/wp-json\/wp\/v2\/comments?post=14385"}],"version-history":[{"count":0,"href":"https:\/\/iraurgiberritzen.eus\/es\/wp-json\/wp\/v2\/posts\/14385\/revisions"}],"wp:featuredmedia":[{"embeddable":true,"href":"https:\/\/iraurgiberritzen.eus\/es\/wp-json\/wp\/v2\/media\/17249"}],"wp:attachment":[{"href":"https:\/\/iraurgiberritzen.eus\/es\/wp-json\/wp\/v2\/media?parent=14385"}],"wp:term":[{"taxonomy":"category","embeddable":true,"href":"https:\/\/iraurgiberritzen.eus\/es\/wp-json\/wp\/v2\/categories?post=14385"},{"taxonomy":"post_tag","embeddable":true,"href":"https:\/\/iraurgiberritzen.eus\/es\/wp-json\/wp\/v2\/tags?post=14385"}],"curies":[{"name":"wp","href":"https:\/\/api.w.org\/{rel}","templated":true}]}}