{"id":14388,"date":"2023-03-29T12:10:30","date_gmt":"2023-03-29T10:10:30","guid":{"rendered":"https:\/\/iraurgiberritzen.eus\/empresas-de-la-comarca-abordan-la-gestion-del-relevo-generacional-en-colaboracion-con-innobasque\/"},"modified":"2023-03-29T12:10:30","modified_gmt":"2023-03-29T10:10:30","slug":"empresas-de-la-comarca-abordan-la-gestion-del-relevo-generacional-en-colaboracion-con-innobasque","status":"publish","type":"post","link":"https:\/\/iraurgiberritzen.eus\/es\/empresas-de-la-comarca-abordan-la-gestion-del-relevo-generacional-en-colaboracion-con-innobasque\/","title":{"rendered":"Empresas de la comarca abordan la gesti\u00f3n del relevo generacional, en colaboraci\u00f3n con Innobasque"},"content":{"rendered":"<p style=\"text-align: justify;\">Hoy mi\u00e9rcoles, 29 de marzo, Iraurgi Berritzen ha realizado la jornada sobre el tema:&nbsp;<strong>Gesti\u00f3n del relebo generacional en la empresa. Presentaci\u00f3n de la iniciativa Lan Mentoring<\/strong>.<\/p>\n<p style=\"text-align: justify;\">Esta sesi\u00f3n de trabajo se ha dirigido a gerentes y\/o responsables de personas de empresas interesadas en gestionar con \u00e9xito el relevo generacional de los puestos de trabajo cr\u00edticos para su actividad.<\/p>\n<p style=\"text-align: justify;\">En ella se ha presentado la iniciativa Lan Mentoring promovida por Lanbide, Servicio Vasco de Empleo, en colaboraci\u00f3n con la Agencia Vasca de la Innovaci\u00f3n (Innobasque), y se ha difundido el aprendizaje de la experiencia de empresas participantes, mediante la presentaci\u00f3n de retos y dificultades reales de 40 empresas vascas, vinculadas al relevo generacional.<\/p>\n<p style=\"text-align: justify;\">Esta iniciativa piloto, es un servicio de acompa\u00f1amiento especializado para pymes preocupadas por c\u00f3mo abordar con \u00e9xito el relevo generacional en sus plantillas, y pretende facilitar un proceso que ayude a las pymes a anticipar, planificar y gestionar el ciclo de vida de sus plantillas.<\/p>\n<p style=\"text-align: justify;\">Las empresas tambi\u00e9n han tenido un espacio para reflexionar y resolver sus dudas y preguntas.<\/p>\n<p style=\"text-align: justify;\">La sesi\u00f3n de hoy se enmarca dentro del Programa Ikasiz 2023, definido en base a propuestas recibidas por parte de Enpresa Gunea, cuyo objetivo es compartir conocimientos y experiencias, as\u00ed como la sensibilizaci\u00f3n y difusi\u00f3n de buenas pr\u00e1cticas en diferentes \u00e1mbitos de gesti\u00f3n de la empresa.<\/p>\n","protected":false},"excerpt":{"rendered":"<p>Hoy mi\u00e9rcoles, 29 de marzo, Iraurgi Berritzen ha realizado la jornada sobre el tema:&nbsp;Gesti\u00f3n del relebo generacional en la empresa. Presentaci\u00f3n de la iniciativa Lan Mentoring. Esta sesi\u00f3n de trabajo se ha dirigido a gerentes y\/o responsables de personas de empresas interesadas en gestionar con \u00e9xito el relevo generacional de los puestos de trabajo cr\u00edticos [&hellip;]<\/p>\n","protected":false},"author":1,"featured_media":17250,"comment_status":"","ping_status":"closed","sticky":false,"template":"","format":"standard","meta":{"_acf_changed":false,"footnotes":""},"categories":[4],"tags":[],"class_list":["post-14388","post","type-post","status-publish","format-standard","has-post-thumbnail","hentry","category-noticias"],"acf":[],"yoast_head":"<!-- This site is optimized with the Yoast SEO plugin v27.4 - https:\/\/yoast.com\/product\/yoast-seo-wordpress\/ -->\n<title>Empresas de la comarca abordan la gesti\u00f3n del relevo generacional, en colaboraci\u00f3n con Innobasque - Iraurgi Berritzen<\/title>\n<meta name=\"robots\" content=\"index, follow, max-snippet:-1, max-image-preview:large, max-video-preview:-1\" \/>\n<link rel=\"canonical\" href=\"https:\/\/iraurgiberritzen.eus\/es\/empresas-de-la-comarca-abordan-la-gestion-del-relevo-generacional-en-colaboracion-con-innobasque\/\" \/>\n<meta property=\"og:locale\" content=\"es_ES\" \/>\n<meta property=\"og:type\" content=\"article\" \/>\n<meta property=\"og:title\" content=\"Empresas de la comarca abordan la gesti\u00f3n del relevo generacional, en colaboraci\u00f3n con Innobasque - Iraurgi Berritzen\" \/>\n<meta property=\"og:description\" content=\"Hoy mi\u00e9rcoles, 29 de marzo, Iraurgi Berritzen ha realizado la jornada sobre el tema:&nbsp;Gesti\u00f3n del relebo generacional en la empresa. Presentaci\u00f3n de la iniciativa Lan Mentoring. Esta sesi\u00f3n de trabajo se ha dirigido a gerentes y\/o responsables de personas de empresas interesadas en gestionar con \u00e9xito el relevo generacional de los puestos de trabajo cr\u00edticos [&hellip;]\" \/>\n<meta property=\"og:url\" content=\"https:\/\/iraurgiberritzen.eus\/es\/empresas-de-la-comarca-abordan-la-gestion-del-relevo-generacional-en-colaboracion-con-innobasque\/\" \/>\n<meta property=\"og:site_name\" content=\"Iraurgi Berritzen\" \/>\n<meta property=\"article:published_time\" content=\"2023-03-29T10:10:30+00:00\" \/>\n<meta name=\"author\" content=\"kudeatzailea\" \/>\n<meta name=\"twitter:card\" content=\"summary_large_image\" \/>\n<meta name=\"twitter:label1\" content=\"Escrito por\" \/>\n\t<meta name=\"twitter:data1\" content=\"kudeatzailea\" \/>\n\t<meta name=\"twitter:label2\" content=\"Tiempo de lectura\" \/>\n\t<meta name=\"twitter:data2\" content=\"1 minuto\" \/>\n<script type=\"application\/ld+json\" class=\"yoast-schema-graph\">{\"@context\":\"https:\\\/\\\/schema.org\",\"@graph\":[{\"@type\":\"Article\",\"@id\":\"https:\\\/\\\/iraurgiberritzen.eus\\\/es\\\/empresas-de-la-comarca-abordan-la-gestion-del-relevo-generacional-en-colaboracion-con-innobasque\\\/#article\",\"isPartOf\":{\"@id\":\"https:\\\/\\\/iraurgiberritzen.eus\\\/es\\\/empresas-de-la-comarca-abordan-la-gestion-del-relevo-generacional-en-colaboracion-con-innobasque\\\/\"},\"author\":{\"name\":\"kudeatzailea\",\"@id\":\"https:\\\/\\\/iraurgiberritzen.eus\\\/es\\\/#\\\/schema\\\/person\\\/5ab41aaf388a9097177601ebf45738d2\"},\"headline\":\"Empresas de la comarca abordan la gesti\u00f3n del relevo generacional, en colaboraci\u00f3n con Innobasque\",\"datePublished\":\"2023-03-29T10:10:30+00:00\",\"mainEntityOfPage\":{\"@id\":\"https:\\\/\\\/iraurgiberritzen.eus\\\/es\\\/empresas-de-la-comarca-abordan-la-gestion-del-relevo-generacional-en-colaboracion-con-innobasque\\\/\"},\"wordCount\":250,\"publisher\":{\"@id\":\"https:\\\/\\\/iraurgiberritzen.eus\\\/es\\\/#organization\"},\"image\":{\"@id\":\"https:\\\/\\\/iraurgiberritzen.eus\\\/es\\\/empresas-de-la-comarca-abordan-la-gestion-del-relevo-generacional-en-colaboracion-con-innobasque\\\/#primaryimage\"},\"thumbnailUrl\":\"https:\\\/\\\/iraurgiberritzen.eus\\\/wp-content\\\/uploads\\\/2023\\\/09\\\/0f128b59913cdcbadd50f36dbaae7de6.jpg\",\"articleSection\":[\"Noticias\"],\"inLanguage\":\"es\"},{\"@type\":\"WebPage\",\"@id\":\"https:\\\/\\\/iraurgiberritzen.eus\\\/es\\\/empresas-de-la-comarca-abordan-la-gestion-del-relevo-generacional-en-colaboracion-con-innobasque\\\/\",\"url\":\"https:\\\/\\\/iraurgiberritzen.eus\\\/es\\\/empresas-de-la-comarca-abordan-la-gestion-del-relevo-generacional-en-colaboracion-con-innobasque\\\/\",\"name\":\"Empresas de la comarca abordan la gesti\u00f3n del relevo generacional, en colaboraci\u00f3n con Innobasque - Iraurgi Berritzen\",\"isPartOf\":{\"@id\":\"https:\\\/\\\/iraurgiberritzen.eus\\\/es\\\/#website\"},\"primaryImageOfPage\":{\"@id\":\"https:\\\/\\\/iraurgiberritzen.eus\\\/es\\\/empresas-de-la-comarca-abordan-la-gestion-del-relevo-generacional-en-colaboracion-con-innobasque\\\/#primaryimage\"},\"image\":{\"@id\":\"https:\\\/\\\/iraurgiberritzen.eus\\\/es\\\/empresas-de-la-comarca-abordan-la-gestion-del-relevo-generacional-en-colaboracion-con-innobasque\\\/#primaryimage\"},\"thumbnailUrl\":\"https:\\\/\\\/iraurgiberritzen.eus\\\/wp-content\\\/uploads\\\/2023\\\/09\\\/0f128b59913cdcbadd50f36dbaae7de6.jpg\",\"datePublished\":\"2023-03-29T10:10:30+00:00\",\"breadcrumb\":{\"@id\":\"https:\\\/\\\/iraurgiberritzen.eus\\\/es\\\/empresas-de-la-comarca-abordan-la-gestion-del-relevo-generacional-en-colaboracion-con-innobasque\\\/#breadcrumb\"},\"inLanguage\":\"es\",\"potentialAction\":[{\"@type\":\"ReadAction\",\"target\":[\"https:\\\/\\\/iraurgiberritzen.eus\\\/es\\\/empresas-de-la-comarca-abordan-la-gestion-del-relevo-generacional-en-colaboracion-con-innobasque\\\/\"]}]},{\"@type\":\"ImageObject\",\"inLanguage\":\"es\",\"@id\":\"https:\\\/\\\/iraurgiberritzen.eus\\\/es\\\/empresas-de-la-comarca-abordan-la-gestion-del-relevo-generacional-en-colaboracion-con-innobasque\\\/#primaryimage\",\"url\":\"https:\\\/\\\/iraurgiberritzen.eus\\\/wp-content\\\/uploads\\\/2023\\\/09\\\/0f128b59913cdcbadd50f36dbaae7de6.jpg\",\"contentUrl\":\"https:\\\/\\\/iraurgiberritzen.eus\\\/wp-content\\\/uploads\\\/2023\\\/09\\\/0f128b59913cdcbadd50f36dbaae7de6.jpg\",\"width\":400,\"height\":257},{\"@type\":\"BreadcrumbList\",\"@id\":\"https:\\\/\\\/iraurgiberritzen.eus\\\/es\\\/empresas-de-la-comarca-abordan-la-gestion-del-relevo-generacional-en-colaboracion-con-innobasque\\\/#breadcrumb\",\"itemListElement\":[{\"@type\":\"ListItem\",\"position\":1,\"name\":\"Home\",\"item\":\"https:\\\/\\\/iraurgiberritzen.eus\\\/es\\\/\"},{\"@type\":\"ListItem\",\"position\":2,\"name\":\"Empresas de la comarca abordan la gesti\u00f3n del relevo generacional, en colaboraci\u00f3n con Innobasque\"}]},{\"@type\":\"WebSite\",\"@id\":\"https:\\\/\\\/iraurgiberritzen.eus\\\/es\\\/#website\",\"url\":\"https:\\\/\\\/iraurgiberritzen.eus\\\/es\\\/\",\"name\":\"Iraurgi Berritzen\",\"description\":\"Urola Erdiko Garapen Agentzia\",\"publisher\":{\"@id\":\"https:\\\/\\\/iraurgiberritzen.eus\\\/es\\\/#organization\"},\"potentialAction\":[{\"@type\":\"SearchAction\",\"target\":{\"@type\":\"EntryPoint\",\"urlTemplate\":\"https:\\\/\\\/iraurgiberritzen.eus\\\/es\\\/?s={search_term_string}\"},\"query-input\":{\"@type\":\"PropertyValueSpecification\",\"valueRequired\":true,\"valueName\":\"search_term_string\"}}],\"inLanguage\":\"es\"},{\"@type\":\"Organization\",\"@id\":\"https:\\\/\\\/iraurgiberritzen.eus\\\/es\\\/#organization\",\"name\":\"Iraurgi Berritzen\",\"url\":\"https:\\\/\\\/iraurgiberritzen.eus\\\/es\\\/\",\"logo\":{\"@type\":\"ImageObject\",\"inLanguage\":\"es\",\"@id\":\"https:\\\/\\\/iraurgiberritzen.eus\\\/es\\\/#\\\/schema\\\/logo\\\/image\\\/\",\"url\":\"https:\\\/\\\/iraurgiberritzen.eus\\\/wp-content\\\/uploads\\\/2024\\\/02\\\/IRAURGI-BERRITZEN-logotipoa_2.png\",\"contentUrl\":\"https:\\\/\\\/iraurgiberritzen.eus\\\/wp-content\\\/uploads\\\/2024\\\/02\\\/IRAURGI-BERRITZEN-logotipoa_2.png\",\"width\":496,\"height\":190,\"caption\":\"Iraurgi Berritzen\"},\"image\":{\"@id\":\"https:\\\/\\\/iraurgiberritzen.eus\\\/es\\\/#\\\/schema\\\/logo\\\/image\\\/\"}},{\"@type\":\"Person\",\"@id\":\"https:\\\/\\\/iraurgiberritzen.eus\\\/es\\\/#\\\/schema\\\/person\\\/5ab41aaf388a9097177601ebf45738d2\",\"name\":\"kudeatzailea\",\"sameAs\":[\"https:\\\/\\\/iraurgiberritzen.eus\"]}]}<\/script>\n<!-- \/ Yoast SEO plugin. -->","yoast_head_json":{"title":"Empresas de la comarca abordan la gesti\u00f3n del relevo generacional, en colaboraci\u00f3n con Innobasque - Iraurgi Berritzen","robots":{"index":"index","follow":"follow","max-snippet":"max-snippet:-1","max-image-preview":"max-image-preview:large","max-video-preview":"max-video-preview:-1"},"canonical":"https:\/\/iraurgiberritzen.eus\/es\/empresas-de-la-comarca-abordan-la-gestion-del-relevo-generacional-en-colaboracion-con-innobasque\/","og_locale":"es_ES","og_type":"article","og_title":"Empresas de la comarca abordan la gesti\u00f3n del relevo generacional, en colaboraci\u00f3n con Innobasque - Iraurgi Berritzen","og_description":"Hoy mi\u00e9rcoles, 29 de marzo, Iraurgi Berritzen ha realizado la jornada sobre el tema:&nbsp;Gesti\u00f3n del relebo generacional en la empresa. Presentaci\u00f3n de la iniciativa Lan Mentoring. Esta sesi\u00f3n de trabajo se ha dirigido a gerentes y\/o responsables de personas de empresas interesadas en gestionar con \u00e9xito el relevo generacional de los puestos de trabajo cr\u00edticos [&hellip;]","og_url":"https:\/\/iraurgiberritzen.eus\/es\/empresas-de-la-comarca-abordan-la-gestion-del-relevo-generacional-en-colaboracion-con-innobasque\/","og_site_name":"Iraurgi Berritzen","article_published_time":"2023-03-29T10:10:30+00:00","author":"kudeatzailea","twitter_card":"summary_large_image","twitter_misc":{"Escrito por":"kudeatzailea","Tiempo de lectura":"1 minuto"},"schema":{"@context":"https:\/\/schema.org","@graph":[{"@type":"Article","@id":"https:\/\/iraurgiberritzen.eus\/es\/empresas-de-la-comarca-abordan-la-gestion-del-relevo-generacional-en-colaboracion-con-innobasque\/#article","isPartOf":{"@id":"https:\/\/iraurgiberritzen.eus\/es\/empresas-de-la-comarca-abordan-la-gestion-del-relevo-generacional-en-colaboracion-con-innobasque\/"},"author":{"name":"kudeatzailea","@id":"https:\/\/iraurgiberritzen.eus\/es\/#\/schema\/person\/5ab41aaf388a9097177601ebf45738d2"},"headline":"Empresas de la comarca abordan la gesti\u00f3n del relevo generacional, en colaboraci\u00f3n con Innobasque","datePublished":"2023-03-29T10:10:30+00:00","mainEntityOfPage":{"@id":"https:\/\/iraurgiberritzen.eus\/es\/empresas-de-la-comarca-abordan-la-gestion-del-relevo-generacional-en-colaboracion-con-innobasque\/"},"wordCount":250,"publisher":{"@id":"https:\/\/iraurgiberritzen.eus\/es\/#organization"},"image":{"@id":"https:\/\/iraurgiberritzen.eus\/es\/empresas-de-la-comarca-abordan-la-gestion-del-relevo-generacional-en-colaboracion-con-innobasque\/#primaryimage"},"thumbnailUrl":"https:\/\/iraurgiberritzen.eus\/wp-content\/uploads\/2023\/09\/0f128b59913cdcbadd50f36dbaae7de6.jpg","articleSection":["Noticias"],"inLanguage":"es"},{"@type":"WebPage","@id":"https:\/\/iraurgiberritzen.eus\/es\/empresas-de-la-comarca-abordan-la-gestion-del-relevo-generacional-en-colaboracion-con-innobasque\/","url":"https:\/\/iraurgiberritzen.eus\/es\/empresas-de-la-comarca-abordan-la-gestion-del-relevo-generacional-en-colaboracion-con-innobasque\/","name":"Empresas de la comarca abordan la gesti\u00f3n del relevo generacional, en colaboraci\u00f3n con Innobasque - Iraurgi Berritzen","isPartOf":{"@id":"https:\/\/iraurgiberritzen.eus\/es\/#website"},"primaryImageOfPage":{"@id":"https:\/\/iraurgiberritzen.eus\/es\/empresas-de-la-comarca-abordan-la-gestion-del-relevo-generacional-en-colaboracion-con-innobasque\/#primaryimage"},"image":{"@id":"https:\/\/iraurgiberritzen.eus\/es\/empresas-de-la-comarca-abordan-la-gestion-del-relevo-generacional-en-colaboracion-con-innobasque\/#primaryimage"},"thumbnailUrl":"https:\/\/iraurgiberritzen.eus\/wp-content\/uploads\/2023\/09\/0f128b59913cdcbadd50f36dbaae7de6.jpg","datePublished":"2023-03-29T10:10:30+00:00","breadcrumb":{"@id":"https:\/\/iraurgiberritzen.eus\/es\/empresas-de-la-comarca-abordan-la-gestion-del-relevo-generacional-en-colaboracion-con-innobasque\/#breadcrumb"},"inLanguage":"es","potentialAction":[{"@type":"ReadAction","target":["https:\/\/iraurgiberritzen.eus\/es\/empresas-de-la-comarca-abordan-la-gestion-del-relevo-generacional-en-colaboracion-con-innobasque\/"]}]},{"@type":"ImageObject","inLanguage":"es","@id":"https:\/\/iraurgiberritzen.eus\/es\/empresas-de-la-comarca-abordan-la-gestion-del-relevo-generacional-en-colaboracion-con-innobasque\/#primaryimage","url":"https:\/\/iraurgiberritzen.eus\/wp-content\/uploads\/2023\/09\/0f128b59913cdcbadd50f36dbaae7de6.jpg","contentUrl":"https:\/\/iraurgiberritzen.eus\/wp-content\/uploads\/2023\/09\/0f128b59913cdcbadd50f36dbaae7de6.jpg","width":400,"height":257},{"@type":"BreadcrumbList","@id":"https:\/\/iraurgiberritzen.eus\/es\/empresas-de-la-comarca-abordan-la-gestion-del-relevo-generacional-en-colaboracion-con-innobasque\/#breadcrumb","itemListElement":[{"@type":"ListItem","position":1,"name":"Home","item":"https:\/\/iraurgiberritzen.eus\/es\/"},{"@type":"ListItem","position":2,"name":"Empresas de la comarca abordan la gesti\u00f3n del relevo generacional, en colaboraci\u00f3n con Innobasque"}]},{"@type":"WebSite","@id":"https:\/\/iraurgiberritzen.eus\/es\/#website","url":"https:\/\/iraurgiberritzen.eus\/es\/","name":"Iraurgi Berritzen","description":"Urola Erdiko Garapen Agentzia","publisher":{"@id":"https:\/\/iraurgiberritzen.eus\/es\/#organization"},"potentialAction":[{"@type":"SearchAction","target":{"@type":"EntryPoint","urlTemplate":"https:\/\/iraurgiberritzen.eus\/es\/?s={search_term_string}"},"query-input":{"@type":"PropertyValueSpecification","valueRequired":true,"valueName":"search_term_string"}}],"inLanguage":"es"},{"@type":"Organization","@id":"https:\/\/iraurgiberritzen.eus\/es\/#organization","name":"Iraurgi Berritzen","url":"https:\/\/iraurgiberritzen.eus\/es\/","logo":{"@type":"ImageObject","inLanguage":"es","@id":"https:\/\/iraurgiberritzen.eus\/es\/#\/schema\/logo\/image\/","url":"https:\/\/iraurgiberritzen.eus\/wp-content\/uploads\/2024\/02\/IRAURGI-BERRITZEN-logotipoa_2.png","contentUrl":"https:\/\/iraurgiberritzen.eus\/wp-content\/uploads\/2024\/02\/IRAURGI-BERRITZEN-logotipoa_2.png","width":496,"height":190,"caption":"Iraurgi Berritzen"},"image":{"@id":"https:\/\/iraurgiberritzen.eus\/es\/#\/schema\/logo\/image\/"}},{"@type":"Person","@id":"https:\/\/iraurgiberritzen.eus\/es\/#\/schema\/person\/5ab41aaf388a9097177601ebf45738d2","name":"kudeatzailea","sameAs":["https:\/\/iraurgiberritzen.eus"]}]}},"_links":{"self":[{"href":"https:\/\/iraurgiberritzen.eus\/es\/wp-json\/wp\/v2\/posts\/14388","targetHints":{"allow":["GET"]}}],"collection":[{"href":"https:\/\/iraurgiberritzen.eus\/es\/wp-json\/wp\/v2\/posts"}],"about":[{"href":"https:\/\/iraurgiberritzen.eus\/es\/wp-json\/wp\/v2\/types\/post"}],"author":[{"embeddable":true,"href":"https:\/\/iraurgiberritzen.eus\/es\/wp-json\/wp\/v2\/users\/1"}],"replies":[{"embeddable":true,"href":"https:\/\/iraurgiberritzen.eus\/es\/wp-json\/wp\/v2\/comments?post=14388"}],"version-history":[{"count":0,"href":"https:\/\/iraurgiberritzen.eus\/es\/wp-json\/wp\/v2\/posts\/14388\/revisions"}],"wp:featuredmedia":[{"embeddable":true,"href":"https:\/\/iraurgiberritzen.eus\/es\/wp-json\/wp\/v2\/media\/17250"}],"wp:attachment":[{"href":"https:\/\/iraurgiberritzen.eus\/es\/wp-json\/wp\/v2\/media?parent=14388"}],"wp:term":[{"taxonomy":"category","embeddable":true,"href":"https:\/\/iraurgiberritzen.eus\/es\/wp-json\/wp\/v2\/categories?post=14388"},{"taxonomy":"post_tag","embeddable":true,"href":"https:\/\/iraurgiberritzen.eus\/es\/wp-json\/wp\/v2\/tags?post=14388"}],"curies":[{"name":"wp","href":"https:\/\/api.w.org\/{rel}","templated":true}]}}