{"id":14405,"date":"2023-04-04T14:22:46","date_gmt":"2023-04-04T12:22:46","guid":{"rendered":"https:\/\/iraurgiberritzen.eus\/sigamos-siendo-emprendedores\/"},"modified":"2023-04-04T14:22:46","modified_gmt":"2023-04-04T12:22:46","slug":"sigamos-siendo-emprendedores","status":"publish","type":"post","link":"https:\/\/iraurgiberritzen.eus\/es\/sigamos-siendo-emprendedores\/","title":{"rendered":"Sigamos siendo emprendedores"},"content":{"rendered":"<p style=\"text-align: justify;\">16 de Abril, dia mundial del emprendimiento, queremos poner en valor la importancia del emprendimiento en nuestra comarca.<\/p>\n<p style=\"text-align: justify;\">El emprendizaje desde el punto de vista de la creaci\u00f3n de nuevas empresas es un reto tremendo y muchas veces el \u00e9xito o la falta de \u00e9xito de los proyectos depende de variables que van m\u00e1s all\u00e1 del car\u00e1cter del emprendedor. En cualquier caso y sin lugar a dudas, los emprendedores podr\u00edamos decir que contribuyen a generar riqueza a la comarca y que adem\u00e1s tienen capacidad para generar empleo.<\/p>\n<p style=\"text-align: justify;\">Ser emprendedor, es actitud y el emprendedor tiene una serie de rasgos, capacidad de trabajo, disciplina y olfato para saber d\u00f3nde est\u00e1 y d\u00f3nde no est\u00e1 la oportunidad de negocio.<\/p>\n<p style=\"text-align: justify;\">A lo largo de 2022 se han creado 28 nuevas empresas que han pasado por los servicios de Iraurgi Berritzen y estamos convencidos de que hay m\u00e1s empresas que han surgido por otras v\u00edas en nuestra comarca.<\/p>\n<p style=\"text-align: justify;\">Desde Iraurgi Berritzen, a trav\u00e9s de las im\u00e1genes de los emprendedores que han pasado por nuestro servicio, queremos hacer un peque\u00f1o reconocimiento a todos los proyectos que han surgido en nuestra comarca. Sigamos juntos transformando la comarca.<\/p>\n","protected":false},"excerpt":{"rendered":"<p>16 de Abril, dia mundial del emprendimiento, queremos poner en valor la importancia del emprendimiento en nuestra comarca. El emprendizaje desde el punto de vista de la creaci\u00f3n de nuevas empresas es un reto tremendo y muchas veces el \u00e9xito o la falta de \u00e9xito de los proyectos depende de variables que van m\u00e1s all\u00e1 [&hellip;]<\/p>\n","protected":false},"author":1,"featured_media":17235,"comment_status":"","ping_status":"closed","sticky":false,"template":"","format":"standard","meta":{"_acf_changed":false,"footnotes":""},"categories":[4],"tags":[],"class_list":["post-14405","post","type-post","status-publish","format-standard","has-post-thumbnail","hentry","category-noticias"],"acf":[],"yoast_head":"<!-- This site is optimized with the Yoast SEO plugin v27.4 - https:\/\/yoast.com\/product\/yoast-seo-wordpress\/ -->\n<title>Sigamos siendo emprendedores - Iraurgi Berritzen<\/title>\n<meta name=\"robots\" content=\"index, follow, max-snippet:-1, max-image-preview:large, max-video-preview:-1\" \/>\n<link rel=\"canonical\" href=\"https:\/\/iraurgiberritzen.eus\/es\/sigamos-siendo-emprendedores\/\" \/>\n<meta property=\"og:locale\" content=\"es_ES\" \/>\n<meta property=\"og:type\" content=\"article\" \/>\n<meta property=\"og:title\" content=\"Sigamos siendo emprendedores - Iraurgi Berritzen\" \/>\n<meta property=\"og:description\" content=\"16 de Abril, dia mundial del emprendimiento, queremos poner en valor la importancia del emprendimiento en nuestra comarca. El emprendizaje desde el punto de vista de la creaci\u00f3n de nuevas empresas es un reto tremendo y muchas veces el \u00e9xito o la falta de \u00e9xito de los proyectos depende de variables que van m\u00e1s all\u00e1 [&hellip;]\" \/>\n<meta property=\"og:url\" content=\"https:\/\/iraurgiberritzen.eus\/es\/sigamos-siendo-emprendedores\/\" \/>\n<meta property=\"og:site_name\" content=\"Iraurgi Berritzen\" \/>\n<meta property=\"article:published_time\" content=\"2023-04-04T12:22:46+00:00\" \/>\n<meta name=\"author\" content=\"kudeatzailea\" \/>\n<meta name=\"twitter:card\" content=\"summary_large_image\" \/>\n<meta name=\"twitter:label1\" content=\"Escrito por\" \/>\n\t<meta name=\"twitter:data1\" content=\"kudeatzailea\" \/>\n\t<meta name=\"twitter:label2\" content=\"Tiempo de lectura\" \/>\n\t<meta name=\"twitter:data2\" content=\"1 minuto\" \/>\n<script type=\"application\/ld+json\" class=\"yoast-schema-graph\">{\"@context\":\"https:\\\/\\\/schema.org\",\"@graph\":[{\"@type\":\"Article\",\"@id\":\"https:\\\/\\\/iraurgiberritzen.eus\\\/es\\\/sigamos-siendo-emprendedores\\\/#article\",\"isPartOf\":{\"@id\":\"https:\\\/\\\/iraurgiberritzen.eus\\\/es\\\/sigamos-siendo-emprendedores\\\/\"},\"author\":{\"name\":\"kudeatzailea\",\"@id\":\"https:\\\/\\\/iraurgiberritzen.eus\\\/es\\\/#\\\/schema\\\/person\\\/5ab41aaf388a9097177601ebf45738d2\"},\"headline\":\"Sigamos siendo emprendedores\",\"datePublished\":\"2023-04-04T12:22:46+00:00\",\"mainEntityOfPage\":{\"@id\":\"https:\\\/\\\/iraurgiberritzen.eus\\\/es\\\/sigamos-siendo-emprendedores\\\/\"},\"wordCount\":203,\"publisher\":{\"@id\":\"https:\\\/\\\/iraurgiberritzen.eus\\\/es\\\/#organization\"},\"image\":{\"@id\":\"https:\\\/\\\/iraurgiberritzen.eus\\\/es\\\/sigamos-siendo-emprendedores\\\/#primaryimage\"},\"thumbnailUrl\":\"https:\\\/\\\/iraurgiberritzen.eus\\\/wp-content\\\/uploads\\\/2023\\\/09\\\/a29f63d5434ec5f210953d95a7c3b8d3.jpg\",\"articleSection\":[\"Noticias\"],\"inLanguage\":\"es\"},{\"@type\":\"WebPage\",\"@id\":\"https:\\\/\\\/iraurgiberritzen.eus\\\/es\\\/sigamos-siendo-emprendedores\\\/\",\"url\":\"https:\\\/\\\/iraurgiberritzen.eus\\\/es\\\/sigamos-siendo-emprendedores\\\/\",\"name\":\"Sigamos siendo emprendedores - Iraurgi Berritzen\",\"isPartOf\":{\"@id\":\"https:\\\/\\\/iraurgiberritzen.eus\\\/es\\\/#website\"},\"primaryImageOfPage\":{\"@id\":\"https:\\\/\\\/iraurgiberritzen.eus\\\/es\\\/sigamos-siendo-emprendedores\\\/#primaryimage\"},\"image\":{\"@id\":\"https:\\\/\\\/iraurgiberritzen.eus\\\/es\\\/sigamos-siendo-emprendedores\\\/#primaryimage\"},\"thumbnailUrl\":\"https:\\\/\\\/iraurgiberritzen.eus\\\/wp-content\\\/uploads\\\/2023\\\/09\\\/a29f63d5434ec5f210953d95a7c3b8d3.jpg\",\"datePublished\":\"2023-04-04T12:22:46+00:00\",\"breadcrumb\":{\"@id\":\"https:\\\/\\\/iraurgiberritzen.eus\\\/es\\\/sigamos-siendo-emprendedores\\\/#breadcrumb\"},\"inLanguage\":\"es\",\"potentialAction\":[{\"@type\":\"ReadAction\",\"target\":[\"https:\\\/\\\/iraurgiberritzen.eus\\\/es\\\/sigamos-siendo-emprendedores\\\/\"]}]},{\"@type\":\"ImageObject\",\"inLanguage\":\"es\",\"@id\":\"https:\\\/\\\/iraurgiberritzen.eus\\\/es\\\/sigamos-siendo-emprendedores\\\/#primaryimage\",\"url\":\"https:\\\/\\\/iraurgiberritzen.eus\\\/wp-content\\\/uploads\\\/2023\\\/09\\\/a29f63d5434ec5f210953d95a7c3b8d3.jpg\",\"contentUrl\":\"https:\\\/\\\/iraurgiberritzen.eus\\\/wp-content\\\/uploads\\\/2023\\\/09\\\/a29f63d5434ec5f210953d95a7c3b8d3.jpg\",\"width\":400,\"height\":257},{\"@type\":\"BreadcrumbList\",\"@id\":\"https:\\\/\\\/iraurgiberritzen.eus\\\/es\\\/sigamos-siendo-emprendedores\\\/#breadcrumb\",\"itemListElement\":[{\"@type\":\"ListItem\",\"position\":1,\"name\":\"Home\",\"item\":\"https:\\\/\\\/iraurgiberritzen.eus\\\/es\\\/\"},{\"@type\":\"ListItem\",\"position\":2,\"name\":\"Sigamos siendo emprendedores\"}]},{\"@type\":\"WebSite\",\"@id\":\"https:\\\/\\\/iraurgiberritzen.eus\\\/es\\\/#website\",\"url\":\"https:\\\/\\\/iraurgiberritzen.eus\\\/es\\\/\",\"name\":\"Iraurgi Berritzen\",\"description\":\"Urola Erdiko Garapen Agentzia\",\"publisher\":{\"@id\":\"https:\\\/\\\/iraurgiberritzen.eus\\\/es\\\/#organization\"},\"potentialAction\":[{\"@type\":\"SearchAction\",\"target\":{\"@type\":\"EntryPoint\",\"urlTemplate\":\"https:\\\/\\\/iraurgiberritzen.eus\\\/es\\\/?s={search_term_string}\"},\"query-input\":{\"@type\":\"PropertyValueSpecification\",\"valueRequired\":true,\"valueName\":\"search_term_string\"}}],\"inLanguage\":\"es\"},{\"@type\":\"Organization\",\"@id\":\"https:\\\/\\\/iraurgiberritzen.eus\\\/es\\\/#organization\",\"name\":\"Iraurgi Berritzen\",\"url\":\"https:\\\/\\\/iraurgiberritzen.eus\\\/es\\\/\",\"logo\":{\"@type\":\"ImageObject\",\"inLanguage\":\"es\",\"@id\":\"https:\\\/\\\/iraurgiberritzen.eus\\\/es\\\/#\\\/schema\\\/logo\\\/image\\\/\",\"url\":\"https:\\\/\\\/iraurgiberritzen.eus\\\/wp-content\\\/uploads\\\/2024\\\/02\\\/IRAURGI-BERRITZEN-logotipoa_2.png\",\"contentUrl\":\"https:\\\/\\\/iraurgiberritzen.eus\\\/wp-content\\\/uploads\\\/2024\\\/02\\\/IRAURGI-BERRITZEN-logotipoa_2.png\",\"width\":496,\"height\":190,\"caption\":\"Iraurgi Berritzen\"},\"image\":{\"@id\":\"https:\\\/\\\/iraurgiberritzen.eus\\\/es\\\/#\\\/schema\\\/logo\\\/image\\\/\"}},{\"@type\":\"Person\",\"@id\":\"https:\\\/\\\/iraurgiberritzen.eus\\\/es\\\/#\\\/schema\\\/person\\\/5ab41aaf388a9097177601ebf45738d2\",\"name\":\"kudeatzailea\",\"sameAs\":[\"https:\\\/\\\/iraurgiberritzen.eus\"]}]}<\/script>\n<!-- \/ Yoast SEO plugin. -->","yoast_head_json":{"title":"Sigamos siendo emprendedores - Iraurgi Berritzen","robots":{"index":"index","follow":"follow","max-snippet":"max-snippet:-1","max-image-preview":"max-image-preview:large","max-video-preview":"max-video-preview:-1"},"canonical":"https:\/\/iraurgiberritzen.eus\/es\/sigamos-siendo-emprendedores\/","og_locale":"es_ES","og_type":"article","og_title":"Sigamos siendo emprendedores - Iraurgi Berritzen","og_description":"16 de Abril, dia mundial del emprendimiento, queremos poner en valor la importancia del emprendimiento en nuestra comarca. El emprendizaje desde el punto de vista de la creaci\u00f3n de nuevas empresas es un reto tremendo y muchas veces el \u00e9xito o la falta de \u00e9xito de los proyectos depende de variables que van m\u00e1s all\u00e1 [&hellip;]","og_url":"https:\/\/iraurgiberritzen.eus\/es\/sigamos-siendo-emprendedores\/","og_site_name":"Iraurgi Berritzen","article_published_time":"2023-04-04T12:22:46+00:00","author":"kudeatzailea","twitter_card":"summary_large_image","twitter_misc":{"Escrito por":"kudeatzailea","Tiempo de lectura":"1 minuto"},"schema":{"@context":"https:\/\/schema.org","@graph":[{"@type":"Article","@id":"https:\/\/iraurgiberritzen.eus\/es\/sigamos-siendo-emprendedores\/#article","isPartOf":{"@id":"https:\/\/iraurgiberritzen.eus\/es\/sigamos-siendo-emprendedores\/"},"author":{"name":"kudeatzailea","@id":"https:\/\/iraurgiberritzen.eus\/es\/#\/schema\/person\/5ab41aaf388a9097177601ebf45738d2"},"headline":"Sigamos siendo emprendedores","datePublished":"2023-04-04T12:22:46+00:00","mainEntityOfPage":{"@id":"https:\/\/iraurgiberritzen.eus\/es\/sigamos-siendo-emprendedores\/"},"wordCount":203,"publisher":{"@id":"https:\/\/iraurgiberritzen.eus\/es\/#organization"},"image":{"@id":"https:\/\/iraurgiberritzen.eus\/es\/sigamos-siendo-emprendedores\/#primaryimage"},"thumbnailUrl":"https:\/\/iraurgiberritzen.eus\/wp-content\/uploads\/2023\/09\/a29f63d5434ec5f210953d95a7c3b8d3.jpg","articleSection":["Noticias"],"inLanguage":"es"},{"@type":"WebPage","@id":"https:\/\/iraurgiberritzen.eus\/es\/sigamos-siendo-emprendedores\/","url":"https:\/\/iraurgiberritzen.eus\/es\/sigamos-siendo-emprendedores\/","name":"Sigamos siendo emprendedores - Iraurgi Berritzen","isPartOf":{"@id":"https:\/\/iraurgiberritzen.eus\/es\/#website"},"primaryImageOfPage":{"@id":"https:\/\/iraurgiberritzen.eus\/es\/sigamos-siendo-emprendedores\/#primaryimage"},"image":{"@id":"https:\/\/iraurgiberritzen.eus\/es\/sigamos-siendo-emprendedores\/#primaryimage"},"thumbnailUrl":"https:\/\/iraurgiberritzen.eus\/wp-content\/uploads\/2023\/09\/a29f63d5434ec5f210953d95a7c3b8d3.jpg","datePublished":"2023-04-04T12:22:46+00:00","breadcrumb":{"@id":"https:\/\/iraurgiberritzen.eus\/es\/sigamos-siendo-emprendedores\/#breadcrumb"},"inLanguage":"es","potentialAction":[{"@type":"ReadAction","target":["https:\/\/iraurgiberritzen.eus\/es\/sigamos-siendo-emprendedores\/"]}]},{"@type":"ImageObject","inLanguage":"es","@id":"https:\/\/iraurgiberritzen.eus\/es\/sigamos-siendo-emprendedores\/#primaryimage","url":"https:\/\/iraurgiberritzen.eus\/wp-content\/uploads\/2023\/09\/a29f63d5434ec5f210953d95a7c3b8d3.jpg","contentUrl":"https:\/\/iraurgiberritzen.eus\/wp-content\/uploads\/2023\/09\/a29f63d5434ec5f210953d95a7c3b8d3.jpg","width":400,"height":257},{"@type":"BreadcrumbList","@id":"https:\/\/iraurgiberritzen.eus\/es\/sigamos-siendo-emprendedores\/#breadcrumb","itemListElement":[{"@type":"ListItem","position":1,"name":"Home","item":"https:\/\/iraurgiberritzen.eus\/es\/"},{"@type":"ListItem","position":2,"name":"Sigamos siendo emprendedores"}]},{"@type":"WebSite","@id":"https:\/\/iraurgiberritzen.eus\/es\/#website","url":"https:\/\/iraurgiberritzen.eus\/es\/","name":"Iraurgi Berritzen","description":"Urola Erdiko Garapen Agentzia","publisher":{"@id":"https:\/\/iraurgiberritzen.eus\/es\/#organization"},"potentialAction":[{"@type":"SearchAction","target":{"@type":"EntryPoint","urlTemplate":"https:\/\/iraurgiberritzen.eus\/es\/?s={search_term_string}"},"query-input":{"@type":"PropertyValueSpecification","valueRequired":true,"valueName":"search_term_string"}}],"inLanguage":"es"},{"@type":"Organization","@id":"https:\/\/iraurgiberritzen.eus\/es\/#organization","name":"Iraurgi Berritzen","url":"https:\/\/iraurgiberritzen.eus\/es\/","logo":{"@type":"ImageObject","inLanguage":"es","@id":"https:\/\/iraurgiberritzen.eus\/es\/#\/schema\/logo\/image\/","url":"https:\/\/iraurgiberritzen.eus\/wp-content\/uploads\/2024\/02\/IRAURGI-BERRITZEN-logotipoa_2.png","contentUrl":"https:\/\/iraurgiberritzen.eus\/wp-content\/uploads\/2024\/02\/IRAURGI-BERRITZEN-logotipoa_2.png","width":496,"height":190,"caption":"Iraurgi Berritzen"},"image":{"@id":"https:\/\/iraurgiberritzen.eus\/es\/#\/schema\/logo\/image\/"}},{"@type":"Person","@id":"https:\/\/iraurgiberritzen.eus\/es\/#\/schema\/person\/5ab41aaf388a9097177601ebf45738d2","name":"kudeatzailea","sameAs":["https:\/\/iraurgiberritzen.eus"]}]}},"_links":{"self":[{"href":"https:\/\/iraurgiberritzen.eus\/es\/wp-json\/wp\/v2\/posts\/14405","targetHints":{"allow":["GET"]}}],"collection":[{"href":"https:\/\/iraurgiberritzen.eus\/es\/wp-json\/wp\/v2\/posts"}],"about":[{"href":"https:\/\/iraurgiberritzen.eus\/es\/wp-json\/wp\/v2\/types\/post"}],"author":[{"embeddable":true,"href":"https:\/\/iraurgiberritzen.eus\/es\/wp-json\/wp\/v2\/users\/1"}],"replies":[{"embeddable":true,"href":"https:\/\/iraurgiberritzen.eus\/es\/wp-json\/wp\/v2\/comments?post=14405"}],"version-history":[{"count":0,"href":"https:\/\/iraurgiberritzen.eus\/es\/wp-json\/wp\/v2\/posts\/14405\/revisions"}],"wp:featuredmedia":[{"embeddable":true,"href":"https:\/\/iraurgiberritzen.eus\/es\/wp-json\/wp\/v2\/media\/17235"}],"wp:attachment":[{"href":"https:\/\/iraurgiberritzen.eus\/es\/wp-json\/wp\/v2\/media?parent=14405"}],"wp:term":[{"taxonomy":"category","embeddable":true,"href":"https:\/\/iraurgiberritzen.eus\/es\/wp-json\/wp\/v2\/categories?post=14405"},{"taxonomy":"post_tag","embeddable":true,"href":"https:\/\/iraurgiberritzen.eus\/es\/wp-json\/wp\/v2\/tags?post=14405"}],"curies":[{"name":"wp","href":"https:\/\/api.w.org\/{rel}","templated":true}]}}