{"id":14420,"date":"2023-04-21T06:32:28","date_gmt":"2023-04-21T04:32:28","guid":{"rendered":"https:\/\/iraurgiberritzen.eus\/dinamicas-de-reflexion-con-el-alumnado-de-4-de-eso-interesado-en-la-formacion-profesional\/"},"modified":"2023-04-21T06:32:28","modified_gmt":"2023-04-21T04:32:28","slug":"dinamicas-de-reflexion-con-el-alumnado-de-4-de-eso-interesado-en-la-formacion-profesional","status":"publish","type":"post","link":"https:\/\/iraurgiberritzen.eus\/es\/dinamicas-de-reflexion-con-el-alumnado-de-4-de-eso-interesado-en-la-formacion-profesional\/","title":{"rendered":"Din\u00e1micas de reflexi\u00f3n con el alumnado de 4\u00ba de ESO interesado en la Formaci\u00f3n Profesional"},"content":{"rendered":"<p style=\"text-align: justify;\">A largo de esta semana, en el marco del proyecto Gerolan que se estructura en el \u00e1rea de IB HEZKUNTZA, se han celebrado sesiones de reflexi\u00f3n en Iraurgi, Ikasberri, IES Azkoitia, IES Urola y en el Colegio Floreaga, con el alumnado que est\u00e1 en 4\u00ba de ESO y est\u00e1 interesado en acceder a ciclos formativos de Grado Medio.<\/p>\n<p style=\"text-align: justify;\">A trav\u00e9s de estas sesiones se ha pretendido, por un lado, sensibilizar al alumnado sobre la importancia de reflexionar sobre su futuro tanto profesional como personal, y por otro, dar a conocer la realidad socioecon\u00f3mica de la comarca, as\u00ed como responder a preguntas concretas del alumnado. <\/p>\n<p>Dado que las citadas reflexiones ya se han realizado en los 5 centros escolares de la comarca, durante el curso escolar se llevar\u00e1n a cabo diferentes din\u00e1micas para conocer la oferta de la Formaci\u00f3n Profesional en la comarca y la realidad de los agentes socioecon\u00f3micos.<\/p>\n","protected":false},"excerpt":{"rendered":"<p>A largo de esta semana, en el marco del proyecto Gerolan que se estructura en el \u00e1rea de IB HEZKUNTZA, se han celebrado sesiones de reflexi\u00f3n en Iraurgi, Ikasberri, IES Azkoitia, IES Urola y en el Colegio Floreaga, con el alumnado que est\u00e1 en 4\u00ba de ESO y est\u00e1 interesado en acceder a ciclos formativos [&hellip;]<\/p>\n","protected":false},"author":1,"featured_media":17240,"comment_status":"","ping_status":"closed","sticky":false,"template":"","format":"standard","meta":{"_acf_changed":false,"footnotes":""},"categories":[4],"tags":[],"class_list":["post-14420","post","type-post","status-publish","format-standard","has-post-thumbnail","hentry","category-noticias"],"acf":[],"yoast_head":"<!-- This site is optimized with the Yoast SEO plugin v27.4 - https:\/\/yoast.com\/product\/yoast-seo-wordpress\/ -->\n<title>Din\u00e1micas de reflexi\u00f3n con el alumnado de 4\u00ba de ESO interesado en la Formaci\u00f3n Profesional - Iraurgi Berritzen<\/title>\n<meta name=\"robots\" content=\"index, follow, max-snippet:-1, max-image-preview:large, max-video-preview:-1\" \/>\n<link rel=\"canonical\" href=\"https:\/\/iraurgiberritzen.eus\/es\/dinamicas-de-reflexion-con-el-alumnado-de-4-de-eso-interesado-en-la-formacion-profesional\/\" \/>\n<meta property=\"og:locale\" content=\"es_ES\" \/>\n<meta property=\"og:type\" content=\"article\" \/>\n<meta property=\"og:title\" content=\"Din\u00e1micas de reflexi\u00f3n con el alumnado de 4\u00ba de ESO interesado en la Formaci\u00f3n Profesional - Iraurgi Berritzen\" \/>\n<meta property=\"og:description\" content=\"A largo de esta semana, en el marco del proyecto Gerolan que se estructura en el \u00e1rea de IB HEZKUNTZA, se han celebrado sesiones de reflexi\u00f3n en Iraurgi, Ikasberri, IES Azkoitia, IES Urola y en el Colegio Floreaga, con el alumnado que est\u00e1 en 4\u00ba de ESO y est\u00e1 interesado en acceder a ciclos formativos [&hellip;]\" \/>\n<meta property=\"og:url\" content=\"https:\/\/iraurgiberritzen.eus\/es\/dinamicas-de-reflexion-con-el-alumnado-de-4-de-eso-interesado-en-la-formacion-profesional\/\" \/>\n<meta property=\"og:site_name\" content=\"Iraurgi Berritzen\" \/>\n<meta property=\"article:published_time\" content=\"2023-04-21T04:32:28+00:00\" \/>\n<meta name=\"author\" content=\"kudeatzailea\" \/>\n<meta name=\"twitter:card\" content=\"summary_large_image\" \/>\n<meta name=\"twitter:label1\" content=\"Escrito por\" \/>\n\t<meta name=\"twitter:data1\" content=\"kudeatzailea\" \/>\n\t<meta name=\"twitter:label2\" content=\"Tiempo de lectura\" \/>\n\t<meta name=\"twitter:data2\" content=\"1 minuto\" \/>\n<script type=\"application\/ld+json\" class=\"yoast-schema-graph\">{\"@context\":\"https:\\\/\\\/schema.org\",\"@graph\":[{\"@type\":\"Article\",\"@id\":\"https:\\\/\\\/iraurgiberritzen.eus\\\/es\\\/dinamicas-de-reflexion-con-el-alumnado-de-4-de-eso-interesado-en-la-formacion-profesional\\\/#article\",\"isPartOf\":{\"@id\":\"https:\\\/\\\/iraurgiberritzen.eus\\\/es\\\/dinamicas-de-reflexion-con-el-alumnado-de-4-de-eso-interesado-en-la-formacion-profesional\\\/\"},\"author\":{\"name\":\"kudeatzailea\",\"@id\":\"https:\\\/\\\/iraurgiberritzen.eus\\\/es\\\/#\\\/schema\\\/person\\\/5ab41aaf388a9097177601ebf45738d2\"},\"headline\":\"Din\u00e1micas de reflexi\u00f3n con el alumnado de 4\u00ba de ESO interesado en la Formaci\u00f3n Profesional\",\"datePublished\":\"2023-04-21T04:32:28+00:00\",\"mainEntityOfPage\":{\"@id\":\"https:\\\/\\\/iraurgiberritzen.eus\\\/es\\\/dinamicas-de-reflexion-con-el-alumnado-de-4-de-eso-interesado-en-la-formacion-profesional\\\/\"},\"wordCount\":171,\"publisher\":{\"@id\":\"https:\\\/\\\/iraurgiberritzen.eus\\\/es\\\/#organization\"},\"image\":{\"@id\":\"https:\\\/\\\/iraurgiberritzen.eus\\\/es\\\/dinamicas-de-reflexion-con-el-alumnado-de-4-de-eso-interesado-en-la-formacion-profesional\\\/#primaryimage\"},\"thumbnailUrl\":\"https:\\\/\\\/iraurgiberritzen.eus\\\/wp-content\\\/uploads\\\/2023\\\/09\\\/96f744a2f94032ff40920f1c342079ac.jpg\",\"articleSection\":[\"Noticias\"],\"inLanguage\":\"es\"},{\"@type\":\"WebPage\",\"@id\":\"https:\\\/\\\/iraurgiberritzen.eus\\\/es\\\/dinamicas-de-reflexion-con-el-alumnado-de-4-de-eso-interesado-en-la-formacion-profesional\\\/\",\"url\":\"https:\\\/\\\/iraurgiberritzen.eus\\\/es\\\/dinamicas-de-reflexion-con-el-alumnado-de-4-de-eso-interesado-en-la-formacion-profesional\\\/\",\"name\":\"Din\u00e1micas de reflexi\u00f3n con el alumnado de 4\u00ba de ESO interesado en la Formaci\u00f3n Profesional - Iraurgi Berritzen\",\"isPartOf\":{\"@id\":\"https:\\\/\\\/iraurgiberritzen.eus\\\/es\\\/#website\"},\"primaryImageOfPage\":{\"@id\":\"https:\\\/\\\/iraurgiberritzen.eus\\\/es\\\/dinamicas-de-reflexion-con-el-alumnado-de-4-de-eso-interesado-en-la-formacion-profesional\\\/#primaryimage\"},\"image\":{\"@id\":\"https:\\\/\\\/iraurgiberritzen.eus\\\/es\\\/dinamicas-de-reflexion-con-el-alumnado-de-4-de-eso-interesado-en-la-formacion-profesional\\\/#primaryimage\"},\"thumbnailUrl\":\"https:\\\/\\\/iraurgiberritzen.eus\\\/wp-content\\\/uploads\\\/2023\\\/09\\\/96f744a2f94032ff40920f1c342079ac.jpg\",\"datePublished\":\"2023-04-21T04:32:28+00:00\",\"breadcrumb\":{\"@id\":\"https:\\\/\\\/iraurgiberritzen.eus\\\/es\\\/dinamicas-de-reflexion-con-el-alumnado-de-4-de-eso-interesado-en-la-formacion-profesional\\\/#breadcrumb\"},\"inLanguage\":\"es\",\"potentialAction\":[{\"@type\":\"ReadAction\",\"target\":[\"https:\\\/\\\/iraurgiberritzen.eus\\\/es\\\/dinamicas-de-reflexion-con-el-alumnado-de-4-de-eso-interesado-en-la-formacion-profesional\\\/\"]}]},{\"@type\":\"ImageObject\",\"inLanguage\":\"es\",\"@id\":\"https:\\\/\\\/iraurgiberritzen.eus\\\/es\\\/dinamicas-de-reflexion-con-el-alumnado-de-4-de-eso-interesado-en-la-formacion-profesional\\\/#primaryimage\",\"url\":\"https:\\\/\\\/iraurgiberritzen.eus\\\/wp-content\\\/uploads\\\/2023\\\/09\\\/96f744a2f94032ff40920f1c342079ac.jpg\",\"contentUrl\":\"https:\\\/\\\/iraurgiberritzen.eus\\\/wp-content\\\/uploads\\\/2023\\\/09\\\/96f744a2f94032ff40920f1c342079ac.jpg\",\"width\":400,\"height\":257},{\"@type\":\"BreadcrumbList\",\"@id\":\"https:\\\/\\\/iraurgiberritzen.eus\\\/es\\\/dinamicas-de-reflexion-con-el-alumnado-de-4-de-eso-interesado-en-la-formacion-profesional\\\/#breadcrumb\",\"itemListElement\":[{\"@type\":\"ListItem\",\"position\":1,\"name\":\"Home\",\"item\":\"https:\\\/\\\/iraurgiberritzen.eus\\\/es\\\/\"},{\"@type\":\"ListItem\",\"position\":2,\"name\":\"Din\u00e1micas de reflexi\u00f3n con el alumnado de 4\u00ba de ESO interesado en la Formaci\u00f3n Profesional\"}]},{\"@type\":\"WebSite\",\"@id\":\"https:\\\/\\\/iraurgiberritzen.eus\\\/es\\\/#website\",\"url\":\"https:\\\/\\\/iraurgiberritzen.eus\\\/es\\\/\",\"name\":\"Iraurgi Berritzen\",\"description\":\"Urola Erdiko Garapen Agentzia\",\"publisher\":{\"@id\":\"https:\\\/\\\/iraurgiberritzen.eus\\\/es\\\/#organization\"},\"potentialAction\":[{\"@type\":\"SearchAction\",\"target\":{\"@type\":\"EntryPoint\",\"urlTemplate\":\"https:\\\/\\\/iraurgiberritzen.eus\\\/es\\\/?s={search_term_string}\"},\"query-input\":{\"@type\":\"PropertyValueSpecification\",\"valueRequired\":true,\"valueName\":\"search_term_string\"}}],\"inLanguage\":\"es\"},{\"@type\":\"Organization\",\"@id\":\"https:\\\/\\\/iraurgiberritzen.eus\\\/es\\\/#organization\",\"name\":\"Iraurgi Berritzen\",\"url\":\"https:\\\/\\\/iraurgiberritzen.eus\\\/es\\\/\",\"logo\":{\"@type\":\"ImageObject\",\"inLanguage\":\"es\",\"@id\":\"https:\\\/\\\/iraurgiberritzen.eus\\\/es\\\/#\\\/schema\\\/logo\\\/image\\\/\",\"url\":\"https:\\\/\\\/iraurgiberritzen.eus\\\/wp-content\\\/uploads\\\/2024\\\/02\\\/IRAURGI-BERRITZEN-logotipoa_2.png\",\"contentUrl\":\"https:\\\/\\\/iraurgiberritzen.eus\\\/wp-content\\\/uploads\\\/2024\\\/02\\\/IRAURGI-BERRITZEN-logotipoa_2.png\",\"width\":496,\"height\":190,\"caption\":\"Iraurgi Berritzen\"},\"image\":{\"@id\":\"https:\\\/\\\/iraurgiberritzen.eus\\\/es\\\/#\\\/schema\\\/logo\\\/image\\\/\"}},{\"@type\":\"Person\",\"@id\":\"https:\\\/\\\/iraurgiberritzen.eus\\\/es\\\/#\\\/schema\\\/person\\\/5ab41aaf388a9097177601ebf45738d2\",\"name\":\"kudeatzailea\",\"sameAs\":[\"https:\\\/\\\/iraurgiberritzen.eus\"]}]}<\/script>\n<!-- \/ Yoast SEO plugin. -->","yoast_head_json":{"title":"Din\u00e1micas de reflexi\u00f3n con el alumnado de 4\u00ba de ESO interesado en la Formaci\u00f3n Profesional - Iraurgi Berritzen","robots":{"index":"index","follow":"follow","max-snippet":"max-snippet:-1","max-image-preview":"max-image-preview:large","max-video-preview":"max-video-preview:-1"},"canonical":"https:\/\/iraurgiberritzen.eus\/es\/dinamicas-de-reflexion-con-el-alumnado-de-4-de-eso-interesado-en-la-formacion-profesional\/","og_locale":"es_ES","og_type":"article","og_title":"Din\u00e1micas de reflexi\u00f3n con el alumnado de 4\u00ba de ESO interesado en la Formaci\u00f3n Profesional - Iraurgi Berritzen","og_description":"A largo de esta semana, en el marco del proyecto Gerolan que se estructura en el \u00e1rea de IB HEZKUNTZA, se han celebrado sesiones de reflexi\u00f3n en Iraurgi, Ikasberri, IES Azkoitia, IES Urola y en el Colegio Floreaga, con el alumnado que est\u00e1 en 4\u00ba de ESO y est\u00e1 interesado en acceder a ciclos formativos [&hellip;]","og_url":"https:\/\/iraurgiberritzen.eus\/es\/dinamicas-de-reflexion-con-el-alumnado-de-4-de-eso-interesado-en-la-formacion-profesional\/","og_site_name":"Iraurgi Berritzen","article_published_time":"2023-04-21T04:32:28+00:00","author":"kudeatzailea","twitter_card":"summary_large_image","twitter_misc":{"Escrito por":"kudeatzailea","Tiempo de lectura":"1 minuto"},"schema":{"@context":"https:\/\/schema.org","@graph":[{"@type":"Article","@id":"https:\/\/iraurgiberritzen.eus\/es\/dinamicas-de-reflexion-con-el-alumnado-de-4-de-eso-interesado-en-la-formacion-profesional\/#article","isPartOf":{"@id":"https:\/\/iraurgiberritzen.eus\/es\/dinamicas-de-reflexion-con-el-alumnado-de-4-de-eso-interesado-en-la-formacion-profesional\/"},"author":{"name":"kudeatzailea","@id":"https:\/\/iraurgiberritzen.eus\/es\/#\/schema\/person\/5ab41aaf388a9097177601ebf45738d2"},"headline":"Din\u00e1micas de reflexi\u00f3n con el alumnado de 4\u00ba de ESO interesado en la Formaci\u00f3n Profesional","datePublished":"2023-04-21T04:32:28+00:00","mainEntityOfPage":{"@id":"https:\/\/iraurgiberritzen.eus\/es\/dinamicas-de-reflexion-con-el-alumnado-de-4-de-eso-interesado-en-la-formacion-profesional\/"},"wordCount":171,"publisher":{"@id":"https:\/\/iraurgiberritzen.eus\/es\/#organization"},"image":{"@id":"https:\/\/iraurgiberritzen.eus\/es\/dinamicas-de-reflexion-con-el-alumnado-de-4-de-eso-interesado-en-la-formacion-profesional\/#primaryimage"},"thumbnailUrl":"https:\/\/iraurgiberritzen.eus\/wp-content\/uploads\/2023\/09\/96f744a2f94032ff40920f1c342079ac.jpg","articleSection":["Noticias"],"inLanguage":"es"},{"@type":"WebPage","@id":"https:\/\/iraurgiberritzen.eus\/es\/dinamicas-de-reflexion-con-el-alumnado-de-4-de-eso-interesado-en-la-formacion-profesional\/","url":"https:\/\/iraurgiberritzen.eus\/es\/dinamicas-de-reflexion-con-el-alumnado-de-4-de-eso-interesado-en-la-formacion-profesional\/","name":"Din\u00e1micas de reflexi\u00f3n con el alumnado de 4\u00ba de ESO interesado en la Formaci\u00f3n Profesional - Iraurgi Berritzen","isPartOf":{"@id":"https:\/\/iraurgiberritzen.eus\/es\/#website"},"primaryImageOfPage":{"@id":"https:\/\/iraurgiberritzen.eus\/es\/dinamicas-de-reflexion-con-el-alumnado-de-4-de-eso-interesado-en-la-formacion-profesional\/#primaryimage"},"image":{"@id":"https:\/\/iraurgiberritzen.eus\/es\/dinamicas-de-reflexion-con-el-alumnado-de-4-de-eso-interesado-en-la-formacion-profesional\/#primaryimage"},"thumbnailUrl":"https:\/\/iraurgiberritzen.eus\/wp-content\/uploads\/2023\/09\/96f744a2f94032ff40920f1c342079ac.jpg","datePublished":"2023-04-21T04:32:28+00:00","breadcrumb":{"@id":"https:\/\/iraurgiberritzen.eus\/es\/dinamicas-de-reflexion-con-el-alumnado-de-4-de-eso-interesado-en-la-formacion-profesional\/#breadcrumb"},"inLanguage":"es","potentialAction":[{"@type":"ReadAction","target":["https:\/\/iraurgiberritzen.eus\/es\/dinamicas-de-reflexion-con-el-alumnado-de-4-de-eso-interesado-en-la-formacion-profesional\/"]}]},{"@type":"ImageObject","inLanguage":"es","@id":"https:\/\/iraurgiberritzen.eus\/es\/dinamicas-de-reflexion-con-el-alumnado-de-4-de-eso-interesado-en-la-formacion-profesional\/#primaryimage","url":"https:\/\/iraurgiberritzen.eus\/wp-content\/uploads\/2023\/09\/96f744a2f94032ff40920f1c342079ac.jpg","contentUrl":"https:\/\/iraurgiberritzen.eus\/wp-content\/uploads\/2023\/09\/96f744a2f94032ff40920f1c342079ac.jpg","width":400,"height":257},{"@type":"BreadcrumbList","@id":"https:\/\/iraurgiberritzen.eus\/es\/dinamicas-de-reflexion-con-el-alumnado-de-4-de-eso-interesado-en-la-formacion-profesional\/#breadcrumb","itemListElement":[{"@type":"ListItem","position":1,"name":"Home","item":"https:\/\/iraurgiberritzen.eus\/es\/"},{"@type":"ListItem","position":2,"name":"Din\u00e1micas de reflexi\u00f3n con el alumnado de 4\u00ba de ESO interesado en la Formaci\u00f3n Profesional"}]},{"@type":"WebSite","@id":"https:\/\/iraurgiberritzen.eus\/es\/#website","url":"https:\/\/iraurgiberritzen.eus\/es\/","name":"Iraurgi Berritzen","description":"Urola Erdiko Garapen Agentzia","publisher":{"@id":"https:\/\/iraurgiberritzen.eus\/es\/#organization"},"potentialAction":[{"@type":"SearchAction","target":{"@type":"EntryPoint","urlTemplate":"https:\/\/iraurgiberritzen.eus\/es\/?s={search_term_string}"},"query-input":{"@type":"PropertyValueSpecification","valueRequired":true,"valueName":"search_term_string"}}],"inLanguage":"es"},{"@type":"Organization","@id":"https:\/\/iraurgiberritzen.eus\/es\/#organization","name":"Iraurgi Berritzen","url":"https:\/\/iraurgiberritzen.eus\/es\/","logo":{"@type":"ImageObject","inLanguage":"es","@id":"https:\/\/iraurgiberritzen.eus\/es\/#\/schema\/logo\/image\/","url":"https:\/\/iraurgiberritzen.eus\/wp-content\/uploads\/2024\/02\/IRAURGI-BERRITZEN-logotipoa_2.png","contentUrl":"https:\/\/iraurgiberritzen.eus\/wp-content\/uploads\/2024\/02\/IRAURGI-BERRITZEN-logotipoa_2.png","width":496,"height":190,"caption":"Iraurgi Berritzen"},"image":{"@id":"https:\/\/iraurgiberritzen.eus\/es\/#\/schema\/logo\/image\/"}},{"@type":"Person","@id":"https:\/\/iraurgiberritzen.eus\/es\/#\/schema\/person\/5ab41aaf388a9097177601ebf45738d2","name":"kudeatzailea","sameAs":["https:\/\/iraurgiberritzen.eus"]}]}},"_links":{"self":[{"href":"https:\/\/iraurgiberritzen.eus\/es\/wp-json\/wp\/v2\/posts\/14420","targetHints":{"allow":["GET"]}}],"collection":[{"href":"https:\/\/iraurgiberritzen.eus\/es\/wp-json\/wp\/v2\/posts"}],"about":[{"href":"https:\/\/iraurgiberritzen.eus\/es\/wp-json\/wp\/v2\/types\/post"}],"author":[{"embeddable":true,"href":"https:\/\/iraurgiberritzen.eus\/es\/wp-json\/wp\/v2\/users\/1"}],"replies":[{"embeddable":true,"href":"https:\/\/iraurgiberritzen.eus\/es\/wp-json\/wp\/v2\/comments?post=14420"}],"version-history":[{"count":0,"href":"https:\/\/iraurgiberritzen.eus\/es\/wp-json\/wp\/v2\/posts\/14420\/revisions"}],"wp:featuredmedia":[{"embeddable":true,"href":"https:\/\/iraurgiberritzen.eus\/es\/wp-json\/wp\/v2\/media\/17240"}],"wp:attachment":[{"href":"https:\/\/iraurgiberritzen.eus\/es\/wp-json\/wp\/v2\/media?parent=14420"}],"wp:term":[{"taxonomy":"category","embeddable":true,"href":"https:\/\/iraurgiberritzen.eus\/es\/wp-json\/wp\/v2\/categories?post=14420"},{"taxonomy":"post_tag","embeddable":true,"href":"https:\/\/iraurgiberritzen.eus\/es\/wp-json\/wp\/v2\/tags?post=14420"}],"curies":[{"name":"wp","href":"https:\/\/api.w.org\/{rel}","templated":true}]}}