{"id":14429,"date":"2023-05-02T10:42:31","date_gmt":"2023-05-02T08:42:31","guid":{"rendered":"https:\/\/iraurgiberritzen.eus\/resultados-provisionales-de-la-fase-de-oposicion-del-puesto-de-tecnico-a-de-empresa-de-iraurgi-berritzen\/"},"modified":"2023-05-02T10:42:31","modified_gmt":"2023-05-02T08:42:31","slug":"resultados-provisionales-de-la-fase-de-oposicion-del-puesto-de-tecnico-a-de-empresa-de-iraurgi-berritzen","status":"publish","type":"post","link":"https:\/\/iraurgiberritzen.eus\/es\/resultados-provisionales-de-la-fase-de-oposicion-del-puesto-de-tecnico-a-de-empresa-de-iraurgi-berritzen\/","title":{"rendered":"Resultados provisionales de la fase de oposici\u00f3n del puesto de T\u00e9cnico\/a de Empresa de Iraurgi Berritzen"},"content":{"rendered":"<p style=\"text-align: justify;\">Tras la puesta en marcha del proceso mediante concurso-oposici\u00f3n para la provisi\u00f3n definitiva de un puesto de T\u00e9cnico\/a de Empresa como personal laboral fijo por parte de Iraurgi Lantzen SA, la semana pasada se han celebrado todos los ejercicios del proceso.<\/p>\n<p>En el siguiente enlace se pueden visualizar los resultados de las personas participantes:<\/p>\n<p><a href=\"images\/iraurgiberritzen\/berriak\/2023\/IRAURGI_BERRITZEN_emaitzak_publikatzeko_DEF.pdf\" target=\"_blank\" rel=\"noopener\">Resultados<\/a><\/p>\n","protected":false},"excerpt":{"rendered":"<p>Tras la puesta en marcha del proceso mediante concurso-oposici\u00f3n para la provisi\u00f3n definitiva de un puesto de T\u00e9cnico\/a de Empresa como personal laboral fijo por parte de Iraurgi Lantzen SA, la semana pasada se han celebrado todos los ejercicios del proceso. En el siguiente enlace se pueden visualizar los resultados de las personas participantes: Resultados<\/p>\n","protected":false},"author":1,"featured_media":17223,"comment_status":"","ping_status":"closed","sticky":false,"template":"","format":"standard","meta":{"_acf_changed":false,"footnotes":""},"categories":[4],"tags":[],"class_list":["post-14429","post","type-post","status-publish","format-standard","has-post-thumbnail","hentry","category-noticias"],"acf":[],"yoast_head":"<!-- This site is optimized with the Yoast SEO plugin v27.4 - https:\/\/yoast.com\/product\/yoast-seo-wordpress\/ -->\n<title>Resultados provisionales de la fase de oposici\u00f3n del puesto de T\u00e9cnico\/a de Empresa de Iraurgi Berritzen - Iraurgi Berritzen<\/title>\n<meta name=\"robots\" content=\"index, follow, max-snippet:-1, max-image-preview:large, max-video-preview:-1\" \/>\n<link rel=\"canonical\" href=\"https:\/\/iraurgiberritzen.eus\/es\/resultados-provisionales-de-la-fase-de-oposicion-del-puesto-de-tecnico-a-de-empresa-de-iraurgi-berritzen\/\" \/>\n<meta property=\"og:locale\" content=\"es_ES\" \/>\n<meta property=\"og:type\" content=\"article\" \/>\n<meta property=\"og:title\" content=\"Resultados provisionales de la fase de oposici\u00f3n del puesto de T\u00e9cnico\/a de Empresa de Iraurgi Berritzen - Iraurgi Berritzen\" \/>\n<meta property=\"og:description\" content=\"Tras la puesta en marcha del proceso mediante concurso-oposici\u00f3n para la provisi\u00f3n definitiva de un puesto de T\u00e9cnico\/a de Empresa como personal laboral fijo por parte de Iraurgi Lantzen SA, la semana pasada se han celebrado todos los ejercicios del proceso. En el siguiente enlace se pueden visualizar los resultados de las personas participantes: Resultados\" \/>\n<meta property=\"og:url\" content=\"https:\/\/iraurgiberritzen.eus\/es\/resultados-provisionales-de-la-fase-de-oposicion-del-puesto-de-tecnico-a-de-empresa-de-iraurgi-berritzen\/\" \/>\n<meta property=\"og:site_name\" content=\"Iraurgi Berritzen\" \/>\n<meta property=\"article:published_time\" content=\"2023-05-02T08:42:31+00:00\" \/>\n<meta name=\"author\" content=\"kudeatzailea\" \/>\n<meta name=\"twitter:card\" content=\"summary_large_image\" \/>\n<meta name=\"twitter:label1\" content=\"Escrito por\" \/>\n\t<meta name=\"twitter:data1\" content=\"kudeatzailea\" \/>\n<script type=\"application\/ld+json\" class=\"yoast-schema-graph\">{\"@context\":\"https:\\\/\\\/schema.org\",\"@graph\":[{\"@type\":\"Article\",\"@id\":\"https:\\\/\\\/iraurgiberritzen.eus\\\/es\\\/resultados-provisionales-de-la-fase-de-oposicion-del-puesto-de-tecnico-a-de-empresa-de-iraurgi-berritzen\\\/#article\",\"isPartOf\":{\"@id\":\"https:\\\/\\\/iraurgiberritzen.eus\\\/es\\\/resultados-provisionales-de-la-fase-de-oposicion-del-puesto-de-tecnico-a-de-empresa-de-iraurgi-berritzen\\\/\"},\"author\":{\"name\":\"kudeatzailea\",\"@id\":\"https:\\\/\\\/iraurgiberritzen.eus\\\/es\\\/#\\\/schema\\\/person\\\/5ab41aaf388a9097177601ebf45738d2\"},\"headline\":\"Resultados provisionales de la fase de oposici\u00f3n del puesto de T\u00e9cnico\\\/a de Empresa de Iraurgi Berritzen\",\"datePublished\":\"2023-05-02T08:42:31+00:00\",\"mainEntityOfPage\":{\"@id\":\"https:\\\/\\\/iraurgiberritzen.eus\\\/es\\\/resultados-provisionales-de-la-fase-de-oposicion-del-puesto-de-tecnico-a-de-empresa-de-iraurgi-berritzen\\\/\"},\"wordCount\":78,\"publisher\":{\"@id\":\"https:\\\/\\\/iraurgiberritzen.eus\\\/es\\\/#organization\"},\"image\":{\"@id\":\"https:\\\/\\\/iraurgiberritzen.eus\\\/es\\\/resultados-provisionales-de-la-fase-de-oposicion-del-puesto-de-tecnico-a-de-empresa-de-iraurgi-berritzen\\\/#primaryimage\"},\"thumbnailUrl\":\"https:\\\/\\\/iraurgiberritzen.eus\\\/wp-content\\\/uploads\\\/2023\\\/09\\\/64726cd81121b00d59d067e49338b3d6.jpg\",\"articleSection\":[\"Noticias\"],\"inLanguage\":\"es\"},{\"@type\":\"WebPage\",\"@id\":\"https:\\\/\\\/iraurgiberritzen.eus\\\/es\\\/resultados-provisionales-de-la-fase-de-oposicion-del-puesto-de-tecnico-a-de-empresa-de-iraurgi-berritzen\\\/\",\"url\":\"https:\\\/\\\/iraurgiberritzen.eus\\\/es\\\/resultados-provisionales-de-la-fase-de-oposicion-del-puesto-de-tecnico-a-de-empresa-de-iraurgi-berritzen\\\/\",\"name\":\"Resultados provisionales de la fase de oposici\u00f3n del puesto de T\u00e9cnico\\\/a de Empresa de Iraurgi Berritzen - Iraurgi Berritzen\",\"isPartOf\":{\"@id\":\"https:\\\/\\\/iraurgiberritzen.eus\\\/es\\\/#website\"},\"primaryImageOfPage\":{\"@id\":\"https:\\\/\\\/iraurgiberritzen.eus\\\/es\\\/resultados-provisionales-de-la-fase-de-oposicion-del-puesto-de-tecnico-a-de-empresa-de-iraurgi-berritzen\\\/#primaryimage\"},\"image\":{\"@id\":\"https:\\\/\\\/iraurgiberritzen.eus\\\/es\\\/resultados-provisionales-de-la-fase-de-oposicion-del-puesto-de-tecnico-a-de-empresa-de-iraurgi-berritzen\\\/#primaryimage\"},\"thumbnailUrl\":\"https:\\\/\\\/iraurgiberritzen.eus\\\/wp-content\\\/uploads\\\/2023\\\/09\\\/64726cd81121b00d59d067e49338b3d6.jpg\",\"datePublished\":\"2023-05-02T08:42:31+00:00\",\"breadcrumb\":{\"@id\":\"https:\\\/\\\/iraurgiberritzen.eus\\\/es\\\/resultados-provisionales-de-la-fase-de-oposicion-del-puesto-de-tecnico-a-de-empresa-de-iraurgi-berritzen\\\/#breadcrumb\"},\"inLanguage\":\"es\",\"potentialAction\":[{\"@type\":\"ReadAction\",\"target\":[\"https:\\\/\\\/iraurgiberritzen.eus\\\/es\\\/resultados-provisionales-de-la-fase-de-oposicion-del-puesto-de-tecnico-a-de-empresa-de-iraurgi-berritzen\\\/\"]}]},{\"@type\":\"ImageObject\",\"inLanguage\":\"es\",\"@id\":\"https:\\\/\\\/iraurgiberritzen.eus\\\/es\\\/resultados-provisionales-de-la-fase-de-oposicion-del-puesto-de-tecnico-a-de-empresa-de-iraurgi-berritzen\\\/#primaryimage\",\"url\":\"https:\\\/\\\/iraurgiberritzen.eus\\\/wp-content\\\/uploads\\\/2023\\\/09\\\/64726cd81121b00d59d067e49338b3d6.jpg\",\"contentUrl\":\"https:\\\/\\\/iraurgiberritzen.eus\\\/wp-content\\\/uploads\\\/2023\\\/09\\\/64726cd81121b00d59d067e49338b3d6.jpg\",\"width\":400,\"height\":257},{\"@type\":\"BreadcrumbList\",\"@id\":\"https:\\\/\\\/iraurgiberritzen.eus\\\/es\\\/resultados-provisionales-de-la-fase-de-oposicion-del-puesto-de-tecnico-a-de-empresa-de-iraurgi-berritzen\\\/#breadcrumb\",\"itemListElement\":[{\"@type\":\"ListItem\",\"position\":1,\"name\":\"Home\",\"item\":\"https:\\\/\\\/iraurgiberritzen.eus\\\/es\\\/\"},{\"@type\":\"ListItem\",\"position\":2,\"name\":\"Resultados provisionales de la fase de oposici\u00f3n del puesto de T\u00e9cnico\\\/a de Empresa de Iraurgi Berritzen\"}]},{\"@type\":\"WebSite\",\"@id\":\"https:\\\/\\\/iraurgiberritzen.eus\\\/es\\\/#website\",\"url\":\"https:\\\/\\\/iraurgiberritzen.eus\\\/es\\\/\",\"name\":\"Iraurgi Berritzen\",\"description\":\"Urola Erdiko Garapen Agentzia\",\"publisher\":{\"@id\":\"https:\\\/\\\/iraurgiberritzen.eus\\\/es\\\/#organization\"},\"potentialAction\":[{\"@type\":\"SearchAction\",\"target\":{\"@type\":\"EntryPoint\",\"urlTemplate\":\"https:\\\/\\\/iraurgiberritzen.eus\\\/es\\\/?s={search_term_string}\"},\"query-input\":{\"@type\":\"PropertyValueSpecification\",\"valueRequired\":true,\"valueName\":\"search_term_string\"}}],\"inLanguage\":\"es\"},{\"@type\":\"Organization\",\"@id\":\"https:\\\/\\\/iraurgiberritzen.eus\\\/es\\\/#organization\",\"name\":\"Iraurgi Berritzen\",\"url\":\"https:\\\/\\\/iraurgiberritzen.eus\\\/es\\\/\",\"logo\":{\"@type\":\"ImageObject\",\"inLanguage\":\"es\",\"@id\":\"https:\\\/\\\/iraurgiberritzen.eus\\\/es\\\/#\\\/schema\\\/logo\\\/image\\\/\",\"url\":\"https:\\\/\\\/iraurgiberritzen.eus\\\/wp-content\\\/uploads\\\/2024\\\/02\\\/IRAURGI-BERRITZEN-logotipoa_2.png\",\"contentUrl\":\"https:\\\/\\\/iraurgiberritzen.eus\\\/wp-content\\\/uploads\\\/2024\\\/02\\\/IRAURGI-BERRITZEN-logotipoa_2.png\",\"width\":496,\"height\":190,\"caption\":\"Iraurgi Berritzen\"},\"image\":{\"@id\":\"https:\\\/\\\/iraurgiberritzen.eus\\\/es\\\/#\\\/schema\\\/logo\\\/image\\\/\"}},{\"@type\":\"Person\",\"@id\":\"https:\\\/\\\/iraurgiberritzen.eus\\\/es\\\/#\\\/schema\\\/person\\\/5ab41aaf388a9097177601ebf45738d2\",\"name\":\"kudeatzailea\",\"sameAs\":[\"https:\\\/\\\/iraurgiberritzen.eus\"]}]}<\/script>\n<!-- \/ Yoast SEO plugin. -->","yoast_head_json":{"title":"Resultados provisionales de la fase de oposici\u00f3n del puesto de T\u00e9cnico\/a de Empresa de Iraurgi Berritzen - Iraurgi Berritzen","robots":{"index":"index","follow":"follow","max-snippet":"max-snippet:-1","max-image-preview":"max-image-preview:large","max-video-preview":"max-video-preview:-1"},"canonical":"https:\/\/iraurgiberritzen.eus\/es\/resultados-provisionales-de-la-fase-de-oposicion-del-puesto-de-tecnico-a-de-empresa-de-iraurgi-berritzen\/","og_locale":"es_ES","og_type":"article","og_title":"Resultados provisionales de la fase de oposici\u00f3n del puesto de T\u00e9cnico\/a de Empresa de Iraurgi Berritzen - Iraurgi Berritzen","og_description":"Tras la puesta en marcha del proceso mediante concurso-oposici\u00f3n para la provisi\u00f3n definitiva de un puesto de T\u00e9cnico\/a de Empresa como personal laboral fijo por parte de Iraurgi Lantzen SA, la semana pasada se han celebrado todos los ejercicios del proceso. En el siguiente enlace se pueden visualizar los resultados de las personas participantes: Resultados","og_url":"https:\/\/iraurgiberritzen.eus\/es\/resultados-provisionales-de-la-fase-de-oposicion-del-puesto-de-tecnico-a-de-empresa-de-iraurgi-berritzen\/","og_site_name":"Iraurgi Berritzen","article_published_time":"2023-05-02T08:42:31+00:00","author":"kudeatzailea","twitter_card":"summary_large_image","twitter_misc":{"Escrito por":"kudeatzailea"},"schema":{"@context":"https:\/\/schema.org","@graph":[{"@type":"Article","@id":"https:\/\/iraurgiberritzen.eus\/es\/resultados-provisionales-de-la-fase-de-oposicion-del-puesto-de-tecnico-a-de-empresa-de-iraurgi-berritzen\/#article","isPartOf":{"@id":"https:\/\/iraurgiberritzen.eus\/es\/resultados-provisionales-de-la-fase-de-oposicion-del-puesto-de-tecnico-a-de-empresa-de-iraurgi-berritzen\/"},"author":{"name":"kudeatzailea","@id":"https:\/\/iraurgiberritzen.eus\/es\/#\/schema\/person\/5ab41aaf388a9097177601ebf45738d2"},"headline":"Resultados provisionales de la fase de oposici\u00f3n del puesto de T\u00e9cnico\/a de Empresa de Iraurgi Berritzen","datePublished":"2023-05-02T08:42:31+00:00","mainEntityOfPage":{"@id":"https:\/\/iraurgiberritzen.eus\/es\/resultados-provisionales-de-la-fase-de-oposicion-del-puesto-de-tecnico-a-de-empresa-de-iraurgi-berritzen\/"},"wordCount":78,"publisher":{"@id":"https:\/\/iraurgiberritzen.eus\/es\/#organization"},"image":{"@id":"https:\/\/iraurgiberritzen.eus\/es\/resultados-provisionales-de-la-fase-de-oposicion-del-puesto-de-tecnico-a-de-empresa-de-iraurgi-berritzen\/#primaryimage"},"thumbnailUrl":"https:\/\/iraurgiberritzen.eus\/wp-content\/uploads\/2023\/09\/64726cd81121b00d59d067e49338b3d6.jpg","articleSection":["Noticias"],"inLanguage":"es"},{"@type":"WebPage","@id":"https:\/\/iraurgiberritzen.eus\/es\/resultados-provisionales-de-la-fase-de-oposicion-del-puesto-de-tecnico-a-de-empresa-de-iraurgi-berritzen\/","url":"https:\/\/iraurgiberritzen.eus\/es\/resultados-provisionales-de-la-fase-de-oposicion-del-puesto-de-tecnico-a-de-empresa-de-iraurgi-berritzen\/","name":"Resultados provisionales de la fase de oposici\u00f3n del puesto de T\u00e9cnico\/a de Empresa de Iraurgi Berritzen - Iraurgi Berritzen","isPartOf":{"@id":"https:\/\/iraurgiberritzen.eus\/es\/#website"},"primaryImageOfPage":{"@id":"https:\/\/iraurgiberritzen.eus\/es\/resultados-provisionales-de-la-fase-de-oposicion-del-puesto-de-tecnico-a-de-empresa-de-iraurgi-berritzen\/#primaryimage"},"image":{"@id":"https:\/\/iraurgiberritzen.eus\/es\/resultados-provisionales-de-la-fase-de-oposicion-del-puesto-de-tecnico-a-de-empresa-de-iraurgi-berritzen\/#primaryimage"},"thumbnailUrl":"https:\/\/iraurgiberritzen.eus\/wp-content\/uploads\/2023\/09\/64726cd81121b00d59d067e49338b3d6.jpg","datePublished":"2023-05-02T08:42:31+00:00","breadcrumb":{"@id":"https:\/\/iraurgiberritzen.eus\/es\/resultados-provisionales-de-la-fase-de-oposicion-del-puesto-de-tecnico-a-de-empresa-de-iraurgi-berritzen\/#breadcrumb"},"inLanguage":"es","potentialAction":[{"@type":"ReadAction","target":["https:\/\/iraurgiberritzen.eus\/es\/resultados-provisionales-de-la-fase-de-oposicion-del-puesto-de-tecnico-a-de-empresa-de-iraurgi-berritzen\/"]}]},{"@type":"ImageObject","inLanguage":"es","@id":"https:\/\/iraurgiberritzen.eus\/es\/resultados-provisionales-de-la-fase-de-oposicion-del-puesto-de-tecnico-a-de-empresa-de-iraurgi-berritzen\/#primaryimage","url":"https:\/\/iraurgiberritzen.eus\/wp-content\/uploads\/2023\/09\/64726cd81121b00d59d067e49338b3d6.jpg","contentUrl":"https:\/\/iraurgiberritzen.eus\/wp-content\/uploads\/2023\/09\/64726cd81121b00d59d067e49338b3d6.jpg","width":400,"height":257},{"@type":"BreadcrumbList","@id":"https:\/\/iraurgiberritzen.eus\/es\/resultados-provisionales-de-la-fase-de-oposicion-del-puesto-de-tecnico-a-de-empresa-de-iraurgi-berritzen\/#breadcrumb","itemListElement":[{"@type":"ListItem","position":1,"name":"Home","item":"https:\/\/iraurgiberritzen.eus\/es\/"},{"@type":"ListItem","position":2,"name":"Resultados provisionales de la fase de oposici\u00f3n del puesto de T\u00e9cnico\/a de Empresa de Iraurgi Berritzen"}]},{"@type":"WebSite","@id":"https:\/\/iraurgiberritzen.eus\/es\/#website","url":"https:\/\/iraurgiberritzen.eus\/es\/","name":"Iraurgi Berritzen","description":"Urola Erdiko Garapen Agentzia","publisher":{"@id":"https:\/\/iraurgiberritzen.eus\/es\/#organization"},"potentialAction":[{"@type":"SearchAction","target":{"@type":"EntryPoint","urlTemplate":"https:\/\/iraurgiberritzen.eus\/es\/?s={search_term_string}"},"query-input":{"@type":"PropertyValueSpecification","valueRequired":true,"valueName":"search_term_string"}}],"inLanguage":"es"},{"@type":"Organization","@id":"https:\/\/iraurgiberritzen.eus\/es\/#organization","name":"Iraurgi Berritzen","url":"https:\/\/iraurgiberritzen.eus\/es\/","logo":{"@type":"ImageObject","inLanguage":"es","@id":"https:\/\/iraurgiberritzen.eus\/es\/#\/schema\/logo\/image\/","url":"https:\/\/iraurgiberritzen.eus\/wp-content\/uploads\/2024\/02\/IRAURGI-BERRITZEN-logotipoa_2.png","contentUrl":"https:\/\/iraurgiberritzen.eus\/wp-content\/uploads\/2024\/02\/IRAURGI-BERRITZEN-logotipoa_2.png","width":496,"height":190,"caption":"Iraurgi Berritzen"},"image":{"@id":"https:\/\/iraurgiberritzen.eus\/es\/#\/schema\/logo\/image\/"}},{"@type":"Person","@id":"https:\/\/iraurgiberritzen.eus\/es\/#\/schema\/person\/5ab41aaf388a9097177601ebf45738d2","name":"kudeatzailea","sameAs":["https:\/\/iraurgiberritzen.eus"]}]}},"_links":{"self":[{"href":"https:\/\/iraurgiberritzen.eus\/es\/wp-json\/wp\/v2\/posts\/14429","targetHints":{"allow":["GET"]}}],"collection":[{"href":"https:\/\/iraurgiberritzen.eus\/es\/wp-json\/wp\/v2\/posts"}],"about":[{"href":"https:\/\/iraurgiberritzen.eus\/es\/wp-json\/wp\/v2\/types\/post"}],"author":[{"embeddable":true,"href":"https:\/\/iraurgiberritzen.eus\/es\/wp-json\/wp\/v2\/users\/1"}],"replies":[{"embeddable":true,"href":"https:\/\/iraurgiberritzen.eus\/es\/wp-json\/wp\/v2\/comments?post=14429"}],"version-history":[{"count":0,"href":"https:\/\/iraurgiberritzen.eus\/es\/wp-json\/wp\/v2\/posts\/14429\/revisions"}],"wp:featuredmedia":[{"embeddable":true,"href":"https:\/\/iraurgiberritzen.eus\/es\/wp-json\/wp\/v2\/media\/17223"}],"wp:attachment":[{"href":"https:\/\/iraurgiberritzen.eus\/es\/wp-json\/wp\/v2\/media?parent=14429"}],"wp:term":[{"taxonomy":"category","embeddable":true,"href":"https:\/\/iraurgiberritzen.eus\/es\/wp-json\/wp\/v2\/categories?post=14429"},{"taxonomy":"post_tag","embeddable":true,"href":"https:\/\/iraurgiberritzen.eus\/es\/wp-json\/wp\/v2\/tags?post=14429"}],"curies":[{"name":"wp","href":"https:\/\/api.w.org\/{rel}","templated":true}]}}