{"id":14441,"date":"2023-05-08T10:35:08","date_gmt":"2023-05-08T08:35:08","guid":{"rendered":"https:\/\/iraurgiberritzen.eus\/iraurgi-berritzen-organiza-una-jornada-dirigida-a-las-empresas-industriales-de-la-comarca-bajo-el-nombre-la-economia-circular-y-los-nuevos-modelos-de-negocio-casos-de-exito\/"},"modified":"2023-05-08T10:35:08","modified_gmt":"2023-05-08T08:35:08","slug":"iraurgi-berritzen-organiza-una-jornada-dirigida-a-las-empresas-industriales-de-la-comarca-bajo-el-nombre-la-economia-circular-y-los-nuevos-modelos-de-negocio-casos-de-exito","status":"publish","type":"post","link":"https:\/\/iraurgiberritzen.eus\/es\/iraurgi-berritzen-organiza-una-jornada-dirigida-a-las-empresas-industriales-de-la-comarca-bajo-el-nombre-la-economia-circular-y-los-nuevos-modelos-de-negocio-casos-de-exito\/","title":{"rendered":"Iraurgi Berritzen organiza una jornada dirigida a las empresas industriales de la comarca bajo el nombre \u201cLa Econom\u00eda Circular y los nuevos modelos de negocio. Casos de \u00e9xito\u201d."},"content":{"rendered":"<p style=\"text-align: justify;\">La Agencia de Desarrollo e Innovaci\u00f3n de Urola Erdia, Iraurgi Berritzen, en colaboraci\u00f3n con la Sociedad Publica de Gesti\u00f3n Ambiental del Gobierno Vasco IHOBE, ha organizado una jornada dirigida a las empresas industriales de la comarca sobre el tema: <strong>Econom\u00eda Circular y nuevos modelos de negocio. Casos de \u00e9xito en el marco de la iniciativa PYME Circular 2021 en los sectores del acero, maquinaria y equipos y qu\u00edmico y caucho<\/strong>.<\/p>\n<p style=\"text-align: justify;\">Esta jornada, que se celebrar\u00e1 el jueves 11 de mayo, de 10:00 a 13:10, de forma presencial en el Palacio Basazabal de Azpeitia, est\u00e1 dirigida a los representantes de empresas interesadas en el tema: propiedad, CEO-Direcci\u00f3n General-Gerencia; Innovaci\u00f3n; Direcci\u00f3n de Desarrollo Corporativo o Nuevos Negocios; Directores de Producci\u00f3n.<\/p>\n<p style=\"text-align: justify;\">El objetivo de esta jornada que se enmarca en los Jueves de Econom\u00eda Circular -Ekosteguna- es compartir los resultados de los proyectos desarrollados por una veintena de Pymes de los sectores del acero, maquinaria y equipos y qu\u00edmico y caucho, liderados por Iraurgi Berritzen, Siderex y AVEQ-Kimika.<\/p>\n<p style=\"text-align: justify;\">Las empresas interesadas pueden inscribirse a trav\u00e9s del siguiente formulario de inscripci\u00f3n o escribiendo a la direcci\u00f3n de correo <a href=\"mailto:bbeobide@iraurgiberritzen.eus.\">bbeobide@iraurgiberritzen.eus.<\/a><\/p>\n<p>Descarga el <a href=\"images\/iraurgiberritzen\/berriak\/2023\/Ikasiz_23_05_11_Deialdia_Ikasiz_Ekosteguna_ES_1.pdf\" target=\"_blank\" rel=\"noopener\">programa<\/a>.<\/p>\n<p style=\"text-align: justify;\">La jornada se enmarca dentro del Programa Ikasiz 2023 de Iraurgi Berritzen, definido en base a propuestas recibidas por parte de Enpresa Gunea (espacio formado por representes de empresas de la comarca). Su objetivo es compartir conocimientos y experiencias, as\u00ed como la sensibilizaci\u00f3n y difusi\u00f3n de buenas pr\u00e1cticas en diferentes \u00e1mbitos de gesti\u00f3n de la empresa.<\/p>\n","protected":false},"excerpt":{"rendered":"<p>La Agencia de Desarrollo e Innovaci\u00f3n de Urola Erdia, Iraurgi Berritzen, en colaboraci\u00f3n con la Sociedad Publica de Gesti\u00f3n Ambiental del Gobierno Vasco IHOBE, ha organizado una jornada dirigida a las empresas industriales de la comarca sobre el tema: Econom\u00eda Circular y nuevos modelos de negocio. Casos de \u00e9xito en el marco de la iniciativa [&hellip;]<\/p>\n","protected":false},"author":1,"featured_media":17227,"comment_status":"","ping_status":"closed","sticky":false,"template":"","format":"standard","meta":{"_acf_changed":false,"footnotes":""},"categories":[4],"tags":[],"class_list":["post-14441","post","type-post","status-publish","format-standard","has-post-thumbnail","hentry","category-noticias"],"acf":[],"yoast_head":"<!-- This site is optimized with the Yoast SEO plugin v27.4 - https:\/\/yoast.com\/product\/yoast-seo-wordpress\/ -->\n<title>Iraurgi Berritzen organiza una jornada dirigida a las empresas industriales de la comarca bajo el nombre \u201cLa Econom\u00eda Circular y los nuevos modelos de negocio. Casos de \u00e9xito\u201d. - Iraurgi Berritzen<\/title>\n<meta name=\"robots\" content=\"index, follow, max-snippet:-1, max-image-preview:large, max-video-preview:-1\" \/>\n<link rel=\"canonical\" href=\"https:\/\/iraurgiberritzen.eus\/es\/iraurgi-berritzen-organiza-una-jornada-dirigida-a-las-empresas-industriales-de-la-comarca-bajo-el-nombre-la-economia-circular-y-los-nuevos-modelos-de-negocio-casos-de-exito\/\" \/>\n<meta property=\"og:locale\" content=\"es_ES\" \/>\n<meta property=\"og:type\" content=\"article\" \/>\n<meta property=\"og:title\" content=\"Iraurgi Berritzen organiza una jornada dirigida a las empresas industriales de la comarca bajo el nombre \u201cLa Econom\u00eda Circular y los nuevos modelos de negocio. Casos de \u00e9xito\u201d. - Iraurgi Berritzen\" \/>\n<meta property=\"og:description\" content=\"La Agencia de Desarrollo e Innovaci\u00f3n de Urola Erdia, Iraurgi Berritzen, en colaboraci\u00f3n con la Sociedad Publica de Gesti\u00f3n Ambiental del Gobierno Vasco IHOBE, ha organizado una jornada dirigida a las empresas industriales de la comarca sobre el tema: Econom\u00eda Circular y nuevos modelos de negocio. Casos de \u00e9xito en el marco de la iniciativa [&hellip;]\" \/>\n<meta property=\"og:url\" content=\"https:\/\/iraurgiberritzen.eus\/es\/iraurgi-berritzen-organiza-una-jornada-dirigida-a-las-empresas-industriales-de-la-comarca-bajo-el-nombre-la-economia-circular-y-los-nuevos-modelos-de-negocio-casos-de-exito\/\" \/>\n<meta property=\"og:site_name\" content=\"Iraurgi Berritzen\" \/>\n<meta property=\"article:published_time\" content=\"2023-05-08T08:35:08+00:00\" \/>\n<meta name=\"author\" content=\"kudeatzailea\" \/>\n<meta name=\"twitter:card\" content=\"summary_large_image\" \/>\n<meta name=\"twitter:label1\" content=\"Escrito por\" \/>\n\t<meta name=\"twitter:data1\" content=\"kudeatzailea\" \/>\n\t<meta name=\"twitter:label2\" content=\"Tiempo de lectura\" \/>\n\t<meta name=\"twitter:data2\" content=\"1 minuto\" \/>\n<script type=\"application\/ld+json\" class=\"yoast-schema-graph\">{\"@context\":\"https:\\\/\\\/schema.org\",\"@graph\":[{\"@type\":\"Article\",\"@id\":\"https:\\\/\\\/iraurgiberritzen.eus\\\/es\\\/iraurgi-berritzen-organiza-una-jornada-dirigida-a-las-empresas-industriales-de-la-comarca-bajo-el-nombre-la-economia-circular-y-los-nuevos-modelos-de-negocio-casos-de-exito\\\/#article\",\"isPartOf\":{\"@id\":\"https:\\\/\\\/iraurgiberritzen.eus\\\/es\\\/iraurgi-berritzen-organiza-una-jornada-dirigida-a-las-empresas-industriales-de-la-comarca-bajo-el-nombre-la-economia-circular-y-los-nuevos-modelos-de-negocio-casos-de-exito\\\/\"},\"author\":{\"name\":\"kudeatzailea\",\"@id\":\"https:\\\/\\\/iraurgiberritzen.eus\\\/es\\\/#\\\/schema\\\/person\\\/5ab41aaf388a9097177601ebf45738d2\"},\"headline\":\"Iraurgi Berritzen organiza una jornada dirigida a las empresas industriales de la comarca bajo el nombre \u201cLa Econom\u00eda Circular y los nuevos modelos de negocio. Casos de \u00e9xito\u201d.\",\"datePublished\":\"2023-05-08T08:35:08+00:00\",\"mainEntityOfPage\":{\"@id\":\"https:\\\/\\\/iraurgiberritzen.eus\\\/es\\\/iraurgi-berritzen-organiza-una-jornada-dirigida-a-las-empresas-industriales-de-la-comarca-bajo-el-nombre-la-economia-circular-y-los-nuevos-modelos-de-negocio-casos-de-exito\\\/\"},\"wordCount\":288,\"publisher\":{\"@id\":\"https:\\\/\\\/iraurgiberritzen.eus\\\/es\\\/#organization\"},\"image\":{\"@id\":\"https:\\\/\\\/iraurgiberritzen.eus\\\/es\\\/iraurgi-berritzen-organiza-una-jornada-dirigida-a-las-empresas-industriales-de-la-comarca-bajo-el-nombre-la-economia-circular-y-los-nuevos-modelos-de-negocio-casos-de-exito\\\/#primaryimage\"},\"thumbnailUrl\":\"https:\\\/\\\/iraurgiberritzen.eus\\\/wp-content\\\/uploads\\\/2023\\\/09\\\/d433202dd708ff711a72952d0a2b333a.jpg\",\"articleSection\":[\"Noticias\"],\"inLanguage\":\"es\"},{\"@type\":\"WebPage\",\"@id\":\"https:\\\/\\\/iraurgiberritzen.eus\\\/es\\\/iraurgi-berritzen-organiza-una-jornada-dirigida-a-las-empresas-industriales-de-la-comarca-bajo-el-nombre-la-economia-circular-y-los-nuevos-modelos-de-negocio-casos-de-exito\\\/\",\"url\":\"https:\\\/\\\/iraurgiberritzen.eus\\\/es\\\/iraurgi-berritzen-organiza-una-jornada-dirigida-a-las-empresas-industriales-de-la-comarca-bajo-el-nombre-la-economia-circular-y-los-nuevos-modelos-de-negocio-casos-de-exito\\\/\",\"name\":\"Iraurgi Berritzen organiza una jornada dirigida a las empresas industriales de la comarca bajo el nombre \u201cLa Econom\u00eda Circular y los nuevos modelos de negocio. Casos de \u00e9xito\u201d. - Iraurgi Berritzen\",\"isPartOf\":{\"@id\":\"https:\\\/\\\/iraurgiberritzen.eus\\\/es\\\/#website\"},\"primaryImageOfPage\":{\"@id\":\"https:\\\/\\\/iraurgiberritzen.eus\\\/es\\\/iraurgi-berritzen-organiza-una-jornada-dirigida-a-las-empresas-industriales-de-la-comarca-bajo-el-nombre-la-economia-circular-y-los-nuevos-modelos-de-negocio-casos-de-exito\\\/#primaryimage\"},\"image\":{\"@id\":\"https:\\\/\\\/iraurgiberritzen.eus\\\/es\\\/iraurgi-berritzen-organiza-una-jornada-dirigida-a-las-empresas-industriales-de-la-comarca-bajo-el-nombre-la-economia-circular-y-los-nuevos-modelos-de-negocio-casos-de-exito\\\/#primaryimage\"},\"thumbnailUrl\":\"https:\\\/\\\/iraurgiberritzen.eus\\\/wp-content\\\/uploads\\\/2023\\\/09\\\/d433202dd708ff711a72952d0a2b333a.jpg\",\"datePublished\":\"2023-05-08T08:35:08+00:00\",\"breadcrumb\":{\"@id\":\"https:\\\/\\\/iraurgiberritzen.eus\\\/es\\\/iraurgi-berritzen-organiza-una-jornada-dirigida-a-las-empresas-industriales-de-la-comarca-bajo-el-nombre-la-economia-circular-y-los-nuevos-modelos-de-negocio-casos-de-exito\\\/#breadcrumb\"},\"inLanguage\":\"es\",\"potentialAction\":[{\"@type\":\"ReadAction\",\"target\":[\"https:\\\/\\\/iraurgiberritzen.eus\\\/es\\\/iraurgi-berritzen-organiza-una-jornada-dirigida-a-las-empresas-industriales-de-la-comarca-bajo-el-nombre-la-economia-circular-y-los-nuevos-modelos-de-negocio-casos-de-exito\\\/\"]}]},{\"@type\":\"ImageObject\",\"inLanguage\":\"es\",\"@id\":\"https:\\\/\\\/iraurgiberritzen.eus\\\/es\\\/iraurgi-berritzen-organiza-una-jornada-dirigida-a-las-empresas-industriales-de-la-comarca-bajo-el-nombre-la-economia-circular-y-los-nuevos-modelos-de-negocio-casos-de-exito\\\/#primaryimage\",\"url\":\"https:\\\/\\\/iraurgiberritzen.eus\\\/wp-content\\\/uploads\\\/2023\\\/09\\\/d433202dd708ff711a72952d0a2b333a.jpg\",\"contentUrl\":\"https:\\\/\\\/iraurgiberritzen.eus\\\/wp-content\\\/uploads\\\/2023\\\/09\\\/d433202dd708ff711a72952d0a2b333a.jpg\",\"width\":400,\"height\":257},{\"@type\":\"BreadcrumbList\",\"@id\":\"https:\\\/\\\/iraurgiberritzen.eus\\\/es\\\/iraurgi-berritzen-organiza-una-jornada-dirigida-a-las-empresas-industriales-de-la-comarca-bajo-el-nombre-la-economia-circular-y-los-nuevos-modelos-de-negocio-casos-de-exito\\\/#breadcrumb\",\"itemListElement\":[{\"@type\":\"ListItem\",\"position\":1,\"name\":\"Home\",\"item\":\"https:\\\/\\\/iraurgiberritzen.eus\\\/es\\\/\"},{\"@type\":\"ListItem\",\"position\":2,\"name\":\"Iraurgi Berritzen organiza una jornada dirigida a las empresas industriales de la comarca bajo el nombre \u201cLa Econom\u00eda Circular y los nuevos modelos de negocio. Casos de \u00e9xito\u201d.\"}]},{\"@type\":\"WebSite\",\"@id\":\"https:\\\/\\\/iraurgiberritzen.eus\\\/es\\\/#website\",\"url\":\"https:\\\/\\\/iraurgiberritzen.eus\\\/es\\\/\",\"name\":\"Iraurgi Berritzen\",\"description\":\"Urola Erdiko Garapen Agentzia\",\"publisher\":{\"@id\":\"https:\\\/\\\/iraurgiberritzen.eus\\\/es\\\/#organization\"},\"potentialAction\":[{\"@type\":\"SearchAction\",\"target\":{\"@type\":\"EntryPoint\",\"urlTemplate\":\"https:\\\/\\\/iraurgiberritzen.eus\\\/es\\\/?s={search_term_string}\"},\"query-input\":{\"@type\":\"PropertyValueSpecification\",\"valueRequired\":true,\"valueName\":\"search_term_string\"}}],\"inLanguage\":\"es\"},{\"@type\":\"Organization\",\"@id\":\"https:\\\/\\\/iraurgiberritzen.eus\\\/es\\\/#organization\",\"name\":\"Iraurgi Berritzen\",\"url\":\"https:\\\/\\\/iraurgiberritzen.eus\\\/es\\\/\",\"logo\":{\"@type\":\"ImageObject\",\"inLanguage\":\"es\",\"@id\":\"https:\\\/\\\/iraurgiberritzen.eus\\\/es\\\/#\\\/schema\\\/logo\\\/image\\\/\",\"url\":\"https:\\\/\\\/iraurgiberritzen.eus\\\/wp-content\\\/uploads\\\/2024\\\/02\\\/IRAURGI-BERRITZEN-logotipoa_2.png\",\"contentUrl\":\"https:\\\/\\\/iraurgiberritzen.eus\\\/wp-content\\\/uploads\\\/2024\\\/02\\\/IRAURGI-BERRITZEN-logotipoa_2.png\",\"width\":496,\"height\":190,\"caption\":\"Iraurgi Berritzen\"},\"image\":{\"@id\":\"https:\\\/\\\/iraurgiberritzen.eus\\\/es\\\/#\\\/schema\\\/logo\\\/image\\\/\"}},{\"@type\":\"Person\",\"@id\":\"https:\\\/\\\/iraurgiberritzen.eus\\\/es\\\/#\\\/schema\\\/person\\\/5ab41aaf388a9097177601ebf45738d2\",\"name\":\"kudeatzailea\",\"sameAs\":[\"https:\\\/\\\/iraurgiberritzen.eus\"]}]}<\/script>\n<!-- \/ Yoast SEO plugin. -->","yoast_head_json":{"title":"Iraurgi Berritzen organiza una jornada dirigida a las empresas industriales de la comarca bajo el nombre \u201cLa Econom\u00eda Circular y los nuevos modelos de negocio. Casos de \u00e9xito\u201d. - Iraurgi Berritzen","robots":{"index":"index","follow":"follow","max-snippet":"max-snippet:-1","max-image-preview":"max-image-preview:large","max-video-preview":"max-video-preview:-1"},"canonical":"https:\/\/iraurgiberritzen.eus\/es\/iraurgi-berritzen-organiza-una-jornada-dirigida-a-las-empresas-industriales-de-la-comarca-bajo-el-nombre-la-economia-circular-y-los-nuevos-modelos-de-negocio-casos-de-exito\/","og_locale":"es_ES","og_type":"article","og_title":"Iraurgi Berritzen organiza una jornada dirigida a las empresas industriales de la comarca bajo el nombre \u201cLa Econom\u00eda Circular y los nuevos modelos de negocio. Casos de \u00e9xito\u201d. - Iraurgi Berritzen","og_description":"La Agencia de Desarrollo e Innovaci\u00f3n de Urola Erdia, Iraurgi Berritzen, en colaboraci\u00f3n con la Sociedad Publica de Gesti\u00f3n Ambiental del Gobierno Vasco IHOBE, ha organizado una jornada dirigida a las empresas industriales de la comarca sobre el tema: Econom\u00eda Circular y nuevos modelos de negocio. Casos de \u00e9xito en el marco de la iniciativa [&hellip;]","og_url":"https:\/\/iraurgiberritzen.eus\/es\/iraurgi-berritzen-organiza-una-jornada-dirigida-a-las-empresas-industriales-de-la-comarca-bajo-el-nombre-la-economia-circular-y-los-nuevos-modelos-de-negocio-casos-de-exito\/","og_site_name":"Iraurgi Berritzen","article_published_time":"2023-05-08T08:35:08+00:00","author":"kudeatzailea","twitter_card":"summary_large_image","twitter_misc":{"Escrito por":"kudeatzailea","Tiempo de lectura":"1 minuto"},"schema":{"@context":"https:\/\/schema.org","@graph":[{"@type":"Article","@id":"https:\/\/iraurgiberritzen.eus\/es\/iraurgi-berritzen-organiza-una-jornada-dirigida-a-las-empresas-industriales-de-la-comarca-bajo-el-nombre-la-economia-circular-y-los-nuevos-modelos-de-negocio-casos-de-exito\/#article","isPartOf":{"@id":"https:\/\/iraurgiberritzen.eus\/es\/iraurgi-berritzen-organiza-una-jornada-dirigida-a-las-empresas-industriales-de-la-comarca-bajo-el-nombre-la-economia-circular-y-los-nuevos-modelos-de-negocio-casos-de-exito\/"},"author":{"name":"kudeatzailea","@id":"https:\/\/iraurgiberritzen.eus\/es\/#\/schema\/person\/5ab41aaf388a9097177601ebf45738d2"},"headline":"Iraurgi Berritzen organiza una jornada dirigida a las empresas industriales de la comarca bajo el nombre \u201cLa Econom\u00eda Circular y los nuevos modelos de negocio. Casos de \u00e9xito\u201d.","datePublished":"2023-05-08T08:35:08+00:00","mainEntityOfPage":{"@id":"https:\/\/iraurgiberritzen.eus\/es\/iraurgi-berritzen-organiza-una-jornada-dirigida-a-las-empresas-industriales-de-la-comarca-bajo-el-nombre-la-economia-circular-y-los-nuevos-modelos-de-negocio-casos-de-exito\/"},"wordCount":288,"publisher":{"@id":"https:\/\/iraurgiberritzen.eus\/es\/#organization"},"image":{"@id":"https:\/\/iraurgiberritzen.eus\/es\/iraurgi-berritzen-organiza-una-jornada-dirigida-a-las-empresas-industriales-de-la-comarca-bajo-el-nombre-la-economia-circular-y-los-nuevos-modelos-de-negocio-casos-de-exito\/#primaryimage"},"thumbnailUrl":"https:\/\/iraurgiberritzen.eus\/wp-content\/uploads\/2023\/09\/d433202dd708ff711a72952d0a2b333a.jpg","articleSection":["Noticias"],"inLanguage":"es"},{"@type":"WebPage","@id":"https:\/\/iraurgiberritzen.eus\/es\/iraurgi-berritzen-organiza-una-jornada-dirigida-a-las-empresas-industriales-de-la-comarca-bajo-el-nombre-la-economia-circular-y-los-nuevos-modelos-de-negocio-casos-de-exito\/","url":"https:\/\/iraurgiberritzen.eus\/es\/iraurgi-berritzen-organiza-una-jornada-dirigida-a-las-empresas-industriales-de-la-comarca-bajo-el-nombre-la-economia-circular-y-los-nuevos-modelos-de-negocio-casos-de-exito\/","name":"Iraurgi Berritzen organiza una jornada dirigida a las empresas industriales de la comarca bajo el nombre \u201cLa Econom\u00eda Circular y los nuevos modelos de negocio. Casos de \u00e9xito\u201d. - Iraurgi Berritzen","isPartOf":{"@id":"https:\/\/iraurgiberritzen.eus\/es\/#website"},"primaryImageOfPage":{"@id":"https:\/\/iraurgiberritzen.eus\/es\/iraurgi-berritzen-organiza-una-jornada-dirigida-a-las-empresas-industriales-de-la-comarca-bajo-el-nombre-la-economia-circular-y-los-nuevos-modelos-de-negocio-casos-de-exito\/#primaryimage"},"image":{"@id":"https:\/\/iraurgiberritzen.eus\/es\/iraurgi-berritzen-organiza-una-jornada-dirigida-a-las-empresas-industriales-de-la-comarca-bajo-el-nombre-la-economia-circular-y-los-nuevos-modelos-de-negocio-casos-de-exito\/#primaryimage"},"thumbnailUrl":"https:\/\/iraurgiberritzen.eus\/wp-content\/uploads\/2023\/09\/d433202dd708ff711a72952d0a2b333a.jpg","datePublished":"2023-05-08T08:35:08+00:00","breadcrumb":{"@id":"https:\/\/iraurgiberritzen.eus\/es\/iraurgi-berritzen-organiza-una-jornada-dirigida-a-las-empresas-industriales-de-la-comarca-bajo-el-nombre-la-economia-circular-y-los-nuevos-modelos-de-negocio-casos-de-exito\/#breadcrumb"},"inLanguage":"es","potentialAction":[{"@type":"ReadAction","target":["https:\/\/iraurgiberritzen.eus\/es\/iraurgi-berritzen-organiza-una-jornada-dirigida-a-las-empresas-industriales-de-la-comarca-bajo-el-nombre-la-economia-circular-y-los-nuevos-modelos-de-negocio-casos-de-exito\/"]}]},{"@type":"ImageObject","inLanguage":"es","@id":"https:\/\/iraurgiberritzen.eus\/es\/iraurgi-berritzen-organiza-una-jornada-dirigida-a-las-empresas-industriales-de-la-comarca-bajo-el-nombre-la-economia-circular-y-los-nuevos-modelos-de-negocio-casos-de-exito\/#primaryimage","url":"https:\/\/iraurgiberritzen.eus\/wp-content\/uploads\/2023\/09\/d433202dd708ff711a72952d0a2b333a.jpg","contentUrl":"https:\/\/iraurgiberritzen.eus\/wp-content\/uploads\/2023\/09\/d433202dd708ff711a72952d0a2b333a.jpg","width":400,"height":257},{"@type":"BreadcrumbList","@id":"https:\/\/iraurgiberritzen.eus\/es\/iraurgi-berritzen-organiza-una-jornada-dirigida-a-las-empresas-industriales-de-la-comarca-bajo-el-nombre-la-economia-circular-y-los-nuevos-modelos-de-negocio-casos-de-exito\/#breadcrumb","itemListElement":[{"@type":"ListItem","position":1,"name":"Home","item":"https:\/\/iraurgiberritzen.eus\/es\/"},{"@type":"ListItem","position":2,"name":"Iraurgi Berritzen organiza una jornada dirigida a las empresas industriales de la comarca bajo el nombre \u201cLa Econom\u00eda Circular y los nuevos modelos de negocio. Casos de \u00e9xito\u201d."}]},{"@type":"WebSite","@id":"https:\/\/iraurgiberritzen.eus\/es\/#website","url":"https:\/\/iraurgiberritzen.eus\/es\/","name":"Iraurgi Berritzen","description":"Urola Erdiko Garapen Agentzia","publisher":{"@id":"https:\/\/iraurgiberritzen.eus\/es\/#organization"},"potentialAction":[{"@type":"SearchAction","target":{"@type":"EntryPoint","urlTemplate":"https:\/\/iraurgiberritzen.eus\/es\/?s={search_term_string}"},"query-input":{"@type":"PropertyValueSpecification","valueRequired":true,"valueName":"search_term_string"}}],"inLanguage":"es"},{"@type":"Organization","@id":"https:\/\/iraurgiberritzen.eus\/es\/#organization","name":"Iraurgi Berritzen","url":"https:\/\/iraurgiberritzen.eus\/es\/","logo":{"@type":"ImageObject","inLanguage":"es","@id":"https:\/\/iraurgiberritzen.eus\/es\/#\/schema\/logo\/image\/","url":"https:\/\/iraurgiberritzen.eus\/wp-content\/uploads\/2024\/02\/IRAURGI-BERRITZEN-logotipoa_2.png","contentUrl":"https:\/\/iraurgiberritzen.eus\/wp-content\/uploads\/2024\/02\/IRAURGI-BERRITZEN-logotipoa_2.png","width":496,"height":190,"caption":"Iraurgi Berritzen"},"image":{"@id":"https:\/\/iraurgiberritzen.eus\/es\/#\/schema\/logo\/image\/"}},{"@type":"Person","@id":"https:\/\/iraurgiberritzen.eus\/es\/#\/schema\/person\/5ab41aaf388a9097177601ebf45738d2","name":"kudeatzailea","sameAs":["https:\/\/iraurgiberritzen.eus"]}]}},"_links":{"self":[{"href":"https:\/\/iraurgiberritzen.eus\/es\/wp-json\/wp\/v2\/posts\/14441","targetHints":{"allow":["GET"]}}],"collection":[{"href":"https:\/\/iraurgiberritzen.eus\/es\/wp-json\/wp\/v2\/posts"}],"about":[{"href":"https:\/\/iraurgiberritzen.eus\/es\/wp-json\/wp\/v2\/types\/post"}],"author":[{"embeddable":true,"href":"https:\/\/iraurgiberritzen.eus\/es\/wp-json\/wp\/v2\/users\/1"}],"replies":[{"embeddable":true,"href":"https:\/\/iraurgiberritzen.eus\/es\/wp-json\/wp\/v2\/comments?post=14441"}],"version-history":[{"count":0,"href":"https:\/\/iraurgiberritzen.eus\/es\/wp-json\/wp\/v2\/posts\/14441\/revisions"}],"wp:featuredmedia":[{"embeddable":true,"href":"https:\/\/iraurgiberritzen.eus\/es\/wp-json\/wp\/v2\/media\/17227"}],"wp:attachment":[{"href":"https:\/\/iraurgiberritzen.eus\/es\/wp-json\/wp\/v2\/media?parent=14441"}],"wp:term":[{"taxonomy":"category","embeddable":true,"href":"https:\/\/iraurgiberritzen.eus\/es\/wp-json\/wp\/v2\/categories?post=14441"},{"taxonomy":"post_tag","embeddable":true,"href":"https:\/\/iraurgiberritzen.eus\/es\/wp-json\/wp\/v2\/tags?post=14441"}],"curies":[{"name":"wp","href":"https:\/\/api.w.org\/{rel}","templated":true}]}}