{"id":14453,"date":"2023-05-12T06:28:55","date_gmt":"2023-05-12T04:28:55","guid":{"rendered":"https:\/\/iraurgiberritzen.eus\/las-personas-emprendedoras-comerciantes-y-pequenas-empresas-reciben-formacion-en-digitalizacion-y-contratacion-del-personal\/"},"modified":"2023-05-12T06:28:55","modified_gmt":"2023-05-12T04:28:55","slug":"las-personas-emprendedoras-comerciantes-y-pequenas-empresas-reciben-formacion-en-digitalizacion-y-contratacion-del-personal","status":"publish","type":"post","link":"https:\/\/iraurgiberritzen.eus\/es\/las-personas-emprendedoras-comerciantes-y-pequenas-empresas-reciben-formacion-en-digitalizacion-y-contratacion-del-personal\/","title":{"rendered":"Las personas emprendedoras, comerciantes y peque\u00f1as empresas reciben formaci\u00f3n en digitalizaci\u00f3n y contrataci\u00f3n del personal"},"content":{"rendered":"<p style=\"text-align: justify;\">Durante los seis primeros meses de 2023, se han organizado 4 sesiones formativas dentro de la l\u00ednea de trabajo KLINK BIDE. Estas formaciones han tenido como objetivo que las personas emprendedoras, comerciantes y peque\u00f1as empresas adquieran conocimientos sobre la digitalizaci\u00f3n y contrataci\u00f3n del personal, y de esta forma facilitar y agilizar su d\u00eda a d\u00eda.<\/p>\n<p style=\"text-align: justify;\">Un total de 31 participantes han sido beneficiarios de las formaciones que han sido valoradas positivamente. De cara a los pr\u00f3ximos 6 meses, se organizar\u00e1n m\u00e1s formaciones sobre diferentes temas y ya podemos adelantar que la digitalizaci\u00f3n ser\u00e1 uno de los temas a priorizar.<\/p>\n<p style=\"text-align: justify;\">El programa KLINK tiene como objetivo fomentar el emprendimiento en Urola Erdia y a lo largo del primer semestre se han realizado diferentes acciones. Dentro de KLINK GUNEA en marzo se organiz\u00f3 una tertulia de caf\u00e9 dirigida a personas emprendedoras sobre gesti\u00f3n del tiempo.<\/p>\n<p style=\"text-align: justify;\">En la l\u00ednea de trabajo de KLINK ATARI se han realizado diferentes acciones para dar visibilidad al emprendimiento. Entre otros, hemos participado en la valoraci\u00f3n de proyectos en los Premios Emprendimiento que organiza la Formaci\u00f3n Profesional Izarraitz. Y siguiendo con el \u00e1mbito educativo, se ha desarrollado el proyecto Izan ekintzaile! en tres centros escolares de la comarca con el objetivo de fomentar el emprendimiento entre la juventud.<\/p>\n","protected":false},"excerpt":{"rendered":"<p>Durante los seis primeros meses de 2023, se han organizado 4 sesiones formativas dentro de la l\u00ednea de trabajo KLINK BIDE. Estas formaciones han tenido como objetivo que las personas emprendedoras, comerciantes y peque\u00f1as empresas adquieran conocimientos sobre la digitalizaci\u00f3n y contrataci\u00f3n del personal, y de esta forma facilitar y agilizar su d\u00eda a d\u00eda. [&hellip;]<\/p>\n","protected":false},"author":1,"featured_media":17231,"comment_status":"","ping_status":"closed","sticky":false,"template":"","format":"standard","meta":{"_acf_changed":false,"footnotes":""},"categories":[4],"tags":[],"class_list":["post-14453","post","type-post","status-publish","format-standard","has-post-thumbnail","hentry","category-noticias"],"acf":[],"yoast_head":"<!-- This site is optimized with the Yoast SEO plugin v27.4 - https:\/\/yoast.com\/product\/yoast-seo-wordpress\/ -->\n<title>Las personas emprendedoras, comerciantes y peque\u00f1as empresas reciben formaci\u00f3n en digitalizaci\u00f3n y contrataci\u00f3n del personal - Iraurgi Berritzen<\/title>\n<meta name=\"robots\" content=\"index, follow, max-snippet:-1, max-image-preview:large, max-video-preview:-1\" \/>\n<link rel=\"canonical\" href=\"https:\/\/iraurgiberritzen.eus\/es\/las-personas-emprendedoras-comerciantes-y-pequenas-empresas-reciben-formacion-en-digitalizacion-y-contratacion-del-personal\/\" \/>\n<meta property=\"og:locale\" content=\"es_ES\" \/>\n<meta property=\"og:type\" content=\"article\" \/>\n<meta property=\"og:title\" content=\"Las personas emprendedoras, comerciantes y peque\u00f1as empresas reciben formaci\u00f3n en digitalizaci\u00f3n y contrataci\u00f3n del personal - Iraurgi Berritzen\" \/>\n<meta property=\"og:description\" content=\"Durante los seis primeros meses de 2023, se han organizado 4 sesiones formativas dentro de la l\u00ednea de trabajo KLINK BIDE. Estas formaciones han tenido como objetivo que las personas emprendedoras, comerciantes y peque\u00f1as empresas adquieran conocimientos sobre la digitalizaci\u00f3n y contrataci\u00f3n del personal, y de esta forma facilitar y agilizar su d\u00eda a d\u00eda. [&hellip;]\" \/>\n<meta property=\"og:url\" content=\"https:\/\/iraurgiberritzen.eus\/es\/las-personas-emprendedoras-comerciantes-y-pequenas-empresas-reciben-formacion-en-digitalizacion-y-contratacion-del-personal\/\" \/>\n<meta property=\"og:site_name\" content=\"Iraurgi Berritzen\" \/>\n<meta property=\"article:published_time\" content=\"2023-05-12T04:28:55+00:00\" \/>\n<meta name=\"author\" content=\"kudeatzailea\" \/>\n<meta name=\"twitter:card\" content=\"summary_large_image\" \/>\n<meta name=\"twitter:label1\" content=\"Escrito por\" \/>\n\t<meta name=\"twitter:data1\" content=\"kudeatzailea\" \/>\n\t<meta name=\"twitter:label2\" content=\"Tiempo de lectura\" \/>\n\t<meta name=\"twitter:data2\" content=\"1 minuto\" \/>\n<script type=\"application\/ld+json\" class=\"yoast-schema-graph\">{\"@context\":\"https:\\\/\\\/schema.org\",\"@graph\":[{\"@type\":\"Article\",\"@id\":\"https:\\\/\\\/iraurgiberritzen.eus\\\/es\\\/las-personas-emprendedoras-comerciantes-y-pequenas-empresas-reciben-formacion-en-digitalizacion-y-contratacion-del-personal\\\/#article\",\"isPartOf\":{\"@id\":\"https:\\\/\\\/iraurgiberritzen.eus\\\/es\\\/las-personas-emprendedoras-comerciantes-y-pequenas-empresas-reciben-formacion-en-digitalizacion-y-contratacion-del-personal\\\/\"},\"author\":{\"name\":\"kudeatzailea\",\"@id\":\"https:\\\/\\\/iraurgiberritzen.eus\\\/es\\\/#\\\/schema\\\/person\\\/5ab41aaf388a9097177601ebf45738d2\"},\"headline\":\"Las personas emprendedoras, comerciantes y peque\u00f1as empresas reciben formaci\u00f3n en digitalizaci\u00f3n y contrataci\u00f3n del personal\",\"datePublished\":\"2023-05-12T04:28:55+00:00\",\"mainEntityOfPage\":{\"@id\":\"https:\\\/\\\/iraurgiberritzen.eus\\\/es\\\/las-personas-emprendedoras-comerciantes-y-pequenas-empresas-reciben-formacion-en-digitalizacion-y-contratacion-del-personal\\\/\"},\"wordCount\":239,\"publisher\":{\"@id\":\"https:\\\/\\\/iraurgiberritzen.eus\\\/es\\\/#organization\"},\"image\":{\"@id\":\"https:\\\/\\\/iraurgiberritzen.eus\\\/es\\\/las-personas-emprendedoras-comerciantes-y-pequenas-empresas-reciben-formacion-en-digitalizacion-y-contratacion-del-personal\\\/#primaryimage\"},\"thumbnailUrl\":\"https:\\\/\\\/iraurgiberritzen.eus\\\/wp-content\\\/uploads\\\/2023\\\/09\\\/8b4a7ea3ecafbb8fa3d97b752cf2b591.jpg\",\"articleSection\":[\"Noticias\"],\"inLanguage\":\"es\"},{\"@type\":\"WebPage\",\"@id\":\"https:\\\/\\\/iraurgiberritzen.eus\\\/es\\\/las-personas-emprendedoras-comerciantes-y-pequenas-empresas-reciben-formacion-en-digitalizacion-y-contratacion-del-personal\\\/\",\"url\":\"https:\\\/\\\/iraurgiberritzen.eus\\\/es\\\/las-personas-emprendedoras-comerciantes-y-pequenas-empresas-reciben-formacion-en-digitalizacion-y-contratacion-del-personal\\\/\",\"name\":\"Las personas emprendedoras, comerciantes y peque\u00f1as empresas reciben formaci\u00f3n en digitalizaci\u00f3n y contrataci\u00f3n del personal - Iraurgi Berritzen\",\"isPartOf\":{\"@id\":\"https:\\\/\\\/iraurgiberritzen.eus\\\/es\\\/#website\"},\"primaryImageOfPage\":{\"@id\":\"https:\\\/\\\/iraurgiberritzen.eus\\\/es\\\/las-personas-emprendedoras-comerciantes-y-pequenas-empresas-reciben-formacion-en-digitalizacion-y-contratacion-del-personal\\\/#primaryimage\"},\"image\":{\"@id\":\"https:\\\/\\\/iraurgiberritzen.eus\\\/es\\\/las-personas-emprendedoras-comerciantes-y-pequenas-empresas-reciben-formacion-en-digitalizacion-y-contratacion-del-personal\\\/#primaryimage\"},\"thumbnailUrl\":\"https:\\\/\\\/iraurgiberritzen.eus\\\/wp-content\\\/uploads\\\/2023\\\/09\\\/8b4a7ea3ecafbb8fa3d97b752cf2b591.jpg\",\"datePublished\":\"2023-05-12T04:28:55+00:00\",\"breadcrumb\":{\"@id\":\"https:\\\/\\\/iraurgiberritzen.eus\\\/es\\\/las-personas-emprendedoras-comerciantes-y-pequenas-empresas-reciben-formacion-en-digitalizacion-y-contratacion-del-personal\\\/#breadcrumb\"},\"inLanguage\":\"es\",\"potentialAction\":[{\"@type\":\"ReadAction\",\"target\":[\"https:\\\/\\\/iraurgiberritzen.eus\\\/es\\\/las-personas-emprendedoras-comerciantes-y-pequenas-empresas-reciben-formacion-en-digitalizacion-y-contratacion-del-personal\\\/\"]}]},{\"@type\":\"ImageObject\",\"inLanguage\":\"es\",\"@id\":\"https:\\\/\\\/iraurgiberritzen.eus\\\/es\\\/las-personas-emprendedoras-comerciantes-y-pequenas-empresas-reciben-formacion-en-digitalizacion-y-contratacion-del-personal\\\/#primaryimage\",\"url\":\"https:\\\/\\\/iraurgiberritzen.eus\\\/wp-content\\\/uploads\\\/2023\\\/09\\\/8b4a7ea3ecafbb8fa3d97b752cf2b591.jpg\",\"contentUrl\":\"https:\\\/\\\/iraurgiberritzen.eus\\\/wp-content\\\/uploads\\\/2023\\\/09\\\/8b4a7ea3ecafbb8fa3d97b752cf2b591.jpg\",\"width\":400,\"height\":257},{\"@type\":\"BreadcrumbList\",\"@id\":\"https:\\\/\\\/iraurgiberritzen.eus\\\/es\\\/las-personas-emprendedoras-comerciantes-y-pequenas-empresas-reciben-formacion-en-digitalizacion-y-contratacion-del-personal\\\/#breadcrumb\",\"itemListElement\":[{\"@type\":\"ListItem\",\"position\":1,\"name\":\"Home\",\"item\":\"https:\\\/\\\/iraurgiberritzen.eus\\\/es\\\/\"},{\"@type\":\"ListItem\",\"position\":2,\"name\":\"Las personas emprendedoras, comerciantes y peque\u00f1as empresas reciben formaci\u00f3n en digitalizaci\u00f3n y contrataci\u00f3n del personal\"}]},{\"@type\":\"WebSite\",\"@id\":\"https:\\\/\\\/iraurgiberritzen.eus\\\/es\\\/#website\",\"url\":\"https:\\\/\\\/iraurgiberritzen.eus\\\/es\\\/\",\"name\":\"Iraurgi Berritzen\",\"description\":\"Urola Erdiko Garapen Agentzia\",\"publisher\":{\"@id\":\"https:\\\/\\\/iraurgiberritzen.eus\\\/es\\\/#organization\"},\"potentialAction\":[{\"@type\":\"SearchAction\",\"target\":{\"@type\":\"EntryPoint\",\"urlTemplate\":\"https:\\\/\\\/iraurgiberritzen.eus\\\/es\\\/?s={search_term_string}\"},\"query-input\":{\"@type\":\"PropertyValueSpecification\",\"valueRequired\":true,\"valueName\":\"search_term_string\"}}],\"inLanguage\":\"es\"},{\"@type\":\"Organization\",\"@id\":\"https:\\\/\\\/iraurgiberritzen.eus\\\/es\\\/#organization\",\"name\":\"Iraurgi Berritzen\",\"url\":\"https:\\\/\\\/iraurgiberritzen.eus\\\/es\\\/\",\"logo\":{\"@type\":\"ImageObject\",\"inLanguage\":\"es\",\"@id\":\"https:\\\/\\\/iraurgiberritzen.eus\\\/es\\\/#\\\/schema\\\/logo\\\/image\\\/\",\"url\":\"https:\\\/\\\/iraurgiberritzen.eus\\\/wp-content\\\/uploads\\\/2024\\\/02\\\/IRAURGI-BERRITZEN-logotipoa_2.png\",\"contentUrl\":\"https:\\\/\\\/iraurgiberritzen.eus\\\/wp-content\\\/uploads\\\/2024\\\/02\\\/IRAURGI-BERRITZEN-logotipoa_2.png\",\"width\":496,\"height\":190,\"caption\":\"Iraurgi Berritzen\"},\"image\":{\"@id\":\"https:\\\/\\\/iraurgiberritzen.eus\\\/es\\\/#\\\/schema\\\/logo\\\/image\\\/\"}},{\"@type\":\"Person\",\"@id\":\"https:\\\/\\\/iraurgiberritzen.eus\\\/es\\\/#\\\/schema\\\/person\\\/5ab41aaf388a9097177601ebf45738d2\",\"name\":\"kudeatzailea\",\"sameAs\":[\"https:\\\/\\\/iraurgiberritzen.eus\"]}]}<\/script>\n<!-- \/ Yoast SEO plugin. -->","yoast_head_json":{"title":"Las personas emprendedoras, comerciantes y peque\u00f1as empresas reciben formaci\u00f3n en digitalizaci\u00f3n y contrataci\u00f3n del personal - Iraurgi Berritzen","robots":{"index":"index","follow":"follow","max-snippet":"max-snippet:-1","max-image-preview":"max-image-preview:large","max-video-preview":"max-video-preview:-1"},"canonical":"https:\/\/iraurgiberritzen.eus\/es\/las-personas-emprendedoras-comerciantes-y-pequenas-empresas-reciben-formacion-en-digitalizacion-y-contratacion-del-personal\/","og_locale":"es_ES","og_type":"article","og_title":"Las personas emprendedoras, comerciantes y peque\u00f1as empresas reciben formaci\u00f3n en digitalizaci\u00f3n y contrataci\u00f3n del personal - Iraurgi Berritzen","og_description":"Durante los seis primeros meses de 2023, se han organizado 4 sesiones formativas dentro de la l\u00ednea de trabajo KLINK BIDE. Estas formaciones han tenido como objetivo que las personas emprendedoras, comerciantes y peque\u00f1as empresas adquieran conocimientos sobre la digitalizaci\u00f3n y contrataci\u00f3n del personal, y de esta forma facilitar y agilizar su d\u00eda a d\u00eda. [&hellip;]","og_url":"https:\/\/iraurgiberritzen.eus\/es\/las-personas-emprendedoras-comerciantes-y-pequenas-empresas-reciben-formacion-en-digitalizacion-y-contratacion-del-personal\/","og_site_name":"Iraurgi Berritzen","article_published_time":"2023-05-12T04:28:55+00:00","author":"kudeatzailea","twitter_card":"summary_large_image","twitter_misc":{"Escrito por":"kudeatzailea","Tiempo de lectura":"1 minuto"},"schema":{"@context":"https:\/\/schema.org","@graph":[{"@type":"Article","@id":"https:\/\/iraurgiberritzen.eus\/es\/las-personas-emprendedoras-comerciantes-y-pequenas-empresas-reciben-formacion-en-digitalizacion-y-contratacion-del-personal\/#article","isPartOf":{"@id":"https:\/\/iraurgiberritzen.eus\/es\/las-personas-emprendedoras-comerciantes-y-pequenas-empresas-reciben-formacion-en-digitalizacion-y-contratacion-del-personal\/"},"author":{"name":"kudeatzailea","@id":"https:\/\/iraurgiberritzen.eus\/es\/#\/schema\/person\/5ab41aaf388a9097177601ebf45738d2"},"headline":"Las personas emprendedoras, comerciantes y peque\u00f1as empresas reciben formaci\u00f3n en digitalizaci\u00f3n y contrataci\u00f3n del personal","datePublished":"2023-05-12T04:28:55+00:00","mainEntityOfPage":{"@id":"https:\/\/iraurgiberritzen.eus\/es\/las-personas-emprendedoras-comerciantes-y-pequenas-empresas-reciben-formacion-en-digitalizacion-y-contratacion-del-personal\/"},"wordCount":239,"publisher":{"@id":"https:\/\/iraurgiberritzen.eus\/es\/#organization"},"image":{"@id":"https:\/\/iraurgiberritzen.eus\/es\/las-personas-emprendedoras-comerciantes-y-pequenas-empresas-reciben-formacion-en-digitalizacion-y-contratacion-del-personal\/#primaryimage"},"thumbnailUrl":"https:\/\/iraurgiberritzen.eus\/wp-content\/uploads\/2023\/09\/8b4a7ea3ecafbb8fa3d97b752cf2b591.jpg","articleSection":["Noticias"],"inLanguage":"es"},{"@type":"WebPage","@id":"https:\/\/iraurgiberritzen.eus\/es\/las-personas-emprendedoras-comerciantes-y-pequenas-empresas-reciben-formacion-en-digitalizacion-y-contratacion-del-personal\/","url":"https:\/\/iraurgiberritzen.eus\/es\/las-personas-emprendedoras-comerciantes-y-pequenas-empresas-reciben-formacion-en-digitalizacion-y-contratacion-del-personal\/","name":"Las personas emprendedoras, comerciantes y peque\u00f1as empresas reciben formaci\u00f3n en digitalizaci\u00f3n y contrataci\u00f3n del personal - Iraurgi Berritzen","isPartOf":{"@id":"https:\/\/iraurgiberritzen.eus\/es\/#website"},"primaryImageOfPage":{"@id":"https:\/\/iraurgiberritzen.eus\/es\/las-personas-emprendedoras-comerciantes-y-pequenas-empresas-reciben-formacion-en-digitalizacion-y-contratacion-del-personal\/#primaryimage"},"image":{"@id":"https:\/\/iraurgiberritzen.eus\/es\/las-personas-emprendedoras-comerciantes-y-pequenas-empresas-reciben-formacion-en-digitalizacion-y-contratacion-del-personal\/#primaryimage"},"thumbnailUrl":"https:\/\/iraurgiberritzen.eus\/wp-content\/uploads\/2023\/09\/8b4a7ea3ecafbb8fa3d97b752cf2b591.jpg","datePublished":"2023-05-12T04:28:55+00:00","breadcrumb":{"@id":"https:\/\/iraurgiberritzen.eus\/es\/las-personas-emprendedoras-comerciantes-y-pequenas-empresas-reciben-formacion-en-digitalizacion-y-contratacion-del-personal\/#breadcrumb"},"inLanguage":"es","potentialAction":[{"@type":"ReadAction","target":["https:\/\/iraurgiberritzen.eus\/es\/las-personas-emprendedoras-comerciantes-y-pequenas-empresas-reciben-formacion-en-digitalizacion-y-contratacion-del-personal\/"]}]},{"@type":"ImageObject","inLanguage":"es","@id":"https:\/\/iraurgiberritzen.eus\/es\/las-personas-emprendedoras-comerciantes-y-pequenas-empresas-reciben-formacion-en-digitalizacion-y-contratacion-del-personal\/#primaryimage","url":"https:\/\/iraurgiberritzen.eus\/wp-content\/uploads\/2023\/09\/8b4a7ea3ecafbb8fa3d97b752cf2b591.jpg","contentUrl":"https:\/\/iraurgiberritzen.eus\/wp-content\/uploads\/2023\/09\/8b4a7ea3ecafbb8fa3d97b752cf2b591.jpg","width":400,"height":257},{"@type":"BreadcrumbList","@id":"https:\/\/iraurgiberritzen.eus\/es\/las-personas-emprendedoras-comerciantes-y-pequenas-empresas-reciben-formacion-en-digitalizacion-y-contratacion-del-personal\/#breadcrumb","itemListElement":[{"@type":"ListItem","position":1,"name":"Home","item":"https:\/\/iraurgiberritzen.eus\/es\/"},{"@type":"ListItem","position":2,"name":"Las personas emprendedoras, comerciantes y peque\u00f1as empresas reciben formaci\u00f3n en digitalizaci\u00f3n y contrataci\u00f3n del personal"}]},{"@type":"WebSite","@id":"https:\/\/iraurgiberritzen.eus\/es\/#website","url":"https:\/\/iraurgiberritzen.eus\/es\/","name":"Iraurgi Berritzen","description":"Urola Erdiko Garapen Agentzia","publisher":{"@id":"https:\/\/iraurgiberritzen.eus\/es\/#organization"},"potentialAction":[{"@type":"SearchAction","target":{"@type":"EntryPoint","urlTemplate":"https:\/\/iraurgiberritzen.eus\/es\/?s={search_term_string}"},"query-input":{"@type":"PropertyValueSpecification","valueRequired":true,"valueName":"search_term_string"}}],"inLanguage":"es"},{"@type":"Organization","@id":"https:\/\/iraurgiberritzen.eus\/es\/#organization","name":"Iraurgi Berritzen","url":"https:\/\/iraurgiberritzen.eus\/es\/","logo":{"@type":"ImageObject","inLanguage":"es","@id":"https:\/\/iraurgiberritzen.eus\/es\/#\/schema\/logo\/image\/","url":"https:\/\/iraurgiberritzen.eus\/wp-content\/uploads\/2024\/02\/IRAURGI-BERRITZEN-logotipoa_2.png","contentUrl":"https:\/\/iraurgiberritzen.eus\/wp-content\/uploads\/2024\/02\/IRAURGI-BERRITZEN-logotipoa_2.png","width":496,"height":190,"caption":"Iraurgi Berritzen"},"image":{"@id":"https:\/\/iraurgiberritzen.eus\/es\/#\/schema\/logo\/image\/"}},{"@type":"Person","@id":"https:\/\/iraurgiberritzen.eus\/es\/#\/schema\/person\/5ab41aaf388a9097177601ebf45738d2","name":"kudeatzailea","sameAs":["https:\/\/iraurgiberritzen.eus"]}]}},"_links":{"self":[{"href":"https:\/\/iraurgiberritzen.eus\/es\/wp-json\/wp\/v2\/posts\/14453","targetHints":{"allow":["GET"]}}],"collection":[{"href":"https:\/\/iraurgiberritzen.eus\/es\/wp-json\/wp\/v2\/posts"}],"about":[{"href":"https:\/\/iraurgiberritzen.eus\/es\/wp-json\/wp\/v2\/types\/post"}],"author":[{"embeddable":true,"href":"https:\/\/iraurgiberritzen.eus\/es\/wp-json\/wp\/v2\/users\/1"}],"replies":[{"embeddable":true,"href":"https:\/\/iraurgiberritzen.eus\/es\/wp-json\/wp\/v2\/comments?post=14453"}],"version-history":[{"count":0,"href":"https:\/\/iraurgiberritzen.eus\/es\/wp-json\/wp\/v2\/posts\/14453\/revisions"}],"wp:featuredmedia":[{"embeddable":true,"href":"https:\/\/iraurgiberritzen.eus\/es\/wp-json\/wp\/v2\/media\/17231"}],"wp:attachment":[{"href":"https:\/\/iraurgiberritzen.eus\/es\/wp-json\/wp\/v2\/media?parent=14453"}],"wp:term":[{"taxonomy":"category","embeddable":true,"href":"https:\/\/iraurgiberritzen.eus\/es\/wp-json\/wp\/v2\/categories?post=14453"},{"taxonomy":"post_tag","embeddable":true,"href":"https:\/\/iraurgiberritzen.eus\/es\/wp-json\/wp\/v2\/tags?post=14453"}],"curies":[{"name":"wp","href":"https:\/\/api.w.org\/{rel}","templated":true}]}}